{"id":131991,"date":"2026-01-28T09:58:22","date_gmt":"2026-01-28T12:58:22","guid":{"rendered":"https:\/\/www.noticiasradioreflejos.com.ar\/2021\/?p=131991"},"modified":"2026-01-28T09:58:25","modified_gmt":"2026-01-28T12:58:25","slug":"el-concejo-deliberante-aprobo-el-aumento-salarial-2026-con-el-rechazo-del-bloque-libertario","status":"publish","type":"post","link":"https:\/\/www.noticiasradioreflejos.com.ar\/2021\/el-concejo-deliberante-aprobo-el-aumento-salarial-2026-con-el-rechazo-del-bloque-libertario\/","title":{"rendered":"El Concejo Deliberante aprob\u00f3 el aumento salarial 2026 con el rechazo del bloque libertario"},"content":{"rendered":"<p>En una intensa Sesi\u00f3n Extraordinaria, el cuerpo legislativo de Tornquist dio luz verde al incremento salarial para los trabajadores municipales del presente ejercicio. Mientras que la mayor\u00eda de los bloques acompa\u00f1aron la medida, los concejales de La Libertad Avanza votaron en contra del proyecto enviado por el Ejecutivo. Durante la jornada, tambi\u00e9n se aprob\u00f3 por unanimidad la cesi\u00f3n de un predio estrat\u00e9gico para los Bomberos Voluntarios.<!--more--><\/p>\n<p><a href=\"https:\/\/www.noticiasradioreflejos.com.ar\/2021\/el-concejo-deliberante-aprobo-el-aumento-salarial-2026-con-el-rechazo-del-bloque-libertario\/hcd-1\/\" rel=\"attachment wp-att-131993\"><img loading=\"lazy\" decoding=\"async\" class=\"aligncenter size-full wp-image-131993\" src=\"https:\/\/www.noticiasradioreflejos.com.ar\/2021\/wp-content\/uploads\/2026\/01\/hcd-1-1.jpeg\" alt=\"\" width=\"1600\" height=\"900\" srcset=\"https:\/\/www.noticiasradioreflejos.com.ar\/2021\/wp-content\/uploads\/2026\/01\/hcd-1-1.jpeg 1600w, https:\/\/www.noticiasradioreflejos.com.ar\/2021\/wp-content\/uploads\/2026\/01\/hcd-1-1-300x169.jpeg 300w, https:\/\/www.noticiasradioreflejos.com.ar\/2021\/wp-content\/uploads\/2026\/01\/hcd-1-1-1024x576.jpeg 1024w, https:\/\/www.noticiasradioreflejos.com.ar\/2021\/wp-content\/uploads\/2026\/01\/hcd-1-1-768x432.jpeg 768w, https:\/\/www.noticiasradioreflejos.com.ar\/2021\/wp-content\/uploads\/2026\/01\/hcd-1-1-1536x864.jpeg 1536w, https:\/\/www.noticiasradioreflejos.com.ar\/2021\/wp-content\/uploads\/2026\/01\/hcd-1-1-750x422.jpeg 750w, https:\/\/www.noticiasradioreflejos.com.ar\/2021\/wp-content\/uploads\/2026\/01\/hcd-1-1-1140x641.jpeg 1140w\" sizes=\"auto, (max-width: 1600px) 100vw, 1600px\" \/><\/a><\/p>\n<h3 data-path-to-node=\"5\"><b data-path-to-node=\"5\" data-index-in-node=\"0\">Incremento Salarial: Debate y votaci\u00f3n dividida<\/b><\/h3>\n<p data-path-to-node=\"6\">El punto central de la sesi\u00f3n del 27 de enero fue el <b data-path-to-node=\"6\" data-index-in-node=\"53\">Expediente N\u00ba 35\/26<\/b>, referido al incremento salarial para el ejercicio 2026. Tras el debate en el recinto, el proyecto result\u00f3 aprobado, aunque no cont\u00f3 con el consenso total de los ediles.<\/p>\n<p data-path-to-node=\"7\">El bloque de <b data-path-to-node=\"7\" data-index-in-node=\"13\">La Libertad Avanza (Libertarios)<\/b> manifest\u00f3 su postura contraria y vot\u00f3 en rechazo del aumento propuesto. En contraste, los concejales que apoyaron la iniciativa subrayaron la necesidad de recomponer los ingresos de los empleados municipales frente al contexto econ\u00f3mico nacional. Durante el debate, se escucharon fuertes cr\u00edticas hacia la situaci\u00f3n del pa\u00eds, mencionando la paralizaci\u00f3n de obras p\u00fablicas y el estado de las rutas nacionales como factores que agravan la realidad local.<\/p>\n<h3 data-path-to-node=\"8\"><b data-path-to-node=\"8\" data-index-in-node=\"0\">Apoyo un\u00e1nime a los Bomberos Voluntarios<\/b><\/h3>\n<p data-path-to-node=\"9\">En una nota de consenso, el Concejo aprob\u00f3 por unanimidad la <b data-path-to-node=\"9\" data-index-in-node=\"61\">Ordenanza N\u00ba 4015\/26<\/b>. Mediante esta norma, se autoriza a la Intendente Municipal, Estefan\u00eda Bordoni, a firmar una adenda que otorga a la Asociaci\u00f3n Cuerpo de Bomberos Voluntarios de Tornquist el permiso de uso de un predio municipal.<\/p>\n<p data-path-to-node=\"10\">Los concejales destacaron la importancia de esta cesi\u00f3n, se\u00f1alando que:<\/p>\n<ul data-path-to-node=\"11\">\n<li>\n<p data-path-to-node=\"11,0,0\">El lugar permitir\u00e1 la creaci\u00f3n de un <b data-path-to-node=\"11,0,0\" data-index-in-node=\"37\">Centro de Capacitaci\u00f3n<\/b> local, evitando que los voluntarios deban trasladarse a otras ciudades.<\/p>\n<\/li>\n<li>\n<p data-path-to-node=\"11,1,0\">El permiso se otorg\u00f3 por un plazo de <b data-path-to-node=\"11,1,0\" data-index-in-node=\"37\">20 a\u00f1os<\/b>, brindando previsibilidad institucional al cuartel.<\/p>\n<\/li>\n<\/ul>\n<h3 data-path-to-node=\"12\"><b data-path-to-node=\"12\" data-index-in-node=\"0\">Otros temas tratados<\/b><\/h3>\n<p data-path-to-node=\"13\">Finalmente, se aprob\u00f3 la pr\u00f3rroga de la eximici\u00f3n de la <b data-path-to-node=\"13\" data-index-in-node=\"56\">Tasa Vial para el Cuartel IV (Expte. N\u00ba 49\/26)<\/b>. Los ediles coincidieron en la justicia de este beneficio, destacando que los productores de dicho sector mantienen en condiciones los caminos con recursos propios, por lo que la eximici\u00f3n resulta un reconocimiento a ese esfuerzo privado que beneficia a la comunidad.<\/p>\n<p><iframe loading=\"lazy\" class=\"scribd_iframe_embed\" tabindex=\"0\" title=\"Informe Sesi\u00f3n Extraordinaria 27-01-26\" src=\"https:\/\/www.scribd.com\/embeds\/988761806\/content?start_page=1&amp;view_mode=scroll&amp;access_key=key-d2ajeDmlmoGKHxhvYQOo\" width=\"100%\" height=\"600\" frameborder=\"0\" scrolling=\"no\" data-auto-height=\"true\" data-aspect-ratio=\"0.6069986541049798\"><\/iframe><\/p>\n<p style=\"margin: 12px auto 6px auto; font-family: Helvetica,Arial,Sans-serif; font-size: 14px; line-height: normal; display: block;\"><a style=\"color: #098642; text-decoration: underline;\" title=\"View Informe Sesi\u00f3n Extraordinaria 27-01-26 on Scribd\" href=\"https:\/\/www.scribd.com\/document\/988761806\/Informe-Sesion-Extraordinaria-27-01-26#from_embed\"> Informe Sesi\u00f3n Extraordinaria 27-01-26 <\/a> by <a style=\"color: #098642; text-decoration: underline;\" title=\"View FM Reflejos Sierra de la Ventana's profile on Scribd\" href=\"https:\/\/www.scribd.com\/user\/128459674\/FM-Reflejos-Sierra-de-la-Ventana#from_embed\"> FM Reflejos Sierra de la Ventana <\/a><\/p>\n","protected":false},"excerpt":{"rendered":"<p>En una intensa Sesi\u00f3n Extraordinaria, el cuerpo legislativo de Tornquist dio luz verde al incremento salarial para los trabajadores municipales del presente ejercicio. Mientras que la mayor\u00eda de los bloques acompa\u00f1aron la medida, los concejales de La Libertad Avanza votaron en contra del proyecto enviado por el Ejecutivo. Durante la jornada, tambi\u00e9n se aprob\u00f3 por [&hellip;]<\/p>\n","protected":false},"author":3,"featured_media":131992,"comment_status":"closed","ping_status":"closed","sticky":false,"template":"","format":"standard","meta":{"footnotes":""},"categories":[59],"tags":[48],"class_list":["post-131991","post","type-post","status-publish","format-standard","has-post-thumbnail","hentry","category-concejo-deliberante","tag-destacada"],"yoast_head":"<!-- This site is optimized with the Yoast SEO plugin v25.9 - https:\/\/yoast.com\/wordpress\/plugins\/seo\/ -->\n<title>El Concejo Deliberante aprob\u00f3 el aumento salarial 2026 con el rechazo del bloque libertario - Noticias Radio Reflejos<\/title>\n<meta name=\"robots\" content=\"index, follow, max-snippet:-1, max-image-preview:large, max-video-preview:-1\" \/>\n<link rel=\"canonical\" href=\"https:\/\/www.noticiasradioreflejos.com.ar\/2021\/el-concejo-deliberante-aprobo-el-aumento-salarial-2026-con-el-rechazo-del-bloque-libertario\/\" \/>\n<meta property=\"og:locale\" content=\"es_ES\" \/>\n<meta property=\"og:type\" content=\"article\" \/>\n<meta property=\"og:title\" content=\"El Concejo Deliberante aprob\u00f3 el aumento salarial 2026 con el rechazo del bloque libertario - Noticias Radio Reflejos\" \/>\n<meta property=\"og:description\" content=\"En una intensa Sesi\u00f3n Extraordinaria, el cuerpo legislativo de Tornquist dio luz verde al incremento salarial para los trabajadores municipales del presente ejercicio. Mientras que la mayor\u00eda de los bloques acompa\u00f1aron la medida, los concejales de La Libertad Avanza votaron en contra del proyecto enviado por el Ejecutivo. Durante la jornada, tambi\u00e9n se aprob\u00f3 por [&hellip;]\" \/>\n<meta property=\"og:url\" content=\"https:\/\/www.noticiasradioreflejos.com.ar\/2021\/el-concejo-deliberante-aprobo-el-aumento-salarial-2026-con-el-rechazo-del-bloque-libertario\/\" \/>\n<meta property=\"og:site_name\" content=\"Noticias Radio Reflejos\" \/>\n<meta property=\"article:published_time\" content=\"2026-01-28T12:58:22+00:00\" \/>\n<meta property=\"article:modified_time\" content=\"2026-01-28T12:58:25+00:00\" \/>\n<meta property=\"og:image\" content=\"https:\/\/www.noticiasradioreflejos.com.ar\/2021\/wp-content\/uploads\/2026\/01\/hcd-2-1.jpeg\" \/>\n\t<meta property=\"og:image:width\" content=\"1600\" \/>\n\t<meta property=\"og:image:height\" content=\"900\" \/>\n\t<meta property=\"og:image:type\" content=\"image\/jpeg\" \/>\n<meta name=\"author\" content=\"Arnaldo Botto\" \/>\n<meta name=\"twitter:card\" content=\"summary_large_image\" \/>\n<script type=\"application\/ld+json\" class=\"yoast-schema-graph\">{\"@context\":\"https:\/\/schema.org\",\"@graph\":[{\"@type\":\"WebPage\",\"@id\":\"https:\/\/www.noticiasradioreflejos.com.ar\/2021\/el-concejo-deliberante-aprobo-el-aumento-salarial-2026-con-el-rechazo-del-bloque-libertario\/\",\"url\":\"https:\/\/www.noticiasradioreflejos.com.ar\/2021\/el-concejo-deliberante-aprobo-el-aumento-salarial-2026-con-el-rechazo-del-bloque-libertario\/\",\"name\":\"El Concejo Deliberante aprob\u00f3 el aumento salarial 2026 con el rechazo del bloque libertario - Noticias Radio Reflejos\",\"isPartOf\":{\"@id\":\"https:\/\/www.noticiasradioreflejos.com.ar\/2021\/#website\"},\"primaryImageOfPage\":{\"@id\":\"https:\/\/www.noticiasradioreflejos.com.ar\/2021\/el-concejo-deliberante-aprobo-el-aumento-salarial-2026-con-el-rechazo-del-bloque-libertario\/#primaryimage\"},\"image\":{\"@id\":\"https:\/\/www.noticiasradioreflejos.com.ar\/2021\/el-concejo-deliberante-aprobo-el-aumento-salarial-2026-con-el-rechazo-del-bloque-libertario\/#primaryimage\"},\"thumbnailUrl\":\"https:\/\/www.noticiasradioreflejos.com.ar\/2021\/wp-content\/uploads\/2026\/01\/hcd-2-1.jpeg\",\"datePublished\":\"2026-01-28T12:58:22+00:00\",\"dateModified\":\"2026-01-28T12:58:25+00:00\",\"author\":{\"@id\":\"https:\/\/www.noticiasradioreflejos.com.ar\/2021\/#\/schema\/person\/ad82545263dcc5ec0996818884fd5fb1\"},\"breadcrumb\":{\"@id\":\"https:\/\/www.noticiasradioreflejos.com.ar\/2021\/el-concejo-deliberante-aprobo-el-aumento-salarial-2026-con-el-rechazo-del-bloque-libertario\/#breadcrumb\"},\"inLanguage\":\"es\",\"potentialAction\":[{\"@type\":\"ReadAction\",\"target\":[\"https:\/\/www.noticiasradioreflejos.com.ar\/2021\/el-concejo-deliberante-aprobo-el-aumento-salarial-2026-con-el-rechazo-del-bloque-libertario\/\"]}]},{\"@type\":\"ImageObject\",\"inLanguage\":\"es\",\"@id\":\"https:\/\/www.noticiasradioreflejos.com.ar\/2021\/el-concejo-deliberante-aprobo-el-aumento-salarial-2026-con-el-rechazo-del-bloque-libertario\/#primaryimage\",\"url\":\"https:\/\/www.noticiasradioreflejos.com.ar\/2021\/wp-content\/uploads\/2026\/01\/hcd-2-1.jpeg\",\"contentUrl\":\"https:\/\/www.noticiasradioreflejos.com.ar\/2021\/wp-content\/uploads\/2026\/01\/hcd-2-1.jpeg\",\"width\":1600,\"height\":900},{\"@type\":\"BreadcrumbList\",\"@id\":\"https:\/\/www.noticiasradioreflejos.com.ar\/2021\/el-concejo-deliberante-aprobo-el-aumento-salarial-2026-con-el-rechazo-del-bloque-libertario\/#breadcrumb\",\"itemListElement\":[{\"@type\":\"ListItem\",\"position\":1,\"name\":\"Portada\",\"item\":\"https:\/\/www.noticiasradioreflejos.com.ar\/2021\/\"},{\"@type\":\"ListItem\",\"position\":2,\"name\":\"El Concejo Deliberante aprob\u00f3 el aumento salarial 2026 con el rechazo del bloque libertario\"}]},{\"@type\":\"WebSite\",\"@id\":\"https:\/\/www.noticiasradioreflejos.com.ar\/2021\/#website\",\"url\":\"https:\/\/www.noticiasradioreflejos.com.ar\/2021\/\",\"name\":\"Noticias Radio Reflejos\",\"description\":\"Las noticias de mi comarca\",\"potentialAction\":[{\"@type\":\"SearchAction\",\"target\":{\"@type\":\"EntryPoint\",\"urlTemplate\":\"https:\/\/www.noticiasradioreflejos.com.ar\/2021\/?s={search_term_string}\"},\"query-input\":{\"@type\":\"PropertyValueSpecification\",\"valueRequired\":true,\"valueName\":\"search_term_string\"}}],\"inLanguage\":\"es\"},{\"@type\":\"Person\",\"@id\":\"https:\/\/www.noticiasradioreflejos.com.ar\/2021\/#\/schema\/person\/ad82545263dcc5ec0996818884fd5fb1\",\"name\":\"Arnaldo Botto\",\"image\":{\"@type\":\"ImageObject\",\"inLanguage\":\"es\",\"@id\":\"https:\/\/www.noticiasradioreflejos.com.ar\/2021\/#\/schema\/person\/image\/\",\"url\":\"https:\/\/secure.gravatar.com\/avatar\/55cb5e37c1efa326397366e6974cb338056df65cb50e7d64d1cf314e87504837?s=96&d=mm&r=g\",\"contentUrl\":\"https:\/\/secure.gravatar.com\/avatar\/55cb5e37c1efa326397366e6974cb338056df65cb50e7d64d1cf314e87504837?s=96&d=mm&r=g\",\"caption\":\"Arnaldo Botto\"},\"url\":\"https:\/\/www.noticiasradioreflejos.com.ar\/2021\/author\/arnaldo\/\"}]}<\/script>\n<!-- \/ Yoast SEO plugin. -->","yoast_head_json":{"title":"El Concejo Deliberante aprob\u00f3 el aumento salarial 2026 con el rechazo del bloque libertario - Noticias Radio Reflejos","robots":{"index":"index","follow":"follow","max-snippet":"max-snippet:-1","max-image-preview":"max-image-preview:large","max-video-preview":"max-video-preview:-1"},"canonical":"https:\/\/www.noticiasradioreflejos.com.ar\/2021\/el-concejo-deliberante-aprobo-el-aumento-salarial-2026-con-el-rechazo-del-bloque-libertario\/","og_locale":"es_ES","og_type":"article","og_title":"El Concejo Deliberante aprob\u00f3 el aumento salarial 2026 con el rechazo del bloque libertario - Noticias Radio Reflejos","og_description":"En una intensa Sesi\u00f3n Extraordinaria, el cuerpo legislativo de Tornquist dio luz verde al incremento salarial para los trabajadores municipales del presente ejercicio. Mientras que la mayor\u00eda de los bloques acompa\u00f1aron la medida, los concejales de La Libertad Avanza votaron en contra del proyecto enviado por el Ejecutivo. Durante la jornada, tambi\u00e9n se aprob\u00f3 por [&hellip;]","og_url":"https:\/\/www.noticiasradioreflejos.com.ar\/2021\/el-concejo-deliberante-aprobo-el-aumento-salarial-2026-con-el-rechazo-del-bloque-libertario\/","og_site_name":"Noticias Radio Reflejos","article_published_time":"2026-01-28T12:58:22+00:00","article_modified_time":"2026-01-28T12:58:25+00:00","og_image":[{"width":1600,"height":900,"url":"https:\/\/www.noticiasradioreflejos.com.ar\/2021\/wp-content\/uploads\/2026\/01\/hcd-2-1.jpeg","type":"image\/jpeg"}],"author":"Arnaldo Botto","twitter_card":"summary_large_image","schema":{"@context":"https:\/\/schema.org","@graph":[{"@type":"WebPage","@id":"https:\/\/www.noticiasradioreflejos.com.ar\/2021\/el-concejo-deliberante-aprobo-el-aumento-salarial-2026-con-el-rechazo-del-bloque-libertario\/","url":"https:\/\/www.noticiasradioreflejos.com.ar\/2021\/el-concejo-deliberante-aprobo-el-aumento-salarial-2026-con-el-rechazo-del-bloque-libertario\/","name":"El Concejo Deliberante aprob\u00f3 el aumento salarial 2026 con el rechazo del bloque libertario - Noticias Radio Reflejos","isPartOf":{"@id":"https:\/\/www.noticiasradioreflejos.com.ar\/2021\/#website"},"primaryImageOfPage":{"@id":"https:\/\/www.noticiasradioreflejos.com.ar\/2021\/el-concejo-deliberante-aprobo-el-aumento-salarial-2026-con-el-rechazo-del-bloque-libertario\/#primaryimage"},"image":{"@id":"https:\/\/www.noticiasradioreflejos.com.ar\/2021\/el-concejo-deliberante-aprobo-el-aumento-salarial-2026-con-el-rechazo-del-bloque-libertario\/#primaryimage"},"thumbnailUrl":"https:\/\/www.noticiasradioreflejos.com.ar\/2021\/wp-content\/uploads\/2026\/01\/hcd-2-1.jpeg","datePublished":"2026-01-28T12:58:22+00:00","dateModified":"2026-01-28T12:58:25+00:00","author":{"@id":"https:\/\/www.noticiasradioreflejos.com.ar\/2021\/#\/schema\/person\/ad82545263dcc5ec0996818884fd5fb1"},"breadcrumb":{"@id":"https:\/\/www.noticiasradioreflejos.com.ar\/2021\/el-concejo-deliberante-aprobo-el-aumento-salarial-2026-con-el-rechazo-del-bloque-libertario\/#breadcrumb"},"inLanguage":"es","potentialAction":[{"@type":"ReadAction","target":["https:\/\/www.noticiasradioreflejos.com.ar\/2021\/el-concejo-deliberante-aprobo-el-aumento-salarial-2026-con-el-rechazo-del-bloque-libertario\/"]}]},{"@type":"ImageObject","inLanguage":"es","@id":"https:\/\/www.noticiasradioreflejos.com.ar\/2021\/el-concejo-deliberante-aprobo-el-aumento-salarial-2026-con-el-rechazo-del-bloque-libertario\/#primaryimage","url":"https:\/\/www.noticiasradioreflejos.com.ar\/2021\/wp-content\/uploads\/2026\/01\/hcd-2-1.jpeg","contentUrl":"https:\/\/www.noticiasradioreflejos.com.ar\/2021\/wp-content\/uploads\/2026\/01\/hcd-2-1.jpeg","width":1600,"height":900},{"@type":"BreadcrumbList","@id":"https:\/\/www.noticiasradioreflejos.com.ar\/2021\/el-concejo-deliberante-aprobo-el-aumento-salarial-2026-con-el-rechazo-del-bloque-libertario\/#breadcrumb","itemListElement":[{"@type":"ListItem","position":1,"name":"Portada","item":"https:\/\/www.noticiasradioreflejos.com.ar\/2021\/"},{"@type":"ListItem","position":2,"name":"El Concejo Deliberante aprob\u00f3 el aumento salarial 2026 con el rechazo del bloque libertario"}]},{"@type":"WebSite","@id":"https:\/\/www.noticiasradioreflejos.com.ar\/2021\/#website","url":"https:\/\/www.noticiasradioreflejos.com.ar\/2021\/","name":"Noticias Radio Reflejos","description":"Las noticias de mi comarca","potentialAction":[{"@type":"SearchAction","target":{"@type":"EntryPoint","urlTemplate":"https:\/\/www.noticiasradioreflejos.com.ar\/2021\/?s={search_term_string}"},"query-input":{"@type":"PropertyValueSpecification","valueRequired":true,"valueName":"search_term_string"}}],"inLanguage":"es"},{"@type":"Person","@id":"https:\/\/www.noticiasradioreflejos.com.ar\/2021\/#\/schema\/person\/ad82545263dcc5ec0996818884fd5fb1","name":"Arnaldo Botto","image":{"@type":"ImageObject","inLanguage":"es","@id":"https:\/\/www.noticiasradioreflejos.com.ar\/2021\/#\/schema\/person\/image\/","url":"https:\/\/secure.gravatar.com\/avatar\/55cb5e37c1efa326397366e6974cb338056df65cb50e7d64d1cf314e87504837?s=96&d=mm&r=g","contentUrl":"https:\/\/secure.gravatar.com\/avatar\/55cb5e37c1efa326397366e6974cb338056df65cb50e7d64d1cf314e87504837?s=96&d=mm&r=g","caption":"Arnaldo Botto"},"url":"https:\/\/www.noticiasradioreflejos.com.ar\/2021\/author\/arnaldo\/"}]}},"_links":{"self":[{"href":"https:\/\/www.noticiasradioreflejos.com.ar\/2021\/wp-json\/wp\/v2\/posts\/131991","targetHints":{"allow":["GET"]}}],"collection":[{"href":"https:\/\/www.noticiasradioreflejos.com.ar\/2021\/wp-json\/wp\/v2\/posts"}],"about":[{"href":"https:\/\/www.noticiasradioreflejos.com.ar\/2021\/wp-json\/wp\/v2\/types\/post"}],"author":[{"embeddable":true,"href":"https:\/\/www.noticiasradioreflejos.com.ar\/2021\/wp-json\/wp\/v2\/users\/3"}],"replies":[{"embeddable":true,"href":"https:\/\/www.noticiasradioreflejos.com.ar\/2021\/wp-json\/wp\/v2\/comments?post=131991"}],"version-history":[{"count":2,"href":"https:\/\/www.noticiasradioreflejos.com.ar\/2021\/wp-json\/wp\/v2\/posts\/131991\/revisions"}],"predecessor-version":[{"id":131995,"href":"https:\/\/www.noticiasradioreflejos.com.ar\/2021\/wp-json\/wp\/v2\/posts\/131991\/revisions\/131995"}],"wp:featuredmedia":[{"embeddable":true,"href":"https:\/\/www.noticiasradioreflejos.com.ar\/2021\/wp-json\/wp\/v2\/media\/131992"}],"wp:attachment":[{"href":"https:\/\/www.noticiasradioreflejos.com.ar\/2021\/wp-json\/wp\/v2\/media?parent=131991"}],"wp:term":[{"taxonomy":"category","embeddable":true,"href":"https:\/\/www.noticiasradioreflejos.com.ar\/2021\/wp-json\/wp\/v2\/categories?post=131991"},{"taxonomy":"post_tag","embeddable":true,"href":"https:\/\/www.noticiasradioreflejos.com.ar\/2021\/wp-json\/wp\/v2\/tags?post=131991"}],"curies":[{"name":"wp","href":"https:\/\/api.w.org\/{rel}","templated":true}]}}