{"id":131964,"date":"2026-01-27T10:24:13","date_gmt":"2026-01-27T13:24:13","guid":{"rendered":"https:\/\/www.noticiasradioreflejos.com.ar\/2021\/?p=131964"},"modified":"2026-01-27T10:24:13","modified_gmt":"2026-01-27T13:24:13","slug":"dura-critica-en-el-festival-de-cosquin-a-milei-del-politico-que-se-cree-un-leon-y-es-apenas-una-rata-gritando-desaforado","status":"publish","type":"post","link":"https:\/\/www.noticiasradioreflejos.com.ar\/2021\/dura-critica-en-el-festival-de-cosquin-a-milei-del-politico-que-se-cree-un-leon-y-es-apenas-una-rata-gritando-desaforado\/","title":{"rendered":"Dura cr\u00edtica en el Festival de Cosqu\u00edn a Milei: \u00abDel pol\u00edtico que se cree un le\u00f3n y es apenas una rata gritando desaforado\u00bb"},"content":{"rendered":"<p><strong>Hugo Rivella<\/strong> recit\u00f3 un poema antes del comienzo de la segunda luna. En uno de los versos se interpret\u00f3 que habr\u00eda aludido al presidente Javier Milei, aunque el poeta no hizo nombres propios.<!--more--><\/p>\n<div class=\"article__main max-width-md\">\n<div class=\"article__share\">\n<p>El poeta<strong>\u00a0Hugo Rivella\u00a0<\/strong>fue el encargado de abrir la segunda luna de<strong>l Festival de Cosqu\u00edn 2026\u00a0<\/strong>con un poema en el que presuntamente se refiri\u00f3 en duros t\u00e9rminos al presidente\u00a0<strong>Javier Milei\u00a0<\/strong>y que desat\u00f3 la pol\u00e9mica en las redes sociales, d\u00edas despu\u00e9s de que el primer mandatario visitara el Festival de Jes\u00fas Mar\u00eda y fuera ovacionado por una multitud.<\/p>\n<\/div>\n<div class=\"article__wrapper\">\n<div id=\"article-content\" class=\"article__content standard\">\n<div class=\"embed-responsive embed-responsive-16by9 iframeContainer\"><iframe loading=\"lazy\" title=\"Contenido embebido\" src=\"https:\/\/www.youtube.com\/embed\/O8DlFHcqXVM\" width=\"560\" height=\"315\" frameborder=\"0\" allowfullscreen=\"allowfullscreen\" data-mce-fragment=\"1\"><\/iframe><\/div>\n<h2>Festival de Cosqu\u00edn<\/h2>\n<p>El coordinador del\u00a0<strong>\u201cEncuentro de Poetas\u201d\u00a0<\/strong>que se realiza todos los a\u00f1os en la ciudad del Valle de Punilla recit\u00f3 este domingo unos versos antes de que se escuchara el tradicional grito de apertura\u00a0<strong>\u201c\u00a1Aqu\u00ed Cosqu\u00edn!<\/strong>\u201d.<\/p>\n<p>Aunque el poeta no hizo nombres propios, se interpret\u00f3 que en una parte de su obra habr\u00eda aludido con dureza al presidente Javier Milei.<\/p>\n<h2><strong>\u201cSe cree un le\u00f3n\u201d<\/strong><\/h2>\n<p>As\u00ed pronunci\u00f3 en una parte del recitado:<\/p>\n<p>\u201cAbrir el coraz\u00f3n como si estuviera hecho de p\u00e9talos,<\/p>\n<p>y soplarlo sobre el ni\u00f1o inocente.<\/p>\n<p><strong>Soplarlo sobre el coraz\u00f3n del juez, del traidor, del narcotraficante,<\/strong><\/p>\n<p><strong>del pol\u00edtico que se cree un le\u00f3n y es apenas una rata gritando desaforado<\/strong>\u201d.<\/p>\n<p>De este modo sigue la pol\u00e9mica en torno a los festivales luego de que Milei visitara d\u00edas atr\u00e1s\u00a0<strong>Jes\u00fas Mar\u00eda<\/strong>, donde fue ovacionado por una multitud y cant\u00f3 \u201c<strong>Amor salvaje<\/strong>\u201d junto a\u00a0<strong>Oscar \u201cEl Chaque\u00f1o\u201d Palavecino<\/strong>.<\/p>\n<p>Despu\u00e9s de ese evento, el presidente fue invitado a la\u00a0<strong>Fiesta Nacional del Trigo,\u00a0<\/strong>que se realizar\u00e1 del 12 al 15 de febrero en la ciudad de Leones.<\/p>\n<p>Su intendente,\u00a0<strong>Fabi\u00e1n Francioni<\/strong>, expres\u00f3 al tomar conocimiento de la posible visita severas cr\u00edticas al primer mandatario,\u00a0al que calific\u00f3 de \u201cpayaso\u201d que \u201cno le env\u00eda un solo peso a C\u00f3rdoba\u201d.<\/p>\n<h2><strong>El poema<\/strong><\/h2>\n<p>Abrir el coraz\u00f3n<\/p>\n<p>arrojar la primera piedra<\/p>\n<p>no es lo mismo que hacerla mi primera pregunta.<\/p>\n<p>Hoy necesito que nos miremos dentro<\/p>\n<p>que miremos en d\u00f3nde estuvimos<\/p>\n<p>cuando esta patria que es una herida<\/p>\n<p>que va del norte al sur de los olvidos<\/p>\n<p>Envejece el ni\u00f1o tirado en la vereda.<\/p>\n<p>Pero regresen las rondas que hombres y mujeres construyen<\/p>\n<p>para derrotar sin pausas a la muerte.<\/p>\n<p>Esta plaza en Cosqu\u00edn, este pueblo<\/p>\n<p>es un ejemplo de lucha, identidad y resistencia.<\/p>\n<p>Hoy debo confesar que he traicionado<\/p>\n<p>m\u00e1s de una vez lo que pensaba.<\/p>\n<p>Que arroj\u00e9 contra el espejo una piedra<\/p>\n<p>y se quebr\u00f3 mi coraz\u00f3n.<\/p>\n<p>Porque vi arrugas y sombras en mi rostro<\/p>\n<p>y me vi en los restos del espejo sollozando.<\/p>\n<p>He sido conmigo tan exigente como soy con los dem\u00e1s<\/p>\n<p>uno falta el respeto a los que nos sostienen.<\/p>\n<p>Si es con el hijo pareciera que tenemos el derecho a levantar la voz,<\/p>\n<p>humillar sus primeros pasos y despu\u00e9s intentar lavar la culpa<\/p>\n<p>cuando lo acariciamos o ponemos en sus manitos una moneda.<\/p>\n<p>Y si es con la mujer que es c\u00f3mplice y amante y es torrente,<\/p>\n<p>y es madre, y es m\u00fasica y es sosiego y es ternura, y digo m\u00e1s:<\/p>\n<p>palabra inteligente, remolino, quietud, desasosiego.<\/p>\n<p>\u00bfNo hemos sido con ella m\u00e1s de una vez intolerantes,<\/p>\n<p>por no decir soberbios, atrevidos, machistas, ordinarios, mentirosos?<\/p>\n<p>Abrir el coraz\u00f3n como si estuviera hecho de p\u00e9talos,<\/p>\n<p>y soplarlo sobre el ni\u00f1o inocente.<\/p>\n<p>Soplarlo sobre el coraz\u00f3n del juez, del traidor, del narcotraficante,<\/p>\n<p><strong>del pol\u00edtico que se cree un le\u00f3n y es apenas una rata gritando desaforado<\/strong>.<\/p>\n<p>Abrir el coraz\u00f3n, que pasen los r\u00edos con sus sue\u00f1os de peces,<\/p>\n<p>y pasen las abuelas, y pasen los travestis, y pase el indignado y pase el diferente,<\/p>\n<p>y pase la calesita con todos sus caballos.<\/p>\n<p>Y al \u00faltimo pasemos nosotros a cara descubierta.<\/p>\n<p>Hoy quiero caminar sin sentirme culpable<\/p>\n<p>de no haber hecho lo que ten\u00eda que hacer.<\/p>\n<p>Mirar a los ojos a la mujer que amo<\/p>\n<p>y pedirle perd\u00f3n por tanta furia de papel que llevo adentro.<\/p>\n<p>Mirar a los amigos y abrazarlos<\/p>\n<p>sentir que juntos prolongamos el sue\u00f1o de sabernos m\u00e1s limpios.<\/p>\n<p>de saber que es posible compartir secretos y romper murallas.<\/p>\n<p>Sentir que la poes\u00eda viene de la rosa m\u00e1s simple del planeta,<\/p>\n<p>que la palabra amor aplasta al poderoso y salva al desahuciado.<\/p>\n<p>Abrir el coraz\u00f3n, impedir la injusticia,<\/p>\n<p>y no se desmorone Dios sobre la cruz del Hijo.<\/p>\n<p>Arrojar la piedra es hacernos la primera pregunta<\/p>\n<p>y tambi\u00e9n darnos la primera respuesta.<\/p>\n<p>\u00bfHe amado al otro como a m\u00ed mismo?<\/p>\n<p>\u00bfHe sido lo que soy o lo que imagino?<\/p>\n<p>\u00bfHe compartido el pan, mis alegr\u00edas?<\/p>\n<p>Que lo que diga hoy en esta plaza<\/p>\n<p>no sea el rostro de Judas que a\u00fan sigue traicionando<\/p>\n<p>la voz que lo ha salvado.<\/p>\n<p>Abrir el coraz\u00f3n y no arrojar la primera piedra.<\/p>\n<p>Esa es la cosa, abrir el coraz\u00f3n.<\/p>\n<p>&nbsp;<\/p>\n<div class=\"author\">\n<div class=\"author__data\">\n<div class=\"author__name\"><a href=\"https:\/\/www.perfil.com\/autores\/joseperez\">Jos\u00e9 P\u00e9rez <\/a><strong>Fuente:<\/strong>\u00a0<em>Canal 10<\/em><\/div>\n<\/div>\n<\/div>\n<\/div>\n<\/div>\n<\/div>\n","protected":false},"excerpt":{"rendered":"<p>Hugo Rivella recit\u00f3 un poema antes del comienzo de la segunda luna. En uno de los versos se interpret\u00f3 que habr\u00eda aludido al presidente Javier Milei, aunque el poeta no hizo nombres propios.<\/p>\n","protected":false},"author":3,"featured_media":131965,"comment_status":"closed","ping_status":"closed","sticky":false,"template":"","format":"standard","meta":{"footnotes":""},"categories":[35,24],"tags":[],"class_list":["post-131964","post","type-post","status-publish","format-standard","has-post-thumbnail","hentry","category-cultura","category-politica"],"yoast_head":"<!-- This site is optimized with the Yoast SEO plugin v25.9 - https:\/\/yoast.com\/wordpress\/plugins\/seo\/ -->\n<title>Dura cr\u00edtica en el Festival de Cosqu\u00edn a Milei: &quot;Del pol\u00edtico que se cree un le\u00f3n y es apenas una rata gritando desaforado&quot; - Noticias Radio Reflejos<\/title>\n<meta name=\"robots\" content=\"index, follow, max-snippet:-1, max-image-preview:large, max-video-preview:-1\" \/>\n<link rel=\"canonical\" href=\"https:\/\/www.noticiasradioreflejos.com.ar\/2021\/dura-critica-en-el-festival-de-cosquin-a-milei-del-politico-que-se-cree-un-leon-y-es-apenas-una-rata-gritando-desaforado\/\" \/>\n<meta property=\"og:locale\" content=\"es_ES\" \/>\n<meta property=\"og:type\" content=\"article\" \/>\n<meta property=\"og:title\" content=\"Dura cr\u00edtica en el Festival de Cosqu\u00edn a Milei: &quot;Del pol\u00edtico que se cree un le\u00f3n y es apenas una rata gritando desaforado&quot; - Noticias Radio Reflejos\" \/>\n<meta property=\"og:description\" content=\"Hugo Rivella recit\u00f3 un poema antes del comienzo de la segunda luna. En uno de los versos se interpret\u00f3 que habr\u00eda aludido al presidente Javier Milei, aunque el poeta no hizo nombres propios.\" \/>\n<meta property=\"og:url\" content=\"https:\/\/www.noticiasradioreflejos.com.ar\/2021\/dura-critica-en-el-festival-de-cosquin-a-milei-del-politico-que-se-cree-un-leon-y-es-apenas-una-rata-gritando-desaforado\/\" \/>\n<meta property=\"og:site_name\" content=\"Noticias Radio Reflejos\" \/>\n<meta property=\"article:published_time\" content=\"2026-01-27T13:24:13+00:00\" \/>\n<meta property=\"og:image\" content=\"https:\/\/www.noticiasradioreflejos.com.ar\/2021\/wp-content\/uploads\/2026\/01\/rivera.jpeg\" \/>\n\t<meta property=\"og:image:width\" content=\"900\" \/>\n\t<meta property=\"og:image:height\" content=\"600\" \/>\n\t<meta property=\"og:image:type\" content=\"image\/jpeg\" \/>\n<meta name=\"author\" content=\"Arnaldo Botto\" \/>\n<meta name=\"twitter:card\" content=\"summary_large_image\" \/>\n<script type=\"application\/ld+json\" class=\"yoast-schema-graph\">{\"@context\":\"https:\/\/schema.org\",\"@graph\":[{\"@type\":\"WebPage\",\"@id\":\"https:\/\/www.noticiasradioreflejos.com.ar\/2021\/dura-critica-en-el-festival-de-cosquin-a-milei-del-politico-que-se-cree-un-leon-y-es-apenas-una-rata-gritando-desaforado\/\",\"url\":\"https:\/\/www.noticiasradioreflejos.com.ar\/2021\/dura-critica-en-el-festival-de-cosquin-a-milei-del-politico-que-se-cree-un-leon-y-es-apenas-una-rata-gritando-desaforado\/\",\"name\":\"Dura cr\u00edtica en el Festival de Cosqu\u00edn a Milei: \\\"Del pol\u00edtico que se cree un le\u00f3n y es apenas una rata gritando desaforado\\\" - Noticias Radio Reflejos\",\"isPartOf\":{\"@id\":\"https:\/\/www.noticiasradioreflejos.com.ar\/2021\/#website\"},\"primaryImageOfPage\":{\"@id\":\"https:\/\/www.noticiasradioreflejos.com.ar\/2021\/dura-critica-en-el-festival-de-cosquin-a-milei-del-politico-que-se-cree-un-leon-y-es-apenas-una-rata-gritando-desaforado\/#primaryimage\"},\"image\":{\"@id\":\"https:\/\/www.noticiasradioreflejos.com.ar\/2021\/dura-critica-en-el-festival-de-cosquin-a-milei-del-politico-que-se-cree-un-leon-y-es-apenas-una-rata-gritando-desaforado\/#primaryimage\"},\"thumbnailUrl\":\"https:\/\/www.noticiasradioreflejos.com.ar\/2021\/wp-content\/uploads\/2026\/01\/rivera.jpeg\",\"datePublished\":\"2026-01-27T13:24:13+00:00\",\"author\":{\"@id\":\"https:\/\/www.noticiasradioreflejos.com.ar\/2021\/#\/schema\/person\/ad82545263dcc5ec0996818884fd5fb1\"},\"breadcrumb\":{\"@id\":\"https:\/\/www.noticiasradioreflejos.com.ar\/2021\/dura-critica-en-el-festival-de-cosquin-a-milei-del-politico-que-se-cree-un-leon-y-es-apenas-una-rata-gritando-desaforado\/#breadcrumb\"},\"inLanguage\":\"es\",\"potentialAction\":[{\"@type\":\"ReadAction\",\"target\":[\"https:\/\/www.noticiasradioreflejos.com.ar\/2021\/dura-critica-en-el-festival-de-cosquin-a-milei-del-politico-que-se-cree-un-leon-y-es-apenas-una-rata-gritando-desaforado\/\"]}]},{\"@type\":\"ImageObject\",\"inLanguage\":\"es\",\"@id\":\"https:\/\/www.noticiasradioreflejos.com.ar\/2021\/dura-critica-en-el-festival-de-cosquin-a-milei-del-politico-que-se-cree-un-leon-y-es-apenas-una-rata-gritando-desaforado\/#primaryimage\",\"url\":\"https:\/\/www.noticiasradioreflejos.com.ar\/2021\/wp-content\/uploads\/2026\/01\/rivera.jpeg\",\"contentUrl\":\"https:\/\/www.noticiasradioreflejos.com.ar\/2021\/wp-content\/uploads\/2026\/01\/rivera.jpeg\",\"width\":900,\"height\":600},{\"@type\":\"BreadcrumbList\",\"@id\":\"https:\/\/www.noticiasradioreflejos.com.ar\/2021\/dura-critica-en-el-festival-de-cosquin-a-milei-del-politico-que-se-cree-un-leon-y-es-apenas-una-rata-gritando-desaforado\/#breadcrumb\",\"itemListElement\":[{\"@type\":\"ListItem\",\"position\":1,\"name\":\"Portada\",\"item\":\"https:\/\/www.noticiasradioreflejos.com.ar\/2021\/\"},{\"@type\":\"ListItem\",\"position\":2,\"name\":\"Dura cr\u00edtica en el Festival de Cosqu\u00edn a Milei: \u00abDel pol\u00edtico que se cree un le\u00f3n y es apenas una rata gritando desaforado\u00bb\"}]},{\"@type\":\"WebSite\",\"@id\":\"https:\/\/www.noticiasradioreflejos.com.ar\/2021\/#website\",\"url\":\"https:\/\/www.noticiasradioreflejos.com.ar\/2021\/\",\"name\":\"Noticias Radio Reflejos\",\"description\":\"Las noticias de mi comarca\",\"potentialAction\":[{\"@type\":\"SearchAction\",\"target\":{\"@type\":\"EntryPoint\",\"urlTemplate\":\"https:\/\/www.noticiasradioreflejos.com.ar\/2021\/?s={search_term_string}\"},\"query-input\":{\"@type\":\"PropertyValueSpecification\",\"valueRequired\":true,\"valueName\":\"search_term_string\"}}],\"inLanguage\":\"es\"},{\"@type\":\"Person\",\"@id\":\"https:\/\/www.noticiasradioreflejos.com.ar\/2021\/#\/schema\/person\/ad82545263dcc5ec0996818884fd5fb1\",\"name\":\"Arnaldo Botto\",\"image\":{\"@type\":\"ImageObject\",\"inLanguage\":\"es\",\"@id\":\"https:\/\/www.noticiasradioreflejos.com.ar\/2021\/#\/schema\/person\/image\/\",\"url\":\"https:\/\/secure.gravatar.com\/avatar\/55cb5e37c1efa326397366e6974cb338056df65cb50e7d64d1cf314e87504837?s=96&d=mm&r=g\",\"contentUrl\":\"https:\/\/secure.gravatar.com\/avatar\/55cb5e37c1efa326397366e6974cb338056df65cb50e7d64d1cf314e87504837?s=96&d=mm&r=g\",\"caption\":\"Arnaldo Botto\"},\"url\":\"https:\/\/www.noticiasradioreflejos.com.ar\/2021\/author\/arnaldo\/\"}]}<\/script>\n<!-- \/ Yoast SEO plugin. -->","yoast_head_json":{"title":"Dura cr\u00edtica en el Festival de Cosqu\u00edn a Milei: \"Del pol\u00edtico que se cree un le\u00f3n y es apenas una rata gritando desaforado\" - Noticias Radio Reflejos","robots":{"index":"index","follow":"follow","max-snippet":"max-snippet:-1","max-image-preview":"max-image-preview:large","max-video-preview":"max-video-preview:-1"},"canonical":"https:\/\/www.noticiasradioreflejos.com.ar\/2021\/dura-critica-en-el-festival-de-cosquin-a-milei-del-politico-que-se-cree-un-leon-y-es-apenas-una-rata-gritando-desaforado\/","og_locale":"es_ES","og_type":"article","og_title":"Dura cr\u00edtica en el Festival de Cosqu\u00edn a Milei: \"Del pol\u00edtico que se cree un le\u00f3n y es apenas una rata gritando desaforado\" - Noticias Radio Reflejos","og_description":"Hugo Rivella recit\u00f3 un poema antes del comienzo de la segunda luna. En uno de los versos se interpret\u00f3 que habr\u00eda aludido al presidente Javier Milei, aunque el poeta no hizo nombres propios.","og_url":"https:\/\/www.noticiasradioreflejos.com.ar\/2021\/dura-critica-en-el-festival-de-cosquin-a-milei-del-politico-que-se-cree-un-leon-y-es-apenas-una-rata-gritando-desaforado\/","og_site_name":"Noticias Radio Reflejos","article_published_time":"2026-01-27T13:24:13+00:00","og_image":[{"width":900,"height":600,"url":"https:\/\/www.noticiasradioreflejos.com.ar\/2021\/wp-content\/uploads\/2026\/01\/rivera.jpeg","type":"image\/jpeg"}],"author":"Arnaldo Botto","twitter_card":"summary_large_image","schema":{"@context":"https:\/\/schema.org","@graph":[{"@type":"WebPage","@id":"https:\/\/www.noticiasradioreflejos.com.ar\/2021\/dura-critica-en-el-festival-de-cosquin-a-milei-del-politico-que-se-cree-un-leon-y-es-apenas-una-rata-gritando-desaforado\/","url":"https:\/\/www.noticiasradioreflejos.com.ar\/2021\/dura-critica-en-el-festival-de-cosquin-a-milei-del-politico-que-se-cree-un-leon-y-es-apenas-una-rata-gritando-desaforado\/","name":"Dura cr\u00edtica en el Festival de Cosqu\u00edn a Milei: \"Del pol\u00edtico que se cree un le\u00f3n y es apenas una rata gritando desaforado\" - Noticias Radio Reflejos","isPartOf":{"@id":"https:\/\/www.noticiasradioreflejos.com.ar\/2021\/#website"},"primaryImageOfPage":{"@id":"https:\/\/www.noticiasradioreflejos.com.ar\/2021\/dura-critica-en-el-festival-de-cosquin-a-milei-del-politico-que-se-cree-un-leon-y-es-apenas-una-rata-gritando-desaforado\/#primaryimage"},"image":{"@id":"https:\/\/www.noticiasradioreflejos.com.ar\/2021\/dura-critica-en-el-festival-de-cosquin-a-milei-del-politico-que-se-cree-un-leon-y-es-apenas-una-rata-gritando-desaforado\/#primaryimage"},"thumbnailUrl":"https:\/\/www.noticiasradioreflejos.com.ar\/2021\/wp-content\/uploads\/2026\/01\/rivera.jpeg","datePublished":"2026-01-27T13:24:13+00:00","author":{"@id":"https:\/\/www.noticiasradioreflejos.com.ar\/2021\/#\/schema\/person\/ad82545263dcc5ec0996818884fd5fb1"},"breadcrumb":{"@id":"https:\/\/www.noticiasradioreflejos.com.ar\/2021\/dura-critica-en-el-festival-de-cosquin-a-milei-del-politico-que-se-cree-un-leon-y-es-apenas-una-rata-gritando-desaforado\/#breadcrumb"},"inLanguage":"es","potentialAction":[{"@type":"ReadAction","target":["https:\/\/www.noticiasradioreflejos.com.ar\/2021\/dura-critica-en-el-festival-de-cosquin-a-milei-del-politico-que-se-cree-un-leon-y-es-apenas-una-rata-gritando-desaforado\/"]}]},{"@type":"ImageObject","inLanguage":"es","@id":"https:\/\/www.noticiasradioreflejos.com.ar\/2021\/dura-critica-en-el-festival-de-cosquin-a-milei-del-politico-que-se-cree-un-leon-y-es-apenas-una-rata-gritando-desaforado\/#primaryimage","url":"https:\/\/www.noticiasradioreflejos.com.ar\/2021\/wp-content\/uploads\/2026\/01\/rivera.jpeg","contentUrl":"https:\/\/www.noticiasradioreflejos.com.ar\/2021\/wp-content\/uploads\/2026\/01\/rivera.jpeg","width":900,"height":600},{"@type":"BreadcrumbList","@id":"https:\/\/www.noticiasradioreflejos.com.ar\/2021\/dura-critica-en-el-festival-de-cosquin-a-milei-del-politico-que-se-cree-un-leon-y-es-apenas-una-rata-gritando-desaforado\/#breadcrumb","itemListElement":[{"@type":"ListItem","position":1,"name":"Portada","item":"https:\/\/www.noticiasradioreflejos.com.ar\/2021\/"},{"@type":"ListItem","position":2,"name":"Dura cr\u00edtica en el Festival de Cosqu\u00edn a Milei: \u00abDel pol\u00edtico que se cree un le\u00f3n y es apenas una rata gritando desaforado\u00bb"}]},{"@type":"WebSite","@id":"https:\/\/www.noticiasradioreflejos.com.ar\/2021\/#website","url":"https:\/\/www.noticiasradioreflejos.com.ar\/2021\/","name":"Noticias Radio Reflejos","description":"Las noticias de mi comarca","potentialAction":[{"@type":"SearchAction","target":{"@type":"EntryPoint","urlTemplate":"https:\/\/www.noticiasradioreflejos.com.ar\/2021\/?s={search_term_string}"},"query-input":{"@type":"PropertyValueSpecification","valueRequired":true,"valueName":"search_term_string"}}],"inLanguage":"es"},{"@type":"Person","@id":"https:\/\/www.noticiasradioreflejos.com.ar\/2021\/#\/schema\/person\/ad82545263dcc5ec0996818884fd5fb1","name":"Arnaldo Botto","image":{"@type":"ImageObject","inLanguage":"es","@id":"https:\/\/www.noticiasradioreflejos.com.ar\/2021\/#\/schema\/person\/image\/","url":"https:\/\/secure.gravatar.com\/avatar\/55cb5e37c1efa326397366e6974cb338056df65cb50e7d64d1cf314e87504837?s=96&d=mm&r=g","contentUrl":"https:\/\/secure.gravatar.com\/avatar\/55cb5e37c1efa326397366e6974cb338056df65cb50e7d64d1cf314e87504837?s=96&d=mm&r=g","caption":"Arnaldo Botto"},"url":"https:\/\/www.noticiasradioreflejos.com.ar\/2021\/author\/arnaldo\/"}]}},"_links":{"self":[{"href":"https:\/\/www.noticiasradioreflejos.com.ar\/2021\/wp-json\/wp\/v2\/posts\/131964","targetHints":{"allow":["GET"]}}],"collection":[{"href":"https:\/\/www.noticiasradioreflejos.com.ar\/2021\/wp-json\/wp\/v2\/posts"}],"about":[{"href":"https:\/\/www.noticiasradioreflejos.com.ar\/2021\/wp-json\/wp\/v2\/types\/post"}],"author":[{"embeddable":true,"href":"https:\/\/www.noticiasradioreflejos.com.ar\/2021\/wp-json\/wp\/v2\/users\/3"}],"replies":[{"embeddable":true,"href":"https:\/\/www.noticiasradioreflejos.com.ar\/2021\/wp-json\/wp\/v2\/comments?post=131964"}],"version-history":[{"count":1,"href":"https:\/\/www.noticiasradioreflejos.com.ar\/2021\/wp-json\/wp\/v2\/posts\/131964\/revisions"}],"predecessor-version":[{"id":131966,"href":"https:\/\/www.noticiasradioreflejos.com.ar\/2021\/wp-json\/wp\/v2\/posts\/131964\/revisions\/131966"}],"wp:featuredmedia":[{"embeddable":true,"href":"https:\/\/www.noticiasradioreflejos.com.ar\/2021\/wp-json\/wp\/v2\/media\/131965"}],"wp:attachment":[{"href":"https:\/\/www.noticiasradioreflejos.com.ar\/2021\/wp-json\/wp\/v2\/media?parent=131964"}],"wp:term":[{"taxonomy":"category","embeddable":true,"href":"https:\/\/www.noticiasradioreflejos.com.ar\/2021\/wp-json\/wp\/v2\/categories?post=131964"},{"taxonomy":"post_tag","embeddable":true,"href":"https:\/\/www.noticiasradioreflejos.com.ar\/2021\/wp-json\/wp\/v2\/tags?post=131964"}],"curies":[{"name":"wp","href":"https:\/\/api.w.org\/{rel}","templated":true}]}}