{"id":131960,"date":"2026-01-27T08:04:30","date_gmt":"2026-01-27T11:04:30","guid":{"rendered":"https:\/\/www.noticiasradioreflejos.com.ar\/2021\/?p=131960"},"modified":"2026-01-27T08:04:30","modified_gmt":"2026-01-27T11:04:30","slug":"salud-advierte-sobre-el-aumento-de-actividad-de-alacranes-ante-las-altas-temperaturas","status":"publish","type":"post","link":"https:\/\/www.noticiasradioreflejos.com.ar\/2021\/salud-advierte-sobre-el-aumento-de-actividad-de-alacranes-ante-las-altas-temperaturas\/","title":{"rendered":"Salud advierte sobre el aumento de actividad de alacranes ante las altas temperaturas"},"content":{"rendered":"<p data-path-to-node=\"3\">En el marco de las jornadas de calor extremo que atraviesa gran parte del pa\u00eds, el Ministerio de Salud de la Naci\u00f3n, basado en los datos del \u00faltimo Bolet\u00edn Epidemiol\u00f3gico Nacional (BEN), recuerda a la poblaci\u00f3n extremar los cuidados frente al alacranismo, una problem\u00e1tica que presenta un marcado patr\u00f3n estacional vinculado a las altas temperaturas.<!--more--><\/p>\n<p data-path-to-node=\"5\">Durante el per\u00edodo 2025, se registraron un total de <b data-path-to-node=\"5\" data-index-in-node=\"52\">8.933 casos<\/b> en todo el pa\u00eds, lo que representa una <b data-path-to-node=\"5\" data-index-in-node=\"103\">disminuci\u00f3n del 6%<\/b> respecto a los 9.422 casos notificados en 2024. Sin embargo, el informe destaca incrementos alarmantes en jurisdicciones espec\u00edficas:<\/p>\n<ul data-path-to-node=\"6\">\n<li>\n<p data-path-to-node=\"6,0,0\"><b data-path-to-node=\"6,0,0\" data-index-in-node=\"0\">Jujuy:<\/b> registr\u00f3 un aumento del <b data-path-to-node=\"6,0,0\" data-index-in-node=\"31\">80%<\/b> en las notificaciones.<\/p>\n<\/li>\n<li>\n<p data-path-to-node=\"6,1,0\"><b data-path-to-node=\"6,1,0\" data-index-in-node=\"0\">CABA:<\/b> report\u00f3 un incremento del <b data-path-to-node=\"6,1,0\" data-index-in-node=\"32\">75%<\/b> respecto al a\u00f1o anterior.<\/p>\n<\/li>\n<\/ul>\n<p data-path-to-node=\"7\">Las regiones <b data-path-to-node=\"7\" data-index-in-node=\"13\">NOA<\/b> (4.950 casos) y <b data-path-to-node=\"7\" data-index-in-node=\"33\">Centro<\/b> (3.711 casos) concentran el <b data-path-to-node=\"7\" data-index-in-node=\"68\">96,6%<\/b> del total nacional, siendo las provincias de <b data-path-to-node=\"7\" data-index-in-node=\"119\">Tucum\u00e1n y C\u00f3rdoba<\/b> las que presentan la mayor cantidad de reportes.<\/p>\n<h3 data-path-to-node=\"8\"><b data-path-to-node=\"8\" data-index-in-node=\"0\">Poblaci\u00f3n de riesgo y gravedad<\/b><\/h3>\n<p data-path-to-node=\"9\">El informe subraya que el envenenamiento por alacr\u00e1n es especialmente peligroso en <b data-path-to-node=\"9\" data-index-in-node=\"83\">ni\u00f1os, adultos mayores y personas con enfermedades preexistentes<\/b>. Un factor determinante es el peso corporal del afectado: a menor tama\u00f1o, mayor es la sensibilidad frente a la misma dosis de veneno inoculado.<\/p>\n<p data-path-to-node=\"10\">En cuanto a la distribuci\u00f3n por edades en 2025:<\/p>\n<ul data-path-to-node=\"11\">\n<li>\n<p data-path-to-node=\"11,0,0\">El <b data-path-to-node=\"11,0,0\" data-index-in-node=\"3\">56,4%<\/b> de los casos ocurri\u00f3 en personas de entre 5 y 39 a\u00f1os.<\/p>\n<\/li>\n<li>\n<p data-path-to-node=\"11,1,0\">Las tasas de incidencia m\u00e1s altas se observaron en los grupos de <b data-path-to-node=\"11,1,0\" data-index-in-node=\"65\">0 a 4 a\u00f1os<\/b> y de <b data-path-to-node=\"11,1,0\" data-index-in-node=\"81\">25 a 29 a\u00f1os<\/b>.<\/p>\n<\/li>\n<\/ul>\n<h3 data-path-to-node=\"12\"><b data-path-to-node=\"12\" data-index-in-node=\"0\">Respuesta sanitaria y tratamiento<\/b><\/h3>\n<p data-path-to-node=\"13\">Argentina cuenta con soberan\u00eda en la producci\u00f3n de tratamientos gracias al <b data-path-to-node=\"13\" data-index-in-node=\"75\">Instituto Nacional de Producci\u00f3n de Biol\u00f3gicos (INPB) de la ANLIS Malbr\u00e1n<\/b>, \u00fanico productor nacional de antivenenos. Actualmente, el instituto abastece a todo el pa\u00eds con ocho tipos de antivenenos, incluyendo el espec\u00edfico para escorpiones.<\/p>\n<p data-path-to-node=\"14\"><b data-path-to-node=\"14\" data-index-in-node=\"0\">Protocolo ante picaduras:<\/b><\/p>\n<ol start=\"1\" data-path-to-node=\"15\">\n<li>\n<p data-path-to-node=\"15,0,0\"><b data-path-to-node=\"15,0,0\" data-index-in-node=\"0\">Observaci\u00f3n:<\/b> En casos leves, se requiere una vigilancia cl\u00ednica de al menos seis horas.<\/p>\n<\/li>\n<li>\n<p data-path-to-node=\"15,1,0\"><b data-path-to-node=\"15,1,0\" data-index-in-node=\"0\">Internaci\u00f3n:<\/b> En casos moderados o graves, es indispensable el traslado a unidades de terapia intermedia o intensiva para monitoreo card\u00edaco continuo.<\/p>\n<\/li>\n<\/ol>\n<h3 data-path-to-node=\"16\"><b data-path-to-node=\"16\" data-index-in-node=\"0\">Recomendaciones para el hogar<\/b><\/h3>\n<p data-path-to-node=\"17\">Ante la ola de calor y la mayor actividad de estos ar\u00e1cnidos, se recomienda:<\/p>\n<ul data-path-to-node=\"18\">\n<li>\n<p data-path-to-node=\"18,0,0\">Revisar y sacudir prendas de vestir y calzado antes de usarlos.<\/p>\n<\/li>\n<li>\n<p data-path-to-node=\"18,1,0\">Colocar rejillas de trama fina en desag\u00fces y resumideros.<\/p>\n<\/li>\n<li>\n<p data-path-to-node=\"18,2,0\">Evitar caminar descalzo, especialmente durante la noche.<\/p>\n<\/li>\n<li>\n<p data-path-to-node=\"18,3,0\">Mantener la higiene en el hogar y alrededores, evitando el c\u00famulo de escombros o le\u00f1a.<\/p>\n<\/li>\n<\/ul>\n","protected":false},"excerpt":{"rendered":"<p>En el marco de las jornadas de calor extremo que atraviesa gran parte del pa\u00eds, el Ministerio de Salud de la Naci\u00f3n, basado en los datos del \u00faltimo Bolet\u00edn Epidemiol\u00f3gico Nacional (BEN), recuerda a la poblaci\u00f3n extremar los cuidados frente al alacranismo, una problem\u00e1tica que presenta un marcado patr\u00f3n estacional vinculado a las altas temperaturas.<\/p>\n","protected":false},"author":3,"featured_media":66102,"comment_status":"closed","ping_status":"closed","sticky":false,"template":"","format":"standard","meta":{"footnotes":""},"categories":[46,30],"tags":[],"class_list":["post-131960","post","type-post","status-publish","format-standard","has-post-thumbnail","hentry","category-ciencia-y-tecnologia","category-salud"],"yoast_head":"<!-- This site is optimized with the Yoast SEO plugin v25.9 - https:\/\/yoast.com\/wordpress\/plugins\/seo\/ -->\n<title>Salud advierte sobre el aumento de actividad de alacranes ante las altas temperaturas - Noticias Radio Reflejos<\/title>\n<meta name=\"robots\" content=\"index, follow, max-snippet:-1, max-image-preview:large, max-video-preview:-1\" \/>\n<link rel=\"canonical\" href=\"https:\/\/www.noticiasradioreflejos.com.ar\/2021\/salud-advierte-sobre-el-aumento-de-actividad-de-alacranes-ante-las-altas-temperaturas\/\" \/>\n<meta property=\"og:locale\" content=\"es_ES\" \/>\n<meta property=\"og:type\" content=\"article\" \/>\n<meta property=\"og:title\" content=\"Salud advierte sobre el aumento de actividad de alacranes ante las altas temperaturas - Noticias Radio Reflejos\" \/>\n<meta property=\"og:description\" content=\"En el marco de las jornadas de calor extremo que atraviesa gran parte del pa\u00eds, el Ministerio de Salud de la Naci\u00f3n, basado en los datos del \u00faltimo Bolet\u00edn Epidemiol\u00f3gico Nacional (BEN), recuerda a la poblaci\u00f3n extremar los cuidados frente al alacranismo, una problem\u00e1tica que presenta un marcado patr\u00f3n estacional vinculado a las altas temperaturas.\" \/>\n<meta property=\"og:url\" content=\"https:\/\/www.noticiasradioreflejos.com.ar\/2021\/salud-advierte-sobre-el-aumento-de-actividad-de-alacranes-ante-las-altas-temperaturas\/\" \/>\n<meta property=\"og:site_name\" content=\"Noticias Radio Reflejos\" \/>\n<meta property=\"article:published_time\" content=\"2026-01-27T11:04:30+00:00\" \/>\n<meta property=\"og:image\" content=\"https:\/\/www.noticiasradioreflejos.com.ar\/2021\/wp-content\/uploads\/2021\/12\/2018-alacran-suarez-01.jpg\" \/>\n\t<meta property=\"og:image:width\" content=\"800\" \/>\n\t<meta property=\"og:image:height\" content=\"444\" \/>\n\t<meta property=\"og:image:type\" content=\"image\/jpeg\" \/>\n<meta name=\"author\" content=\"Arnaldo Botto\" \/>\n<meta name=\"twitter:card\" content=\"summary_large_image\" \/>\n<script type=\"application\/ld+json\" class=\"yoast-schema-graph\">{\"@context\":\"https:\/\/schema.org\",\"@graph\":[{\"@type\":\"WebPage\",\"@id\":\"https:\/\/www.noticiasradioreflejos.com.ar\/2021\/salud-advierte-sobre-el-aumento-de-actividad-de-alacranes-ante-las-altas-temperaturas\/\",\"url\":\"https:\/\/www.noticiasradioreflejos.com.ar\/2021\/salud-advierte-sobre-el-aumento-de-actividad-de-alacranes-ante-las-altas-temperaturas\/\",\"name\":\"Salud advierte sobre el aumento de actividad de alacranes ante las altas temperaturas - Noticias Radio Reflejos\",\"isPartOf\":{\"@id\":\"https:\/\/www.noticiasradioreflejos.com.ar\/2021\/#website\"},\"primaryImageOfPage\":{\"@id\":\"https:\/\/www.noticiasradioreflejos.com.ar\/2021\/salud-advierte-sobre-el-aumento-de-actividad-de-alacranes-ante-las-altas-temperaturas\/#primaryimage\"},\"image\":{\"@id\":\"https:\/\/www.noticiasradioreflejos.com.ar\/2021\/salud-advierte-sobre-el-aumento-de-actividad-de-alacranes-ante-las-altas-temperaturas\/#primaryimage\"},\"thumbnailUrl\":\"https:\/\/www.noticiasradioreflejos.com.ar\/2021\/wp-content\/uploads\/2021\/12\/2018-alacran-suarez-01.jpg\",\"datePublished\":\"2026-01-27T11:04:30+00:00\",\"author\":{\"@id\":\"https:\/\/www.noticiasradioreflejos.com.ar\/2021\/#\/schema\/person\/ad82545263dcc5ec0996818884fd5fb1\"},\"breadcrumb\":{\"@id\":\"https:\/\/www.noticiasradioreflejos.com.ar\/2021\/salud-advierte-sobre-el-aumento-de-actividad-de-alacranes-ante-las-altas-temperaturas\/#breadcrumb\"},\"inLanguage\":\"es\",\"potentialAction\":[{\"@type\":\"ReadAction\",\"target\":[\"https:\/\/www.noticiasradioreflejos.com.ar\/2021\/salud-advierte-sobre-el-aumento-de-actividad-de-alacranes-ante-las-altas-temperaturas\/\"]}]},{\"@type\":\"ImageObject\",\"inLanguage\":\"es\",\"@id\":\"https:\/\/www.noticiasradioreflejos.com.ar\/2021\/salud-advierte-sobre-el-aumento-de-actividad-de-alacranes-ante-las-altas-temperaturas\/#primaryimage\",\"url\":\"https:\/\/www.noticiasradioreflejos.com.ar\/2021\/wp-content\/uploads\/2021\/12\/2018-alacran-suarez-01.jpg\",\"contentUrl\":\"https:\/\/www.noticiasradioreflejos.com.ar\/2021\/wp-content\/uploads\/2021\/12\/2018-alacran-suarez-01.jpg\",\"width\":800,\"height\":444},{\"@type\":\"BreadcrumbList\",\"@id\":\"https:\/\/www.noticiasradioreflejos.com.ar\/2021\/salud-advierte-sobre-el-aumento-de-actividad-de-alacranes-ante-las-altas-temperaturas\/#breadcrumb\",\"itemListElement\":[{\"@type\":\"ListItem\",\"position\":1,\"name\":\"Portada\",\"item\":\"https:\/\/www.noticiasradioreflejos.com.ar\/2021\/\"},{\"@type\":\"ListItem\",\"position\":2,\"name\":\"Salud advierte sobre el aumento de actividad de alacranes ante las altas temperaturas\"}]},{\"@type\":\"WebSite\",\"@id\":\"https:\/\/www.noticiasradioreflejos.com.ar\/2021\/#website\",\"url\":\"https:\/\/www.noticiasradioreflejos.com.ar\/2021\/\",\"name\":\"Noticias Radio Reflejos\",\"description\":\"Las noticias de mi comarca\",\"potentialAction\":[{\"@type\":\"SearchAction\",\"target\":{\"@type\":\"EntryPoint\",\"urlTemplate\":\"https:\/\/www.noticiasradioreflejos.com.ar\/2021\/?s={search_term_string}\"},\"query-input\":{\"@type\":\"PropertyValueSpecification\",\"valueRequired\":true,\"valueName\":\"search_term_string\"}}],\"inLanguage\":\"es\"},{\"@type\":\"Person\",\"@id\":\"https:\/\/www.noticiasradioreflejos.com.ar\/2021\/#\/schema\/person\/ad82545263dcc5ec0996818884fd5fb1\",\"name\":\"Arnaldo Botto\",\"image\":{\"@type\":\"ImageObject\",\"inLanguage\":\"es\",\"@id\":\"https:\/\/www.noticiasradioreflejos.com.ar\/2021\/#\/schema\/person\/image\/\",\"url\":\"https:\/\/secure.gravatar.com\/avatar\/55cb5e37c1efa326397366e6974cb338056df65cb50e7d64d1cf314e87504837?s=96&d=mm&r=g\",\"contentUrl\":\"https:\/\/secure.gravatar.com\/avatar\/55cb5e37c1efa326397366e6974cb338056df65cb50e7d64d1cf314e87504837?s=96&d=mm&r=g\",\"caption\":\"Arnaldo Botto\"},\"url\":\"https:\/\/www.noticiasradioreflejos.com.ar\/2021\/author\/arnaldo\/\"}]}<\/script>\n<!-- \/ Yoast SEO plugin. -->","yoast_head_json":{"title":"Salud advierte sobre el aumento de actividad de alacranes ante las altas temperaturas - Noticias Radio Reflejos","robots":{"index":"index","follow":"follow","max-snippet":"max-snippet:-1","max-image-preview":"max-image-preview:large","max-video-preview":"max-video-preview:-1"},"canonical":"https:\/\/www.noticiasradioreflejos.com.ar\/2021\/salud-advierte-sobre-el-aumento-de-actividad-de-alacranes-ante-las-altas-temperaturas\/","og_locale":"es_ES","og_type":"article","og_title":"Salud advierte sobre el aumento de actividad de alacranes ante las altas temperaturas - Noticias Radio Reflejos","og_description":"En el marco de las jornadas de calor extremo que atraviesa gran parte del pa\u00eds, el Ministerio de Salud de la Naci\u00f3n, basado en los datos del \u00faltimo Bolet\u00edn Epidemiol\u00f3gico Nacional (BEN), recuerda a la poblaci\u00f3n extremar los cuidados frente al alacranismo, una problem\u00e1tica que presenta un marcado patr\u00f3n estacional vinculado a las altas temperaturas.","og_url":"https:\/\/www.noticiasradioreflejos.com.ar\/2021\/salud-advierte-sobre-el-aumento-de-actividad-de-alacranes-ante-las-altas-temperaturas\/","og_site_name":"Noticias Radio Reflejos","article_published_time":"2026-01-27T11:04:30+00:00","og_image":[{"width":800,"height":444,"url":"https:\/\/www.noticiasradioreflejos.com.ar\/2021\/wp-content\/uploads\/2021\/12\/2018-alacran-suarez-01.jpg","type":"image\/jpeg"}],"author":"Arnaldo Botto","twitter_card":"summary_large_image","schema":{"@context":"https:\/\/schema.org","@graph":[{"@type":"WebPage","@id":"https:\/\/www.noticiasradioreflejos.com.ar\/2021\/salud-advierte-sobre-el-aumento-de-actividad-de-alacranes-ante-las-altas-temperaturas\/","url":"https:\/\/www.noticiasradioreflejos.com.ar\/2021\/salud-advierte-sobre-el-aumento-de-actividad-de-alacranes-ante-las-altas-temperaturas\/","name":"Salud advierte sobre el aumento de actividad de alacranes ante las altas temperaturas - Noticias Radio Reflejos","isPartOf":{"@id":"https:\/\/www.noticiasradioreflejos.com.ar\/2021\/#website"},"primaryImageOfPage":{"@id":"https:\/\/www.noticiasradioreflejos.com.ar\/2021\/salud-advierte-sobre-el-aumento-de-actividad-de-alacranes-ante-las-altas-temperaturas\/#primaryimage"},"image":{"@id":"https:\/\/www.noticiasradioreflejos.com.ar\/2021\/salud-advierte-sobre-el-aumento-de-actividad-de-alacranes-ante-las-altas-temperaturas\/#primaryimage"},"thumbnailUrl":"https:\/\/www.noticiasradioreflejos.com.ar\/2021\/wp-content\/uploads\/2021\/12\/2018-alacran-suarez-01.jpg","datePublished":"2026-01-27T11:04:30+00:00","author":{"@id":"https:\/\/www.noticiasradioreflejos.com.ar\/2021\/#\/schema\/person\/ad82545263dcc5ec0996818884fd5fb1"},"breadcrumb":{"@id":"https:\/\/www.noticiasradioreflejos.com.ar\/2021\/salud-advierte-sobre-el-aumento-de-actividad-de-alacranes-ante-las-altas-temperaturas\/#breadcrumb"},"inLanguage":"es","potentialAction":[{"@type":"ReadAction","target":["https:\/\/www.noticiasradioreflejos.com.ar\/2021\/salud-advierte-sobre-el-aumento-de-actividad-de-alacranes-ante-las-altas-temperaturas\/"]}]},{"@type":"ImageObject","inLanguage":"es","@id":"https:\/\/www.noticiasradioreflejos.com.ar\/2021\/salud-advierte-sobre-el-aumento-de-actividad-de-alacranes-ante-las-altas-temperaturas\/#primaryimage","url":"https:\/\/www.noticiasradioreflejos.com.ar\/2021\/wp-content\/uploads\/2021\/12\/2018-alacran-suarez-01.jpg","contentUrl":"https:\/\/www.noticiasradioreflejos.com.ar\/2021\/wp-content\/uploads\/2021\/12\/2018-alacran-suarez-01.jpg","width":800,"height":444},{"@type":"BreadcrumbList","@id":"https:\/\/www.noticiasradioreflejos.com.ar\/2021\/salud-advierte-sobre-el-aumento-de-actividad-de-alacranes-ante-las-altas-temperaturas\/#breadcrumb","itemListElement":[{"@type":"ListItem","position":1,"name":"Portada","item":"https:\/\/www.noticiasradioreflejos.com.ar\/2021\/"},{"@type":"ListItem","position":2,"name":"Salud advierte sobre el aumento de actividad de alacranes ante las altas temperaturas"}]},{"@type":"WebSite","@id":"https:\/\/www.noticiasradioreflejos.com.ar\/2021\/#website","url":"https:\/\/www.noticiasradioreflejos.com.ar\/2021\/","name":"Noticias Radio Reflejos","description":"Las noticias de mi comarca","potentialAction":[{"@type":"SearchAction","target":{"@type":"EntryPoint","urlTemplate":"https:\/\/www.noticiasradioreflejos.com.ar\/2021\/?s={search_term_string}"},"query-input":{"@type":"PropertyValueSpecification","valueRequired":true,"valueName":"search_term_string"}}],"inLanguage":"es"},{"@type":"Person","@id":"https:\/\/www.noticiasradioreflejos.com.ar\/2021\/#\/schema\/person\/ad82545263dcc5ec0996818884fd5fb1","name":"Arnaldo Botto","image":{"@type":"ImageObject","inLanguage":"es","@id":"https:\/\/www.noticiasradioreflejos.com.ar\/2021\/#\/schema\/person\/image\/","url":"https:\/\/secure.gravatar.com\/avatar\/55cb5e37c1efa326397366e6974cb338056df65cb50e7d64d1cf314e87504837?s=96&d=mm&r=g","contentUrl":"https:\/\/secure.gravatar.com\/avatar\/55cb5e37c1efa326397366e6974cb338056df65cb50e7d64d1cf314e87504837?s=96&d=mm&r=g","caption":"Arnaldo Botto"},"url":"https:\/\/www.noticiasradioreflejos.com.ar\/2021\/author\/arnaldo\/"}]}},"_links":{"self":[{"href":"https:\/\/www.noticiasradioreflejos.com.ar\/2021\/wp-json\/wp\/v2\/posts\/131960","targetHints":{"allow":["GET"]}}],"collection":[{"href":"https:\/\/www.noticiasradioreflejos.com.ar\/2021\/wp-json\/wp\/v2\/posts"}],"about":[{"href":"https:\/\/www.noticiasradioreflejos.com.ar\/2021\/wp-json\/wp\/v2\/types\/post"}],"author":[{"embeddable":true,"href":"https:\/\/www.noticiasradioreflejos.com.ar\/2021\/wp-json\/wp\/v2\/users\/3"}],"replies":[{"embeddable":true,"href":"https:\/\/www.noticiasradioreflejos.com.ar\/2021\/wp-json\/wp\/v2\/comments?post=131960"}],"version-history":[{"count":1,"href":"https:\/\/www.noticiasradioreflejos.com.ar\/2021\/wp-json\/wp\/v2\/posts\/131960\/revisions"}],"predecessor-version":[{"id":131961,"href":"https:\/\/www.noticiasradioreflejos.com.ar\/2021\/wp-json\/wp\/v2\/posts\/131960\/revisions\/131961"}],"wp:featuredmedia":[{"embeddable":true,"href":"https:\/\/www.noticiasradioreflejos.com.ar\/2021\/wp-json\/wp\/v2\/media\/66102"}],"wp:attachment":[{"href":"https:\/\/www.noticiasradioreflejos.com.ar\/2021\/wp-json\/wp\/v2\/media?parent=131960"}],"wp:term":[{"taxonomy":"category","embeddable":true,"href":"https:\/\/www.noticiasradioreflejos.com.ar\/2021\/wp-json\/wp\/v2\/categories?post=131960"},{"taxonomy":"post_tag","embeddable":true,"href":"https:\/\/www.noticiasradioreflejos.com.ar\/2021\/wp-json\/wp\/v2\/tags?post=131960"}],"curies":[{"name":"wp","href":"https:\/\/api.w.org\/{rel}","templated":true}]}}