{"id":131955,"date":"2026-01-27T07:52:47","date_gmt":"2026-01-27T10:52:47","guid":{"rendered":"https:\/\/www.noticiasradioreflejos.com.ar\/2021\/?p=131955"},"modified":"2026-01-27T07:52:47","modified_gmt":"2026-01-27T10:52:47","slug":"adios-atp-13-16-el-gobierno-derogo-el-regimen-de-calificacion-de-peliculas-de-1984","status":"publish","type":"post","link":"https:\/\/www.noticiasradioreflejos.com.ar\/2021\/adios-atp-13-16-el-gobierno-derogo-el-regimen-de-calificacion-de-peliculas-de-1984\/","title":{"rendered":"Adi\u00f3s ATP, +13, +16: el Gobierno derog\u00f3 el r\u00e9gimen de calificaci\u00f3n de pel\u00edculas de 1984"},"content":{"rendered":"<p>Las calificaciones cinematogr\u00e1ficas (Apta para todo p\u00fablico, +13, +16, etc.) ahora estar\u00e1n a cargo exclusivamente del INCAA. Se homologar\u00e1n autom\u00e1ticamente las clasificaciones extranjeras para agilizar estrenos.<!--more--><\/p>\n<div class=\"columns\" data-tadevel-template=\"web\/article-columns\">\n<div class=\"column-main\">\n<div class=\"article-body\" data-tadevel-template=\"web\/article-body\">\n<div class=\"article-body-content\">\n<p>El Gobierno nacional oficializ\u00f3 este martes la reglamentaci\u00f3n de la Ley 23.052, introduciendo cambios profundos en el sistema de calificaci\u00f3n de pel\u00edculas cinematogr\u00e1ficas que reg\u00eda desde hace m\u00e1s de cuatro d\u00e9cadas. A trav\u00e9s del\u00a0<strong>Decreto 50\/2026<\/strong>, publicado en el Bolet\u00edn Oficial con las firmas del presidente\u00a0<strong>Javier Milei<\/strong>\u00a0y el ministro\u00a0<strong>Manuel Adorni<\/strong>, se derog\u00f3 el Decreto 828\/84 y se disolvi\u00f3 la hist\u00f3rica\u00a0<strong>Comisi\u00f3n Asesora de Exhibiciones Cinematogr\u00e1ficas<\/strong>.<\/p>\n<p>La medida busca \u00abadecuar los criterios a las transformaciones culturales y tecnol\u00f3gicas\u00bb y agilizar los procesos administrativos que, seg\u00fan los considerandos de la norma, generaban demoras innecesarias.<\/p>\n<h3>El fin de la \u00abburocracia\u00bb en la calificaci\u00f3n<\/h3>\n<p>Hasta hoy, la calificaci\u00f3n de aptitud de un filme (ATP, +13, +16, +18) requer\u00eda un dictamen obligatorio de una comisi\u00f3n colegiada. Con el nuevo r\u00e9gimen, esa responsabilidad recaer\u00e1 exclusivamente en el\u00a0<strong>INCAA<\/strong>, que asumir\u00e1 la competencia t\u00e9cnica para definir las categor\u00edas orientativas para el p\u00fablico.<\/p>\n<p>El decreto argumenta que la Comisi\u00f3n Asesora \u00abno ha demostrado la eficiencia necesaria\u00bb y que su estructura r\u00edgida dificultaba la din\u00e1mica del sector audiovisual. A partir de ahora, el Estado mantendr\u00e1 un rol \u00aborientativo\u00bb, reafirmando que la responsabilidad primaria sobre el consumo de contenidos por parte de menores recae en los padres o tutores.<\/p>\n<h3>Homologaci\u00f3n autom\u00e1tica para el cine de Hollywood<\/h3>\n<p>Una de las novedades m\u00e1s relevantes es el reconocimiento de las calificaciones extranjeras. Dado que el\u00a0<strong>65% de los estrenos en Argentina provienen de Estados Unidos<\/strong>, el Ejecutivo consider\u00f3 un \u00abuso innecesario de recursos\u00bb volver a calificar pel\u00edculas que ya fueron evaluadas por organismos internacionales estandarizados (como la MPAA).<\/p>\n<p>Por ello, se admitir\u00e1 la validez de las calificaciones de origen, las cuales ser\u00e1n homologadas autom\u00e1ticamente a las categor\u00edas locales. No obstante, el INCAA se reserva la facultad de modificarlas de oficio si existieran \u00abrazones de orden p\u00fablico\u00bb.<\/p>\n<p>La nueva normativa entrar\u00e1 en vigencia dentro de\u00a0<strong>60 d\u00edas corridos<\/strong>.<\/p>\n<p>&nbsp;<\/p>\n<p><a href=\"#AgenciaNA\">#AgenciaNA<\/a><\/p>\n<\/div>\n<\/div>\n<\/div>\n<\/div>\n","protected":false},"excerpt":{"rendered":"<p>Las calificaciones cinematogr\u00e1ficas (Apta para todo p\u00fablico, +13, +16, etc.) ahora estar\u00e1n a cargo exclusivamente del INCAA. Se homologar\u00e1n autom\u00e1ticamente las clasificaciones extranjeras para agilizar estrenos.<\/p>\n","protected":false},"author":3,"featured_media":0,"comment_status":"closed","ping_status":"closed","sticky":false,"template":"","format":"standard","meta":{"footnotes":""},"categories":[58],"tags":[],"class_list":["post-131955","post","type-post","status-publish","format-standard","hentry","category-gobierno"],"yoast_head":"<!-- This site is optimized with the Yoast SEO plugin v25.9 - https:\/\/yoast.com\/wordpress\/plugins\/seo\/ -->\n<title>Adi\u00f3s ATP, +13, +16: el Gobierno derog\u00f3 el r\u00e9gimen de calificaci\u00f3n de pel\u00edculas de 1984 - Noticias Radio Reflejos<\/title>\n<meta name=\"robots\" content=\"index, follow, max-snippet:-1, max-image-preview:large, max-video-preview:-1\" \/>\n<link rel=\"canonical\" href=\"https:\/\/www.noticiasradioreflejos.com.ar\/2021\/adios-atp-13-16-el-gobierno-derogo-el-regimen-de-calificacion-de-peliculas-de-1984\/\" \/>\n<meta property=\"og:locale\" content=\"es_ES\" \/>\n<meta property=\"og:type\" content=\"article\" \/>\n<meta property=\"og:title\" content=\"Adi\u00f3s ATP, +13, +16: el Gobierno derog\u00f3 el r\u00e9gimen de calificaci\u00f3n de pel\u00edculas de 1984 - Noticias Radio Reflejos\" \/>\n<meta property=\"og:description\" content=\"Las calificaciones cinematogr\u00e1ficas (Apta para todo p\u00fablico, +13, +16, etc.) ahora estar\u00e1n a cargo exclusivamente del INCAA. Se homologar\u00e1n autom\u00e1ticamente las clasificaciones extranjeras para agilizar estrenos.\" \/>\n<meta property=\"og:url\" content=\"https:\/\/www.noticiasradioreflejos.com.ar\/2021\/adios-atp-13-16-el-gobierno-derogo-el-regimen-de-calificacion-de-peliculas-de-1984\/\" \/>\n<meta property=\"og:site_name\" content=\"Noticias Radio Reflejos\" \/>\n<meta property=\"article:published_time\" content=\"2026-01-27T10:52:47+00:00\" \/>\n<meta property=\"og:image\" content=\"https:\/\/www.noticiasradioreflejos.com.ar\/2021\/wp-content\/uploads\/2026\/01\/720-10.webp\" \/>\n\t<meta property=\"og:image:width\" content=\"1280\" \/>\n\t<meta property=\"og:image:height\" content=\"644\" \/>\n\t<meta property=\"og:image:type\" content=\"image\/webp\" \/>\n<meta name=\"author\" content=\"Arnaldo Botto\" \/>\n<meta name=\"twitter:card\" content=\"summary_large_image\" \/>\n<script type=\"application\/ld+json\" class=\"yoast-schema-graph\">{\"@context\":\"https:\/\/schema.org\",\"@graph\":[{\"@type\":\"WebPage\",\"@id\":\"https:\/\/www.noticiasradioreflejos.com.ar\/2021\/adios-atp-13-16-el-gobierno-derogo-el-regimen-de-calificacion-de-peliculas-de-1984\/\",\"url\":\"https:\/\/www.noticiasradioreflejos.com.ar\/2021\/adios-atp-13-16-el-gobierno-derogo-el-regimen-de-calificacion-de-peliculas-de-1984\/\",\"name\":\"Adi\u00f3s ATP, +13, +16: el Gobierno derog\u00f3 el r\u00e9gimen de calificaci\u00f3n de pel\u00edculas de 1984 - Noticias Radio Reflejos\",\"isPartOf\":{\"@id\":\"https:\/\/www.noticiasradioreflejos.com.ar\/2021\/#website\"},\"datePublished\":\"2026-01-27T10:52:47+00:00\",\"author\":{\"@id\":\"https:\/\/www.noticiasradioreflejos.com.ar\/2021\/#\/schema\/person\/ad82545263dcc5ec0996818884fd5fb1\"},\"breadcrumb\":{\"@id\":\"https:\/\/www.noticiasradioreflejos.com.ar\/2021\/adios-atp-13-16-el-gobierno-derogo-el-regimen-de-calificacion-de-peliculas-de-1984\/#breadcrumb\"},\"inLanguage\":\"es\",\"potentialAction\":[{\"@type\":\"ReadAction\",\"target\":[\"https:\/\/www.noticiasradioreflejos.com.ar\/2021\/adios-atp-13-16-el-gobierno-derogo-el-regimen-de-calificacion-de-peliculas-de-1984\/\"]}]},{\"@type\":\"BreadcrumbList\",\"@id\":\"https:\/\/www.noticiasradioreflejos.com.ar\/2021\/adios-atp-13-16-el-gobierno-derogo-el-regimen-de-calificacion-de-peliculas-de-1984\/#breadcrumb\",\"itemListElement\":[{\"@type\":\"ListItem\",\"position\":1,\"name\":\"Portada\",\"item\":\"https:\/\/www.noticiasradioreflejos.com.ar\/2021\/\"},{\"@type\":\"ListItem\",\"position\":2,\"name\":\"Adi\u00f3s ATP, +13, +16: el Gobierno derog\u00f3 el r\u00e9gimen de calificaci\u00f3n de pel\u00edculas de 1984\"}]},{\"@type\":\"WebSite\",\"@id\":\"https:\/\/www.noticiasradioreflejos.com.ar\/2021\/#website\",\"url\":\"https:\/\/www.noticiasradioreflejos.com.ar\/2021\/\",\"name\":\"Noticias Radio Reflejos\",\"description\":\"Las noticias de mi comarca\",\"potentialAction\":[{\"@type\":\"SearchAction\",\"target\":{\"@type\":\"EntryPoint\",\"urlTemplate\":\"https:\/\/www.noticiasradioreflejos.com.ar\/2021\/?s={search_term_string}\"},\"query-input\":{\"@type\":\"PropertyValueSpecification\",\"valueRequired\":true,\"valueName\":\"search_term_string\"}}],\"inLanguage\":\"es\"},{\"@type\":\"Person\",\"@id\":\"https:\/\/www.noticiasradioreflejos.com.ar\/2021\/#\/schema\/person\/ad82545263dcc5ec0996818884fd5fb1\",\"name\":\"Arnaldo Botto\",\"image\":{\"@type\":\"ImageObject\",\"inLanguage\":\"es\",\"@id\":\"https:\/\/www.noticiasradioreflejos.com.ar\/2021\/#\/schema\/person\/image\/\",\"url\":\"https:\/\/secure.gravatar.com\/avatar\/55cb5e37c1efa326397366e6974cb338056df65cb50e7d64d1cf314e87504837?s=96&d=mm&r=g\",\"contentUrl\":\"https:\/\/secure.gravatar.com\/avatar\/55cb5e37c1efa326397366e6974cb338056df65cb50e7d64d1cf314e87504837?s=96&d=mm&r=g\",\"caption\":\"Arnaldo Botto\"},\"url\":\"https:\/\/www.noticiasradioreflejos.com.ar\/2021\/author\/arnaldo\/\"}]}<\/script>\n<!-- \/ Yoast SEO plugin. -->","yoast_head_json":{"title":"Adi\u00f3s ATP, +13, +16: el Gobierno derog\u00f3 el r\u00e9gimen de calificaci\u00f3n de pel\u00edculas de 1984 - Noticias Radio Reflejos","robots":{"index":"index","follow":"follow","max-snippet":"max-snippet:-1","max-image-preview":"max-image-preview:large","max-video-preview":"max-video-preview:-1"},"canonical":"https:\/\/www.noticiasradioreflejos.com.ar\/2021\/adios-atp-13-16-el-gobierno-derogo-el-regimen-de-calificacion-de-peliculas-de-1984\/","og_locale":"es_ES","og_type":"article","og_title":"Adi\u00f3s ATP, +13, +16: el Gobierno derog\u00f3 el r\u00e9gimen de calificaci\u00f3n de pel\u00edculas de 1984 - Noticias Radio Reflejos","og_description":"Las calificaciones cinematogr\u00e1ficas (Apta para todo p\u00fablico, +13, +16, etc.) ahora estar\u00e1n a cargo exclusivamente del INCAA. Se homologar\u00e1n autom\u00e1ticamente las clasificaciones extranjeras para agilizar estrenos.","og_url":"https:\/\/www.noticiasradioreflejos.com.ar\/2021\/adios-atp-13-16-el-gobierno-derogo-el-regimen-de-calificacion-de-peliculas-de-1984\/","og_site_name":"Noticias Radio Reflejos","article_published_time":"2026-01-27T10:52:47+00:00","og_image":[{"width":1280,"height":644,"url":"https:\/\/www.noticiasradioreflejos.com.ar\/2021\/wp-content\/uploads\/2026\/01\/720-10.webp","type":"image\/webp"}],"author":"Arnaldo Botto","twitter_card":"summary_large_image","schema":{"@context":"https:\/\/schema.org","@graph":[{"@type":"WebPage","@id":"https:\/\/www.noticiasradioreflejos.com.ar\/2021\/adios-atp-13-16-el-gobierno-derogo-el-regimen-de-calificacion-de-peliculas-de-1984\/","url":"https:\/\/www.noticiasradioreflejos.com.ar\/2021\/adios-atp-13-16-el-gobierno-derogo-el-regimen-de-calificacion-de-peliculas-de-1984\/","name":"Adi\u00f3s ATP, +13, +16: el Gobierno derog\u00f3 el r\u00e9gimen de calificaci\u00f3n de pel\u00edculas de 1984 - Noticias Radio Reflejos","isPartOf":{"@id":"https:\/\/www.noticiasradioreflejos.com.ar\/2021\/#website"},"datePublished":"2026-01-27T10:52:47+00:00","author":{"@id":"https:\/\/www.noticiasradioreflejos.com.ar\/2021\/#\/schema\/person\/ad82545263dcc5ec0996818884fd5fb1"},"breadcrumb":{"@id":"https:\/\/www.noticiasradioreflejos.com.ar\/2021\/adios-atp-13-16-el-gobierno-derogo-el-regimen-de-calificacion-de-peliculas-de-1984\/#breadcrumb"},"inLanguage":"es","potentialAction":[{"@type":"ReadAction","target":["https:\/\/www.noticiasradioreflejos.com.ar\/2021\/adios-atp-13-16-el-gobierno-derogo-el-regimen-de-calificacion-de-peliculas-de-1984\/"]}]},{"@type":"BreadcrumbList","@id":"https:\/\/www.noticiasradioreflejos.com.ar\/2021\/adios-atp-13-16-el-gobierno-derogo-el-regimen-de-calificacion-de-peliculas-de-1984\/#breadcrumb","itemListElement":[{"@type":"ListItem","position":1,"name":"Portada","item":"https:\/\/www.noticiasradioreflejos.com.ar\/2021\/"},{"@type":"ListItem","position":2,"name":"Adi\u00f3s ATP, +13, +16: el Gobierno derog\u00f3 el r\u00e9gimen de calificaci\u00f3n de pel\u00edculas de 1984"}]},{"@type":"WebSite","@id":"https:\/\/www.noticiasradioreflejos.com.ar\/2021\/#website","url":"https:\/\/www.noticiasradioreflejos.com.ar\/2021\/","name":"Noticias Radio Reflejos","description":"Las noticias de mi comarca","potentialAction":[{"@type":"SearchAction","target":{"@type":"EntryPoint","urlTemplate":"https:\/\/www.noticiasradioreflejos.com.ar\/2021\/?s={search_term_string}"},"query-input":{"@type":"PropertyValueSpecification","valueRequired":true,"valueName":"search_term_string"}}],"inLanguage":"es"},{"@type":"Person","@id":"https:\/\/www.noticiasradioreflejos.com.ar\/2021\/#\/schema\/person\/ad82545263dcc5ec0996818884fd5fb1","name":"Arnaldo Botto","image":{"@type":"ImageObject","inLanguage":"es","@id":"https:\/\/www.noticiasradioreflejos.com.ar\/2021\/#\/schema\/person\/image\/","url":"https:\/\/secure.gravatar.com\/avatar\/55cb5e37c1efa326397366e6974cb338056df65cb50e7d64d1cf314e87504837?s=96&d=mm&r=g","contentUrl":"https:\/\/secure.gravatar.com\/avatar\/55cb5e37c1efa326397366e6974cb338056df65cb50e7d64d1cf314e87504837?s=96&d=mm&r=g","caption":"Arnaldo Botto"},"url":"https:\/\/www.noticiasradioreflejos.com.ar\/2021\/author\/arnaldo\/"}]}},"_links":{"self":[{"href":"https:\/\/www.noticiasradioreflejos.com.ar\/2021\/wp-json\/wp\/v2\/posts\/131955","targetHints":{"allow":["GET"]}}],"collection":[{"href":"https:\/\/www.noticiasradioreflejos.com.ar\/2021\/wp-json\/wp\/v2\/posts"}],"about":[{"href":"https:\/\/www.noticiasradioreflejos.com.ar\/2021\/wp-json\/wp\/v2\/types\/post"}],"author":[{"embeddable":true,"href":"https:\/\/www.noticiasradioreflejos.com.ar\/2021\/wp-json\/wp\/v2\/users\/3"}],"replies":[{"embeddable":true,"href":"https:\/\/www.noticiasradioreflejos.com.ar\/2021\/wp-json\/wp\/v2\/comments?post=131955"}],"version-history":[{"count":1,"href":"https:\/\/www.noticiasradioreflejos.com.ar\/2021\/wp-json\/wp\/v2\/posts\/131955\/revisions"}],"predecessor-version":[{"id":131957,"href":"https:\/\/www.noticiasradioreflejos.com.ar\/2021\/wp-json\/wp\/v2\/posts\/131955\/revisions\/131957"}],"wp:attachment":[{"href":"https:\/\/www.noticiasradioreflejos.com.ar\/2021\/wp-json\/wp\/v2\/media?parent=131955"}],"wp:term":[{"taxonomy":"category","embeddable":true,"href":"https:\/\/www.noticiasradioreflejos.com.ar\/2021\/wp-json\/wp\/v2\/categories?post=131955"},{"taxonomy":"post_tag","embeddable":true,"href":"https:\/\/www.noticiasradioreflejos.com.ar\/2021\/wp-json\/wp\/v2\/tags?post=131955"}],"curies":[{"name":"wp","href":"https:\/\/api.w.org\/{rel}","templated":true}]}}