{"id":131950,"date":"2026-01-27T07:47:28","date_gmt":"2026-01-27T10:47:28","guid":{"rendered":"https:\/\/www.noticiasradioreflejos.com.ar\/2021\/?p=131950"},"modified":"2026-01-27T07:47:28","modified_gmt":"2026-01-27T10:47:28","slug":"duro-informe-sobre-la-realidad-de-las-pymes","status":"publish","type":"post","link":"https:\/\/www.noticiasradioreflejos.com.ar\/2021\/duro-informe-sobre-la-realidad-de-las-pymes\/","title":{"rendered":"Duro informe sobre la realidad de las Pymes"},"content":{"rendered":"<p>\u00abLa producci\u00f3n nacional qued\u00f3 bajo el subsuelo\u00bb, dijo el presidente de Industriales Pymes Argentinos (IPA).<!--more--><\/p>\n<p>El presidente de Industriales Pymes Argentinos (IPA), Daniel Rosato, exigi\u00f3 al Gobierno una redefinici\u00f3n del programa econ\u00f3mico ante la \u201ccrisis sin fin que gener\u00f3 en el sector productivo nacional\u201d.<\/p>\n<p>El dirigente advirti\u00f3 que, de no mediar cambios, el pa\u00eds se encamina a un \u201cequilibrio bajo y socialmente regresivo\u201d que profundizar\u00e1 el cierre de empresas y la ca\u00edda del empleo para el a\u00f1o 2026.<\/p>\n<p>Rosato se\u00f1al\u00f3 que, si bien se estabilizaron las variables macroecon\u00f3micas, la producci\u00f3n nacional qued\u00f3 \u201cen el subsuelo\u201d. Seg\u00fan sus declaraciones, la p\u00e9rdida de puestos de trabajo registrados super\u00f3 los 300.000 desde el inicio de la actual gesti\u00f3n y afirm\u00f3 que \u201cla estabilidad lograda por el Gobierno se parece mucho a la paz de los cementerios\u201d.<\/p>\n<p>Los datos surgen de un informe del Observatorio IPA, elaborado por el economista Federico Vaccarezza, que analiza el impacto de la pol\u00edtica oficial en las peque\u00f1as y medianas empresas.<\/p>\n<p>El documento que recibi\u00f3\u00a0<a href=\"https:\/\/es.wikipedia.org\/wiki\/Noticias_Argentinas\" target=\"_blank\" rel=\"noreferrer noopener\"><strong>Agencia Noticias Argentinas<\/strong><\/a>\u00a0detalla que la industria enfrenta un escenario de ca\u00edda en las ventas y aumento de los costos operativos debido a la recesi\u00f3n.<\/p>\n<p>El titular de IPA critic\u00f3 la apertura de importaciones de textiles y calzado sin medidas que fomenten la competencia local.<\/p>\n<p>Al respecto, sostuvo que \u201csin f\u00e1bricas no solo se profundiza la crisis, sino que se convierte en permanente\u201d y a\u00f1adi\u00f3 que, en una econom\u00eda abierta, \u201cbajar nuestros costos en d\u00f3lares es clave\u201d, para lo cual reclam\u00f3 un plan econ\u00f3mico claro que genere confianza.<\/p>\n<p>Para el sector, la falta de un plan industrial genera desaliento a las inversiones y mayor informalidad laboral.<\/p>\n<p>El informe concluye que, sin una mejora del salario real y acceso a cr\u00e9ditos, la econom\u00eda corre el riesgo de mantener un esquema de estancamiento con expectativas empresarias pesimistas para los pr\u00f3ximos a\u00f1os.<\/p>\n<p>&nbsp;<\/p>\n<p><em><strong>Fuente Frente a Cano<\/strong><\/em><\/p>\n","protected":false},"excerpt":{"rendered":"<p>\u00abLa producci\u00f3n nacional qued\u00f3 bajo el subsuelo\u00bb, dijo el presidente de Industriales Pymes Argentinos (IPA).<\/p>\n","protected":false},"author":3,"featured_media":131951,"comment_status":"closed","ping_status":"closed","sticky":false,"template":"","format":"standard","meta":{"footnotes":""},"categories":[36],"tags":[],"class_list":["post-131950","post","type-post","status-publish","format-standard","has-post-thumbnail","hentry","category-economia"],"yoast_head":"<!-- This site is optimized with the Yoast SEO plugin v25.9 - https:\/\/yoast.com\/wordpress\/plugins\/seo\/ -->\n<title>Duro informe sobre la realidad de las Pymes - Noticias Radio Reflejos<\/title>\n<meta name=\"robots\" content=\"index, follow, max-snippet:-1, max-image-preview:large, max-video-preview:-1\" \/>\n<link rel=\"canonical\" href=\"https:\/\/www.noticiasradioreflejos.com.ar\/2021\/duro-informe-sobre-la-realidad-de-las-pymes\/\" \/>\n<meta property=\"og:locale\" content=\"es_ES\" \/>\n<meta property=\"og:type\" content=\"article\" \/>\n<meta property=\"og:title\" content=\"Duro informe sobre la realidad de las Pymes - Noticias Radio Reflejos\" \/>\n<meta property=\"og:description\" content=\"\u00abLa producci\u00f3n nacional qued\u00f3 bajo el subsuelo\u00bb, dijo el presidente de Industriales Pymes Argentinos (IPA).\" \/>\n<meta property=\"og:url\" content=\"https:\/\/www.noticiasradioreflejos.com.ar\/2021\/duro-informe-sobre-la-realidad-de-las-pymes\/\" \/>\n<meta property=\"og:site_name\" content=\"Noticias Radio Reflejos\" \/>\n<meta property=\"article:published_time\" content=\"2026-01-27T10:47:28+00:00\" \/>\n<meta property=\"og:image\" content=\"https:\/\/www.noticiasradioreflejos.com.ar\/2021\/wp-content\/uploads\/2026\/01\/pymes.webp\" \/>\n\t<meta property=\"og:image:width\" content=\"1024\" \/>\n\t<meta property=\"og:image:height\" content=\"610\" \/>\n\t<meta property=\"og:image:type\" content=\"image\/webp\" \/>\n<meta name=\"author\" content=\"Arnaldo Botto\" \/>\n<meta name=\"twitter:card\" content=\"summary_large_image\" \/>\n<script type=\"application\/ld+json\" class=\"yoast-schema-graph\">{\"@context\":\"https:\/\/schema.org\",\"@graph\":[{\"@type\":\"WebPage\",\"@id\":\"https:\/\/www.noticiasradioreflejos.com.ar\/2021\/duro-informe-sobre-la-realidad-de-las-pymes\/\",\"url\":\"https:\/\/www.noticiasradioreflejos.com.ar\/2021\/duro-informe-sobre-la-realidad-de-las-pymes\/\",\"name\":\"Duro informe sobre la realidad de las Pymes - Noticias Radio Reflejos\",\"isPartOf\":{\"@id\":\"https:\/\/www.noticiasradioreflejos.com.ar\/2021\/#website\"},\"primaryImageOfPage\":{\"@id\":\"https:\/\/www.noticiasradioreflejos.com.ar\/2021\/duro-informe-sobre-la-realidad-de-las-pymes\/#primaryimage\"},\"image\":{\"@id\":\"https:\/\/www.noticiasradioreflejos.com.ar\/2021\/duro-informe-sobre-la-realidad-de-las-pymes\/#primaryimage\"},\"thumbnailUrl\":\"https:\/\/www.noticiasradioreflejos.com.ar\/2021\/wp-content\/uploads\/2026\/01\/pymes.webp\",\"datePublished\":\"2026-01-27T10:47:28+00:00\",\"author\":{\"@id\":\"https:\/\/www.noticiasradioreflejos.com.ar\/2021\/#\/schema\/person\/ad82545263dcc5ec0996818884fd5fb1\"},\"breadcrumb\":{\"@id\":\"https:\/\/www.noticiasradioreflejos.com.ar\/2021\/duro-informe-sobre-la-realidad-de-las-pymes\/#breadcrumb\"},\"inLanguage\":\"es\",\"potentialAction\":[{\"@type\":\"ReadAction\",\"target\":[\"https:\/\/www.noticiasradioreflejos.com.ar\/2021\/duro-informe-sobre-la-realidad-de-las-pymes\/\"]}]},{\"@type\":\"ImageObject\",\"inLanguage\":\"es\",\"@id\":\"https:\/\/www.noticiasradioreflejos.com.ar\/2021\/duro-informe-sobre-la-realidad-de-las-pymes\/#primaryimage\",\"url\":\"https:\/\/www.noticiasradioreflejos.com.ar\/2021\/wp-content\/uploads\/2026\/01\/pymes.webp\",\"contentUrl\":\"https:\/\/www.noticiasradioreflejos.com.ar\/2021\/wp-content\/uploads\/2026\/01\/pymes.webp\",\"width\":1024,\"height\":610},{\"@type\":\"BreadcrumbList\",\"@id\":\"https:\/\/www.noticiasradioreflejos.com.ar\/2021\/duro-informe-sobre-la-realidad-de-las-pymes\/#breadcrumb\",\"itemListElement\":[{\"@type\":\"ListItem\",\"position\":1,\"name\":\"Portada\",\"item\":\"https:\/\/www.noticiasradioreflejos.com.ar\/2021\/\"},{\"@type\":\"ListItem\",\"position\":2,\"name\":\"Duro informe sobre la realidad de las Pymes\"}]},{\"@type\":\"WebSite\",\"@id\":\"https:\/\/www.noticiasradioreflejos.com.ar\/2021\/#website\",\"url\":\"https:\/\/www.noticiasradioreflejos.com.ar\/2021\/\",\"name\":\"Noticias Radio Reflejos\",\"description\":\"Las noticias de mi comarca\",\"potentialAction\":[{\"@type\":\"SearchAction\",\"target\":{\"@type\":\"EntryPoint\",\"urlTemplate\":\"https:\/\/www.noticiasradioreflejos.com.ar\/2021\/?s={search_term_string}\"},\"query-input\":{\"@type\":\"PropertyValueSpecification\",\"valueRequired\":true,\"valueName\":\"search_term_string\"}}],\"inLanguage\":\"es\"},{\"@type\":\"Person\",\"@id\":\"https:\/\/www.noticiasradioreflejos.com.ar\/2021\/#\/schema\/person\/ad82545263dcc5ec0996818884fd5fb1\",\"name\":\"Arnaldo Botto\",\"image\":{\"@type\":\"ImageObject\",\"inLanguage\":\"es\",\"@id\":\"https:\/\/www.noticiasradioreflejos.com.ar\/2021\/#\/schema\/person\/image\/\",\"url\":\"https:\/\/secure.gravatar.com\/avatar\/55cb5e37c1efa326397366e6974cb338056df65cb50e7d64d1cf314e87504837?s=96&d=mm&r=g\",\"contentUrl\":\"https:\/\/secure.gravatar.com\/avatar\/55cb5e37c1efa326397366e6974cb338056df65cb50e7d64d1cf314e87504837?s=96&d=mm&r=g\",\"caption\":\"Arnaldo Botto\"},\"url\":\"https:\/\/www.noticiasradioreflejos.com.ar\/2021\/author\/arnaldo\/\"}]}<\/script>\n<!-- \/ Yoast SEO plugin. -->","yoast_head_json":{"title":"Duro informe sobre la realidad de las Pymes - Noticias Radio Reflejos","robots":{"index":"index","follow":"follow","max-snippet":"max-snippet:-1","max-image-preview":"max-image-preview:large","max-video-preview":"max-video-preview:-1"},"canonical":"https:\/\/www.noticiasradioreflejos.com.ar\/2021\/duro-informe-sobre-la-realidad-de-las-pymes\/","og_locale":"es_ES","og_type":"article","og_title":"Duro informe sobre la realidad de las Pymes - Noticias Radio Reflejos","og_description":"\u00abLa producci\u00f3n nacional qued\u00f3 bajo el subsuelo\u00bb, dijo el presidente de Industriales Pymes Argentinos (IPA).","og_url":"https:\/\/www.noticiasradioreflejos.com.ar\/2021\/duro-informe-sobre-la-realidad-de-las-pymes\/","og_site_name":"Noticias Radio Reflejos","article_published_time":"2026-01-27T10:47:28+00:00","og_image":[{"width":1024,"height":610,"url":"https:\/\/www.noticiasradioreflejos.com.ar\/2021\/wp-content\/uploads\/2026\/01\/pymes.webp","type":"image\/webp"}],"author":"Arnaldo Botto","twitter_card":"summary_large_image","schema":{"@context":"https:\/\/schema.org","@graph":[{"@type":"WebPage","@id":"https:\/\/www.noticiasradioreflejos.com.ar\/2021\/duro-informe-sobre-la-realidad-de-las-pymes\/","url":"https:\/\/www.noticiasradioreflejos.com.ar\/2021\/duro-informe-sobre-la-realidad-de-las-pymes\/","name":"Duro informe sobre la realidad de las Pymes - Noticias Radio Reflejos","isPartOf":{"@id":"https:\/\/www.noticiasradioreflejos.com.ar\/2021\/#website"},"primaryImageOfPage":{"@id":"https:\/\/www.noticiasradioreflejos.com.ar\/2021\/duro-informe-sobre-la-realidad-de-las-pymes\/#primaryimage"},"image":{"@id":"https:\/\/www.noticiasradioreflejos.com.ar\/2021\/duro-informe-sobre-la-realidad-de-las-pymes\/#primaryimage"},"thumbnailUrl":"https:\/\/www.noticiasradioreflejos.com.ar\/2021\/wp-content\/uploads\/2026\/01\/pymes.webp","datePublished":"2026-01-27T10:47:28+00:00","author":{"@id":"https:\/\/www.noticiasradioreflejos.com.ar\/2021\/#\/schema\/person\/ad82545263dcc5ec0996818884fd5fb1"},"breadcrumb":{"@id":"https:\/\/www.noticiasradioreflejos.com.ar\/2021\/duro-informe-sobre-la-realidad-de-las-pymes\/#breadcrumb"},"inLanguage":"es","potentialAction":[{"@type":"ReadAction","target":["https:\/\/www.noticiasradioreflejos.com.ar\/2021\/duro-informe-sobre-la-realidad-de-las-pymes\/"]}]},{"@type":"ImageObject","inLanguage":"es","@id":"https:\/\/www.noticiasradioreflejos.com.ar\/2021\/duro-informe-sobre-la-realidad-de-las-pymes\/#primaryimage","url":"https:\/\/www.noticiasradioreflejos.com.ar\/2021\/wp-content\/uploads\/2026\/01\/pymes.webp","contentUrl":"https:\/\/www.noticiasradioreflejos.com.ar\/2021\/wp-content\/uploads\/2026\/01\/pymes.webp","width":1024,"height":610},{"@type":"BreadcrumbList","@id":"https:\/\/www.noticiasradioreflejos.com.ar\/2021\/duro-informe-sobre-la-realidad-de-las-pymes\/#breadcrumb","itemListElement":[{"@type":"ListItem","position":1,"name":"Portada","item":"https:\/\/www.noticiasradioreflejos.com.ar\/2021\/"},{"@type":"ListItem","position":2,"name":"Duro informe sobre la realidad de las Pymes"}]},{"@type":"WebSite","@id":"https:\/\/www.noticiasradioreflejos.com.ar\/2021\/#website","url":"https:\/\/www.noticiasradioreflejos.com.ar\/2021\/","name":"Noticias Radio Reflejos","description":"Las noticias de mi comarca","potentialAction":[{"@type":"SearchAction","target":{"@type":"EntryPoint","urlTemplate":"https:\/\/www.noticiasradioreflejos.com.ar\/2021\/?s={search_term_string}"},"query-input":{"@type":"PropertyValueSpecification","valueRequired":true,"valueName":"search_term_string"}}],"inLanguage":"es"},{"@type":"Person","@id":"https:\/\/www.noticiasradioreflejos.com.ar\/2021\/#\/schema\/person\/ad82545263dcc5ec0996818884fd5fb1","name":"Arnaldo Botto","image":{"@type":"ImageObject","inLanguage":"es","@id":"https:\/\/www.noticiasradioreflejos.com.ar\/2021\/#\/schema\/person\/image\/","url":"https:\/\/secure.gravatar.com\/avatar\/55cb5e37c1efa326397366e6974cb338056df65cb50e7d64d1cf314e87504837?s=96&d=mm&r=g","contentUrl":"https:\/\/secure.gravatar.com\/avatar\/55cb5e37c1efa326397366e6974cb338056df65cb50e7d64d1cf314e87504837?s=96&d=mm&r=g","caption":"Arnaldo Botto"},"url":"https:\/\/www.noticiasradioreflejos.com.ar\/2021\/author\/arnaldo\/"}]}},"_links":{"self":[{"href":"https:\/\/www.noticiasradioreflejos.com.ar\/2021\/wp-json\/wp\/v2\/posts\/131950","targetHints":{"allow":["GET"]}}],"collection":[{"href":"https:\/\/www.noticiasradioreflejos.com.ar\/2021\/wp-json\/wp\/v2\/posts"}],"about":[{"href":"https:\/\/www.noticiasradioreflejos.com.ar\/2021\/wp-json\/wp\/v2\/types\/post"}],"author":[{"embeddable":true,"href":"https:\/\/www.noticiasradioreflejos.com.ar\/2021\/wp-json\/wp\/v2\/users\/3"}],"replies":[{"embeddable":true,"href":"https:\/\/www.noticiasradioreflejos.com.ar\/2021\/wp-json\/wp\/v2\/comments?post=131950"}],"version-history":[{"count":1,"href":"https:\/\/www.noticiasradioreflejos.com.ar\/2021\/wp-json\/wp\/v2\/posts\/131950\/revisions"}],"predecessor-version":[{"id":131952,"href":"https:\/\/www.noticiasradioreflejos.com.ar\/2021\/wp-json\/wp\/v2\/posts\/131950\/revisions\/131952"}],"wp:featuredmedia":[{"embeddable":true,"href":"https:\/\/www.noticiasradioreflejos.com.ar\/2021\/wp-json\/wp\/v2\/media\/131951"}],"wp:attachment":[{"href":"https:\/\/www.noticiasradioreflejos.com.ar\/2021\/wp-json\/wp\/v2\/media?parent=131950"}],"wp:term":[{"taxonomy":"category","embeddable":true,"href":"https:\/\/www.noticiasradioreflejos.com.ar\/2021\/wp-json\/wp\/v2\/categories?post=131950"},{"taxonomy":"post_tag","embeddable":true,"href":"https:\/\/www.noticiasradioreflejos.com.ar\/2021\/wp-json\/wp\/v2\/tags?post=131950"}],"curies":[{"name":"wp","href":"https:\/\/api.w.org\/{rel}","templated":true}]}}