{"id":131943,"date":"2026-01-27T07:39:34","date_gmt":"2026-01-27T10:39:34","guid":{"rendered":"https:\/\/www.noticiasradioreflejos.com.ar\/2021\/?p=131943"},"modified":"2026-01-27T07:39:34","modified_gmt":"2026-01-27T10:39:34","slug":"dia-internacional-en-memoria-de-las-victimas-del-holocausto-por-que-se-conmemora-el-27-de-enero","status":"publish","type":"post","link":"https:\/\/www.noticiasradioreflejos.com.ar\/2021\/dia-internacional-en-memoria-de-las-victimas-del-holocausto-por-que-se-conmemora-el-27-de-enero\/","title":{"rendered":"D\u00eda Internacional en Memoria de las V\u00edctimas del Holocausto: \u00bfpor qu\u00e9 se conmemora el 27 de enero?"},"content":{"rendered":"<p>Cada 27 de enero el mundo rinde homenaje a las v\u00edctimas del Holocausto y renueva el compromiso con la memoria, la verdad hist\u00f3rica y la defensa de los derechos humanos.<!--more--><\/p>\n<p>El <strong>D\u00eda Internacional en Memoria de las V\u00edctimas del Holocausto<\/strong>\u00a0se conmemora cada<strong>\u00a027 de enero<\/strong>, fecha que recuerda la liberaci\u00f3n del campo de concentraci\u00f3n y exterminio de Auschwitz-Birkenau en 1945 por el ej\u00e9rcito sovi\u00e9tico. La jornada fue establecida por la Organizaci\u00f3n de las Naciones Unidas para honrar a los seis millones de jud\u00edos asesinados por el r\u00e9gimen nazi, as\u00ed como a millones de otras v\u00edctimas perseguidas por motivos pol\u00edticos, religiosos, \u00e9tnicos y sociales.<\/p>\n<div class=\"partner-wrapper article-page__body-row\">\n<div class=\"second-col\">\n<p class=\"article-text\">El Holocausto fue uno de los cr\u00edmenes m\u00e1s atroces del siglo XX y un punto de inflexi\u00f3n en la historia de la humanidad. A trav\u00e9s de una maquinaria estatal planificada, el nazismo llev\u00f3 adelante un genocidio sistem\u00e1tico que incluy\u00f3 campos de concentraci\u00f3n, trabajos forzados, deportaciones masivas y asesinatos industriales, dejando una huella imborrable en la memoria colectiva mundial.<\/p>\n<p class=\"article-text\">La conmemoraci\u00f3n del 27 de enero busca preservar la memoria hist\u00f3rica y alertar sobre los peligros del odio, la discriminaci\u00f3n, el antisemitismo y el racismo. Recordar el Holocausto no es solo un acto de homenaje a las v\u00edctimas, sino tambi\u00e9n una herramienta fundamental para prevenir nuevos cr\u00edmenes de lesa humanidad.<\/p>\n<figure><picture class=\"news-image\"><source srcset=\"https:\/\/static.eldiario.es\/clip\/3beccd94-2c32-4183-9bde-bccdf2d90427_16-9-discover-aspect-ratio_50p_0.webp\" type=\"image\/webp\" media=\"(max-width: 576px)\" \/><source srcset=\"https:\/\/static.eldiario.es\/clip\/3beccd94-2c32-4183-9bde-bccdf2d90427_16-9-discover-aspect-ratio_50p_0.jpg\" type=\"image\/jpg\" media=\"(max-width: 576px)\" \/><source srcset=\"https:\/\/static.eldiario.es\/clip\/3beccd94-2c32-4183-9bde-bccdf2d90427_16-9-discover-aspect-ratio_75p_0.webp\" type=\"image\/webp\" media=\"(max-width: 767px)\" \/><source srcset=\"https:\/\/static.eldiario.es\/clip\/3beccd94-2c32-4183-9bde-bccdf2d90427_16-9-discover-aspect-ratio_75p_0.jpg\" type=\"image\/jpg\" media=\"(max-width: 767px)\" \/><source srcset=\"https:\/\/static.eldiario.es\/clip\/3beccd94-2c32-4183-9bde-bccdf2d90427_16-9-discover-aspect-ratio_default_0.webp\" type=\"image\/webp\" media=\"(min-width: 768px)\" \/><source srcset=\"https:\/\/static.eldiario.es\/clip\/3beccd94-2c32-4183-9bde-bccdf2d90427_16-9-discover-aspect-ratio_default_0.jpg\" type=\"image\/jpg\" media=\"(min-width: 768px)\" \/><source srcset=\"https:\/\/static.eldiario.es\/clip\/3beccd94-2c32-4183-9bde-bccdf2d90427_16-9-discover-aspect-ratio_default_0.webp\" type=\"image\/webp\" \/><img decoding=\"async\" class=\"lazy entered loaded\" src=\"https:\/\/static.eldiario.es\/clip\/3beccd94-2c32-4183-9bde-bccdf2d90427_16-9-discover-aspect-ratio_default_0.jpg\" alt=\"D\u00eda Internacional en Memoria de las V\u00edctimas del Holocausto\" data-src=\"https:\/\/static.eldiario.es\/clip\/3beccd94-2c32-4183-9bde-bccdf2d90427_16-9-discover-aspect-ratio_default_0.jpg\" data-ll-status=\"loaded\" \/><\/picture><figcaption class=\"image-footer\"><span class=\"title\">D\u00eda Internacional en Memoria de las V\u00edctimas del Holocausto<\/span><\/figcaption><\/figure>\n<p>&nbsp;<\/p>\n<p class=\"article-text\">En un contexto global atravesado por discursos de intolerancia, negacionismo y violencia, esta fecha adquiere una relevancia renovada. Organismos internacionales, instituciones educativas y organizaciones de derechos humanos coinciden en la necesidad de fortalecer la educaci\u00f3n, la memoria y la transmisi\u00f3n de los testimonios de los sobrevivientes a las nuevas generaciones.<\/p>\n<p class=\"article-text\">El D\u00eda Internacional en Memoria de las V\u00edctimas del Holocausto es, en definitiva, un llamado a la reflexi\u00f3n colectiva. Mantener viva la memoria es una forma de defender la dignidad humana y de reafirmar el compromiso con una sociedad basada en el respeto, la justicia y la paz.<\/p>\n<p>&nbsp;<\/p>\n<p class=\"article-text\">NB &#8211; elDiarioAR<\/p>\n<\/div>\n<\/div>\n","protected":false},"excerpt":{"rendered":"<p>Cada 27 de enero el mundo rinde homenaje a las v\u00edctimas del Holocausto y renueva el compromiso con la memoria, la verdad hist\u00f3rica y la defensa de los derechos humanos.<\/p>\n","protected":false},"author":3,"featured_media":131944,"comment_status":"closed","ping_status":"closed","sticky":false,"template":"","format":"standard","meta":{"footnotes":""},"categories":[35,26],"tags":[],"class_list":["post-131943","post","type-post","status-publish","format-standard","has-post-thumbnail","hentry","category-cultura","category-sociedad"],"yoast_head":"<!-- This site is optimized with the Yoast SEO plugin v25.9 - https:\/\/yoast.com\/wordpress\/plugins\/seo\/ -->\n<title>D\u00eda Internacional en Memoria de las V\u00edctimas del Holocausto: \u00bfpor qu\u00e9 se conmemora el 27 de enero? - Noticias Radio Reflejos<\/title>\n<meta name=\"robots\" content=\"index, follow, max-snippet:-1, max-image-preview:large, max-video-preview:-1\" \/>\n<link rel=\"canonical\" href=\"https:\/\/www.noticiasradioreflejos.com.ar\/2021\/dia-internacional-en-memoria-de-las-victimas-del-holocausto-por-que-se-conmemora-el-27-de-enero\/\" \/>\n<meta property=\"og:locale\" content=\"es_ES\" \/>\n<meta property=\"og:type\" content=\"article\" \/>\n<meta property=\"og:title\" content=\"D\u00eda Internacional en Memoria de las V\u00edctimas del Holocausto: \u00bfpor qu\u00e9 se conmemora el 27 de enero? - Noticias Radio Reflejos\" \/>\n<meta property=\"og:description\" content=\"Cada 27 de enero el mundo rinde homenaje a las v\u00edctimas del Holocausto y renueva el compromiso con la memoria, la verdad hist\u00f3rica y la defensa de los derechos humanos.\" \/>\n<meta property=\"og:url\" content=\"https:\/\/www.noticiasradioreflejos.com.ar\/2021\/dia-internacional-en-memoria-de-las-victimas-del-holocausto-por-que-se-conmemora-el-27-de-enero\/\" \/>\n<meta property=\"og:site_name\" content=\"Noticias Radio Reflejos\" \/>\n<meta property=\"article:published_time\" content=\"2026-01-27T10:39:34+00:00\" \/>\n<meta property=\"og:image\" content=\"https:\/\/www.noticiasradioreflejos.com.ar\/2021\/wp-content\/uploads\/2026\/01\/holocausto.webp\" \/>\n\t<meta property=\"og:image:width\" content=\"1200\" \/>\n\t<meta property=\"og:image:height\" content=\"675\" \/>\n\t<meta property=\"og:image:type\" content=\"image\/webp\" \/>\n<meta name=\"author\" content=\"Arnaldo Botto\" \/>\n<meta name=\"twitter:card\" content=\"summary_large_image\" \/>\n<script type=\"application\/ld+json\" class=\"yoast-schema-graph\">{\"@context\":\"https:\/\/schema.org\",\"@graph\":[{\"@type\":\"WebPage\",\"@id\":\"https:\/\/www.noticiasradioreflejos.com.ar\/2021\/dia-internacional-en-memoria-de-las-victimas-del-holocausto-por-que-se-conmemora-el-27-de-enero\/\",\"url\":\"https:\/\/www.noticiasradioreflejos.com.ar\/2021\/dia-internacional-en-memoria-de-las-victimas-del-holocausto-por-que-se-conmemora-el-27-de-enero\/\",\"name\":\"D\u00eda Internacional en Memoria de las V\u00edctimas del Holocausto: \u00bfpor qu\u00e9 se conmemora el 27 de enero? - Noticias Radio Reflejos\",\"isPartOf\":{\"@id\":\"https:\/\/www.noticiasradioreflejos.com.ar\/2021\/#website\"},\"primaryImageOfPage\":{\"@id\":\"https:\/\/www.noticiasradioreflejos.com.ar\/2021\/dia-internacional-en-memoria-de-las-victimas-del-holocausto-por-que-se-conmemora-el-27-de-enero\/#primaryimage\"},\"image\":{\"@id\":\"https:\/\/www.noticiasradioreflejos.com.ar\/2021\/dia-internacional-en-memoria-de-las-victimas-del-holocausto-por-que-se-conmemora-el-27-de-enero\/#primaryimage\"},\"thumbnailUrl\":\"https:\/\/www.noticiasradioreflejos.com.ar\/2021\/wp-content\/uploads\/2026\/01\/holocausto.webp\",\"datePublished\":\"2026-01-27T10:39:34+00:00\",\"author\":{\"@id\":\"https:\/\/www.noticiasradioreflejos.com.ar\/2021\/#\/schema\/person\/ad82545263dcc5ec0996818884fd5fb1\"},\"breadcrumb\":{\"@id\":\"https:\/\/www.noticiasradioreflejos.com.ar\/2021\/dia-internacional-en-memoria-de-las-victimas-del-holocausto-por-que-se-conmemora-el-27-de-enero\/#breadcrumb\"},\"inLanguage\":\"es\",\"potentialAction\":[{\"@type\":\"ReadAction\",\"target\":[\"https:\/\/www.noticiasradioreflejos.com.ar\/2021\/dia-internacional-en-memoria-de-las-victimas-del-holocausto-por-que-se-conmemora-el-27-de-enero\/\"]}]},{\"@type\":\"ImageObject\",\"inLanguage\":\"es\",\"@id\":\"https:\/\/www.noticiasradioreflejos.com.ar\/2021\/dia-internacional-en-memoria-de-las-victimas-del-holocausto-por-que-se-conmemora-el-27-de-enero\/#primaryimage\",\"url\":\"https:\/\/www.noticiasradioreflejos.com.ar\/2021\/wp-content\/uploads\/2026\/01\/holocausto.webp\",\"contentUrl\":\"https:\/\/www.noticiasradioreflejos.com.ar\/2021\/wp-content\/uploads\/2026\/01\/holocausto.webp\",\"width\":1200,\"height\":675},{\"@type\":\"BreadcrumbList\",\"@id\":\"https:\/\/www.noticiasradioreflejos.com.ar\/2021\/dia-internacional-en-memoria-de-las-victimas-del-holocausto-por-que-se-conmemora-el-27-de-enero\/#breadcrumb\",\"itemListElement\":[{\"@type\":\"ListItem\",\"position\":1,\"name\":\"Portada\",\"item\":\"https:\/\/www.noticiasradioreflejos.com.ar\/2021\/\"},{\"@type\":\"ListItem\",\"position\":2,\"name\":\"D\u00eda Internacional en Memoria de las V\u00edctimas del Holocausto: \u00bfpor qu\u00e9 se conmemora el 27 de enero?\"}]},{\"@type\":\"WebSite\",\"@id\":\"https:\/\/www.noticiasradioreflejos.com.ar\/2021\/#website\",\"url\":\"https:\/\/www.noticiasradioreflejos.com.ar\/2021\/\",\"name\":\"Noticias Radio Reflejos\",\"description\":\"Las noticias de mi comarca\",\"potentialAction\":[{\"@type\":\"SearchAction\",\"target\":{\"@type\":\"EntryPoint\",\"urlTemplate\":\"https:\/\/www.noticiasradioreflejos.com.ar\/2021\/?s={search_term_string}\"},\"query-input\":{\"@type\":\"PropertyValueSpecification\",\"valueRequired\":true,\"valueName\":\"search_term_string\"}}],\"inLanguage\":\"es\"},{\"@type\":\"Person\",\"@id\":\"https:\/\/www.noticiasradioreflejos.com.ar\/2021\/#\/schema\/person\/ad82545263dcc5ec0996818884fd5fb1\",\"name\":\"Arnaldo Botto\",\"image\":{\"@type\":\"ImageObject\",\"inLanguage\":\"es\",\"@id\":\"https:\/\/www.noticiasradioreflejos.com.ar\/2021\/#\/schema\/person\/image\/\",\"url\":\"https:\/\/secure.gravatar.com\/avatar\/55cb5e37c1efa326397366e6974cb338056df65cb50e7d64d1cf314e87504837?s=96&d=mm&r=g\",\"contentUrl\":\"https:\/\/secure.gravatar.com\/avatar\/55cb5e37c1efa326397366e6974cb338056df65cb50e7d64d1cf314e87504837?s=96&d=mm&r=g\",\"caption\":\"Arnaldo Botto\"},\"url\":\"https:\/\/www.noticiasradioreflejos.com.ar\/2021\/author\/arnaldo\/\"}]}<\/script>\n<!-- \/ Yoast SEO plugin. -->","yoast_head_json":{"title":"D\u00eda Internacional en Memoria de las V\u00edctimas del Holocausto: \u00bfpor qu\u00e9 se conmemora el 27 de enero? - Noticias Radio Reflejos","robots":{"index":"index","follow":"follow","max-snippet":"max-snippet:-1","max-image-preview":"max-image-preview:large","max-video-preview":"max-video-preview:-1"},"canonical":"https:\/\/www.noticiasradioreflejos.com.ar\/2021\/dia-internacional-en-memoria-de-las-victimas-del-holocausto-por-que-se-conmemora-el-27-de-enero\/","og_locale":"es_ES","og_type":"article","og_title":"D\u00eda Internacional en Memoria de las V\u00edctimas del Holocausto: \u00bfpor qu\u00e9 se conmemora el 27 de enero? - Noticias Radio Reflejos","og_description":"Cada 27 de enero el mundo rinde homenaje a las v\u00edctimas del Holocausto y renueva el compromiso con la memoria, la verdad hist\u00f3rica y la defensa de los derechos humanos.","og_url":"https:\/\/www.noticiasradioreflejos.com.ar\/2021\/dia-internacional-en-memoria-de-las-victimas-del-holocausto-por-que-se-conmemora-el-27-de-enero\/","og_site_name":"Noticias Radio Reflejos","article_published_time":"2026-01-27T10:39:34+00:00","og_image":[{"width":1200,"height":675,"url":"https:\/\/www.noticiasradioreflejos.com.ar\/2021\/wp-content\/uploads\/2026\/01\/holocausto.webp","type":"image\/webp"}],"author":"Arnaldo Botto","twitter_card":"summary_large_image","schema":{"@context":"https:\/\/schema.org","@graph":[{"@type":"WebPage","@id":"https:\/\/www.noticiasradioreflejos.com.ar\/2021\/dia-internacional-en-memoria-de-las-victimas-del-holocausto-por-que-se-conmemora-el-27-de-enero\/","url":"https:\/\/www.noticiasradioreflejos.com.ar\/2021\/dia-internacional-en-memoria-de-las-victimas-del-holocausto-por-que-se-conmemora-el-27-de-enero\/","name":"D\u00eda Internacional en Memoria de las V\u00edctimas del Holocausto: \u00bfpor qu\u00e9 se conmemora el 27 de enero? - Noticias Radio Reflejos","isPartOf":{"@id":"https:\/\/www.noticiasradioreflejos.com.ar\/2021\/#website"},"primaryImageOfPage":{"@id":"https:\/\/www.noticiasradioreflejos.com.ar\/2021\/dia-internacional-en-memoria-de-las-victimas-del-holocausto-por-que-se-conmemora-el-27-de-enero\/#primaryimage"},"image":{"@id":"https:\/\/www.noticiasradioreflejos.com.ar\/2021\/dia-internacional-en-memoria-de-las-victimas-del-holocausto-por-que-se-conmemora-el-27-de-enero\/#primaryimage"},"thumbnailUrl":"https:\/\/www.noticiasradioreflejos.com.ar\/2021\/wp-content\/uploads\/2026\/01\/holocausto.webp","datePublished":"2026-01-27T10:39:34+00:00","author":{"@id":"https:\/\/www.noticiasradioreflejos.com.ar\/2021\/#\/schema\/person\/ad82545263dcc5ec0996818884fd5fb1"},"breadcrumb":{"@id":"https:\/\/www.noticiasradioreflejos.com.ar\/2021\/dia-internacional-en-memoria-de-las-victimas-del-holocausto-por-que-se-conmemora-el-27-de-enero\/#breadcrumb"},"inLanguage":"es","potentialAction":[{"@type":"ReadAction","target":["https:\/\/www.noticiasradioreflejos.com.ar\/2021\/dia-internacional-en-memoria-de-las-victimas-del-holocausto-por-que-se-conmemora-el-27-de-enero\/"]}]},{"@type":"ImageObject","inLanguage":"es","@id":"https:\/\/www.noticiasradioreflejos.com.ar\/2021\/dia-internacional-en-memoria-de-las-victimas-del-holocausto-por-que-se-conmemora-el-27-de-enero\/#primaryimage","url":"https:\/\/www.noticiasradioreflejos.com.ar\/2021\/wp-content\/uploads\/2026\/01\/holocausto.webp","contentUrl":"https:\/\/www.noticiasradioreflejos.com.ar\/2021\/wp-content\/uploads\/2026\/01\/holocausto.webp","width":1200,"height":675},{"@type":"BreadcrumbList","@id":"https:\/\/www.noticiasradioreflejos.com.ar\/2021\/dia-internacional-en-memoria-de-las-victimas-del-holocausto-por-que-se-conmemora-el-27-de-enero\/#breadcrumb","itemListElement":[{"@type":"ListItem","position":1,"name":"Portada","item":"https:\/\/www.noticiasradioreflejos.com.ar\/2021\/"},{"@type":"ListItem","position":2,"name":"D\u00eda Internacional en Memoria de las V\u00edctimas del Holocausto: \u00bfpor qu\u00e9 se conmemora el 27 de enero?"}]},{"@type":"WebSite","@id":"https:\/\/www.noticiasradioreflejos.com.ar\/2021\/#website","url":"https:\/\/www.noticiasradioreflejos.com.ar\/2021\/","name":"Noticias Radio Reflejos","description":"Las noticias de mi comarca","potentialAction":[{"@type":"SearchAction","target":{"@type":"EntryPoint","urlTemplate":"https:\/\/www.noticiasradioreflejos.com.ar\/2021\/?s={search_term_string}"},"query-input":{"@type":"PropertyValueSpecification","valueRequired":true,"valueName":"search_term_string"}}],"inLanguage":"es"},{"@type":"Person","@id":"https:\/\/www.noticiasradioreflejos.com.ar\/2021\/#\/schema\/person\/ad82545263dcc5ec0996818884fd5fb1","name":"Arnaldo Botto","image":{"@type":"ImageObject","inLanguage":"es","@id":"https:\/\/www.noticiasradioreflejos.com.ar\/2021\/#\/schema\/person\/image\/","url":"https:\/\/secure.gravatar.com\/avatar\/55cb5e37c1efa326397366e6974cb338056df65cb50e7d64d1cf314e87504837?s=96&d=mm&r=g","contentUrl":"https:\/\/secure.gravatar.com\/avatar\/55cb5e37c1efa326397366e6974cb338056df65cb50e7d64d1cf314e87504837?s=96&d=mm&r=g","caption":"Arnaldo Botto"},"url":"https:\/\/www.noticiasradioreflejos.com.ar\/2021\/author\/arnaldo\/"}]}},"_links":{"self":[{"href":"https:\/\/www.noticiasradioreflejos.com.ar\/2021\/wp-json\/wp\/v2\/posts\/131943","targetHints":{"allow":["GET"]}}],"collection":[{"href":"https:\/\/www.noticiasradioreflejos.com.ar\/2021\/wp-json\/wp\/v2\/posts"}],"about":[{"href":"https:\/\/www.noticiasradioreflejos.com.ar\/2021\/wp-json\/wp\/v2\/types\/post"}],"author":[{"embeddable":true,"href":"https:\/\/www.noticiasradioreflejos.com.ar\/2021\/wp-json\/wp\/v2\/users\/3"}],"replies":[{"embeddable":true,"href":"https:\/\/www.noticiasradioreflejos.com.ar\/2021\/wp-json\/wp\/v2\/comments?post=131943"}],"version-history":[{"count":1,"href":"https:\/\/www.noticiasradioreflejos.com.ar\/2021\/wp-json\/wp\/v2\/posts\/131943\/revisions"}],"predecessor-version":[{"id":131947,"href":"https:\/\/www.noticiasradioreflejos.com.ar\/2021\/wp-json\/wp\/v2\/posts\/131943\/revisions\/131947"}],"wp:featuredmedia":[{"embeddable":true,"href":"https:\/\/www.noticiasradioreflejos.com.ar\/2021\/wp-json\/wp\/v2\/media\/131944"}],"wp:attachment":[{"href":"https:\/\/www.noticiasradioreflejos.com.ar\/2021\/wp-json\/wp\/v2\/media?parent=131943"}],"wp:term":[{"taxonomy":"category","embeddable":true,"href":"https:\/\/www.noticiasradioreflejos.com.ar\/2021\/wp-json\/wp\/v2\/categories?post=131943"},{"taxonomy":"post_tag","embeddable":true,"href":"https:\/\/www.noticiasradioreflejos.com.ar\/2021\/wp-json\/wp\/v2\/tags?post=131943"}],"curies":[{"name":"wp","href":"https:\/\/api.w.org\/{rel}","templated":true}]}}