{"id":131940,"date":"2026-01-27T07:29:53","date_gmt":"2026-01-27T10:29:53","guid":{"rendered":"https:\/\/www.noticiasradioreflejos.com.ar\/2021\/?p=131940"},"modified":"2026-01-27T07:29:53","modified_gmt":"2026-01-27T10:29:53","slug":"el-scroll-infinito-de-los-menores-cuatro-horas-diarias-enganchados-a-las-redes-sociales","status":"publish","type":"post","link":"https:\/\/www.noticiasradioreflejos.com.ar\/2021\/el-scroll-infinito-de-los-menores-cuatro-horas-diarias-enganchados-a-las-redes-sociales\/","title":{"rendered":"El \u2018scroll\u2019 infinito de los menores: cuatro horas diarias enganchados a las redes sociales"},"content":{"rendered":"<p>Las redes, sobre todo TikTok e Instagram, siguen siendo el \u2018pasatiempo\u2019 preferido de los j\u00f3venes, que \u2018pasan\u2019 m\u00e1s de una hora al d\u00eda en ellas (64 minutos). Especialistas recalcan la importancia del \u2018acompa\u00f1amiento\u2019, de la educaci\u00f3n, de no prohibir pero s\u00ed establecer l\u00edmites, y tambi\u00e9n de que los mayores act\u00faen como modelos para los m\u00e1s peque\u00f1os y se fijen l\u00edmites.<!--more--><\/p>\n<p>Los j\u00f3venes est\u00e1n convirtiendo la navegaci\u00f3n por internet en un \u2018scroll\u2019 infinito, ya que el tiempo de uso de las pantallas fuera de las aulas ronda las cuatro horas diarias, con TikTok como la red social preferida y Youtube como la plataforma de video favorita entre los menores, que reciben su primer celular en torno a los 12 a\u00f1os.<\/p>\n<div class=\"partner-wrapper article-page__body-row\">\n<div class=\"second-col\">\n<p class=\"article-text\">Durante el pasado a\u00f1o, las herramientas de inteligencia artificial se colaron tambi\u00e9n en los hogares como una herramienta de aprendizaje m\u00e1s y para ayudar a los escolares con sus tareas, y aunque los expertos han valorado que bien empleada puede ofrecer nuevas formas de entender los contenidos y ayudar a organizar las ideas, un mal uso puede reemplazar el razonamiento y la creatividad y dificultar que los ni\u00f1os aprendan por s\u00ed solos.<\/p>\n<p class=\"article-text\">Los datos y los argumentos se ponen de relieve en el informe anual que realiza la plataforma internacional Qustodio, especializada en la seguridad y el bienestar digital para las familias, y que para el trabajo correspondiente a 2025 ha analizado los datos de 400.000 familias con hijos entre 4 y 18 a\u00f1os de seis pa\u00edses (Brasil, Espa\u00f1a, Francia, Estados Unidos, Reino Unido y Australia).<\/p>\n<p class=\"article-text\">El consumo de videos ha disminuido ligeramente (de 39 a 37 minutos diarios) y Youtube es la plataforma preferida, tanto a nivel global como en Espa\u00f1a (43 minutos por d\u00eda), seguida de Disney +, Amazon Prime Video y Netflix, y ha crecido de una forma significativa el consumo de videos cortos, debido a su ritmo r\u00e1pido y formato visual, que los hace m\u00e1s atractivos y adictivos.<\/p>\n<h2 class=\"article-text\"><strong>El ejemplo de los mayores<\/strong><\/h2>\n<p class=\"article-text\">La psic\u00f3loga Gloria Rodr\u00edguez Ben ha subrayado hoy, durante la presentaci\u00f3n del trabajo a la prensa, que la exposici\u00f3n constante a videos cortos puede provocar una sobreestimulaci\u00f3n en los ni\u00f1os que reduce su capacidad de atenci\u00f3n y su paciencia para actividades que requieren m\u00e1s tiempo o esfuerzo, y ha incidido por ello en la importancia de acompa\u00f1ar a los menores y de establecer l\u00edmites adecuados para favorecer un uso equilibrado de la tecnolog\u00eda.<\/p>\n<p class=\"article-text\">Las redes, sobre todo TikTok e Instagram, siguen siendo el \u2018pasatiempo\u2019 preferido de los j\u00f3venes, que \u2018pasan\u2019 m\u00e1s de una hora al d\u00eda en ellas (64 minutos), y Espa\u00f1a lidera adem\u00e1s la lista entre los seis pa\u00edses que han sido objeto del estudio, con una media de 77 minutos diarios.Rodr\u00edguez Ben y la gerente de comunicaci\u00f3n de la plataforma, Emily Lawrenson, han subrayado que las redes son \u201cdeterminantes\u201d para los menores, ya que influyen en c\u00f3mo se ven a s\u00ed mismos y c\u00f3mo entienden el mundo, y la importancia de crear un \u2018muro\u2019 saludable y construirlo desde la elecci\u00f3n consciente.<\/p>\n<p class=\"article-text\">El uso de internet y de las redes no es en s\u00ed mismo negativo, han subrayado, y han incidido en la importancia del \u2018acompa\u00f1amiento\u2019, de la educaci\u00f3n, de no prohibir pero s\u00ed establecer l\u00edmites, y tambi\u00e9n de que los mayores act\u00faen como modelos para los m\u00e1s peque\u00f1os y se fijen l\u00edmites.<\/p>\n<h2 class=\"article-text\"><strong>Lo digital nunca es temporal<\/strong><\/h2>\n<p class=\"article-text\">Los videojuegos caen y el tiempo dedicado ha bajado en unos 5 minutos con respecto a las cifras de 2024, y entre los m\u00e1s populares en las aplicaciones m\u00f3viles sigue destacando Roblox (76 minutos al d\u00eda a nivel global; 63 minutos en Espa\u00f1a), seguida de Clash Royale, Brawl Stars, Among Us y Stumble Guys, y los expertos de Qustodio han alertado de que los chats que incluyen\u00a0<strong>los videojuegos<\/strong>\u00a0se est\u00e1n convirtiendo en un escenario de amenazas para los menores.<\/p>\n<p class=\"article-text\">Han incidido por ello en la importancia de supervisar esos videojuegos y de prestar atenci\u00f3n a factores como el contacto con desconocidos, el uso de lenguaje inapropiado y las situaciones de acoso, para proteger la privacidad y evitar situaciones inc\u00f3modas, adem\u00e1s de limitar o desactivar el chat, supervisar las partidas y fomentar el juego solo con amistades.<\/p>\n<p class=\"article-text\">El uso de las herramientas o aplicaciones educativas (Minecraft: Education; Kahoot!, Gauth, Duolingo o Photomath) contin\u00faa estancado en unos 6 minutos por d\u00eda, y es muy bajo tambi\u00e9n el tiempo que los j\u00f3venes pasan en las aplicaciones de comunicaci\u00f3n (Snapchat, WhatsApp, Discord o Microsoft Teams.<\/p>\n<div id=\"container-after-news-outlook\"><\/div>\n<p class=\"article-text\">La psic\u00f3loga ha incidido en el peligro que suponen en estas aplicaciones los mensajes de una sola visualizaci\u00f3n, ya que aunque desaparezcan de la pantalla pueden ser capturados, grabados o compartidos, y ha incidido en que los j\u00f3venes deben entender que \u201clo digital nunca es totalmente temporal\u201d.<\/p>\n<p>&nbsp;<\/p>\n<p class=\"article-text\"><em><strong>EFE. elDiarioAR<\/strong><\/em><\/p>\n<\/div>\n<\/div>\n","protected":false},"excerpt":{"rendered":"<p>Las redes, sobre todo TikTok e Instagram, siguen siendo el \u2018pasatiempo\u2019 preferido de los j\u00f3venes, que \u2018pasan\u2019 m\u00e1s de una hora al d\u00eda en ellas (64 minutos). Especialistas recalcan la importancia del \u2018acompa\u00f1amiento\u2019, de la educaci\u00f3n, de no prohibir pero s\u00ed establecer l\u00edmites, y tambi\u00e9n de que los mayores act\u00faen como modelos para los m\u00e1s [&hellip;]<\/p>\n","protected":false},"author":3,"featured_media":131941,"comment_status":"closed","ping_status":"closed","sticky":false,"template":"","format":"standard","meta":{"footnotes":""},"categories":[30],"tags":[],"class_list":["post-131940","post","type-post","status-publish","format-standard","has-post-thumbnail","hentry","category-salud"],"yoast_head":"<!-- This site is optimized with the Yoast SEO plugin v25.9 - https:\/\/yoast.com\/wordpress\/plugins\/seo\/ -->\n<title>El \u2018scroll\u2019 infinito de los menores: cuatro horas diarias enganchados a las redes sociales - Noticias Radio Reflejos<\/title>\n<meta name=\"robots\" content=\"index, follow, max-snippet:-1, max-image-preview:large, max-video-preview:-1\" \/>\n<link rel=\"canonical\" href=\"https:\/\/www.noticiasradioreflejos.com.ar\/2021\/el-scroll-infinito-de-los-menores-cuatro-horas-diarias-enganchados-a-las-redes-sociales\/\" \/>\n<meta property=\"og:locale\" content=\"es_ES\" \/>\n<meta property=\"og:type\" content=\"article\" \/>\n<meta property=\"og:title\" content=\"El \u2018scroll\u2019 infinito de los menores: cuatro horas diarias enganchados a las redes sociales - Noticias Radio Reflejos\" \/>\n<meta property=\"og:description\" content=\"Las redes, sobre todo TikTok e Instagram, siguen siendo el \u2018pasatiempo\u2019 preferido de los j\u00f3venes, que \u2018pasan\u2019 m\u00e1s de una hora al d\u00eda en ellas (64 minutos). Especialistas recalcan la importancia del \u2018acompa\u00f1amiento\u2019, de la educaci\u00f3n, de no prohibir pero s\u00ed establecer l\u00edmites, y tambi\u00e9n de que los mayores act\u00faen como modelos para los m\u00e1s [&hellip;]\" \/>\n<meta property=\"og:url\" content=\"https:\/\/www.noticiasradioreflejos.com.ar\/2021\/el-scroll-infinito-de-los-menores-cuatro-horas-diarias-enganchados-a-las-redes-sociales\/\" \/>\n<meta property=\"og:site_name\" content=\"Noticias Radio Reflejos\" \/>\n<meta property=\"article:published_time\" content=\"2026-01-27T10:29:53+00:00\" \/>\n<meta property=\"og:image\" content=\"https:\/\/www.noticiasradioreflejos.com.ar\/2021\/wp-content\/uploads\/2026\/01\/jovenes-en-celu.webp\" \/>\n\t<meta property=\"og:image:width\" content=\"1200\" \/>\n\t<meta property=\"og:image:height\" content=\"675\" \/>\n\t<meta property=\"og:image:type\" content=\"image\/webp\" \/>\n<meta name=\"author\" content=\"Arnaldo Botto\" \/>\n<meta name=\"twitter:card\" content=\"summary_large_image\" \/>\n<script type=\"application\/ld+json\" class=\"yoast-schema-graph\">{\"@context\":\"https:\/\/schema.org\",\"@graph\":[{\"@type\":\"WebPage\",\"@id\":\"https:\/\/www.noticiasradioreflejos.com.ar\/2021\/el-scroll-infinito-de-los-menores-cuatro-horas-diarias-enganchados-a-las-redes-sociales\/\",\"url\":\"https:\/\/www.noticiasradioreflejos.com.ar\/2021\/el-scroll-infinito-de-los-menores-cuatro-horas-diarias-enganchados-a-las-redes-sociales\/\",\"name\":\"El \u2018scroll\u2019 infinito de los menores: cuatro horas diarias enganchados a las redes sociales - Noticias Radio Reflejos\",\"isPartOf\":{\"@id\":\"https:\/\/www.noticiasradioreflejos.com.ar\/2021\/#website\"},\"primaryImageOfPage\":{\"@id\":\"https:\/\/www.noticiasradioreflejos.com.ar\/2021\/el-scroll-infinito-de-los-menores-cuatro-horas-diarias-enganchados-a-las-redes-sociales\/#primaryimage\"},\"image\":{\"@id\":\"https:\/\/www.noticiasradioreflejos.com.ar\/2021\/el-scroll-infinito-de-los-menores-cuatro-horas-diarias-enganchados-a-las-redes-sociales\/#primaryimage\"},\"thumbnailUrl\":\"https:\/\/www.noticiasradioreflejos.com.ar\/2021\/wp-content\/uploads\/2026\/01\/jovenes-en-celu.webp\",\"datePublished\":\"2026-01-27T10:29:53+00:00\",\"author\":{\"@id\":\"https:\/\/www.noticiasradioreflejos.com.ar\/2021\/#\/schema\/person\/ad82545263dcc5ec0996818884fd5fb1\"},\"breadcrumb\":{\"@id\":\"https:\/\/www.noticiasradioreflejos.com.ar\/2021\/el-scroll-infinito-de-los-menores-cuatro-horas-diarias-enganchados-a-las-redes-sociales\/#breadcrumb\"},\"inLanguage\":\"es\",\"potentialAction\":[{\"@type\":\"ReadAction\",\"target\":[\"https:\/\/www.noticiasradioreflejos.com.ar\/2021\/el-scroll-infinito-de-los-menores-cuatro-horas-diarias-enganchados-a-las-redes-sociales\/\"]}]},{\"@type\":\"ImageObject\",\"inLanguage\":\"es\",\"@id\":\"https:\/\/www.noticiasradioreflejos.com.ar\/2021\/el-scroll-infinito-de-los-menores-cuatro-horas-diarias-enganchados-a-las-redes-sociales\/#primaryimage\",\"url\":\"https:\/\/www.noticiasradioreflejos.com.ar\/2021\/wp-content\/uploads\/2026\/01\/jovenes-en-celu.webp\",\"contentUrl\":\"https:\/\/www.noticiasradioreflejos.com.ar\/2021\/wp-content\/uploads\/2026\/01\/jovenes-en-celu.webp\",\"width\":1200,\"height\":675},{\"@type\":\"BreadcrumbList\",\"@id\":\"https:\/\/www.noticiasradioreflejos.com.ar\/2021\/el-scroll-infinito-de-los-menores-cuatro-horas-diarias-enganchados-a-las-redes-sociales\/#breadcrumb\",\"itemListElement\":[{\"@type\":\"ListItem\",\"position\":1,\"name\":\"Portada\",\"item\":\"https:\/\/www.noticiasradioreflejos.com.ar\/2021\/\"},{\"@type\":\"ListItem\",\"position\":2,\"name\":\"El \u2018scroll\u2019 infinito de los menores: cuatro horas diarias enganchados a las redes sociales\"}]},{\"@type\":\"WebSite\",\"@id\":\"https:\/\/www.noticiasradioreflejos.com.ar\/2021\/#website\",\"url\":\"https:\/\/www.noticiasradioreflejos.com.ar\/2021\/\",\"name\":\"Noticias Radio Reflejos\",\"description\":\"Las noticias de mi comarca\",\"potentialAction\":[{\"@type\":\"SearchAction\",\"target\":{\"@type\":\"EntryPoint\",\"urlTemplate\":\"https:\/\/www.noticiasradioreflejos.com.ar\/2021\/?s={search_term_string}\"},\"query-input\":{\"@type\":\"PropertyValueSpecification\",\"valueRequired\":true,\"valueName\":\"search_term_string\"}}],\"inLanguage\":\"es\"},{\"@type\":\"Person\",\"@id\":\"https:\/\/www.noticiasradioreflejos.com.ar\/2021\/#\/schema\/person\/ad82545263dcc5ec0996818884fd5fb1\",\"name\":\"Arnaldo Botto\",\"image\":{\"@type\":\"ImageObject\",\"inLanguage\":\"es\",\"@id\":\"https:\/\/www.noticiasradioreflejos.com.ar\/2021\/#\/schema\/person\/image\/\",\"url\":\"https:\/\/secure.gravatar.com\/avatar\/55cb5e37c1efa326397366e6974cb338056df65cb50e7d64d1cf314e87504837?s=96&d=mm&r=g\",\"contentUrl\":\"https:\/\/secure.gravatar.com\/avatar\/55cb5e37c1efa326397366e6974cb338056df65cb50e7d64d1cf314e87504837?s=96&d=mm&r=g\",\"caption\":\"Arnaldo Botto\"},\"url\":\"https:\/\/www.noticiasradioreflejos.com.ar\/2021\/author\/arnaldo\/\"}]}<\/script>\n<!-- \/ Yoast SEO plugin. -->","yoast_head_json":{"title":"El \u2018scroll\u2019 infinito de los menores: cuatro horas diarias enganchados a las redes sociales - Noticias Radio Reflejos","robots":{"index":"index","follow":"follow","max-snippet":"max-snippet:-1","max-image-preview":"max-image-preview:large","max-video-preview":"max-video-preview:-1"},"canonical":"https:\/\/www.noticiasradioreflejos.com.ar\/2021\/el-scroll-infinito-de-los-menores-cuatro-horas-diarias-enganchados-a-las-redes-sociales\/","og_locale":"es_ES","og_type":"article","og_title":"El \u2018scroll\u2019 infinito de los menores: cuatro horas diarias enganchados a las redes sociales - Noticias Radio Reflejos","og_description":"Las redes, sobre todo TikTok e Instagram, siguen siendo el \u2018pasatiempo\u2019 preferido de los j\u00f3venes, que \u2018pasan\u2019 m\u00e1s de una hora al d\u00eda en ellas (64 minutos). Especialistas recalcan la importancia del \u2018acompa\u00f1amiento\u2019, de la educaci\u00f3n, de no prohibir pero s\u00ed establecer l\u00edmites, y tambi\u00e9n de que los mayores act\u00faen como modelos para los m\u00e1s [&hellip;]","og_url":"https:\/\/www.noticiasradioreflejos.com.ar\/2021\/el-scroll-infinito-de-los-menores-cuatro-horas-diarias-enganchados-a-las-redes-sociales\/","og_site_name":"Noticias Radio Reflejos","article_published_time":"2026-01-27T10:29:53+00:00","og_image":[{"width":1200,"height":675,"url":"https:\/\/www.noticiasradioreflejos.com.ar\/2021\/wp-content\/uploads\/2026\/01\/jovenes-en-celu.webp","type":"image\/webp"}],"author":"Arnaldo Botto","twitter_card":"summary_large_image","schema":{"@context":"https:\/\/schema.org","@graph":[{"@type":"WebPage","@id":"https:\/\/www.noticiasradioreflejos.com.ar\/2021\/el-scroll-infinito-de-los-menores-cuatro-horas-diarias-enganchados-a-las-redes-sociales\/","url":"https:\/\/www.noticiasradioreflejos.com.ar\/2021\/el-scroll-infinito-de-los-menores-cuatro-horas-diarias-enganchados-a-las-redes-sociales\/","name":"El \u2018scroll\u2019 infinito de los menores: cuatro horas diarias enganchados a las redes sociales - Noticias Radio Reflejos","isPartOf":{"@id":"https:\/\/www.noticiasradioreflejos.com.ar\/2021\/#website"},"primaryImageOfPage":{"@id":"https:\/\/www.noticiasradioreflejos.com.ar\/2021\/el-scroll-infinito-de-los-menores-cuatro-horas-diarias-enganchados-a-las-redes-sociales\/#primaryimage"},"image":{"@id":"https:\/\/www.noticiasradioreflejos.com.ar\/2021\/el-scroll-infinito-de-los-menores-cuatro-horas-diarias-enganchados-a-las-redes-sociales\/#primaryimage"},"thumbnailUrl":"https:\/\/www.noticiasradioreflejos.com.ar\/2021\/wp-content\/uploads\/2026\/01\/jovenes-en-celu.webp","datePublished":"2026-01-27T10:29:53+00:00","author":{"@id":"https:\/\/www.noticiasradioreflejos.com.ar\/2021\/#\/schema\/person\/ad82545263dcc5ec0996818884fd5fb1"},"breadcrumb":{"@id":"https:\/\/www.noticiasradioreflejos.com.ar\/2021\/el-scroll-infinito-de-los-menores-cuatro-horas-diarias-enganchados-a-las-redes-sociales\/#breadcrumb"},"inLanguage":"es","potentialAction":[{"@type":"ReadAction","target":["https:\/\/www.noticiasradioreflejos.com.ar\/2021\/el-scroll-infinito-de-los-menores-cuatro-horas-diarias-enganchados-a-las-redes-sociales\/"]}]},{"@type":"ImageObject","inLanguage":"es","@id":"https:\/\/www.noticiasradioreflejos.com.ar\/2021\/el-scroll-infinito-de-los-menores-cuatro-horas-diarias-enganchados-a-las-redes-sociales\/#primaryimage","url":"https:\/\/www.noticiasradioreflejos.com.ar\/2021\/wp-content\/uploads\/2026\/01\/jovenes-en-celu.webp","contentUrl":"https:\/\/www.noticiasradioreflejos.com.ar\/2021\/wp-content\/uploads\/2026\/01\/jovenes-en-celu.webp","width":1200,"height":675},{"@type":"BreadcrumbList","@id":"https:\/\/www.noticiasradioreflejos.com.ar\/2021\/el-scroll-infinito-de-los-menores-cuatro-horas-diarias-enganchados-a-las-redes-sociales\/#breadcrumb","itemListElement":[{"@type":"ListItem","position":1,"name":"Portada","item":"https:\/\/www.noticiasradioreflejos.com.ar\/2021\/"},{"@type":"ListItem","position":2,"name":"El \u2018scroll\u2019 infinito de los menores: cuatro horas diarias enganchados a las redes sociales"}]},{"@type":"WebSite","@id":"https:\/\/www.noticiasradioreflejos.com.ar\/2021\/#website","url":"https:\/\/www.noticiasradioreflejos.com.ar\/2021\/","name":"Noticias Radio Reflejos","description":"Las noticias de mi comarca","potentialAction":[{"@type":"SearchAction","target":{"@type":"EntryPoint","urlTemplate":"https:\/\/www.noticiasradioreflejos.com.ar\/2021\/?s={search_term_string}"},"query-input":{"@type":"PropertyValueSpecification","valueRequired":true,"valueName":"search_term_string"}}],"inLanguage":"es"},{"@type":"Person","@id":"https:\/\/www.noticiasradioreflejos.com.ar\/2021\/#\/schema\/person\/ad82545263dcc5ec0996818884fd5fb1","name":"Arnaldo Botto","image":{"@type":"ImageObject","inLanguage":"es","@id":"https:\/\/www.noticiasradioreflejos.com.ar\/2021\/#\/schema\/person\/image\/","url":"https:\/\/secure.gravatar.com\/avatar\/55cb5e37c1efa326397366e6974cb338056df65cb50e7d64d1cf314e87504837?s=96&d=mm&r=g","contentUrl":"https:\/\/secure.gravatar.com\/avatar\/55cb5e37c1efa326397366e6974cb338056df65cb50e7d64d1cf314e87504837?s=96&d=mm&r=g","caption":"Arnaldo Botto"},"url":"https:\/\/www.noticiasradioreflejos.com.ar\/2021\/author\/arnaldo\/"}]}},"_links":{"self":[{"href":"https:\/\/www.noticiasradioreflejos.com.ar\/2021\/wp-json\/wp\/v2\/posts\/131940","targetHints":{"allow":["GET"]}}],"collection":[{"href":"https:\/\/www.noticiasradioreflejos.com.ar\/2021\/wp-json\/wp\/v2\/posts"}],"about":[{"href":"https:\/\/www.noticiasradioreflejos.com.ar\/2021\/wp-json\/wp\/v2\/types\/post"}],"author":[{"embeddable":true,"href":"https:\/\/www.noticiasradioreflejos.com.ar\/2021\/wp-json\/wp\/v2\/users\/3"}],"replies":[{"embeddable":true,"href":"https:\/\/www.noticiasradioreflejos.com.ar\/2021\/wp-json\/wp\/v2\/comments?post=131940"}],"version-history":[{"count":1,"href":"https:\/\/www.noticiasradioreflejos.com.ar\/2021\/wp-json\/wp\/v2\/posts\/131940\/revisions"}],"predecessor-version":[{"id":131942,"href":"https:\/\/www.noticiasradioreflejos.com.ar\/2021\/wp-json\/wp\/v2\/posts\/131940\/revisions\/131942"}],"wp:featuredmedia":[{"embeddable":true,"href":"https:\/\/www.noticiasradioreflejos.com.ar\/2021\/wp-json\/wp\/v2\/media\/131941"}],"wp:attachment":[{"href":"https:\/\/www.noticiasradioreflejos.com.ar\/2021\/wp-json\/wp\/v2\/media?parent=131940"}],"wp:term":[{"taxonomy":"category","embeddable":true,"href":"https:\/\/www.noticiasradioreflejos.com.ar\/2021\/wp-json\/wp\/v2\/categories?post=131940"},{"taxonomy":"post_tag","embeddable":true,"href":"https:\/\/www.noticiasradioreflejos.com.ar\/2021\/wp-json\/wp\/v2\/tags?post=131940"}],"curies":[{"name":"wp","href":"https:\/\/api.w.org\/{rel}","templated":true}]}}