{"id":131938,"date":"2026-01-27T07:24:12","date_gmt":"2026-01-27T10:24:12","guid":{"rendered":"https:\/\/www.noticiasradioreflejos.com.ar\/2021\/?p=131938"},"modified":"2026-01-28T08:56:44","modified_gmt":"2026-01-28T11:56:44","slug":"de-la-frescura-al-sofocon-martes-de-calma-antes-de-la-ola-de-calor-en-la-comarca","status":"publish","type":"post","link":"https:\/\/www.noticiasradioreflejos.com.ar\/2021\/de-la-frescura-al-sofocon-martes-de-calma-antes-de-la-ola-de-calor-en-la-comarca\/","title":{"rendered":"De la frescura al sofoc\u00f3n: martes de calma antes de la ola de calor en la Comarca"},"content":{"rendered":"<p data-path-to-node=\"3\">La jornada comenz\u00f3 con un sol intensamente rojizo debido a los incendios en el sur. Tras un amanecer fresco y sin viento, el term\u00f3metro iniciar\u00e1 una escalada que llegar\u00e1 a los <span class=\"math-inline\" data-math=\"35\u00b0C\" data-index-in-node=\"176\">35\u00b0<\/span>\u00a0el fin de semana.<!--more--><\/p>\n<p data-path-to-node=\"5\">La Comarca Serrana amaneci\u00f3 este martes 27 de enero bajo un escenario visual at\u00edpico. Aunque el cielo se presenta libre de nubes, una densa capa de <b data-path-to-node=\"5\" data-index-in-node=\"148\">humo proveniente de los incendios forestales en la Patagonia<\/b> ti\u00f1\u00f3 el horizonte, provocando que el sol apareciera con un color rojo vibrante y profundo. Este fen\u00f3meno es consecuencia directa de los vientos que, durante la jornada de ayer y la \u00faltima noche, soplaron desde el sudoeste arrastrando las part\u00edculas en suspensi\u00f3n hasta nuestra regi\u00f3n.<\/p>\n<p data-path-to-node=\"5\">La Comarca Serrana atraviesa este martes 27 de enero una jornada de contrastes clim\u00e1ticos y una serenidad poco frecuente. Tras un amanecer que oblig\u00f3 a buscar alg\u00fan abrigo liviano, con una m\u00ednima de <b data-path-to-node=\"5\" data-index-in-node=\"199\"><span class=\"math-inline\" data-math=\"14\u00b0C\" data-index-in-node=\"199\">14\u00b0<\/span><\/b>\u00a0registrada a las 6:00 AM, el clima comenz\u00f3 una transici\u00f3n r\u00e1pida hacia una tarde que promete ser calurosa.<\/p>\n<p data-path-to-node=\"6\">El dato m\u00e1s llamativo de hoy no es el ascenso de la temperatura, sino la <b data-path-to-node=\"6\" data-index-in-node=\"73\">ausencia total de viento<\/b>. En una regi\u00f3n donde las r\u00e1fagas suelen ser parte del paisaje cotidiano, el aire se mantiene en calma, otorgando una \u00abtregua\u00bb que parece anticipar lo que vendr\u00e1. Bajo un cielo completamente despejado, se espera que el term\u00f3metro alcance los <b data-path-to-node=\"6\" data-index-in-node=\"339\"><span class=\"math-inline\" data-math=\"31\u00b0C\" data-index-in-node=\"339\">31\u00b0<\/span>o <span class=\"math-inline\" data-math=\"32\u00b0C\" data-index-in-node=\"346\">32\u00b0<\/span><\/b>\u00a0en las primeras horas de la tarde.<\/p>\n<p data-path-to-node=\"6\"><a href=\"https:\/\/www.noticiasradioreflejos.com.ar\/2021\/de-la-frescura-al-sofocon-martes-de-calma-antes-de-la-ola-de-calor-en-la-comarca\/alerta-2\/\" rel=\"attachment wp-att-131958\"><img loading=\"lazy\" decoding=\"async\" class=\"aligncenter size-full wp-image-131958\" src=\"https:\/\/www.noticiasradioreflejos.com.ar\/2021\/wp-content\/uploads\/2026\/01\/alerta-1.jpg\" alt=\"\" width=\"745\" height=\"455\" \/><\/a><\/p>\n<h3 data-path-to-node=\"7\"><b data-path-to-node=\"7\" data-index-in-node=\"0\">Alarma por altas temperaturas<\/b><\/h3>\n<p data-path-to-node=\"8\">Sin embargo, esta calma es solo el preludio de un fen\u00f3meno m\u00e1s intenso. Seg\u00fan los modelos meteorol\u00f3gicos, a partir de ma\u00f1ana mi\u00e9rcoles la regi\u00f3n entrar\u00e1 en una zona de m\u00e1ximas extremas.<\/p>\n<p data-path-to-node=\"9\">Se ha generado un estado de atenci\u00f3n entre los vecinos y turistas, ya que el calor no dar\u00e1 respiro en los pr\u00f3ximos d\u00edas. El term\u00f3metro continuar\u00e1 escalando de manera sostenida. e prev\u00e9n jornadas de hasta <b data-path-to-node=\"10,1,0\" data-index-in-node=\"41\"><span class=\"math-inline\" data-math=\"35\u00b0C\" data-index-in-node=\"41\">35\u00b0<\/span><\/b>. Esta masa de aire c\u00e1lido se mantendr\u00eda estacionaria, por lo menos, hasta el pr\u00f3ximo s\u00e1bado inclusive.<\/p>\n<p><strong>E<\/strong>l\u00a0<strong>calor agobiante<\/strong>\u00a0no da tregua y se mantiene en algunas zonas en el marco de mediados de diciembre,\u00a0y por eso el\u00a0<strong>Servicio Meteorol\u00f3gico Nacional (SMN)<\/strong>\u00a0lanz\u00f3 para este\u00a0martes nuevos\u00a0<strong>alertas<\/strong>\u00a0por\u00a0<strong>altas temperaturas<\/strong>\u00a0para diferentes distritos.<\/p>\n<p>Se mantiene el\u00a0<strong>alerta amarillo en zonas de Buenos Aires, incluyendo el AMBA; Entre R\u00edos, Corrientes, Misiones, Chaco, Formosa, Salta, Santa Fe, C\u00f3rdoba, La Pampa, Neuqu\u00e9n y R\u00edo Negro.<\/strong><\/p>\n<p><strong>En varias regiones, incluso del AMBA, el aviso sube a alerta naranja.<\/strong><\/p>\n<p data-path-to-node=\"11\">Se recomienda a la poblaci\u00f3n extremar los cuidados, hidratarse permanentemente y evitar la exposici\u00f3n al sol en las horas centrales del d\u00eda, dado que el protagonismo del cielo despejado aumentar\u00e1 la intensidad de la radiaci\u00f3n UV durante toda la semana.<\/p>\n","protected":false},"excerpt":{"rendered":"<p>La jornada comenz\u00f3 con un sol intensamente rojizo debido a los incendios en el sur. Tras un amanecer fresco y sin viento, el term\u00f3metro iniciar\u00e1 una escalada que llegar\u00e1 a los 35\u00b0\u00a0el fin de semana.<\/p>\n","protected":false},"author":3,"featured_media":67564,"comment_status":"closed","ping_status":"closed","sticky":false,"template":"","format":"standard","meta":{"footnotes":""},"categories":[46],"tags":[],"class_list":["post-131938","post","type-post","status-publish","format-standard","has-post-thumbnail","hentry","category-ciencia-y-tecnologia"],"yoast_head":"<!-- This site is optimized with the Yoast SEO plugin v25.9 - https:\/\/yoast.com\/wordpress\/plugins\/seo\/ -->\n<title>De la frescura al sofoc\u00f3n: martes de calma antes de la ola de calor en la Comarca - Noticias Radio Reflejos<\/title>\n<meta name=\"robots\" content=\"index, follow, max-snippet:-1, max-image-preview:large, max-video-preview:-1\" \/>\n<link rel=\"canonical\" href=\"https:\/\/www.noticiasradioreflejos.com.ar\/2021\/de-la-frescura-al-sofocon-martes-de-calma-antes-de-la-ola-de-calor-en-la-comarca\/\" \/>\n<meta property=\"og:locale\" content=\"es_ES\" \/>\n<meta property=\"og:type\" content=\"article\" \/>\n<meta property=\"og:title\" content=\"De la frescura al sofoc\u00f3n: martes de calma antes de la ola de calor en la Comarca - Noticias Radio Reflejos\" \/>\n<meta property=\"og:description\" content=\"La jornada comenz\u00f3 con un sol intensamente rojizo debido a los incendios en el sur. Tras un amanecer fresco y sin viento, el term\u00f3metro iniciar\u00e1 una escalada que llegar\u00e1 a los 35\u00b0\u00a0el fin de semana.\" \/>\n<meta property=\"og:url\" content=\"https:\/\/www.noticiasradioreflejos.com.ar\/2021\/de-la-frescura-al-sofocon-martes-de-calma-antes-de-la-ola-de-calor-en-la-comarca\/\" \/>\n<meta property=\"og:site_name\" content=\"Noticias Radio Reflejos\" \/>\n<meta property=\"article:published_time\" content=\"2026-01-27T10:24:12+00:00\" \/>\n<meta property=\"article:modified_time\" content=\"2026-01-28T11:56:44+00:00\" \/>\n<meta property=\"og:image\" content=\"https:\/\/www.noticiasradioreflejos.com.ar\/2021\/wp-content\/uploads\/2022\/01\/Diquesito-Verano.jpg\" \/>\n\t<meta property=\"og:image:width\" content=\"2048\" \/>\n\t<meta property=\"og:image:height\" content=\"1024\" \/>\n\t<meta property=\"og:image:type\" content=\"image\/jpeg\" \/>\n<meta name=\"author\" content=\"Arnaldo Botto\" \/>\n<meta name=\"twitter:card\" content=\"summary_large_image\" \/>\n<script type=\"application\/ld+json\" class=\"yoast-schema-graph\">{\"@context\":\"https:\/\/schema.org\",\"@graph\":[{\"@type\":\"WebPage\",\"@id\":\"https:\/\/www.noticiasradioreflejos.com.ar\/2021\/de-la-frescura-al-sofocon-martes-de-calma-antes-de-la-ola-de-calor-en-la-comarca\/\",\"url\":\"https:\/\/www.noticiasradioreflejos.com.ar\/2021\/de-la-frescura-al-sofocon-martes-de-calma-antes-de-la-ola-de-calor-en-la-comarca\/\",\"name\":\"De la frescura al sofoc\u00f3n: martes de calma antes de la ola de calor en la Comarca - Noticias Radio Reflejos\",\"isPartOf\":{\"@id\":\"https:\/\/www.noticiasradioreflejos.com.ar\/2021\/#website\"},\"primaryImageOfPage\":{\"@id\":\"https:\/\/www.noticiasradioreflejos.com.ar\/2021\/de-la-frescura-al-sofocon-martes-de-calma-antes-de-la-ola-de-calor-en-la-comarca\/#primaryimage\"},\"image\":{\"@id\":\"https:\/\/www.noticiasradioreflejos.com.ar\/2021\/de-la-frescura-al-sofocon-martes-de-calma-antes-de-la-ola-de-calor-en-la-comarca\/#primaryimage\"},\"thumbnailUrl\":\"https:\/\/www.noticiasradioreflejos.com.ar\/2021\/wp-content\/uploads\/2022\/01\/Diquesito-Verano.jpg\",\"datePublished\":\"2026-01-27T10:24:12+00:00\",\"dateModified\":\"2026-01-28T11:56:44+00:00\",\"author\":{\"@id\":\"https:\/\/www.noticiasradioreflejos.com.ar\/2021\/#\/schema\/person\/ad82545263dcc5ec0996818884fd5fb1\"},\"breadcrumb\":{\"@id\":\"https:\/\/www.noticiasradioreflejos.com.ar\/2021\/de-la-frescura-al-sofocon-martes-de-calma-antes-de-la-ola-de-calor-en-la-comarca\/#breadcrumb\"},\"inLanguage\":\"es\",\"potentialAction\":[{\"@type\":\"ReadAction\",\"target\":[\"https:\/\/www.noticiasradioreflejos.com.ar\/2021\/de-la-frescura-al-sofocon-martes-de-calma-antes-de-la-ola-de-calor-en-la-comarca\/\"]}]},{\"@type\":\"ImageObject\",\"inLanguage\":\"es\",\"@id\":\"https:\/\/www.noticiasradioreflejos.com.ar\/2021\/de-la-frescura-al-sofocon-martes-de-calma-antes-de-la-ola-de-calor-en-la-comarca\/#primaryimage\",\"url\":\"https:\/\/www.noticiasradioreflejos.com.ar\/2021\/wp-content\/uploads\/2022\/01\/Diquesito-Verano.jpg\",\"contentUrl\":\"https:\/\/www.noticiasradioreflejos.com.ar\/2021\/wp-content\/uploads\/2022\/01\/Diquesito-Verano.jpg\",\"width\":2048,\"height\":1024},{\"@type\":\"BreadcrumbList\",\"@id\":\"https:\/\/www.noticiasradioreflejos.com.ar\/2021\/de-la-frescura-al-sofocon-martes-de-calma-antes-de-la-ola-de-calor-en-la-comarca\/#breadcrumb\",\"itemListElement\":[{\"@type\":\"ListItem\",\"position\":1,\"name\":\"Portada\",\"item\":\"https:\/\/www.noticiasradioreflejos.com.ar\/2021\/\"},{\"@type\":\"ListItem\",\"position\":2,\"name\":\"De la frescura al sofoc\u00f3n: martes de calma antes de la ola de calor en la Comarca\"}]},{\"@type\":\"WebSite\",\"@id\":\"https:\/\/www.noticiasradioreflejos.com.ar\/2021\/#website\",\"url\":\"https:\/\/www.noticiasradioreflejos.com.ar\/2021\/\",\"name\":\"Noticias Radio Reflejos\",\"description\":\"Las noticias de mi comarca\",\"potentialAction\":[{\"@type\":\"SearchAction\",\"target\":{\"@type\":\"EntryPoint\",\"urlTemplate\":\"https:\/\/www.noticiasradioreflejos.com.ar\/2021\/?s={search_term_string}\"},\"query-input\":{\"@type\":\"PropertyValueSpecification\",\"valueRequired\":true,\"valueName\":\"search_term_string\"}}],\"inLanguage\":\"es\"},{\"@type\":\"Person\",\"@id\":\"https:\/\/www.noticiasradioreflejos.com.ar\/2021\/#\/schema\/person\/ad82545263dcc5ec0996818884fd5fb1\",\"name\":\"Arnaldo Botto\",\"image\":{\"@type\":\"ImageObject\",\"inLanguage\":\"es\",\"@id\":\"https:\/\/www.noticiasradioreflejos.com.ar\/2021\/#\/schema\/person\/image\/\",\"url\":\"https:\/\/secure.gravatar.com\/avatar\/55cb5e37c1efa326397366e6974cb338056df65cb50e7d64d1cf314e87504837?s=96&d=mm&r=g\",\"contentUrl\":\"https:\/\/secure.gravatar.com\/avatar\/55cb5e37c1efa326397366e6974cb338056df65cb50e7d64d1cf314e87504837?s=96&d=mm&r=g\",\"caption\":\"Arnaldo Botto\"},\"url\":\"https:\/\/www.noticiasradioreflejos.com.ar\/2021\/author\/arnaldo\/\"}]}<\/script>\n<!-- \/ Yoast SEO plugin. -->","yoast_head_json":{"title":"De la frescura al sofoc\u00f3n: martes de calma antes de la ola de calor en la Comarca - Noticias Radio Reflejos","robots":{"index":"index","follow":"follow","max-snippet":"max-snippet:-1","max-image-preview":"max-image-preview:large","max-video-preview":"max-video-preview:-1"},"canonical":"https:\/\/www.noticiasradioreflejos.com.ar\/2021\/de-la-frescura-al-sofocon-martes-de-calma-antes-de-la-ola-de-calor-en-la-comarca\/","og_locale":"es_ES","og_type":"article","og_title":"De la frescura al sofoc\u00f3n: martes de calma antes de la ola de calor en la Comarca - Noticias Radio Reflejos","og_description":"La jornada comenz\u00f3 con un sol intensamente rojizo debido a los incendios en el sur. Tras un amanecer fresco y sin viento, el term\u00f3metro iniciar\u00e1 una escalada que llegar\u00e1 a los 35\u00b0\u00a0el fin de semana.","og_url":"https:\/\/www.noticiasradioreflejos.com.ar\/2021\/de-la-frescura-al-sofocon-martes-de-calma-antes-de-la-ola-de-calor-en-la-comarca\/","og_site_name":"Noticias Radio Reflejos","article_published_time":"2026-01-27T10:24:12+00:00","article_modified_time":"2026-01-28T11:56:44+00:00","og_image":[{"width":2048,"height":1024,"url":"https:\/\/www.noticiasradioreflejos.com.ar\/2021\/wp-content\/uploads\/2022\/01\/Diquesito-Verano.jpg","type":"image\/jpeg"}],"author":"Arnaldo Botto","twitter_card":"summary_large_image","schema":{"@context":"https:\/\/schema.org","@graph":[{"@type":"WebPage","@id":"https:\/\/www.noticiasradioreflejos.com.ar\/2021\/de-la-frescura-al-sofocon-martes-de-calma-antes-de-la-ola-de-calor-en-la-comarca\/","url":"https:\/\/www.noticiasradioreflejos.com.ar\/2021\/de-la-frescura-al-sofocon-martes-de-calma-antes-de-la-ola-de-calor-en-la-comarca\/","name":"De la frescura al sofoc\u00f3n: martes de calma antes de la ola de calor en la Comarca - Noticias Radio Reflejos","isPartOf":{"@id":"https:\/\/www.noticiasradioreflejos.com.ar\/2021\/#website"},"primaryImageOfPage":{"@id":"https:\/\/www.noticiasradioreflejos.com.ar\/2021\/de-la-frescura-al-sofocon-martes-de-calma-antes-de-la-ola-de-calor-en-la-comarca\/#primaryimage"},"image":{"@id":"https:\/\/www.noticiasradioreflejos.com.ar\/2021\/de-la-frescura-al-sofocon-martes-de-calma-antes-de-la-ola-de-calor-en-la-comarca\/#primaryimage"},"thumbnailUrl":"https:\/\/www.noticiasradioreflejos.com.ar\/2021\/wp-content\/uploads\/2022\/01\/Diquesito-Verano.jpg","datePublished":"2026-01-27T10:24:12+00:00","dateModified":"2026-01-28T11:56:44+00:00","author":{"@id":"https:\/\/www.noticiasradioreflejos.com.ar\/2021\/#\/schema\/person\/ad82545263dcc5ec0996818884fd5fb1"},"breadcrumb":{"@id":"https:\/\/www.noticiasradioreflejos.com.ar\/2021\/de-la-frescura-al-sofocon-martes-de-calma-antes-de-la-ola-de-calor-en-la-comarca\/#breadcrumb"},"inLanguage":"es","potentialAction":[{"@type":"ReadAction","target":["https:\/\/www.noticiasradioreflejos.com.ar\/2021\/de-la-frescura-al-sofocon-martes-de-calma-antes-de-la-ola-de-calor-en-la-comarca\/"]}]},{"@type":"ImageObject","inLanguage":"es","@id":"https:\/\/www.noticiasradioreflejos.com.ar\/2021\/de-la-frescura-al-sofocon-martes-de-calma-antes-de-la-ola-de-calor-en-la-comarca\/#primaryimage","url":"https:\/\/www.noticiasradioreflejos.com.ar\/2021\/wp-content\/uploads\/2022\/01\/Diquesito-Verano.jpg","contentUrl":"https:\/\/www.noticiasradioreflejos.com.ar\/2021\/wp-content\/uploads\/2022\/01\/Diquesito-Verano.jpg","width":2048,"height":1024},{"@type":"BreadcrumbList","@id":"https:\/\/www.noticiasradioreflejos.com.ar\/2021\/de-la-frescura-al-sofocon-martes-de-calma-antes-de-la-ola-de-calor-en-la-comarca\/#breadcrumb","itemListElement":[{"@type":"ListItem","position":1,"name":"Portada","item":"https:\/\/www.noticiasradioreflejos.com.ar\/2021\/"},{"@type":"ListItem","position":2,"name":"De la frescura al sofoc\u00f3n: martes de calma antes de la ola de calor en la Comarca"}]},{"@type":"WebSite","@id":"https:\/\/www.noticiasradioreflejos.com.ar\/2021\/#website","url":"https:\/\/www.noticiasradioreflejos.com.ar\/2021\/","name":"Noticias Radio Reflejos","description":"Las noticias de mi comarca","potentialAction":[{"@type":"SearchAction","target":{"@type":"EntryPoint","urlTemplate":"https:\/\/www.noticiasradioreflejos.com.ar\/2021\/?s={search_term_string}"},"query-input":{"@type":"PropertyValueSpecification","valueRequired":true,"valueName":"search_term_string"}}],"inLanguage":"es"},{"@type":"Person","@id":"https:\/\/www.noticiasradioreflejos.com.ar\/2021\/#\/schema\/person\/ad82545263dcc5ec0996818884fd5fb1","name":"Arnaldo Botto","image":{"@type":"ImageObject","inLanguage":"es","@id":"https:\/\/www.noticiasradioreflejos.com.ar\/2021\/#\/schema\/person\/image\/","url":"https:\/\/secure.gravatar.com\/avatar\/55cb5e37c1efa326397366e6974cb338056df65cb50e7d64d1cf314e87504837?s=96&d=mm&r=g","contentUrl":"https:\/\/secure.gravatar.com\/avatar\/55cb5e37c1efa326397366e6974cb338056df65cb50e7d64d1cf314e87504837?s=96&d=mm&r=g","caption":"Arnaldo Botto"},"url":"https:\/\/www.noticiasradioreflejos.com.ar\/2021\/author\/arnaldo\/"}]}},"_links":{"self":[{"href":"https:\/\/www.noticiasradioreflejos.com.ar\/2021\/wp-json\/wp\/v2\/posts\/131938","targetHints":{"allow":["GET"]}}],"collection":[{"href":"https:\/\/www.noticiasradioreflejos.com.ar\/2021\/wp-json\/wp\/v2\/posts"}],"about":[{"href":"https:\/\/www.noticiasradioreflejos.com.ar\/2021\/wp-json\/wp\/v2\/types\/post"}],"author":[{"embeddable":true,"href":"https:\/\/www.noticiasradioreflejos.com.ar\/2021\/wp-json\/wp\/v2\/users\/3"}],"replies":[{"embeddable":true,"href":"https:\/\/www.noticiasradioreflejos.com.ar\/2021\/wp-json\/wp\/v2\/comments?post=131938"}],"version-history":[{"count":6,"href":"https:\/\/www.noticiasradioreflejos.com.ar\/2021\/wp-json\/wp\/v2\/posts\/131938\/revisions"}],"predecessor-version":[{"id":131959,"href":"https:\/\/www.noticiasradioreflejos.com.ar\/2021\/wp-json\/wp\/v2\/posts\/131938\/revisions\/131959"}],"wp:featuredmedia":[{"embeddable":true,"href":"https:\/\/www.noticiasradioreflejos.com.ar\/2021\/wp-json\/wp\/v2\/media\/67564"}],"wp:attachment":[{"href":"https:\/\/www.noticiasradioreflejos.com.ar\/2021\/wp-json\/wp\/v2\/media?parent=131938"}],"wp:term":[{"taxonomy":"category","embeddable":true,"href":"https:\/\/www.noticiasradioreflejos.com.ar\/2021\/wp-json\/wp\/v2\/categories?post=131938"},{"taxonomy":"post_tag","embeddable":true,"href":"https:\/\/www.noticiasradioreflejos.com.ar\/2021\/wp-json\/wp\/v2\/tags?post=131938"}],"curies":[{"name":"wp","href":"https:\/\/api.w.org\/{rel}","templated":true}]}}