{"id":131930,"date":"2026-01-26T16:22:07","date_gmt":"2026-01-26T19:22:07","guid":{"rendered":"https:\/\/www.noticiasradioreflejos.com.ar\/2021\/?p=131930"},"modified":"2026-01-26T16:22:07","modified_gmt":"2026-01-26T19:22:07","slug":"muro-atmosferico-que-es-el-fenomeno-meteorologico-que-impulsa-las-altas-temperaturas-en-todo-el-pais","status":"publish","type":"post","link":"https:\/\/www.noticiasradioreflejos.com.ar\/2021\/muro-atmosferico-que-es-el-fenomeno-meteorologico-que-impulsa-las-altas-temperaturas-en-todo-el-pais\/","title":{"rendered":"Muro atmosf\u00e9rico: qu\u00e9 es el fen\u00f3meno meteorol\u00f3gico que impulsa las altas temperaturas en todo el pa\u00eds"},"content":{"rendered":"<p>Un bloqueo en la atm\u00f3sfera impide la llegada de aire fresco en gran parte de Argentina. Cu\u00e1ndo llegar\u00e1 el alivio, seg\u00fan el Servicio Meteorol\u00f3gico Nacional<!--more--><\/p>\n<div class=\"\"><picture><source srcset=\"https:\/\/www.infobae.com\/resizer\/v2\/https%3A%2F%2Fs3.amazonaws.com%2Farc-authors%2Finfobae%2F6f8a3410-c24a-4463-ac17-bd528dbc5659.jpg?auth=bf5aed90f8bd89a00b7a68d2b932a74715287211a3b40611fc065625c61d6484&amp;smart=true&amp;width=40&amp;height=40&amp;quality=85\" media=\"(min-width: 80px)\" \/><img loading=\"lazy\" decoding=\"async\" class=\"global-image byline-author-image\" src=\"https:\/\/www.infobae.com\/resizer\/v2\/https%3A%2F%2Fs3.amazonaws.com%2Farc-authors%2Finfobae%2F6f8a3410-c24a-4463-ac17-bd528dbc5659.jpg?auth=bf5aed90f8bd89a00b7a68d2b932a74715287211a3b40611fc065625c61d6484&amp;smart=true&amp;width=40&amp;height=40&amp;quality=85\" alt=\"Valeria Chavez\" width=\"1\" height=\"1\" \/>Un\u00a0<\/picture><b>bloqueo atmosf\u00e9rico<\/b><picture>\u00a0es la explicaci\u00f3n de las jornadas de\u00a0<\/picture><a title=\"https:\/\/www.infobae.com\/tag\/calor\/\" href=\"https:\/\/www.infobae.com\/tag\/calor\/\" target=\"_blank\" rel=\"noopener noreferrer\" data-mrf-link=\"https:\/\/www.infobae.com\/tag\/calor\/\"><b>calor<\/b><\/a><b>\u00a0extremo<\/b><picture> que afecta a gran parte del pa\u00eds, con temperaturas r\u00e9cord y millones de personas expuestas a valores inusuales del term\u00f3metro.<\/picture><\/div>\n<article class=\"article\">\n<div class=\"body-article \">\n<p class=\"paragraph\" data-mrf-recirculation=\"Links inline\">Este sistema, detallado por especialistas, funciona como un\u00a0<b>verdadero \u201cmuro atmosf\u00e9rico\u201d<\/b>, que<b>\u00a0impide la llegada de aire fresco<\/b>\u00a0y<b>\u00a0retiene el\u00a0<\/b><a title=\"https:\/\/www.infobae.com\/salud\/2025\/12\/27\/por-que-el-golpe-de-calor-se-vuelve-una-amenaza-urgente-en-los-dias-de-muy-altas-temperaturas\/\" href=\"https:\/\/www.infobae.com\/salud\/2025\/12\/27\/por-que-el-golpe-de-calor-se-vuelve-una-amenaza-urgente-en-los-dias-de-muy-altas-temperaturas\/\" target=\"_blank\" rel=\"noopener noreferrer\" data-mrf-link=\"https:\/\/www.infobae.com\/salud\/2025\/12\/27\/por-que-el-golpe-de-calor-se-vuelve-una-amenaza-urgente-en-los-dias-de-muy-altas-temperaturas\/\"><b>calor<\/b><\/a>sobre el centro, noroeste y parte del sur del territorio.<\/p>\n<p class=\"paragraph\" data-mrf-recirculation=\"Links inline\">El\u00a0<b>Servicio Meteorol\u00f3gico Nacional (SMN)<\/b> mantiene alertas vigentes ante la persistencia del episodio, que continuar\u00e1 al menos hasta mediados de la semana.<\/p>\n<h2 class=\"header headline-class-h2 headline\">Qu\u00e9 es el muro atmosf\u00e9rico<\/h2>\n<div class=\"visual__image\"><picture><source srcset=\"https:\/\/www.infobae.com\/resizer\/v2\/GHNH4SKX4RHDZBSOTMQ53NLWYY.png?auth=524eeed104a53bbecc49befdfdfbdb57b5705d76ea2b1dbbfaf2a7d1db5d6446&amp;smart=true&amp;width=992&amp;height=558&amp;quality=85\" media=\"(min-width: 1000px)\" \/><source srcset=\"https:\/\/www.infobae.com\/resizer\/v2\/GHNH4SKX4RHDZBSOTMQ53NLWYY.png?auth=524eeed104a53bbecc49befdfdfbdb57b5705d76ea2b1dbbfaf2a7d1db5d6446&amp;smart=true&amp;width=768&amp;height=432&amp;quality=85\" media=\"(min-width: 768px)\" \/><source srcset=\"https:\/\/www.infobae.com\/resizer\/v2\/GHNH4SKX4RHDZBSOTMQ53NLWYY.png?auth=524eeed104a53bbecc49befdfdfbdb57b5705d76ea2b1dbbfaf2a7d1db5d6446&amp;smart=true&amp;width=577&amp;height=324&amp;quality=85\" media=\"(min-width: 580px)\" \/><source srcset=\"https:\/\/www.infobae.com\/resizer\/v2\/GHNH4SKX4RHDZBSOTMQ53NLWYY.png?auth=524eeed104a53bbecc49befdfdfbdb57b5705d76ea2b1dbbfaf2a7d1db5d6446&amp;smart=true&amp;width=420&amp;height=236&amp;quality=85\" media=\"(min-width: 350px)\" \/><source srcset=\"https:\/\/www.infobae.com\/resizer\/v2\/GHNH4SKX4RHDZBSOTMQ53NLWYY.png?auth=524eeed104a53bbecc49befdfdfbdb57b5705d76ea2b1dbbfaf2a7d1db5d6446&amp;smart=true&amp;width=350&amp;height=197&amp;quality=85\" media=\"(min-width: 80px)\" \/><img loading=\"lazy\" decoding=\"async\" class=\"global-image\" src=\"https:\/\/www.infobae.com\/resizer\/v2\/GHNH4SKX4RHDZBSOTMQ53NLWYY.png?auth=524eeed104a53bbecc49befdfdfbdb57b5705d76ea2b1dbbfaf2a7d1db5d6446&amp;smart=true&amp;width=350&amp;height=197&amp;quality=85\" alt=\"El fen\u00f3meno impide el ingreso\" width=\"1092\" height=\"614\" \/><\/picture><em>El fen\u00f3meno impide el ingreso de aire fr\u00edo y favorece la persistencia de d\u00edas sofocantes (Imagen Ilustrativa Infobae)<\/em><\/div>\n<p data-mrf-recirculation=\"Links inline\">\n<p class=\"paragraph\" data-mrf-recirculation=\"Links inline\">El\u00a0<b>bloqueo atmosf\u00e9rico<\/b>, tambi\u00e9n llamado \u201c<b>muro atmosf\u00e9rico<\/b>\u201d, se produce cuando\u00a0<b>un sistema de alta presi\u00f3n \u2014denominado anticicl\u00f3n\u2014 permanece casi inm\u00f3vil varios d\u00edas\u00a0<\/b>y detiene la circulaci\u00f3n normal del aire.<\/p>\n<p class=\"paragraph\" data-mrf-recirculation=\"Links inline\">Seg\u00fan los especialistas, el fen\u00f3meno genera\u00a0<b>viento norte constante durante varios d\u00edas<\/b>, que trae aire c\u00e1lido y no permite el ingreso de frentes fr\u00edos.<\/p>\n<p class=\"paragraph\" data-mrf-recirculation=\"Links inline\">La circulaci\u00f3n bloqueada impide el avance de masas de aire fr\u00edo desde la Patagonia hacia el norte, manteniendo las temperaturas elevadas y prolongando el calor durante extensos periodos. Este mecanismo se potencia con la subsidencia: un\u00a0<b>descenso de aire desde las capas superiores de la atm\u00f3sfera<\/b>.<\/p>\n<h2 class=\"header headline-class-h2 headline\">C\u00f3mo el aire descendente aumenta el calor<\/h2>\n<div class=\"visual__image\"><picture><source srcset=\"https:\/\/www.infobae.com\/resizer\/v2\/DFUJZUNTMJCE3GN4WT2BO7YXVE.jpg?auth=c23d41a5bfc3ecd06e70ad46c62ca66a75999ec33afb443153a7406fcfac1c73&amp;smart=true&amp;width=992&amp;height=558&amp;quality=85\" media=\"(min-width: 1000px)\" \/><source srcset=\"https:\/\/www.infobae.com\/resizer\/v2\/DFUJZUNTMJCE3GN4WT2BO7YXVE.jpg?auth=c23d41a5bfc3ecd06e70ad46c62ca66a75999ec33afb443153a7406fcfac1c73&amp;smart=true&amp;width=768&amp;height=432&amp;quality=85\" media=\"(min-width: 768px)\" \/><source srcset=\"https:\/\/www.infobae.com\/resizer\/v2\/DFUJZUNTMJCE3GN4WT2BO7YXVE.jpg?auth=c23d41a5bfc3ecd06e70ad46c62ca66a75999ec33afb443153a7406fcfac1c73&amp;smart=true&amp;width=577&amp;height=325&amp;quality=85\" media=\"(min-width: 580px)\" \/><source srcset=\"https:\/\/www.infobae.com\/resizer\/v2\/DFUJZUNTMJCE3GN4WT2BO7YXVE.jpg?auth=c23d41a5bfc3ecd06e70ad46c62ca66a75999ec33afb443153a7406fcfac1c73&amp;smart=true&amp;width=420&amp;height=236&amp;quality=85\" media=\"(min-width: 350px)\" \/><source srcset=\"https:\/\/www.infobae.com\/resizer\/v2\/DFUJZUNTMJCE3GN4WT2BO7YXVE.jpg?auth=c23d41a5bfc3ecd06e70ad46c62ca66a75999ec33afb443153a7406fcfac1c73&amp;smart=true&amp;width=350&amp;height=197&amp;quality=85\" media=\"(min-width: 80px)\" \/><img loading=\"lazy\" decoding=\"async\" class=\"global-image\" src=\"https:\/\/www.infobae.com\/resizer\/v2\/DFUJZUNTMJCE3GN4WT2BO7YXVE.jpg?auth=c23d41a5bfc3ecd06e70ad46c62ca66a75999ec33afb443153a7406fcfac1c73&amp;smart=true&amp;width=350&amp;height=197&amp;quality=85\" alt=\"El bloqueo atmosf\u00e9rico comenzar\u00e1 a\" width=\"1536\" height=\"864\" \/><\/picture><em>El bloqueo atmosf\u00e9rico comenzar\u00e1 a debilitarse lentamente entre el martes y el mi\u00e9rcoles.(Meteored)<\/em><\/div>\n<p data-mrf-recirculation=\"Links inline\">\n<p class=\"paragraph\" data-mrf-recirculation=\"Links inline\">La meteor\u00f3loga\u00a0<b>Cindy Fern\u00e1ndez<\/b>\u00a0explic\u00f3 que \u201ccuando el aire desciende, se comprime por el aumento de la presi\u00f3n y se calienta. Es un proceso f\u00edsico conocido como\u00a0<b>calentamiento adiab\u00e1tico<\/b>, que eleva a\u00fan m\u00e1s la temperatura de una masa de aire que ya es c\u00e1lida\u201d.<\/p>\n<p class=\"paragraph\" data-mrf-recirculation=\"Links inline\"><b>Esta din\u00e1mica dificulta la formaci\u00f3n de nubes<\/b>, exponiendo la superficie a la radiaci\u00f3n solar directa durante largas horas y\u00a0<b>potenciando el aumento t\u00e9rmico<\/b>.<\/p>\n<p class=\"paragraph\" data-mrf-recirculation=\"Links inline\">El anticicl\u00f3n tambi\u00e9n favorece la llegada persistente de viento del norte, que transporta aire c\u00e1lido desde zonas tropicales y refuerza el efecto bloqueador. Este flujo constante impide la llegada de frentes fr\u00edos desde el sur, por lo que el calor no recibe alivios significativos.<b>\u00a0\u201cLa circulaci\u00f3n queda bloqueada: no entra aire m\u00e1s fresco y el calor se va acumulando d\u00eda tras d\u00eda\u201d<\/b>.<\/p>\n<p class=\"paragraph\" data-mrf-recirculation=\"Links inline\">Fern\u00e1ndez adelant\u00f3 a\u00a0<b>Infobae\u00a0<\/b>que\u00a0<b>a partir de ma\u00f1ana martes, el bloqueo atmosf\u00e9rico ser\u00e1 apenas perceptible en el este del pa\u00eds, favoreciendo mayor nubosidad e inestabilidad<\/b>.<\/p>\n<p class=\"paragraph\" data-mrf-recirculation=\"Links inline\">El cambio principal se dar\u00e1 cuando el viento deje de soplar desde el norte y pase a hacerlo desde el este, lo que permitir\u00e1 una baja paulatina de las temperaturas y abrir\u00e1 el camino hacia una etapa m\u00e1s templada para vastas zonas del pa\u00eds.<\/p>\n<h2 class=\"header headline-class-h2 headline\">Calor seco, luego calor h\u00famedo<\/h2>\n<div class=\"visual__image\"><picture><source srcset=\"https:\/\/www.infobae.com\/resizer\/v2\/KZJMH76CZBBOHJ2WYTRWVRQXGU.jpg?auth=1d76f001d0adeed292e11f33f9de8b179516a3b97fec5d22bf6cbdc6a911726a&amp;smart=true&amp;width=992&amp;height=703&amp;quality=85\" media=\"(min-width: 1000px)\" \/><source srcset=\"https:\/\/www.infobae.com\/resizer\/v2\/KZJMH76CZBBOHJ2WYTRWVRQXGU.jpg?auth=1d76f001d0adeed292e11f33f9de8b179516a3b97fec5d22bf6cbdc6a911726a&amp;smart=true&amp;width=768&amp;height=545&amp;quality=85\" media=\"(min-width: 768px)\" \/><source srcset=\"https:\/\/www.infobae.com\/resizer\/v2\/KZJMH76CZBBOHJ2WYTRWVRQXGU.jpg?auth=1d76f001d0adeed292e11f33f9de8b179516a3b97fec5d22bf6cbdc6a911726a&amp;smart=true&amp;width=577&amp;height=409&amp;quality=85\" media=\"(min-width: 580px)\" \/><source srcset=\"https:\/\/www.infobae.com\/resizer\/v2\/KZJMH76CZBBOHJ2WYTRWVRQXGU.jpg?auth=1d76f001d0adeed292e11f33f9de8b179516a3b97fec5d22bf6cbdc6a911726a&amp;smart=true&amp;width=420&amp;height=298&amp;quality=85\" media=\"(min-width: 350px)\" \/><source srcset=\"https:\/\/www.infobae.com\/resizer\/v2\/KZJMH76CZBBOHJ2WYTRWVRQXGU.jpg?auth=1d76f001d0adeed292e11f33f9de8b179516a3b97fec5d22bf6cbdc6a911726a&amp;smart=true&amp;width=350&amp;height=248&amp;quality=85\" media=\"(min-width: 80px)\" \/><img loading=\"lazy\" decoding=\"async\" class=\"global-image\" src=\"https:\/\/www.infobae.com\/resizer\/v2\/KZJMH76CZBBOHJ2WYTRWVRQXGU.jpg?auth=1d76f001d0adeed292e11f33f9de8b179516a3b97fec5d22bf6cbdc6a911726a&amp;smart=true&amp;width=350&amp;height=248&amp;quality=85\" alt=\"El Servicio Meteorol\u00f3gico Nacional mantiene\" width=\"3272\" height=\"2320\" \/><\/picture><em>El Servicio Meteorol\u00f3gico Nacional mantiene alertas vigentes en varias provincias (NA)<\/em><\/div>\n<p data-mrf-recirculation=\"Links inline\">\n<p class=\"paragraph\" data-mrf-recirculation=\"Links inline\">Actualmente, se observan m\u00e1ximas superiores a 35\u2103 en regiones de\u00a0<b>Cuyo, Catamarca, La Rioja, La Pampa, el norte de C\u00f3rdoba, el Litoral y \u00e1reas del Chaco<\/b>. Un rasgo destacado es el cambio progresivo de la sensaci\u00f3n t\u00e9rmica:<b>\u00a0primero calor seco, luego calor h\u00famedo<\/b>.<\/p>\n<p class=\"paragraph\" data-mrf-recirculation=\"Links inline\">Durante la primera etapa del evento, el calor es seco, con bajos niveles de humedad, lo que puede enga\u00f1ar respecto al riesgo. Ese tipo de calor puede resultar menos agobiante al principio, pero es enga\u00f1oso: el cuerpo pierde l\u00edquidos y sales m\u00e1s r\u00e1pido y muchas veces la se\u00f1al de sed aparece tarde, cuando ya hay un compromiso f\u00edsico, advirtieren los especialistas.<\/p>\n<p class=\"paragraph\" data-mrf-recirculation=\"Links inline\">La r\u00e1pida evaporaci\u00f3n de la transpiraci\u00f3n dificulta detectar la deshidrataci\u00f3n en las personas, lo que puede\u00a0<b>agravar el agotamiento t\u00e9rmico<\/b>. A medida que el anticicl\u00f3n se desplaza hacia el este, la humedad del aire aumenta y crece la sensaci\u00f3n t\u00e9rmica, dando lugar a las llamadas noches tropicales: temperaturas m\u00ednimas superiores a 24\u2103 o 25\u2103, que dificultan el enfriamiento de viviendas y edificios.<\/p>\n<h2 class=\"header headline-class-h2 headline\">Hay alerta por calor extremo: cu\u00e1ndo llegar\u00e1 el alivio<\/h2>\n<div class=\"visual__image\"><picture><source srcset=\"https:\/\/www.infobae.com\/resizer\/v2\/A7RZLYAPERHGHNPA7P5C5DH7NE.jpeg?auth=43ba85f0d63f94c7ba2916f84b8d6f0b9f9522b735335b4299a94bef17837b91&amp;smart=true&amp;width=992&amp;height=259&amp;quality=85\" media=\"(min-width: 1000px)\" \/><source srcset=\"https:\/\/www.infobae.com\/resizer\/v2\/A7RZLYAPERHGHNPA7P5C5DH7NE.jpeg?auth=43ba85f0d63f94c7ba2916f84b8d6f0b9f9522b735335b4299a94bef17837b91&amp;smart=true&amp;width=768&amp;height=200&amp;quality=85\" media=\"(min-width: 768px)\" \/><source srcset=\"https:\/\/www.infobae.com\/resizer\/v2\/A7RZLYAPERHGHNPA7P5C5DH7NE.jpeg?auth=43ba85f0d63f94c7ba2916f84b8d6f0b9f9522b735335b4299a94bef17837b91&amp;smart=true&amp;width=577&amp;height=151&amp;quality=85\" media=\"(min-width: 580px)\" \/><source srcset=\"https:\/\/www.infobae.com\/resizer\/v2\/A7RZLYAPERHGHNPA7P5C5DH7NE.jpeg?auth=43ba85f0d63f94c7ba2916f84b8d6f0b9f9522b735335b4299a94bef17837b91&amp;smart=true&amp;width=420&amp;height=110&amp;quality=85\" media=\"(min-width: 350px)\" \/><source srcset=\"https:\/\/www.infobae.com\/resizer\/v2\/A7RZLYAPERHGHNPA7P5C5DH7NE.jpeg?auth=43ba85f0d63f94c7ba2916f84b8d6f0b9f9522b735335b4299a94bef17837b91&amp;smart=true&amp;width=350&amp;height=91&amp;quality=85\" media=\"(min-width: 80px)\" \/><img loading=\"lazy\" decoding=\"async\" class=\"global-image\" src=\"https:\/\/www.infobae.com\/resizer\/v2\/A7RZLYAPERHGHNPA7P5C5DH7NE.jpeg?auth=43ba85f0d63f94c7ba2916f84b8d6f0b9f9522b735335b4299a94bef17837b91&amp;smart=true&amp;width=350&amp;height=91&amp;quality=85\" alt=\"El alivio t\u00e9rmico llegar\u00eda con\" width=\"1031\" height=\"269\" \/><\/picture><em>El alivio t\u00e9rmico llegar\u00eda con el avance de un d\u00e9bil frente fr\u00edo durante la semana<\/em><\/div>\n<p data-mrf-recirculation=\"Links inline\">\n<p class=\"paragraph\" data-mrf-recirculation=\"Links inline\">El\u00a0<b>Servicio Meteorol\u00f3gico Nacional<\/b>\u00a0mantiene un extenso sistema de<b>\u00a0alerta meteorol\u00f3gica, con niveles amarillo y naranja<\/b>\u00a0en provincias como Buenos Aires, C\u00f3rdoba, Santa Fe, Entre R\u00edos, Corrientes, Misiones, sudeste de Santiago del Estero, este de Chaco y este de San Luis.<\/p>\n<p class=\"paragraph\" data-mrf-recirculation=\"Links inline\">Estas advertencias alcanzan a grupos de riesgo \u2014beb\u00e9s y adultos mayores\u2014 y a la poblaci\u00f3n general, ya que\u00a0<b>la exposici\u00f3n sostenida puede provocar agotamiento t\u00e9rmico y otros problemas de salud<\/b>, incluso en personas sanas.<\/p>\n<p class=\"paragraph\" data-mrf-recirculation=\"Links inline\">Los pron\u00f3sticos indican que<b>\u00a0el bloqueo atmosf\u00e9rico comenzar\u00e1 a debilitarse lentamente entre el martes y el mi\u00e9rcoles<\/b>. Seg\u00fan el SMN,<b>\u00a0el alivio llegar\u00eda con la llegada de un frente fr\u00edo d\u00e9bil<\/b>\u00a0que traer\u00eda tormentas aisladas y una reducci\u00f3n moderada de las temperaturas, aunque no se prev\u00e9 un cambio radical en la masa de aire.<\/p>\n<\/div>\n<\/article>\n<p data-mrf-recirculation=\"Links inline\">\n<p data-mrf-recirculation=\"Links inline\">\n<p data-mrf-recirculation=\"Links inline\"><em><strong>Fuente Infobae<\/strong><\/em><\/p>\n","protected":false},"excerpt":{"rendered":"<p>Un bloqueo en la atm\u00f3sfera impide la llegada de aire fresco en gran parte de Argentina. Cu\u00e1ndo llegar\u00e1 el alivio, seg\u00fan el Servicio Meteorol\u00f3gico Nacional<\/p>\n","protected":false},"author":3,"featured_media":80536,"comment_status":"closed","ping_status":"closed","sticky":false,"template":"","format":"standard","meta":{"footnotes":""},"categories":[46],"tags":[48],"class_list":["post-131930","post","type-post","status-publish","format-standard","has-post-thumbnail","hentry","category-ciencia-y-tecnologia","tag-destacada"],"yoast_head":"<!-- This site is optimized with the Yoast SEO plugin v25.9 - https:\/\/yoast.com\/wordpress\/plugins\/seo\/ -->\n<title>Muro atmosf\u00e9rico: qu\u00e9 es el fen\u00f3meno meteorol\u00f3gico que impulsa las altas temperaturas en todo el pa\u00eds - Noticias Radio Reflejos<\/title>\n<meta name=\"robots\" content=\"index, follow, max-snippet:-1, max-image-preview:large, max-video-preview:-1\" \/>\n<link rel=\"canonical\" href=\"https:\/\/www.noticiasradioreflejos.com.ar\/2021\/muro-atmosferico-que-es-el-fenomeno-meteorologico-que-impulsa-las-altas-temperaturas-en-todo-el-pais\/\" \/>\n<meta property=\"og:locale\" content=\"es_ES\" \/>\n<meta property=\"og:type\" content=\"article\" \/>\n<meta property=\"og:title\" content=\"Muro atmosf\u00e9rico: qu\u00e9 es el fen\u00f3meno meteorol\u00f3gico que impulsa las altas temperaturas en todo el pa\u00eds - Noticias Radio Reflejos\" \/>\n<meta property=\"og:description\" content=\"Un bloqueo en la atm\u00f3sfera impide la llegada de aire fresco en gran parte de Argentina. Cu\u00e1ndo llegar\u00e1 el alivio, seg\u00fan el Servicio Meteorol\u00f3gico Nacional\" \/>\n<meta property=\"og:url\" content=\"https:\/\/www.noticiasradioreflejos.com.ar\/2021\/muro-atmosferico-que-es-el-fenomeno-meteorologico-que-impulsa-las-altas-temperaturas-en-todo-el-pais\/\" \/>\n<meta property=\"og:site_name\" content=\"Noticias Radio Reflejos\" \/>\n<meta property=\"article:published_time\" content=\"2026-01-26T19:22:07+00:00\" \/>\n<meta property=\"og:image\" content=\"https:\/\/www.noticiasradioreflejos.com.ar\/2021\/wp-content\/uploads\/2022\/11\/calor-700x465-1.jpg\" \/>\n\t<meta property=\"og:image:width\" content=\"700\" \/>\n\t<meta property=\"og:image:height\" content=\"465\" \/>\n\t<meta property=\"og:image:type\" content=\"image\/jpeg\" \/>\n<meta name=\"author\" content=\"Arnaldo Botto\" \/>\n<meta name=\"twitter:card\" content=\"summary_large_image\" \/>\n<script type=\"application\/ld+json\" class=\"yoast-schema-graph\">{\"@context\":\"https:\/\/schema.org\",\"@graph\":[{\"@type\":\"WebPage\",\"@id\":\"https:\/\/www.noticiasradioreflejos.com.ar\/2021\/muro-atmosferico-que-es-el-fenomeno-meteorologico-que-impulsa-las-altas-temperaturas-en-todo-el-pais\/\",\"url\":\"https:\/\/www.noticiasradioreflejos.com.ar\/2021\/muro-atmosferico-que-es-el-fenomeno-meteorologico-que-impulsa-las-altas-temperaturas-en-todo-el-pais\/\",\"name\":\"Muro atmosf\u00e9rico: qu\u00e9 es el fen\u00f3meno meteorol\u00f3gico que impulsa las altas temperaturas en todo el pa\u00eds - Noticias Radio Reflejos\",\"isPartOf\":{\"@id\":\"https:\/\/www.noticiasradioreflejos.com.ar\/2021\/#website\"},\"primaryImageOfPage\":{\"@id\":\"https:\/\/www.noticiasradioreflejos.com.ar\/2021\/muro-atmosferico-que-es-el-fenomeno-meteorologico-que-impulsa-las-altas-temperaturas-en-todo-el-pais\/#primaryimage\"},\"image\":{\"@id\":\"https:\/\/www.noticiasradioreflejos.com.ar\/2021\/muro-atmosferico-que-es-el-fenomeno-meteorologico-que-impulsa-las-altas-temperaturas-en-todo-el-pais\/#primaryimage\"},\"thumbnailUrl\":\"https:\/\/www.noticiasradioreflejos.com.ar\/2021\/wp-content\/uploads\/2022\/11\/calor-700x465-1.jpg\",\"datePublished\":\"2026-01-26T19:22:07+00:00\",\"author\":{\"@id\":\"https:\/\/www.noticiasradioreflejos.com.ar\/2021\/#\/schema\/person\/ad82545263dcc5ec0996818884fd5fb1\"},\"breadcrumb\":{\"@id\":\"https:\/\/www.noticiasradioreflejos.com.ar\/2021\/muro-atmosferico-que-es-el-fenomeno-meteorologico-que-impulsa-las-altas-temperaturas-en-todo-el-pais\/#breadcrumb\"},\"inLanguage\":\"es\",\"potentialAction\":[{\"@type\":\"ReadAction\",\"target\":[\"https:\/\/www.noticiasradioreflejos.com.ar\/2021\/muro-atmosferico-que-es-el-fenomeno-meteorologico-que-impulsa-las-altas-temperaturas-en-todo-el-pais\/\"]}]},{\"@type\":\"ImageObject\",\"inLanguage\":\"es\",\"@id\":\"https:\/\/www.noticiasradioreflejos.com.ar\/2021\/muro-atmosferico-que-es-el-fenomeno-meteorologico-que-impulsa-las-altas-temperaturas-en-todo-el-pais\/#primaryimage\",\"url\":\"https:\/\/www.noticiasradioreflejos.com.ar\/2021\/wp-content\/uploads\/2022\/11\/calor-700x465-1.jpg\",\"contentUrl\":\"https:\/\/www.noticiasradioreflejos.com.ar\/2021\/wp-content\/uploads\/2022\/11\/calor-700x465-1.jpg\",\"width\":700,\"height\":465},{\"@type\":\"BreadcrumbList\",\"@id\":\"https:\/\/www.noticiasradioreflejos.com.ar\/2021\/muro-atmosferico-que-es-el-fenomeno-meteorologico-que-impulsa-las-altas-temperaturas-en-todo-el-pais\/#breadcrumb\",\"itemListElement\":[{\"@type\":\"ListItem\",\"position\":1,\"name\":\"Portada\",\"item\":\"https:\/\/www.noticiasradioreflejos.com.ar\/2021\/\"},{\"@type\":\"ListItem\",\"position\":2,\"name\":\"Muro atmosf\u00e9rico: qu\u00e9 es el fen\u00f3meno meteorol\u00f3gico que impulsa las altas temperaturas en todo el pa\u00eds\"}]},{\"@type\":\"WebSite\",\"@id\":\"https:\/\/www.noticiasradioreflejos.com.ar\/2021\/#website\",\"url\":\"https:\/\/www.noticiasradioreflejos.com.ar\/2021\/\",\"name\":\"Noticias Radio Reflejos\",\"description\":\"Las noticias de mi comarca\",\"potentialAction\":[{\"@type\":\"SearchAction\",\"target\":{\"@type\":\"EntryPoint\",\"urlTemplate\":\"https:\/\/www.noticiasradioreflejos.com.ar\/2021\/?s={search_term_string}\"},\"query-input\":{\"@type\":\"PropertyValueSpecification\",\"valueRequired\":true,\"valueName\":\"search_term_string\"}}],\"inLanguage\":\"es\"},{\"@type\":\"Person\",\"@id\":\"https:\/\/www.noticiasradioreflejos.com.ar\/2021\/#\/schema\/person\/ad82545263dcc5ec0996818884fd5fb1\",\"name\":\"Arnaldo Botto\",\"image\":{\"@type\":\"ImageObject\",\"inLanguage\":\"es\",\"@id\":\"https:\/\/www.noticiasradioreflejos.com.ar\/2021\/#\/schema\/person\/image\/\",\"url\":\"https:\/\/secure.gravatar.com\/avatar\/55cb5e37c1efa326397366e6974cb338056df65cb50e7d64d1cf314e87504837?s=96&d=mm&r=g\",\"contentUrl\":\"https:\/\/secure.gravatar.com\/avatar\/55cb5e37c1efa326397366e6974cb338056df65cb50e7d64d1cf314e87504837?s=96&d=mm&r=g\",\"caption\":\"Arnaldo Botto\"},\"url\":\"https:\/\/www.noticiasradioreflejos.com.ar\/2021\/author\/arnaldo\/\"}]}<\/script>\n<!-- \/ Yoast SEO plugin. -->","yoast_head_json":{"title":"Muro atmosf\u00e9rico: qu\u00e9 es el fen\u00f3meno meteorol\u00f3gico que impulsa las altas temperaturas en todo el pa\u00eds - Noticias Radio Reflejos","robots":{"index":"index","follow":"follow","max-snippet":"max-snippet:-1","max-image-preview":"max-image-preview:large","max-video-preview":"max-video-preview:-1"},"canonical":"https:\/\/www.noticiasradioreflejos.com.ar\/2021\/muro-atmosferico-que-es-el-fenomeno-meteorologico-que-impulsa-las-altas-temperaturas-en-todo-el-pais\/","og_locale":"es_ES","og_type":"article","og_title":"Muro atmosf\u00e9rico: qu\u00e9 es el fen\u00f3meno meteorol\u00f3gico que impulsa las altas temperaturas en todo el pa\u00eds - Noticias Radio Reflejos","og_description":"Un bloqueo en la atm\u00f3sfera impide la llegada de aire fresco en gran parte de Argentina. Cu\u00e1ndo llegar\u00e1 el alivio, seg\u00fan el Servicio Meteorol\u00f3gico Nacional","og_url":"https:\/\/www.noticiasradioreflejos.com.ar\/2021\/muro-atmosferico-que-es-el-fenomeno-meteorologico-que-impulsa-las-altas-temperaturas-en-todo-el-pais\/","og_site_name":"Noticias Radio Reflejos","article_published_time":"2026-01-26T19:22:07+00:00","og_image":[{"width":700,"height":465,"url":"https:\/\/www.noticiasradioreflejos.com.ar\/2021\/wp-content\/uploads\/2022\/11\/calor-700x465-1.jpg","type":"image\/jpeg"}],"author":"Arnaldo Botto","twitter_card":"summary_large_image","schema":{"@context":"https:\/\/schema.org","@graph":[{"@type":"WebPage","@id":"https:\/\/www.noticiasradioreflejos.com.ar\/2021\/muro-atmosferico-que-es-el-fenomeno-meteorologico-que-impulsa-las-altas-temperaturas-en-todo-el-pais\/","url":"https:\/\/www.noticiasradioreflejos.com.ar\/2021\/muro-atmosferico-que-es-el-fenomeno-meteorologico-que-impulsa-las-altas-temperaturas-en-todo-el-pais\/","name":"Muro atmosf\u00e9rico: qu\u00e9 es el fen\u00f3meno meteorol\u00f3gico que impulsa las altas temperaturas en todo el pa\u00eds - Noticias Radio Reflejos","isPartOf":{"@id":"https:\/\/www.noticiasradioreflejos.com.ar\/2021\/#website"},"primaryImageOfPage":{"@id":"https:\/\/www.noticiasradioreflejos.com.ar\/2021\/muro-atmosferico-que-es-el-fenomeno-meteorologico-que-impulsa-las-altas-temperaturas-en-todo-el-pais\/#primaryimage"},"image":{"@id":"https:\/\/www.noticiasradioreflejos.com.ar\/2021\/muro-atmosferico-que-es-el-fenomeno-meteorologico-que-impulsa-las-altas-temperaturas-en-todo-el-pais\/#primaryimage"},"thumbnailUrl":"https:\/\/www.noticiasradioreflejos.com.ar\/2021\/wp-content\/uploads\/2022\/11\/calor-700x465-1.jpg","datePublished":"2026-01-26T19:22:07+00:00","author":{"@id":"https:\/\/www.noticiasradioreflejos.com.ar\/2021\/#\/schema\/person\/ad82545263dcc5ec0996818884fd5fb1"},"breadcrumb":{"@id":"https:\/\/www.noticiasradioreflejos.com.ar\/2021\/muro-atmosferico-que-es-el-fenomeno-meteorologico-que-impulsa-las-altas-temperaturas-en-todo-el-pais\/#breadcrumb"},"inLanguage":"es","potentialAction":[{"@type":"ReadAction","target":["https:\/\/www.noticiasradioreflejos.com.ar\/2021\/muro-atmosferico-que-es-el-fenomeno-meteorologico-que-impulsa-las-altas-temperaturas-en-todo-el-pais\/"]}]},{"@type":"ImageObject","inLanguage":"es","@id":"https:\/\/www.noticiasradioreflejos.com.ar\/2021\/muro-atmosferico-que-es-el-fenomeno-meteorologico-que-impulsa-las-altas-temperaturas-en-todo-el-pais\/#primaryimage","url":"https:\/\/www.noticiasradioreflejos.com.ar\/2021\/wp-content\/uploads\/2022\/11\/calor-700x465-1.jpg","contentUrl":"https:\/\/www.noticiasradioreflejos.com.ar\/2021\/wp-content\/uploads\/2022\/11\/calor-700x465-1.jpg","width":700,"height":465},{"@type":"BreadcrumbList","@id":"https:\/\/www.noticiasradioreflejos.com.ar\/2021\/muro-atmosferico-que-es-el-fenomeno-meteorologico-que-impulsa-las-altas-temperaturas-en-todo-el-pais\/#breadcrumb","itemListElement":[{"@type":"ListItem","position":1,"name":"Portada","item":"https:\/\/www.noticiasradioreflejos.com.ar\/2021\/"},{"@type":"ListItem","position":2,"name":"Muro atmosf\u00e9rico: qu\u00e9 es el fen\u00f3meno meteorol\u00f3gico que impulsa las altas temperaturas en todo el pa\u00eds"}]},{"@type":"WebSite","@id":"https:\/\/www.noticiasradioreflejos.com.ar\/2021\/#website","url":"https:\/\/www.noticiasradioreflejos.com.ar\/2021\/","name":"Noticias Radio Reflejos","description":"Las noticias de mi comarca","potentialAction":[{"@type":"SearchAction","target":{"@type":"EntryPoint","urlTemplate":"https:\/\/www.noticiasradioreflejos.com.ar\/2021\/?s={search_term_string}"},"query-input":{"@type":"PropertyValueSpecification","valueRequired":true,"valueName":"search_term_string"}}],"inLanguage":"es"},{"@type":"Person","@id":"https:\/\/www.noticiasradioreflejos.com.ar\/2021\/#\/schema\/person\/ad82545263dcc5ec0996818884fd5fb1","name":"Arnaldo Botto","image":{"@type":"ImageObject","inLanguage":"es","@id":"https:\/\/www.noticiasradioreflejos.com.ar\/2021\/#\/schema\/person\/image\/","url":"https:\/\/secure.gravatar.com\/avatar\/55cb5e37c1efa326397366e6974cb338056df65cb50e7d64d1cf314e87504837?s=96&d=mm&r=g","contentUrl":"https:\/\/secure.gravatar.com\/avatar\/55cb5e37c1efa326397366e6974cb338056df65cb50e7d64d1cf314e87504837?s=96&d=mm&r=g","caption":"Arnaldo Botto"},"url":"https:\/\/www.noticiasradioreflejos.com.ar\/2021\/author\/arnaldo\/"}]}},"_links":{"self":[{"href":"https:\/\/www.noticiasradioreflejos.com.ar\/2021\/wp-json\/wp\/v2\/posts\/131930","targetHints":{"allow":["GET"]}}],"collection":[{"href":"https:\/\/www.noticiasradioreflejos.com.ar\/2021\/wp-json\/wp\/v2\/posts"}],"about":[{"href":"https:\/\/www.noticiasradioreflejos.com.ar\/2021\/wp-json\/wp\/v2\/types\/post"}],"author":[{"embeddable":true,"href":"https:\/\/www.noticiasradioreflejos.com.ar\/2021\/wp-json\/wp\/v2\/users\/3"}],"replies":[{"embeddable":true,"href":"https:\/\/www.noticiasradioreflejos.com.ar\/2021\/wp-json\/wp\/v2\/comments?post=131930"}],"version-history":[{"count":1,"href":"https:\/\/www.noticiasradioreflejos.com.ar\/2021\/wp-json\/wp\/v2\/posts\/131930\/revisions"}],"predecessor-version":[{"id":131931,"href":"https:\/\/www.noticiasradioreflejos.com.ar\/2021\/wp-json\/wp\/v2\/posts\/131930\/revisions\/131931"}],"wp:featuredmedia":[{"embeddable":true,"href":"https:\/\/www.noticiasradioreflejos.com.ar\/2021\/wp-json\/wp\/v2\/media\/80536"}],"wp:attachment":[{"href":"https:\/\/www.noticiasradioreflejos.com.ar\/2021\/wp-json\/wp\/v2\/media?parent=131930"}],"wp:term":[{"taxonomy":"category","embeddable":true,"href":"https:\/\/www.noticiasradioreflejos.com.ar\/2021\/wp-json\/wp\/v2\/categories?post=131930"},{"taxonomy":"post_tag","embeddable":true,"href":"https:\/\/www.noticiasradioreflejos.com.ar\/2021\/wp-json\/wp\/v2\/tags?post=131930"}],"curies":[{"name":"wp","href":"https:\/\/api.w.org\/{rel}","templated":true}]}}