{"id":131927,"date":"2026-01-26T16:17:21","date_gmt":"2026-01-26T19:17:21","guid":{"rendered":"https:\/\/www.noticiasradioreflejos.com.ar\/2021\/?p=131927"},"modified":"2026-01-26T16:17:21","modified_gmt":"2026-01-26T19:17:21","slug":"alerta-ambiental-varamientos-de-delfines-comunes-en-la-bahia-de-san-antonio","status":"publish","type":"post","link":"https:\/\/www.noticiasradioreflejos.com.ar\/2021\/alerta-ambiental-varamientos-de-delfines-comunes-en-la-bahia-de-san-antonio\/","title":{"rendered":"Alerta ambiental: Varamientos de delfines comunes en la Bah\u00eda de San Antonio"},"content":{"rendered":"<p>En los \u00faltimos d\u00edas se registr\u00f3 el hallazgo de siete ejemplares de delf\u00edn com\u00fan en distintos puntos de la costa rionegrina, activando protocolos de rescate y monitoreo sanitario. Especialistas se\u00f1alan que el fen\u00f3meno podr\u00eda estar vinculado a causas naturales como ataques de depredadores o desorientaci\u00f3n por mareas, y advierten a la comunidad no manipular a los animales.<!--more--><\/p>\n<p data-path-to-node=\"6\">De acuerdo a lo informado por el diario <b data-path-to-node=\"6\" data-index-in-node=\"40\">R\u00edo Negro<\/b>, el fen\u00f3meno comenz\u00f3 el pasado 21 de enero en la Pen\u00ednsula Villarino, donde un ejemplar vivo pudo ser devuelto al mar tras una exitosa intervenci\u00f3n de los guardas ambientales. Sin embargo, en las jornadas siguientes se report\u00f3 el hallazgo de seis ejemplares sin vida en zonas como El S\u00f3tano, playas del Puerto del Este y Playa Acantilados.<\/p>\n<p data-path-to-node=\"7\">El integrante del \u00e1rea de Guardas Ambientales, Sebasti\u00e1n Ortega, detall\u00f3 que los ejemplares muertos fueron trasladados al Centro de Investigaci\u00f3n de Mam\u00edferos Marinos (CIMAS) para su an\u00e1lisis. Se destaca que la mayor\u00eda de los individuos analizados eran hembras, detect\u00e1ndose en algunos casos presencia de leche materna, lo que sugiere la existencia de cr\u00edas en per\u00edodo de lactancia en la zona.<\/p>\n<h3 data-path-to-node=\"8\"><b data-path-to-node=\"8\" data-index-in-node=\"0\">Causas y caracter\u00edsticas de la especie<\/b><\/h3>\n<p data-path-to-node=\"9\">El <b data-path-to-node=\"9\" data-index-in-node=\"3\">delf\u00edn com\u00fan<\/b> (<i data-path-to-node=\"9\" data-index-in-node=\"17\">Delphinus delphis<\/i>) es una especie oce\u00e1nica que no suele habitar cerca de la costa. Seg\u00fan los especialistas consultados por el medio citado, el encallamiento de estos mam\u00edferos pel\u00e1gicos puede deberse a:<\/p>\n<ul data-path-to-node=\"10\">\n<li>\n<p data-path-to-node=\"10,0,0\"><b data-path-to-node=\"10,0,0\" data-index-in-node=\"0\">Ataques de orcas:<\/b> El p\u00e1nico generado por depredadores puede desorientar a los grupos de delfines, llev\u00e1ndolos hacia bancos de arena.<\/p>\n<\/li>\n<li>\n<p data-path-to-node=\"10,1,0\"><b data-path-to-node=\"10,1,0\" data-index-in-node=\"0\">Factores clim\u00e1ticos y mareas:<\/b> Las bajantes repentinas pueden dejar atrapados a los animales en zonas de poca profundidad.<\/p>\n<\/li>\n<\/ul>\n<h3 data-path-to-node=\"11\"><b data-path-to-node=\"11\" data-index-in-node=\"0\">Recomendaciones a la comunidad<\/b><\/h3>\n<p data-path-to-node=\"12\">Ante la aparici\u00f3n de un animal varado, las autoridades remarcaron la importancia de <b data-path-to-node=\"12\" data-index-in-node=\"84\">no tocar ni manipular<\/b> a los ejemplares, ya que los animales muertos pueden portar enfermedades como viruela o afecciones de la piel.<\/p>\n<p data-path-to-node=\"13\">Se solicita a los vecinos y turistas comunicarse de inmediato con los canales oficiales:<\/p>\n<ul data-path-to-node=\"14\">\n<li>\n<p data-path-to-node=\"14,0,0\"><b data-path-to-node=\"14,0,0\" data-index-in-node=\"0\">911<\/b> Emergencias.<\/p>\n<\/li>\n<li>\n<p data-path-to-node=\"14,1,0\"><b data-path-to-node=\"14,1,0\" data-index-in-node=\"0\">106<\/b> Prefectura Naval Argentina.<\/p>\n<\/li>\n<li>\n<p data-path-to-node=\"14,2,0\"><b data-path-to-node=\"14,2,0\" data-index-in-node=\"0\">Subsecretar\u00eda de Fauna Silvestre:<\/b> 2920 612000.<\/p>\n<\/li>\n<\/ul>\n<p data-path-to-node=\"16\">\n<p data-path-to-node=\"16\"><b data-path-to-node=\"16\" data-index-in-node=\"0\">Fuente:<\/b> <i data-path-to-node=\"16\" data-index-in-node=\"8\">Diario R\u00edo Negro<\/i>.<\/p>\n","protected":false},"excerpt":{"rendered":"<p>En los \u00faltimos d\u00edas se registr\u00f3 el hallazgo de siete ejemplares de delf\u00edn com\u00fan en distintos puntos de la costa rionegrina, activando protocolos de rescate y monitoreo sanitario. Especialistas se\u00f1alan que el fen\u00f3meno podr\u00eda estar vinculado a causas naturales como ataques de depredadores o desorientaci\u00f3n por mareas, y advierten a la comunidad no manipular a [&hellip;]<\/p>\n","protected":false},"author":3,"featured_media":131928,"comment_status":"closed","ping_status":"closed","sticky":false,"template":"","format":"standard","meta":{"footnotes":""},"categories":[46,26],"tags":[],"class_list":["post-131927","post","type-post","status-publish","format-standard","has-post-thumbnail","hentry","category-ciencia-y-tecnologia","category-sociedad"],"yoast_head":"<!-- This site is optimized with the Yoast SEO plugin v25.9 - https:\/\/yoast.com\/wordpress\/plugins\/seo\/ -->\n<title>Alerta ambiental: Varamientos de delfines comunes en la Bah\u00eda de San Antonio - Noticias Radio Reflejos<\/title>\n<meta name=\"robots\" content=\"index, follow, max-snippet:-1, max-image-preview:large, max-video-preview:-1\" \/>\n<link rel=\"canonical\" href=\"https:\/\/www.noticiasradioreflejos.com.ar\/2021\/alerta-ambiental-varamientos-de-delfines-comunes-en-la-bahia-de-san-antonio\/\" \/>\n<meta property=\"og:locale\" content=\"es_ES\" \/>\n<meta property=\"og:type\" content=\"article\" \/>\n<meta property=\"og:title\" content=\"Alerta ambiental: Varamientos de delfines comunes en la Bah\u00eda de San Antonio - Noticias Radio Reflejos\" \/>\n<meta property=\"og:description\" content=\"En los \u00faltimos d\u00edas se registr\u00f3 el hallazgo de siete ejemplares de delf\u00edn com\u00fan en distintos puntos de la costa rionegrina, activando protocolos de rescate y monitoreo sanitario. Especialistas se\u00f1alan que el fen\u00f3meno podr\u00eda estar vinculado a causas naturales como ataques de depredadores o desorientaci\u00f3n por mareas, y advierten a la comunidad no manipular a [&hellip;]\" \/>\n<meta property=\"og:url\" content=\"https:\/\/www.noticiasradioreflejos.com.ar\/2021\/alerta-ambiental-varamientos-de-delfines-comunes-en-la-bahia-de-san-antonio\/\" \/>\n<meta property=\"og:site_name\" content=\"Noticias Radio Reflejos\" \/>\n<meta property=\"article:published_time\" content=\"2026-01-26T19:17:21+00:00\" \/>\n<meta property=\"og:image\" content=\"https:\/\/www.noticiasradioreflejos.com.ar\/2021\/wp-content\/uploads\/2026\/01\/delfines-varados-en-rio-negro.webp\" \/>\n\t<meta property=\"og:image:width\" content=\"920\" \/>\n\t<meta property=\"og:image:height\" content=\"520\" \/>\n\t<meta property=\"og:image:type\" content=\"image\/webp\" \/>\n<meta name=\"author\" content=\"Arnaldo Botto\" \/>\n<meta name=\"twitter:card\" content=\"summary_large_image\" \/>\n<script type=\"application\/ld+json\" class=\"yoast-schema-graph\">{\"@context\":\"https:\/\/schema.org\",\"@graph\":[{\"@type\":\"WebPage\",\"@id\":\"https:\/\/www.noticiasradioreflejos.com.ar\/2021\/alerta-ambiental-varamientos-de-delfines-comunes-en-la-bahia-de-san-antonio\/\",\"url\":\"https:\/\/www.noticiasradioreflejos.com.ar\/2021\/alerta-ambiental-varamientos-de-delfines-comunes-en-la-bahia-de-san-antonio\/\",\"name\":\"Alerta ambiental: Varamientos de delfines comunes en la Bah\u00eda de San Antonio - Noticias Radio Reflejos\",\"isPartOf\":{\"@id\":\"https:\/\/www.noticiasradioreflejos.com.ar\/2021\/#website\"},\"primaryImageOfPage\":{\"@id\":\"https:\/\/www.noticiasradioreflejos.com.ar\/2021\/alerta-ambiental-varamientos-de-delfines-comunes-en-la-bahia-de-san-antonio\/#primaryimage\"},\"image\":{\"@id\":\"https:\/\/www.noticiasradioreflejos.com.ar\/2021\/alerta-ambiental-varamientos-de-delfines-comunes-en-la-bahia-de-san-antonio\/#primaryimage\"},\"thumbnailUrl\":\"https:\/\/www.noticiasradioreflejos.com.ar\/2021\/wp-content\/uploads\/2026\/01\/delfines-varados-en-rio-negro.webp\",\"datePublished\":\"2026-01-26T19:17:21+00:00\",\"author\":{\"@id\":\"https:\/\/www.noticiasradioreflejos.com.ar\/2021\/#\/schema\/person\/ad82545263dcc5ec0996818884fd5fb1\"},\"breadcrumb\":{\"@id\":\"https:\/\/www.noticiasradioreflejos.com.ar\/2021\/alerta-ambiental-varamientos-de-delfines-comunes-en-la-bahia-de-san-antonio\/#breadcrumb\"},\"inLanguage\":\"es\",\"potentialAction\":[{\"@type\":\"ReadAction\",\"target\":[\"https:\/\/www.noticiasradioreflejos.com.ar\/2021\/alerta-ambiental-varamientos-de-delfines-comunes-en-la-bahia-de-san-antonio\/\"]}]},{\"@type\":\"ImageObject\",\"inLanguage\":\"es\",\"@id\":\"https:\/\/www.noticiasradioreflejos.com.ar\/2021\/alerta-ambiental-varamientos-de-delfines-comunes-en-la-bahia-de-san-antonio\/#primaryimage\",\"url\":\"https:\/\/www.noticiasradioreflejos.com.ar\/2021\/wp-content\/uploads\/2026\/01\/delfines-varados-en-rio-negro.webp\",\"contentUrl\":\"https:\/\/www.noticiasradioreflejos.com.ar\/2021\/wp-content\/uploads\/2026\/01\/delfines-varados-en-rio-negro.webp\",\"width\":920,\"height\":520},{\"@type\":\"BreadcrumbList\",\"@id\":\"https:\/\/www.noticiasradioreflejos.com.ar\/2021\/alerta-ambiental-varamientos-de-delfines-comunes-en-la-bahia-de-san-antonio\/#breadcrumb\",\"itemListElement\":[{\"@type\":\"ListItem\",\"position\":1,\"name\":\"Portada\",\"item\":\"https:\/\/www.noticiasradioreflejos.com.ar\/2021\/\"},{\"@type\":\"ListItem\",\"position\":2,\"name\":\"Alerta ambiental: Varamientos de delfines comunes en la Bah\u00eda de San Antonio\"}]},{\"@type\":\"WebSite\",\"@id\":\"https:\/\/www.noticiasradioreflejos.com.ar\/2021\/#website\",\"url\":\"https:\/\/www.noticiasradioreflejos.com.ar\/2021\/\",\"name\":\"Noticias Radio Reflejos\",\"description\":\"Las noticias de mi comarca\",\"potentialAction\":[{\"@type\":\"SearchAction\",\"target\":{\"@type\":\"EntryPoint\",\"urlTemplate\":\"https:\/\/www.noticiasradioreflejos.com.ar\/2021\/?s={search_term_string}\"},\"query-input\":{\"@type\":\"PropertyValueSpecification\",\"valueRequired\":true,\"valueName\":\"search_term_string\"}}],\"inLanguage\":\"es\"},{\"@type\":\"Person\",\"@id\":\"https:\/\/www.noticiasradioreflejos.com.ar\/2021\/#\/schema\/person\/ad82545263dcc5ec0996818884fd5fb1\",\"name\":\"Arnaldo Botto\",\"image\":{\"@type\":\"ImageObject\",\"inLanguage\":\"es\",\"@id\":\"https:\/\/www.noticiasradioreflejos.com.ar\/2021\/#\/schema\/person\/image\/\",\"url\":\"https:\/\/secure.gravatar.com\/avatar\/55cb5e37c1efa326397366e6974cb338056df65cb50e7d64d1cf314e87504837?s=96&d=mm&r=g\",\"contentUrl\":\"https:\/\/secure.gravatar.com\/avatar\/55cb5e37c1efa326397366e6974cb338056df65cb50e7d64d1cf314e87504837?s=96&d=mm&r=g\",\"caption\":\"Arnaldo Botto\"},\"url\":\"https:\/\/www.noticiasradioreflejos.com.ar\/2021\/author\/arnaldo\/\"}]}<\/script>\n<!-- \/ Yoast SEO plugin. -->","yoast_head_json":{"title":"Alerta ambiental: Varamientos de delfines comunes en la Bah\u00eda de San Antonio - Noticias Radio Reflejos","robots":{"index":"index","follow":"follow","max-snippet":"max-snippet:-1","max-image-preview":"max-image-preview:large","max-video-preview":"max-video-preview:-1"},"canonical":"https:\/\/www.noticiasradioreflejos.com.ar\/2021\/alerta-ambiental-varamientos-de-delfines-comunes-en-la-bahia-de-san-antonio\/","og_locale":"es_ES","og_type":"article","og_title":"Alerta ambiental: Varamientos de delfines comunes en la Bah\u00eda de San Antonio - Noticias Radio Reflejos","og_description":"En los \u00faltimos d\u00edas se registr\u00f3 el hallazgo de siete ejemplares de delf\u00edn com\u00fan en distintos puntos de la costa rionegrina, activando protocolos de rescate y monitoreo sanitario. Especialistas se\u00f1alan que el fen\u00f3meno podr\u00eda estar vinculado a causas naturales como ataques de depredadores o desorientaci\u00f3n por mareas, y advierten a la comunidad no manipular a [&hellip;]","og_url":"https:\/\/www.noticiasradioreflejos.com.ar\/2021\/alerta-ambiental-varamientos-de-delfines-comunes-en-la-bahia-de-san-antonio\/","og_site_name":"Noticias Radio Reflejos","article_published_time":"2026-01-26T19:17:21+00:00","og_image":[{"width":920,"height":520,"url":"https:\/\/www.noticiasradioreflejos.com.ar\/2021\/wp-content\/uploads\/2026\/01\/delfines-varados-en-rio-negro.webp","type":"image\/webp"}],"author":"Arnaldo Botto","twitter_card":"summary_large_image","schema":{"@context":"https:\/\/schema.org","@graph":[{"@type":"WebPage","@id":"https:\/\/www.noticiasradioreflejos.com.ar\/2021\/alerta-ambiental-varamientos-de-delfines-comunes-en-la-bahia-de-san-antonio\/","url":"https:\/\/www.noticiasradioreflejos.com.ar\/2021\/alerta-ambiental-varamientos-de-delfines-comunes-en-la-bahia-de-san-antonio\/","name":"Alerta ambiental: Varamientos de delfines comunes en la Bah\u00eda de San Antonio - Noticias Radio Reflejos","isPartOf":{"@id":"https:\/\/www.noticiasradioreflejos.com.ar\/2021\/#website"},"primaryImageOfPage":{"@id":"https:\/\/www.noticiasradioreflejos.com.ar\/2021\/alerta-ambiental-varamientos-de-delfines-comunes-en-la-bahia-de-san-antonio\/#primaryimage"},"image":{"@id":"https:\/\/www.noticiasradioreflejos.com.ar\/2021\/alerta-ambiental-varamientos-de-delfines-comunes-en-la-bahia-de-san-antonio\/#primaryimage"},"thumbnailUrl":"https:\/\/www.noticiasradioreflejos.com.ar\/2021\/wp-content\/uploads\/2026\/01\/delfines-varados-en-rio-negro.webp","datePublished":"2026-01-26T19:17:21+00:00","author":{"@id":"https:\/\/www.noticiasradioreflejos.com.ar\/2021\/#\/schema\/person\/ad82545263dcc5ec0996818884fd5fb1"},"breadcrumb":{"@id":"https:\/\/www.noticiasradioreflejos.com.ar\/2021\/alerta-ambiental-varamientos-de-delfines-comunes-en-la-bahia-de-san-antonio\/#breadcrumb"},"inLanguage":"es","potentialAction":[{"@type":"ReadAction","target":["https:\/\/www.noticiasradioreflejos.com.ar\/2021\/alerta-ambiental-varamientos-de-delfines-comunes-en-la-bahia-de-san-antonio\/"]}]},{"@type":"ImageObject","inLanguage":"es","@id":"https:\/\/www.noticiasradioreflejos.com.ar\/2021\/alerta-ambiental-varamientos-de-delfines-comunes-en-la-bahia-de-san-antonio\/#primaryimage","url":"https:\/\/www.noticiasradioreflejos.com.ar\/2021\/wp-content\/uploads\/2026\/01\/delfines-varados-en-rio-negro.webp","contentUrl":"https:\/\/www.noticiasradioreflejos.com.ar\/2021\/wp-content\/uploads\/2026\/01\/delfines-varados-en-rio-negro.webp","width":920,"height":520},{"@type":"BreadcrumbList","@id":"https:\/\/www.noticiasradioreflejos.com.ar\/2021\/alerta-ambiental-varamientos-de-delfines-comunes-en-la-bahia-de-san-antonio\/#breadcrumb","itemListElement":[{"@type":"ListItem","position":1,"name":"Portada","item":"https:\/\/www.noticiasradioreflejos.com.ar\/2021\/"},{"@type":"ListItem","position":2,"name":"Alerta ambiental: Varamientos de delfines comunes en la Bah\u00eda de San Antonio"}]},{"@type":"WebSite","@id":"https:\/\/www.noticiasradioreflejos.com.ar\/2021\/#website","url":"https:\/\/www.noticiasradioreflejos.com.ar\/2021\/","name":"Noticias Radio Reflejos","description":"Las noticias de mi comarca","potentialAction":[{"@type":"SearchAction","target":{"@type":"EntryPoint","urlTemplate":"https:\/\/www.noticiasradioreflejos.com.ar\/2021\/?s={search_term_string}"},"query-input":{"@type":"PropertyValueSpecification","valueRequired":true,"valueName":"search_term_string"}}],"inLanguage":"es"},{"@type":"Person","@id":"https:\/\/www.noticiasradioreflejos.com.ar\/2021\/#\/schema\/person\/ad82545263dcc5ec0996818884fd5fb1","name":"Arnaldo Botto","image":{"@type":"ImageObject","inLanguage":"es","@id":"https:\/\/www.noticiasradioreflejos.com.ar\/2021\/#\/schema\/person\/image\/","url":"https:\/\/secure.gravatar.com\/avatar\/55cb5e37c1efa326397366e6974cb338056df65cb50e7d64d1cf314e87504837?s=96&d=mm&r=g","contentUrl":"https:\/\/secure.gravatar.com\/avatar\/55cb5e37c1efa326397366e6974cb338056df65cb50e7d64d1cf314e87504837?s=96&d=mm&r=g","caption":"Arnaldo Botto"},"url":"https:\/\/www.noticiasradioreflejos.com.ar\/2021\/author\/arnaldo\/"}]}},"_links":{"self":[{"href":"https:\/\/www.noticiasradioreflejos.com.ar\/2021\/wp-json\/wp\/v2\/posts\/131927","targetHints":{"allow":["GET"]}}],"collection":[{"href":"https:\/\/www.noticiasradioreflejos.com.ar\/2021\/wp-json\/wp\/v2\/posts"}],"about":[{"href":"https:\/\/www.noticiasradioreflejos.com.ar\/2021\/wp-json\/wp\/v2\/types\/post"}],"author":[{"embeddable":true,"href":"https:\/\/www.noticiasradioreflejos.com.ar\/2021\/wp-json\/wp\/v2\/users\/3"}],"replies":[{"embeddable":true,"href":"https:\/\/www.noticiasradioreflejos.com.ar\/2021\/wp-json\/wp\/v2\/comments?post=131927"}],"version-history":[{"count":1,"href":"https:\/\/www.noticiasradioreflejos.com.ar\/2021\/wp-json\/wp\/v2\/posts\/131927\/revisions"}],"predecessor-version":[{"id":131929,"href":"https:\/\/www.noticiasradioreflejos.com.ar\/2021\/wp-json\/wp\/v2\/posts\/131927\/revisions\/131929"}],"wp:featuredmedia":[{"embeddable":true,"href":"https:\/\/www.noticiasradioreflejos.com.ar\/2021\/wp-json\/wp\/v2\/media\/131928"}],"wp:attachment":[{"href":"https:\/\/www.noticiasradioreflejos.com.ar\/2021\/wp-json\/wp\/v2\/media?parent=131927"}],"wp:term":[{"taxonomy":"category","embeddable":true,"href":"https:\/\/www.noticiasradioreflejos.com.ar\/2021\/wp-json\/wp\/v2\/categories?post=131927"},{"taxonomy":"post_tag","embeddable":true,"href":"https:\/\/www.noticiasradioreflejos.com.ar\/2021\/wp-json\/wp\/v2\/tags?post=131927"}],"curies":[{"name":"wp","href":"https:\/\/api.w.org\/{rel}","templated":true}]}}