{"id":131920,"date":"2026-01-26T16:07:16","date_gmt":"2026-01-26T19:07:16","guid":{"rendered":"https:\/\/www.noticiasradioreflejos.com.ar\/2021\/?p=131920"},"modified":"2026-01-26T16:07:16","modified_gmt":"2026-01-26T19:07:16","slug":"el-fuego-no-para-en-chubut-y-ya-hay-mas-de-35-000-hectareas-afectadas-por-los-incendios","status":"publish","type":"post","link":"https:\/\/www.noticiasradioreflejos.com.ar\/2021\/el-fuego-no-para-en-chubut-y-ya-hay-mas-de-35-000-hectareas-afectadas-por-los-incendios\/","title":{"rendered":"El fuego no para en Chubut y ya hay m\u00e1s de 35.000 hect\u00e1reas afectadas por los incendios"},"content":{"rendered":"<p>La situaci\u00f3n es cr\u00edtica en el Parque Nacional Los Alerces, Cholila, Villa Lago Rivadavia y Puerto Patriada.<!--more--><\/p>\n<div class=\"content-container col-12 col-lg-8\">\n<div class=\"c-content\">\n<div class=\"partner-wrapper opening\" data-mrf-recirculation=\"Apertura\">\n<div class=\"second-col\">\n<figure class=\"ni-figure\"><picture class=\"news-image\"><source srcset=\"https:\/\/static.eldiario.es\/clip\/30d66f5a-78f3-47f3-bd63-390695a9865a_16-9-discover-aspect-ratio_50p_0.webp\" type=\"image\/webp\" media=\"(max-width: 576px)\" \/><source srcset=\"https:\/\/static.eldiario.es\/clip\/30d66f5a-78f3-47f3-bd63-390695a9865a_16-9-discover-aspect-ratio_50p_0.jpg\" type=\"image\/jpg\" media=\"(max-width: 576px)\" \/><source srcset=\"https:\/\/static.eldiario.es\/clip\/30d66f5a-78f3-47f3-bd63-390695a9865a_16-9-discover-aspect-ratio_75p_0.webp\" type=\"image\/webp\" media=\"(max-width: 767px)\" \/><source srcset=\"https:\/\/static.eldiario.es\/clip\/30d66f5a-78f3-47f3-bd63-390695a9865a_16-9-discover-aspect-ratio_75p_0.jpg\" type=\"image\/jpg\" media=\"(max-width: 767px)\" \/><source srcset=\"https:\/\/static.eldiario.es\/clip\/30d66f5a-78f3-47f3-bd63-390695a9865a_16-9-discover-aspect-ratio_default_0.webp\" type=\"image\/webp\" \/><source srcset=\"https:\/\/static.eldiario.es\/clip\/30d66f5a-78f3-47f3-bd63-390695a9865a_16-9-discover-aspect-ratio_default_0.jpg\" type=\"image\/jpg\" \/><\/picture><\/figure>\n<\/div>\n<\/div>\n<\/div>\n<\/div>\n<div class=\"news-info\" data-mrf-recirculation=\"firma\">\n<div class=\"twitter-wrapper\">La emergencia por los incendios forestales en Chubut contin\u00faa en un punto cr\u00edtico. Los focos activos en la cordillera patag\u00f3nica \u2014incluyendo el <strong>Parque Nacional Los Alerces<\/strong>,\u00a0<strong>Cholila<\/strong>,\u00a0<strong>Villa Lago Rivadavia<\/strong>\u00a0y\u00a0<strong>Puerto Patriada<\/strong>\u2014 siguen fuera de control y dificultan el accionar de los equipos de combate debido a las condiciones clim\u00e1ticas adversas, con vientos intensos y altas temperaturas que reavivan las llamas.<\/div>\n<\/div>\n<div class=\"partner-wrapper article-page__body-row\">\n<div class=\"second-col\">\n<p class=\"article-text\">Las condiciones clim\u00e1ticas extremas siguen siendo el principal desaf\u00edo para los brigadistas. Las r\u00e1fagas de viento, en muchos casos superiores a los 45 km\/h, y la fuerte sequ\u00eda en la regi\u00f3n han reactivado al menos\u00a0<strong>tres focos en el Parque Nacional Los Alerces<\/strong>, incluso en zonas que previamente estaban controladas. Este comportamiento din\u00e1mico del fuego dificulta la labor de medios a\u00e9reos y obliga a concentrar esfuerzos en el combate terrestre y en la creaci\u00f3n de l\u00edneas de contenci\u00f3n con maquinaria y personal especializado.<\/p>\n<h2 class=\"article-text\"><strong>El alcance del desastre<\/strong><\/h2>\n<p class=\"article-text\">Las autoridades estiman que el incendio ya\u00a0<strong>afect\u00f3 m\u00e1s de 35.000 hect\u00e1reas<\/strong>\u00a0entre bosques nativos, matorrales y plantaciones, y el fuego contin\u00faa sin dar tregua. En sectores como Cholila, el avance de las llamas oblig\u00f3 al corte preventivo de la Ruta Provincial 71, para priorizar las tareas de los brigadistas y garantizar la seguridad de las comunidades cercanas.<\/p>\n<p class=\"article-text\">Seg\u00fan el gobierno provincial, el operativo de combate al fuego ya supera los 500 brigadistas, bomberos voluntarios y equipos de apoyo, que se encuentran desplegados en los frentes m\u00e1s cr\u00edticos para intentar contener el avance de las llamas y proteger zonas pobladas y de alto valor ambiental. Esta cifra incluye la incorporaci\u00f3n reciente de bomberos voluntarios chilenos provenientes de Futaleuf\u00fa y San Carlos de Bariloche, as\u00ed como 36 brigadistas adicionales llegados desde las provincias argentinas de C\u00f3rdoba y Santa Cruz, quienes operan en distintos sectores del incendio.<\/p>\n<p class=\"article-text\">El operativo est\u00e1 coordinado por el Comit\u00e9 de Emergencia, con la participaci\u00f3n de brigadistas provinciales y nacionales, bomberos voluntarios, fuerzas de seguridad, personal sanitario y t\u00e9cnicos especializados para sostener la lucha frente a un escenario de alta complejidad.<\/p>\n<figure class=\"embed-container embed-container--type-twitter \">\n<div class=\"twitter-tweet twitter-tweet-rendered\"><iframe id=\"twitter-widget-0\" class=\"\" title=\"X Post\" src=\"https:\/\/platform.twitter.com\/embed\/Tweet.html?dnt=false&amp;embedId=twitter-widget-0&amp;features=eyJ0ZndfdGltZWxpbmVfbGlzdCI6eyJidWNrZXQiOltdLCJ2ZXJzaW9uIjpudWxsfSwidGZ3X2ZvbGxvd2VyX2NvdW50X3N1bnNldCI6eyJidWNrZXQiOnRydWUsInZlcnNpb24iOm51bGx9LCJ0ZndfdHdlZXRfZWRpdF9iYWNrZW5kIjp7ImJ1Y2tldCI6Im9uIiwidmVyc2lvbiI6bnVsbH0sInRmd19yZWZzcmNfc2Vzc2lvbiI6eyJidWNrZXQiOiJvbiIsInZlcnNpb24iOm51bGx9LCJ0ZndfZm9zbnJfc29mdF9pbnRlcnZlbnRpb25zX2VuYWJsZWQiOnsiYnVja2V0Ijoib24iLCJ2ZXJzaW9uIjpudWxsfSwidGZ3X21peGVkX21lZGlhXzE1ODk3Ijp7ImJ1Y2tldCI6InRyZWF0bWVudCIsInZlcnNpb24iOm51bGx9LCJ0ZndfZXhwZXJpbWVudHNfY29va2llX2V4cGlyYXRpb24iOnsiYnVja2V0IjoxMjA5NjAwLCJ2ZXJzaW9uIjpudWxsfSwidGZ3X3Nob3dfYmlyZHdhdGNoX3Bpdm90c19lbmFibGVkIjp7ImJ1Y2tldCI6Im9uIiwidmVyc2lvbiI6bnVsbH0sInRmd19kdXBsaWNhdGVfc2NyaWJlc190b19zZXR0aW5ncyI6eyJidWNrZXQiOiJvbiIsInZlcnNpb24iOm51bGx9LCJ0ZndfdXNlX3Byb2ZpbGVfaW1hZ2Vfc2hhcGVfZW5hYmxlZCI6eyJidWNrZXQiOiJvbiIsInZlcnNpb24iOm51bGx9LCJ0ZndfdmlkZW9faGxzX2R5bmFtaWNfbWFuaWZlc3RzXzE1MDgyIjp7ImJ1Y2tldCI6InRydWVfYml0cmF0ZSIsInZlcnNpb24iOm51bGx9LCJ0ZndfbGVnYWN5X3RpbWVsaW5lX3N1bnNldCI6eyJidWNrZXQiOnRydWUsInZlcnNpb24iOm51bGx9LCJ0ZndfdHdlZXRfZWRpdF9mcm9udGVuZCI6eyJidWNrZXQiOiJvbiIsInZlcnNpb24iOm51bGx9fQ%3D%3D&amp;frame=false&amp;hideCard=false&amp;hideThread=false&amp;id=2015551132983009576&amp;lang=es&amp;origin=https%3A%2F%2Fwww.eldiarioar.com%2Fsociedad%2Ffuego-no-chubut-hay-35-000-hectareas-afectadas-incendios_1_12936529.html&amp;sessionId=13f5d3b9aa55aba9752f41be0d5553540f474c0d&amp;theme=light&amp;widgetsVersion=2615f7e52b7e0%3A1702314776716&amp;width=550px\" frameborder=\"0\" scrolling=\"no\" allowfullscreen=\"allowfullscreen\" data-gtm-yt-inspected-34399851_303=\"true\" data-gtm-yt-inspected-34399851_396=\"true\" data-gtm-yt-inspected-40=\"true\" data-tweet-id=\"2015551132983009576\" data-mce-fragment=\"1\"><\/iframe><\/div>\n<\/figure>\n<p class=\"article-text\">El gobernador de Chubut,\u00a0<strong>Ignacio \u201cNacho\u201d Torres<\/strong>, confirm\u00f3 en declaraciones oficiales que \u201clas alturas de temperatura y las r\u00e1fagas de viento registradas generaron un comportamiento din\u00e1mico del fuego, lo que hizo necesario redoblar las tareas de enfriamiento en todos los frentes del incendio\u201d. Adem\u00e1s, advirti\u00f3 que \u201clas condiciones meteorol\u00f3gicas continuar\u00e1n siendo adversas en las pr\u00f3ximas horas, con viento y baja visibilidad que limitan la operaci\u00f3n a\u00e9rea\u201d.<\/p>\n<p class=\"article-text\">Por su parte,\u00a0<strong>Laura Mirantes<\/strong>, coordinadora y vocera del Comit\u00e9 de Operaciones de Emergencia del Parque Nacional Los Alerces, explic\u00f3 que \u201cla escasa visibilidad complic\u00f3 el uso de aeronaves y oblig\u00f3 a reforzar el monitoreo con drones para evaluar el avance nocturno del incendio\u201d.<\/p>\n<div id=\"container-after-news-outlook\"><\/div>\n<h2 class=\"article-text\"><strong>Proyecci\u00f3n y futuro del combate<\/strong><\/h2>\n<p class=\"article-text\">Frente al pron\u00f3stico de\u00a0<strong>vientos persistentes y temperaturas altas en los pr\u00f3ximos d\u00edas<\/strong>, las autoridades mantienen un fuerte despliegue operativo con turnos ininterrumpidos y la incorporaci\u00f3n progresiva de m\u00e1s brigadistas para sostener el combate. La coordinaci\u00f3n con equipos chilenos y de otras provincias es un factor clave en el esfuerzo conjunto para enfrentar uno de los incendios forestales m\u00e1s extensos y complejos que atraviesa actualmente la Patagonia.<\/p>\n<p class=\"article-text\">La situaci\u00f3n sigue siendo de una emergencia ambiental y social de gran magnitud, con un impacto considerable en los bosques nativos y un desaf\u00edo operativo que enfrenta a los equipos de combate con uno de los veranos m\u00e1s dif\u00edciles de los \u00faltimos a\u00f1os en la regi\u00f3n.<\/p>\n<figure class=\"embed-container embed-container--type-twitter \">\n<div class=\"twitter-tweet twitter-tweet-rendered\"><iframe id=\"twitter-widget-1\" class=\"\" title=\"X Post\" src=\"https:\/\/platform.twitter.com\/embed\/Tweet.html?dnt=false&amp;embedId=twitter-widget-1&amp;features=eyJ0ZndfdGltZWxpbmVfbGlzdCI6eyJidWNrZXQiOltdLCJ2ZXJzaW9uIjpudWxsfSwidGZ3X2ZvbGxvd2VyX2NvdW50X3N1bnNldCI6eyJidWNrZXQiOnRydWUsInZlcnNpb24iOm51bGx9LCJ0ZndfdHdlZXRfZWRpdF9iYWNrZW5kIjp7ImJ1Y2tldCI6Im9uIiwidmVyc2lvbiI6bnVsbH0sInRmd19yZWZzcmNfc2Vzc2lvbiI6eyJidWNrZXQiOiJvbiIsInZlcnNpb24iOm51bGx9LCJ0ZndfZm9zbnJfc29mdF9pbnRlcnZlbnRpb25zX2VuYWJsZWQiOnsiYnVja2V0Ijoib24iLCJ2ZXJzaW9uIjpudWxsfSwidGZ3X21peGVkX21lZGlhXzE1ODk3Ijp7ImJ1Y2tldCI6InRyZWF0bWVudCIsInZlcnNpb24iOm51bGx9LCJ0ZndfZXhwZXJpbWVudHNfY29va2llX2V4cGlyYXRpb24iOnsiYnVja2V0IjoxMjA5NjAwLCJ2ZXJzaW9uIjpudWxsfSwidGZ3X3Nob3dfYmlyZHdhdGNoX3Bpdm90c19lbmFibGVkIjp7ImJ1Y2tldCI6Im9uIiwidmVyc2lvbiI6bnVsbH0sInRmd19kdXBsaWNhdGVfc2NyaWJlc190b19zZXR0aW5ncyI6eyJidWNrZXQiOiJvbiIsInZlcnNpb24iOm51bGx9LCJ0ZndfdXNlX3Byb2ZpbGVfaW1hZ2Vfc2hhcGVfZW5hYmxlZCI6eyJidWNrZXQiOiJvbiIsInZlcnNpb24iOm51bGx9LCJ0ZndfdmlkZW9faGxzX2R5bmFtaWNfbWFuaWZlc3RzXzE1MDgyIjp7ImJ1Y2tldCI6InRydWVfYml0cmF0ZSIsInZlcnNpb24iOm51bGx9LCJ0ZndfbGVnYWN5X3RpbWVsaW5lX3N1bnNldCI6eyJidWNrZXQiOnRydWUsInZlcnNpb24iOm51bGx9LCJ0ZndfdHdlZXRfZWRpdF9mcm9udGVuZCI6eyJidWNrZXQiOiJvbiIsInZlcnNpb24iOm51bGx9fQ%3D%3D&amp;frame=false&amp;hideCard=false&amp;hideThread=false&amp;id=2015736057828909202&amp;lang=es&amp;origin=https%3A%2F%2Fwww.eldiarioar.com%2Fsociedad%2Ffuego-no-chubut-hay-35-000-hectareas-afectadas-incendios_1_12936529.html&amp;sessionId=13f5d3b9aa55aba9752f41be0d5553540f474c0d&amp;theme=light&amp;widgetsVersion=2615f7e52b7e0%3A1702314776716&amp;width=550px\" frameborder=\"0\" scrolling=\"no\" allowfullscreen=\"allowfullscreen\" data-gtm-yt-inspected-34399851_303=\"true\" data-gtm-yt-inspected-34399851_396=\"true\" data-gtm-yt-inspected-40=\"true\" data-tweet-id=\"2015736057828909202\" data-mce-fragment=\"1\"><\/iframe><\/div>\n<\/figure>\n<\/div>\n<\/div>\n","protected":false},"excerpt":{"rendered":"<p>La situaci\u00f3n es cr\u00edtica en el Parque Nacional Los Alerces, Cholila, Villa Lago Rivadavia y Puerto Patriada.<\/p>\n","protected":false},"author":3,"featured_media":131921,"comment_status":"closed","ping_status":"closed","sticky":false,"template":"","format":"standard","meta":{"footnotes":""},"categories":[24,26],"tags":[],"class_list":["post-131920","post","type-post","status-publish","format-standard","has-post-thumbnail","hentry","category-politica","category-sociedad"],"yoast_head":"<!-- This site is optimized with the Yoast SEO plugin v25.9 - https:\/\/yoast.com\/wordpress\/plugins\/seo\/ -->\n<title>El fuego no para en Chubut y ya hay m\u00e1s de 35.000 hect\u00e1reas afectadas por los incendios - Noticias Radio Reflejos<\/title>\n<meta name=\"robots\" content=\"index, follow, max-snippet:-1, max-image-preview:large, max-video-preview:-1\" \/>\n<link rel=\"canonical\" href=\"https:\/\/www.noticiasradioreflejos.com.ar\/2021\/el-fuego-no-para-en-chubut-y-ya-hay-mas-de-35-000-hectareas-afectadas-por-los-incendios\/\" \/>\n<meta property=\"og:locale\" content=\"es_ES\" \/>\n<meta property=\"og:type\" content=\"article\" \/>\n<meta property=\"og:title\" content=\"El fuego no para en Chubut y ya hay m\u00e1s de 35.000 hect\u00e1reas afectadas por los incendios - Noticias Radio Reflejos\" \/>\n<meta property=\"og:description\" content=\"La situaci\u00f3n es cr\u00edtica en el Parque Nacional Los Alerces, Cholila, Villa Lago Rivadavia y Puerto Patriada.\" \/>\n<meta property=\"og:url\" content=\"https:\/\/www.noticiasradioreflejos.com.ar\/2021\/el-fuego-no-para-en-chubut-y-ya-hay-mas-de-35-000-hectareas-afectadas-por-los-incendios\/\" \/>\n<meta property=\"og:site_name\" content=\"Noticias Radio Reflejos\" \/>\n<meta property=\"article:published_time\" content=\"2026-01-26T19:07:16+00:00\" \/>\n<meta property=\"og:image\" content=\"https:\/\/www.noticiasradioreflejos.com.ar\/2021\/wp-content\/uploads\/2026\/01\/incendio-n-Cholila.webp\" \/>\n\t<meta property=\"og:image:width\" content=\"1200\" \/>\n\t<meta property=\"og:image:height\" content=\"675\" \/>\n\t<meta property=\"og:image:type\" content=\"image\/webp\" \/>\n<meta name=\"author\" content=\"Arnaldo Botto\" \/>\n<meta name=\"twitter:card\" content=\"summary_large_image\" \/>\n<script type=\"application\/ld+json\" class=\"yoast-schema-graph\">{\"@context\":\"https:\/\/schema.org\",\"@graph\":[{\"@type\":\"WebPage\",\"@id\":\"https:\/\/www.noticiasradioreflejos.com.ar\/2021\/el-fuego-no-para-en-chubut-y-ya-hay-mas-de-35-000-hectareas-afectadas-por-los-incendios\/\",\"url\":\"https:\/\/www.noticiasradioreflejos.com.ar\/2021\/el-fuego-no-para-en-chubut-y-ya-hay-mas-de-35-000-hectareas-afectadas-por-los-incendios\/\",\"name\":\"El fuego no para en Chubut y ya hay m\u00e1s de 35.000 hect\u00e1reas afectadas por los incendios - Noticias Radio Reflejos\",\"isPartOf\":{\"@id\":\"https:\/\/www.noticiasradioreflejos.com.ar\/2021\/#website\"},\"primaryImageOfPage\":{\"@id\":\"https:\/\/www.noticiasradioreflejos.com.ar\/2021\/el-fuego-no-para-en-chubut-y-ya-hay-mas-de-35-000-hectareas-afectadas-por-los-incendios\/#primaryimage\"},\"image\":{\"@id\":\"https:\/\/www.noticiasradioreflejos.com.ar\/2021\/el-fuego-no-para-en-chubut-y-ya-hay-mas-de-35-000-hectareas-afectadas-por-los-incendios\/#primaryimage\"},\"thumbnailUrl\":\"https:\/\/www.noticiasradioreflejos.com.ar\/2021\/wp-content\/uploads\/2026\/01\/incendio-n-Cholila.webp\",\"datePublished\":\"2026-01-26T19:07:16+00:00\",\"author\":{\"@id\":\"https:\/\/www.noticiasradioreflejos.com.ar\/2021\/#\/schema\/person\/ad82545263dcc5ec0996818884fd5fb1\"},\"breadcrumb\":{\"@id\":\"https:\/\/www.noticiasradioreflejos.com.ar\/2021\/el-fuego-no-para-en-chubut-y-ya-hay-mas-de-35-000-hectareas-afectadas-por-los-incendios\/#breadcrumb\"},\"inLanguage\":\"es\",\"potentialAction\":[{\"@type\":\"ReadAction\",\"target\":[\"https:\/\/www.noticiasradioreflejos.com.ar\/2021\/el-fuego-no-para-en-chubut-y-ya-hay-mas-de-35-000-hectareas-afectadas-por-los-incendios\/\"]}]},{\"@type\":\"ImageObject\",\"inLanguage\":\"es\",\"@id\":\"https:\/\/www.noticiasradioreflejos.com.ar\/2021\/el-fuego-no-para-en-chubut-y-ya-hay-mas-de-35-000-hectareas-afectadas-por-los-incendios\/#primaryimage\",\"url\":\"https:\/\/www.noticiasradioreflejos.com.ar\/2021\/wp-content\/uploads\/2026\/01\/incendio-n-Cholila.webp\",\"contentUrl\":\"https:\/\/www.noticiasradioreflejos.com.ar\/2021\/wp-content\/uploads\/2026\/01\/incendio-n-Cholila.webp\",\"width\":1200,\"height\":675},{\"@type\":\"BreadcrumbList\",\"@id\":\"https:\/\/www.noticiasradioreflejos.com.ar\/2021\/el-fuego-no-para-en-chubut-y-ya-hay-mas-de-35-000-hectareas-afectadas-por-los-incendios\/#breadcrumb\",\"itemListElement\":[{\"@type\":\"ListItem\",\"position\":1,\"name\":\"Portada\",\"item\":\"https:\/\/www.noticiasradioreflejos.com.ar\/2021\/\"},{\"@type\":\"ListItem\",\"position\":2,\"name\":\"El fuego no para en Chubut y ya hay m\u00e1s de 35.000 hect\u00e1reas afectadas por los incendios\"}]},{\"@type\":\"WebSite\",\"@id\":\"https:\/\/www.noticiasradioreflejos.com.ar\/2021\/#website\",\"url\":\"https:\/\/www.noticiasradioreflejos.com.ar\/2021\/\",\"name\":\"Noticias Radio Reflejos\",\"description\":\"Las noticias de mi comarca\",\"potentialAction\":[{\"@type\":\"SearchAction\",\"target\":{\"@type\":\"EntryPoint\",\"urlTemplate\":\"https:\/\/www.noticiasradioreflejos.com.ar\/2021\/?s={search_term_string}\"},\"query-input\":{\"@type\":\"PropertyValueSpecification\",\"valueRequired\":true,\"valueName\":\"search_term_string\"}}],\"inLanguage\":\"es\"},{\"@type\":\"Person\",\"@id\":\"https:\/\/www.noticiasradioreflejos.com.ar\/2021\/#\/schema\/person\/ad82545263dcc5ec0996818884fd5fb1\",\"name\":\"Arnaldo Botto\",\"image\":{\"@type\":\"ImageObject\",\"inLanguage\":\"es\",\"@id\":\"https:\/\/www.noticiasradioreflejos.com.ar\/2021\/#\/schema\/person\/image\/\",\"url\":\"https:\/\/secure.gravatar.com\/avatar\/55cb5e37c1efa326397366e6974cb338056df65cb50e7d64d1cf314e87504837?s=96&d=mm&r=g\",\"contentUrl\":\"https:\/\/secure.gravatar.com\/avatar\/55cb5e37c1efa326397366e6974cb338056df65cb50e7d64d1cf314e87504837?s=96&d=mm&r=g\",\"caption\":\"Arnaldo Botto\"},\"url\":\"https:\/\/www.noticiasradioreflejos.com.ar\/2021\/author\/arnaldo\/\"}]}<\/script>\n<!-- \/ Yoast SEO plugin. -->","yoast_head_json":{"title":"El fuego no para en Chubut y ya hay m\u00e1s de 35.000 hect\u00e1reas afectadas por los incendios - Noticias Radio Reflejos","robots":{"index":"index","follow":"follow","max-snippet":"max-snippet:-1","max-image-preview":"max-image-preview:large","max-video-preview":"max-video-preview:-1"},"canonical":"https:\/\/www.noticiasradioreflejos.com.ar\/2021\/el-fuego-no-para-en-chubut-y-ya-hay-mas-de-35-000-hectareas-afectadas-por-los-incendios\/","og_locale":"es_ES","og_type":"article","og_title":"El fuego no para en Chubut y ya hay m\u00e1s de 35.000 hect\u00e1reas afectadas por los incendios - Noticias Radio Reflejos","og_description":"La situaci\u00f3n es cr\u00edtica en el Parque Nacional Los Alerces, Cholila, Villa Lago Rivadavia y Puerto Patriada.","og_url":"https:\/\/www.noticiasradioreflejos.com.ar\/2021\/el-fuego-no-para-en-chubut-y-ya-hay-mas-de-35-000-hectareas-afectadas-por-los-incendios\/","og_site_name":"Noticias Radio Reflejos","article_published_time":"2026-01-26T19:07:16+00:00","og_image":[{"width":1200,"height":675,"url":"https:\/\/www.noticiasradioreflejos.com.ar\/2021\/wp-content\/uploads\/2026\/01\/incendio-n-Cholila.webp","type":"image\/webp"}],"author":"Arnaldo Botto","twitter_card":"summary_large_image","schema":{"@context":"https:\/\/schema.org","@graph":[{"@type":"WebPage","@id":"https:\/\/www.noticiasradioreflejos.com.ar\/2021\/el-fuego-no-para-en-chubut-y-ya-hay-mas-de-35-000-hectareas-afectadas-por-los-incendios\/","url":"https:\/\/www.noticiasradioreflejos.com.ar\/2021\/el-fuego-no-para-en-chubut-y-ya-hay-mas-de-35-000-hectareas-afectadas-por-los-incendios\/","name":"El fuego no para en Chubut y ya hay m\u00e1s de 35.000 hect\u00e1reas afectadas por los incendios - Noticias Radio Reflejos","isPartOf":{"@id":"https:\/\/www.noticiasradioreflejos.com.ar\/2021\/#website"},"primaryImageOfPage":{"@id":"https:\/\/www.noticiasradioreflejos.com.ar\/2021\/el-fuego-no-para-en-chubut-y-ya-hay-mas-de-35-000-hectareas-afectadas-por-los-incendios\/#primaryimage"},"image":{"@id":"https:\/\/www.noticiasradioreflejos.com.ar\/2021\/el-fuego-no-para-en-chubut-y-ya-hay-mas-de-35-000-hectareas-afectadas-por-los-incendios\/#primaryimage"},"thumbnailUrl":"https:\/\/www.noticiasradioreflejos.com.ar\/2021\/wp-content\/uploads\/2026\/01\/incendio-n-Cholila.webp","datePublished":"2026-01-26T19:07:16+00:00","author":{"@id":"https:\/\/www.noticiasradioreflejos.com.ar\/2021\/#\/schema\/person\/ad82545263dcc5ec0996818884fd5fb1"},"breadcrumb":{"@id":"https:\/\/www.noticiasradioreflejos.com.ar\/2021\/el-fuego-no-para-en-chubut-y-ya-hay-mas-de-35-000-hectareas-afectadas-por-los-incendios\/#breadcrumb"},"inLanguage":"es","potentialAction":[{"@type":"ReadAction","target":["https:\/\/www.noticiasradioreflejos.com.ar\/2021\/el-fuego-no-para-en-chubut-y-ya-hay-mas-de-35-000-hectareas-afectadas-por-los-incendios\/"]}]},{"@type":"ImageObject","inLanguage":"es","@id":"https:\/\/www.noticiasradioreflejos.com.ar\/2021\/el-fuego-no-para-en-chubut-y-ya-hay-mas-de-35-000-hectareas-afectadas-por-los-incendios\/#primaryimage","url":"https:\/\/www.noticiasradioreflejos.com.ar\/2021\/wp-content\/uploads\/2026\/01\/incendio-n-Cholila.webp","contentUrl":"https:\/\/www.noticiasradioreflejos.com.ar\/2021\/wp-content\/uploads\/2026\/01\/incendio-n-Cholila.webp","width":1200,"height":675},{"@type":"BreadcrumbList","@id":"https:\/\/www.noticiasradioreflejos.com.ar\/2021\/el-fuego-no-para-en-chubut-y-ya-hay-mas-de-35-000-hectareas-afectadas-por-los-incendios\/#breadcrumb","itemListElement":[{"@type":"ListItem","position":1,"name":"Portada","item":"https:\/\/www.noticiasradioreflejos.com.ar\/2021\/"},{"@type":"ListItem","position":2,"name":"El fuego no para en Chubut y ya hay m\u00e1s de 35.000 hect\u00e1reas afectadas por los incendios"}]},{"@type":"WebSite","@id":"https:\/\/www.noticiasradioreflejos.com.ar\/2021\/#website","url":"https:\/\/www.noticiasradioreflejos.com.ar\/2021\/","name":"Noticias Radio Reflejos","description":"Las noticias de mi comarca","potentialAction":[{"@type":"SearchAction","target":{"@type":"EntryPoint","urlTemplate":"https:\/\/www.noticiasradioreflejos.com.ar\/2021\/?s={search_term_string}"},"query-input":{"@type":"PropertyValueSpecification","valueRequired":true,"valueName":"search_term_string"}}],"inLanguage":"es"},{"@type":"Person","@id":"https:\/\/www.noticiasradioreflejos.com.ar\/2021\/#\/schema\/person\/ad82545263dcc5ec0996818884fd5fb1","name":"Arnaldo Botto","image":{"@type":"ImageObject","inLanguage":"es","@id":"https:\/\/www.noticiasradioreflejos.com.ar\/2021\/#\/schema\/person\/image\/","url":"https:\/\/secure.gravatar.com\/avatar\/55cb5e37c1efa326397366e6974cb338056df65cb50e7d64d1cf314e87504837?s=96&d=mm&r=g","contentUrl":"https:\/\/secure.gravatar.com\/avatar\/55cb5e37c1efa326397366e6974cb338056df65cb50e7d64d1cf314e87504837?s=96&d=mm&r=g","caption":"Arnaldo Botto"},"url":"https:\/\/www.noticiasradioreflejos.com.ar\/2021\/author\/arnaldo\/"}]}},"_links":{"self":[{"href":"https:\/\/www.noticiasradioreflejos.com.ar\/2021\/wp-json\/wp\/v2\/posts\/131920","targetHints":{"allow":["GET"]}}],"collection":[{"href":"https:\/\/www.noticiasradioreflejos.com.ar\/2021\/wp-json\/wp\/v2\/posts"}],"about":[{"href":"https:\/\/www.noticiasradioreflejos.com.ar\/2021\/wp-json\/wp\/v2\/types\/post"}],"author":[{"embeddable":true,"href":"https:\/\/www.noticiasradioreflejos.com.ar\/2021\/wp-json\/wp\/v2\/users\/3"}],"replies":[{"embeddable":true,"href":"https:\/\/www.noticiasradioreflejos.com.ar\/2021\/wp-json\/wp\/v2\/comments?post=131920"}],"version-history":[{"count":1,"href":"https:\/\/www.noticiasradioreflejos.com.ar\/2021\/wp-json\/wp\/v2\/posts\/131920\/revisions"}],"predecessor-version":[{"id":131922,"href":"https:\/\/www.noticiasradioreflejos.com.ar\/2021\/wp-json\/wp\/v2\/posts\/131920\/revisions\/131922"}],"wp:featuredmedia":[{"embeddable":true,"href":"https:\/\/www.noticiasradioreflejos.com.ar\/2021\/wp-json\/wp\/v2\/media\/131921"}],"wp:attachment":[{"href":"https:\/\/www.noticiasradioreflejos.com.ar\/2021\/wp-json\/wp\/v2\/media?parent=131920"}],"wp:term":[{"taxonomy":"category","embeddable":true,"href":"https:\/\/www.noticiasradioreflejos.com.ar\/2021\/wp-json\/wp\/v2\/categories?post=131920"},{"taxonomy":"post_tag","embeddable":true,"href":"https:\/\/www.noticiasradioreflejos.com.ar\/2021\/wp-json\/wp\/v2\/tags?post=131920"}],"curies":[{"name":"wp","href":"https:\/\/api.w.org\/{rel}","templated":true}]}}