{"id":131917,"date":"2026-01-26T16:04:40","date_gmt":"2026-01-26T19:04:40","guid":{"rendered":"https:\/\/www.noticiasradioreflejos.com.ar\/2021\/?p=131917"},"modified":"2026-01-26T16:05:43","modified_gmt":"2026-01-26T19:05:43","slug":"convocan-a-sesion-extraordinaria-en-el-concejo-deliberante-se-trataran-aumentos-salariales-y-proyectos-locales","status":"publish","type":"post","link":"https:\/\/www.noticiasradioreflejos.com.ar\/2021\/convocan-a-sesion-extraordinaria-en-el-concejo-deliberante-se-trataran-aumentos-salariales-y-proyectos-locales\/","title":{"rendered":"Convocan a Sesi\u00f3n Extraordinaria en el Concejo Deliberante: se tratar\u00e1n aumentos salariales y proyectos locales"},"content":{"rendered":"<p>La presidencia del Honorable Concejo Deliberante de Tornquist, mediante el Decreto N\u00ba 03\/26, ha convocado a los ediles a una sesi\u00f3n especial para este martes 27 de enero. El orden del d\u00eda incluye el tratamiento del incremento salarial para el ejercicio 2026 y solicitudes vinculadas a los Bomberos Voluntarios y tasas viales.<!--more--><\/p>\n<p data-path-to-node=\"6\"><span data-path-to-node=\"6,1\"><span class=\"citation-63\">De acuerdo con las facultades otorgadas por la Ley Org\u00e1nica de las Municipalidades <\/span><\/span><span data-path-to-node=\"6,4\"><span class=\"citation-62\">, la presidenta del cuerpo, Carmen B. Soverchia, oficializ\u00f3 el llamado a Sesi\u00f3n Extraordinaria<\/span><\/span><span data-path-to-node=\"6,6\">. La misma se llevar\u00e1 a cabo bajo los siguientes par\u00e1metros:<\/span><\/p>\n<p data-path-to-node=\"6\"><span data-path-to-node=\"7,0,1,0\"><b data-path-to-node=\"7,0,1,0\" data-index-in-node=\"0\"><span class=\"citation-61\">Fecha:<\/span><\/b><span class=\"citation-61\"> Martes 27 de enero de 2026<\/span><\/span><span data-path-to-node=\"7,0,1,2\">. <\/span><span data-path-to-node=\"7,1,1,0\"><b data-path-to-node=\"7,1,1,0\" data-index-in-node=\"0\"><span class=\"citation-60\">Hora:<\/span><\/b><span class=\"citation-60\"> 08:30 hs<\/span><\/span><span data-path-to-node=\"7,1,1,2\">. <\/span><span data-path-to-node=\"7,2,1,0\"><b data-path-to-node=\"7,2,1,0\" data-index-in-node=\"0\"><span class=\"citation-59\">Lugar:<\/span><\/b><span class=\"citation-59\"> Recinto del Honorable Concejo Deliberante<\/span><\/span><span data-path-to-node=\"7,2,1,2\">.<\/span><\/p>\n<h3 data-path-to-node=\"8\"><b data-path-to-node=\"8\" data-index-in-node=\"0\">Temas a tratar (Orden del D\u00eda)<\/b><\/h3>\n<p data-path-to-node=\"9\">Durante la jornada, los concejales dar\u00e1n tratamiento a tres expedientes clave para el distrito:<\/p>\n<ol start=\"1\" data-path-to-node=\"10\">\n<li>\n<p data-path-to-node=\"10,0,1\"><span data-path-to-node=\"10,0,1,0\"><b data-path-to-node=\"10,0,1,0\" data-index-in-node=\"0\"><span class=\"citation-58\">Incremento Salarial 2026:<\/span><\/b><span class=\"citation-58\"> An\u00e1lisis del proyecto enviado por el Departamento Ejecutivo sobre el aumento de haberes para el presente ejercicio (Expte. N\u00ba 35\/26)<\/span><\/span><span data-path-to-node=\"10,0,1,2\">.<\/span><\/p>\n<\/li>\n<li>\n<p data-path-to-node=\"10,1,1\"><span data-path-to-node=\"10,1,1,0\"><b data-path-to-node=\"10,1,1,0\" data-index-in-node=\"0\"><span class=\"citation-57\">Predio para Bomberos de Tornquist:<\/span><\/b><span class=\"citation-57\"> Solicitud de la Asociaci\u00f3n Cuerpo de Bomberos Voluntarios para la cesi\u00f3n de un predio de propiedad municipal (Expte. N\u00ba 429\/25)<\/span><\/span><span data-path-to-node=\"10,1,1,2\">.<\/span><\/p>\n<\/li>\n<li>\n<p data-path-to-node=\"10,2,1\"><span data-path-to-node=\"10,2,1,0\"><b data-path-to-node=\"10,2,1,0\" data-index-in-node=\"0\"><span class=\"citation-56\">Beneficios en Tasas Viales:<\/span><\/b><span class=\"citation-56\"> Pedido de pr\u00f3rroga para la eximici\u00f3n de la Tasa por Conservaci\u00f3n, Reparaci\u00f3n y Mejorado de la Red Vial destinada al Cuartel IV (Expte. N\u00ba 49\/26)<\/span><\/span><span data-path-to-node=\"10,2,1,2\">.<\/span><\/p>\n<\/li>\n<\/ol>\n<p data-path-to-node=\"11\"><span data-path-to-node=\"11,1\"><span class=\"citation-55\">El decreto lleva la firma de la Secretaria Daniela S. Pagalday y la Presidenta del H.C.D., Carmen B. Soverchia, con fecha 26 de enero de 2026<\/span><\/span><\/p>\n<p><iframe loading=\"lazy\" class=\"scribd_iframe_embed\" tabindex=\"0\" title=\"D-03-26\" src=\"https:\/\/www.scribd.com\/embeds\/987756949\/content?start_page=1&amp;view_mode=scroll&amp;access_key=key-qDwLbgTKJvxG1S4KAxU8\" width=\"100%\" height=\"600\" frameborder=\"0\" scrolling=\"no\" data-auto-height=\"true\" data-aspect-ratio=\"0.6069986541049798\"><\/iframe><\/p>\n<p style=\"margin: 12px auto 6px auto; font-family: Helvetica,Arial,Sans-serif; font-size: 14px; line-height: normal; display: block;\"><a style=\"color: #098642; text-decoration: underline;\" title=\"View D-03-26 on Scribd\" href=\"https:\/\/www.scribd.com\/document\/987756949\/D-03-26#from_embed\"> D-03-26 <\/a> by <a style=\"color: #098642; text-decoration: underline;\" title=\"View FM Reflejos Sierra de la Ventana's profile on Scribd\" href=\"https:\/\/www.scribd.com\/user\/128459674\/FM-Reflejos-Sierra-de-la-Ventana#from_embed\"> FM Reflejos Sierra de la Ventana <\/a><\/p>\n","protected":false},"excerpt":{"rendered":"<p>La presidencia del Honorable Concejo Deliberante de Tornquist, mediante el Decreto N\u00ba 03\/26, ha convocado a los ediles a una sesi\u00f3n especial para este martes 27 de enero. El orden del d\u00eda incluye el tratamiento del incremento salarial para el ejercicio 2026 y solicitudes vinculadas a los Bomberos Voluntarios y tasas viales.<\/p>\n","protected":false},"author":3,"featured_media":0,"comment_status":"closed","ping_status":"closed","sticky":false,"template":"","format":"standard","meta":{"footnotes":""},"categories":[59],"tags":[48],"class_list":["post-131917","post","type-post","status-publish","format-standard","hentry","category-concejo-deliberante","tag-destacada"],"yoast_head":"<!-- This site is optimized with the Yoast SEO plugin v25.9 - https:\/\/yoast.com\/wordpress\/plugins\/seo\/ -->\n<title>Convocan a Sesi\u00f3n Extraordinaria en el Concejo Deliberante: se tratar\u00e1n aumentos salariales y proyectos locales - Noticias Radio Reflejos<\/title>\n<meta name=\"robots\" content=\"index, follow, max-snippet:-1, max-image-preview:large, max-video-preview:-1\" \/>\n<link rel=\"canonical\" href=\"https:\/\/www.noticiasradioreflejos.com.ar\/2021\/convocan-a-sesion-extraordinaria-en-el-concejo-deliberante-se-trataran-aumentos-salariales-y-proyectos-locales\/\" \/>\n<meta property=\"og:locale\" content=\"es_ES\" \/>\n<meta property=\"og:type\" content=\"article\" \/>\n<meta property=\"og:title\" content=\"Convocan a Sesi\u00f3n Extraordinaria en el Concejo Deliberante: se tratar\u00e1n aumentos salariales y proyectos locales - Noticias Radio Reflejos\" \/>\n<meta property=\"og:description\" content=\"La presidencia del Honorable Concejo Deliberante de Tornquist, mediante el Decreto N\u00ba 03\/26, ha convocado a los ediles a una sesi\u00f3n especial para este martes 27 de enero. El orden del d\u00eda incluye el tratamiento del incremento salarial para el ejercicio 2026 y solicitudes vinculadas a los Bomberos Voluntarios y tasas viales.\" \/>\n<meta property=\"og:url\" content=\"https:\/\/www.noticiasradioreflejos.com.ar\/2021\/convocan-a-sesion-extraordinaria-en-el-concejo-deliberante-se-trataran-aumentos-salariales-y-proyectos-locales\/\" \/>\n<meta property=\"og:site_name\" content=\"Noticias Radio Reflejos\" \/>\n<meta property=\"article:published_time\" content=\"2026-01-26T19:04:40+00:00\" \/>\n<meta property=\"article:modified_time\" content=\"2026-01-26T19:05:43+00:00\" \/>\n<meta property=\"og:image\" content=\"https:\/\/www.noticiasradioreflejos.com.ar\/2021\/wp-content\/uploads\/2026\/01\/hcd-2.jpeg\" \/>\n\t<meta property=\"og:image:width\" content=\"940\" \/>\n\t<meta property=\"og:image:height\" content=\"788\" \/>\n\t<meta property=\"og:image:type\" content=\"image\/jpeg\" \/>\n<meta name=\"author\" content=\"Arnaldo Botto\" \/>\n<meta name=\"twitter:card\" content=\"summary_large_image\" \/>\n<script type=\"application\/ld+json\" class=\"yoast-schema-graph\">{\"@context\":\"https:\/\/schema.org\",\"@graph\":[{\"@type\":\"WebPage\",\"@id\":\"https:\/\/www.noticiasradioreflejos.com.ar\/2021\/convocan-a-sesion-extraordinaria-en-el-concejo-deliberante-se-trataran-aumentos-salariales-y-proyectos-locales\/\",\"url\":\"https:\/\/www.noticiasradioreflejos.com.ar\/2021\/convocan-a-sesion-extraordinaria-en-el-concejo-deliberante-se-trataran-aumentos-salariales-y-proyectos-locales\/\",\"name\":\"Convocan a Sesi\u00f3n Extraordinaria en el Concejo Deliberante: se tratar\u00e1n aumentos salariales y proyectos locales - Noticias Radio Reflejos\",\"isPartOf\":{\"@id\":\"https:\/\/www.noticiasradioreflejos.com.ar\/2021\/#website\"},\"datePublished\":\"2026-01-26T19:04:40+00:00\",\"dateModified\":\"2026-01-26T19:05:43+00:00\",\"author\":{\"@id\":\"https:\/\/www.noticiasradioreflejos.com.ar\/2021\/#\/schema\/person\/ad82545263dcc5ec0996818884fd5fb1\"},\"breadcrumb\":{\"@id\":\"https:\/\/www.noticiasradioreflejos.com.ar\/2021\/convocan-a-sesion-extraordinaria-en-el-concejo-deliberante-se-trataran-aumentos-salariales-y-proyectos-locales\/#breadcrumb\"},\"inLanguage\":\"es\",\"potentialAction\":[{\"@type\":\"ReadAction\",\"target\":[\"https:\/\/www.noticiasradioreflejos.com.ar\/2021\/convocan-a-sesion-extraordinaria-en-el-concejo-deliberante-se-trataran-aumentos-salariales-y-proyectos-locales\/\"]}]},{\"@type\":\"BreadcrumbList\",\"@id\":\"https:\/\/www.noticiasradioreflejos.com.ar\/2021\/convocan-a-sesion-extraordinaria-en-el-concejo-deliberante-se-trataran-aumentos-salariales-y-proyectos-locales\/#breadcrumb\",\"itemListElement\":[{\"@type\":\"ListItem\",\"position\":1,\"name\":\"Portada\",\"item\":\"https:\/\/www.noticiasradioreflejos.com.ar\/2021\/\"},{\"@type\":\"ListItem\",\"position\":2,\"name\":\"Convocan a Sesi\u00f3n Extraordinaria en el Concejo Deliberante: se tratar\u00e1n aumentos salariales y proyectos locales\"}]},{\"@type\":\"WebSite\",\"@id\":\"https:\/\/www.noticiasradioreflejos.com.ar\/2021\/#website\",\"url\":\"https:\/\/www.noticiasradioreflejos.com.ar\/2021\/\",\"name\":\"Noticias Radio Reflejos\",\"description\":\"Las noticias de mi comarca\",\"potentialAction\":[{\"@type\":\"SearchAction\",\"target\":{\"@type\":\"EntryPoint\",\"urlTemplate\":\"https:\/\/www.noticiasradioreflejos.com.ar\/2021\/?s={search_term_string}\"},\"query-input\":{\"@type\":\"PropertyValueSpecification\",\"valueRequired\":true,\"valueName\":\"search_term_string\"}}],\"inLanguage\":\"es\"},{\"@type\":\"Person\",\"@id\":\"https:\/\/www.noticiasradioreflejos.com.ar\/2021\/#\/schema\/person\/ad82545263dcc5ec0996818884fd5fb1\",\"name\":\"Arnaldo Botto\",\"image\":{\"@type\":\"ImageObject\",\"inLanguage\":\"es\",\"@id\":\"https:\/\/www.noticiasradioreflejos.com.ar\/2021\/#\/schema\/person\/image\/\",\"url\":\"https:\/\/secure.gravatar.com\/avatar\/55cb5e37c1efa326397366e6974cb338056df65cb50e7d64d1cf314e87504837?s=96&d=mm&r=g\",\"contentUrl\":\"https:\/\/secure.gravatar.com\/avatar\/55cb5e37c1efa326397366e6974cb338056df65cb50e7d64d1cf314e87504837?s=96&d=mm&r=g\",\"caption\":\"Arnaldo Botto\"},\"url\":\"https:\/\/www.noticiasradioreflejos.com.ar\/2021\/author\/arnaldo\/\"}]}<\/script>\n<!-- \/ Yoast SEO plugin. -->","yoast_head_json":{"title":"Convocan a Sesi\u00f3n Extraordinaria en el Concejo Deliberante: se tratar\u00e1n aumentos salariales y proyectos locales - Noticias Radio Reflejos","robots":{"index":"index","follow":"follow","max-snippet":"max-snippet:-1","max-image-preview":"max-image-preview:large","max-video-preview":"max-video-preview:-1"},"canonical":"https:\/\/www.noticiasradioreflejos.com.ar\/2021\/convocan-a-sesion-extraordinaria-en-el-concejo-deliberante-se-trataran-aumentos-salariales-y-proyectos-locales\/","og_locale":"es_ES","og_type":"article","og_title":"Convocan a Sesi\u00f3n Extraordinaria en el Concejo Deliberante: se tratar\u00e1n aumentos salariales y proyectos locales - Noticias Radio Reflejos","og_description":"La presidencia del Honorable Concejo Deliberante de Tornquist, mediante el Decreto N\u00ba 03\/26, ha convocado a los ediles a una sesi\u00f3n especial para este martes 27 de enero. El orden del d\u00eda incluye el tratamiento del incremento salarial para el ejercicio 2026 y solicitudes vinculadas a los Bomberos Voluntarios y tasas viales.","og_url":"https:\/\/www.noticiasradioreflejos.com.ar\/2021\/convocan-a-sesion-extraordinaria-en-el-concejo-deliberante-se-trataran-aumentos-salariales-y-proyectos-locales\/","og_site_name":"Noticias Radio Reflejos","article_published_time":"2026-01-26T19:04:40+00:00","article_modified_time":"2026-01-26T19:05:43+00:00","og_image":[{"width":940,"height":788,"url":"https:\/\/www.noticiasradioreflejos.com.ar\/2021\/wp-content\/uploads\/2026\/01\/hcd-2.jpeg","type":"image\/jpeg"}],"author":"Arnaldo Botto","twitter_card":"summary_large_image","schema":{"@context":"https:\/\/schema.org","@graph":[{"@type":"WebPage","@id":"https:\/\/www.noticiasradioreflejos.com.ar\/2021\/convocan-a-sesion-extraordinaria-en-el-concejo-deliberante-se-trataran-aumentos-salariales-y-proyectos-locales\/","url":"https:\/\/www.noticiasradioreflejos.com.ar\/2021\/convocan-a-sesion-extraordinaria-en-el-concejo-deliberante-se-trataran-aumentos-salariales-y-proyectos-locales\/","name":"Convocan a Sesi\u00f3n Extraordinaria en el Concejo Deliberante: se tratar\u00e1n aumentos salariales y proyectos locales - Noticias Radio Reflejos","isPartOf":{"@id":"https:\/\/www.noticiasradioreflejos.com.ar\/2021\/#website"},"datePublished":"2026-01-26T19:04:40+00:00","dateModified":"2026-01-26T19:05:43+00:00","author":{"@id":"https:\/\/www.noticiasradioreflejos.com.ar\/2021\/#\/schema\/person\/ad82545263dcc5ec0996818884fd5fb1"},"breadcrumb":{"@id":"https:\/\/www.noticiasradioreflejos.com.ar\/2021\/convocan-a-sesion-extraordinaria-en-el-concejo-deliberante-se-trataran-aumentos-salariales-y-proyectos-locales\/#breadcrumb"},"inLanguage":"es","potentialAction":[{"@type":"ReadAction","target":["https:\/\/www.noticiasradioreflejos.com.ar\/2021\/convocan-a-sesion-extraordinaria-en-el-concejo-deliberante-se-trataran-aumentos-salariales-y-proyectos-locales\/"]}]},{"@type":"BreadcrumbList","@id":"https:\/\/www.noticiasradioreflejos.com.ar\/2021\/convocan-a-sesion-extraordinaria-en-el-concejo-deliberante-se-trataran-aumentos-salariales-y-proyectos-locales\/#breadcrumb","itemListElement":[{"@type":"ListItem","position":1,"name":"Portada","item":"https:\/\/www.noticiasradioreflejos.com.ar\/2021\/"},{"@type":"ListItem","position":2,"name":"Convocan a Sesi\u00f3n Extraordinaria en el Concejo Deliberante: se tratar\u00e1n aumentos salariales y proyectos locales"}]},{"@type":"WebSite","@id":"https:\/\/www.noticiasradioreflejos.com.ar\/2021\/#website","url":"https:\/\/www.noticiasradioreflejos.com.ar\/2021\/","name":"Noticias Radio Reflejos","description":"Las noticias de mi comarca","potentialAction":[{"@type":"SearchAction","target":{"@type":"EntryPoint","urlTemplate":"https:\/\/www.noticiasradioreflejos.com.ar\/2021\/?s={search_term_string}"},"query-input":{"@type":"PropertyValueSpecification","valueRequired":true,"valueName":"search_term_string"}}],"inLanguage":"es"},{"@type":"Person","@id":"https:\/\/www.noticiasradioreflejos.com.ar\/2021\/#\/schema\/person\/ad82545263dcc5ec0996818884fd5fb1","name":"Arnaldo Botto","image":{"@type":"ImageObject","inLanguage":"es","@id":"https:\/\/www.noticiasradioreflejos.com.ar\/2021\/#\/schema\/person\/image\/","url":"https:\/\/secure.gravatar.com\/avatar\/55cb5e37c1efa326397366e6974cb338056df65cb50e7d64d1cf314e87504837?s=96&d=mm&r=g","contentUrl":"https:\/\/secure.gravatar.com\/avatar\/55cb5e37c1efa326397366e6974cb338056df65cb50e7d64d1cf314e87504837?s=96&d=mm&r=g","caption":"Arnaldo Botto"},"url":"https:\/\/www.noticiasradioreflejos.com.ar\/2021\/author\/arnaldo\/"}]}},"_links":{"self":[{"href":"https:\/\/www.noticiasradioreflejos.com.ar\/2021\/wp-json\/wp\/v2\/posts\/131917","targetHints":{"allow":["GET"]}}],"collection":[{"href":"https:\/\/www.noticiasradioreflejos.com.ar\/2021\/wp-json\/wp\/v2\/posts"}],"about":[{"href":"https:\/\/www.noticiasradioreflejos.com.ar\/2021\/wp-json\/wp\/v2\/types\/post"}],"author":[{"embeddable":true,"href":"https:\/\/www.noticiasradioreflejos.com.ar\/2021\/wp-json\/wp\/v2\/users\/3"}],"replies":[{"embeddable":true,"href":"https:\/\/www.noticiasradioreflejos.com.ar\/2021\/wp-json\/wp\/v2\/comments?post=131917"}],"version-history":[{"count":1,"href":"https:\/\/www.noticiasradioreflejos.com.ar\/2021\/wp-json\/wp\/v2\/posts\/131917\/revisions"}],"predecessor-version":[{"id":131919,"href":"https:\/\/www.noticiasradioreflejos.com.ar\/2021\/wp-json\/wp\/v2\/posts\/131917\/revisions\/131919"}],"wp:attachment":[{"href":"https:\/\/www.noticiasradioreflejos.com.ar\/2021\/wp-json\/wp\/v2\/media?parent=131917"}],"wp:term":[{"taxonomy":"category","embeddable":true,"href":"https:\/\/www.noticiasradioreflejos.com.ar\/2021\/wp-json\/wp\/v2\/categories?post=131917"},{"taxonomy":"post_tag","embeddable":true,"href":"https:\/\/www.noticiasradioreflejos.com.ar\/2021\/wp-json\/wp\/v2\/tags?post=131917"}],"curies":[{"name":"wp","href":"https:\/\/api.w.org\/{rel}","templated":true}]}}