{"id":131799,"date":"2026-01-23T13:39:42","date_gmt":"2026-01-23T16:39:42","guid":{"rendered":"https:\/\/www.noticiasradioreflejos.com.ar\/2021\/?p=131799"},"modified":"2026-01-23T13:39:42","modified_gmt":"2026-01-23T16:39:42","slug":"una-laguna-de-mendoza-se-incorpora-a-la-red-hemisferica-de-reservas-de-aves-playeras","status":"publish","type":"post","link":"https:\/\/www.noticiasradioreflejos.com.ar\/2021\/una-laguna-de-mendoza-se-incorpora-a-la-red-hemisferica-de-reservas-de-aves-playeras\/","title":{"rendered":"Una laguna de Mendoza se incorpora a la Red Hemisf\u00e9rica de Reservas de Aves Playeras"},"content":{"rendered":"<p>Un estudio cient\u00edfico confirm\u00f3 su rol estrat\u00e9gico como sitio de descanso y alimentaci\u00f3n para aves migratorias que recorren hasta 16.000 kil\u00f3metros.<br \/>\n<!--more--><\/p>\n<div class=\"article-body\" data-tadevel-template=\"web\/article-body\">\n<div class=\"article-body-content\">\n<p>La<strong>\u00a0laguna de Llancanelo<\/strong>\u00a0en la provincia de\u00a0<strong>Mendoza<\/strong>\u00a0se incorpor\u00f3 de manera oficial a la\u00a0<strong>Red Hemisf\u00e9rica de Reservas de Aves Playeras (RHRAP)<\/strong>, una organizaci\u00f3n internacional de humedales estrat\u00e9gicos para la conservaci\u00f3n de aves migratorias en todo el continente americano.<\/p>\n<p>A trav\u00e9s de un\u00a0<strong>estudio cient\u00edfico<\/strong>, se confirm\u00f3 que la laguna tiene un\u00a0<strong>rol estrat\u00e9gico<\/strong>\u00a0como sitio de descanso y alimentaci\u00f3n para aves migratorias que recorren hasta 16.000 kil\u00f3metros, adem\u00e1s de que alberga poblaciones de relevancia global.<\/p>\n<p><strong>\u201cEste reconocimiento internacional otorgado al \u00c1rea Natural Protegida Provincial ubicada en Malarg\u00fce consolida al humedal como un sitio de importancia regional para la conservaci\u00f3n de aves migratorias y residentes, y marca un nuevo hito para el sistema de \u00e1reas naturales protegidas de Mendoza\u201d<\/strong>, expresaron las autoridades locales.<\/p>\n<p><strong>Iv\u00e1n Funes Pinter<\/strong>, director de \u00c1reas Protegidas del Ministerio de Energ\u00eda y Ambiente,\u00a0explic\u00f3 que esta incorporaci\u00f3n se logr\u00f3 tras los resultados de un exhaustivo\u00a0<strong>proyecto de censos de aves playeras realizado entre febrero de 2023 y febrero de 2025 en la Laguna de Llancanelo.<\/strong><\/p>\n<figure class=\"multimedia\" data-tadevel-template=\"web\/multimedia\" data-type=\"photo\"><figcaption class=\"caption\">\n<div class=\"attribution\"><\/div>\n<\/figcaption><\/figure>\n<p>Entre los principales hallazgos, se destac\u00f3 que dicha laguna\u00a0<strong>alberga de manera regular m\u00e1s del 1% de toda la poblaci\u00f3n mundial del playero de Baird (<\/strong><i><strong>Calidris bairdii<\/strong><\/i><strong>).<\/strong>\u00a0Este es uno de los criterios internacionales m\u00e1s importantes para definir \u00e1reas de conservaci\u00f3n prioritarias, ya que indica que el sitio cumple un rol clave para la supervivencia de la especie a escala global.<\/p>\n<p>Conforme al escrito al que accedi\u00f3 la<a href=\"https:\/\/es.wikipedia.org\/wiki\/Noticias_Argentinas\" target=\"_blank\" rel=\"noopener nofollow\"><strong>\u00a0Agencia Noticias Argentinas<\/strong><\/a>, en enero de 2024 se registraron m\u00e1s de 4.300 individuos, mientras que en diciembre del mismo a\u00f1o se alcanz\u00f3 un pico de 5.458 ejemplares.<\/p>\n<p title=\"__IP__\" data-ipspy=\"__IP__\">\u00a0<strong>\u201cLa conservaci\u00f3n de la Laguna de Llancanelo y sus aves playeras se enmarca en compromisos ambientales de mayor escala, alineados con los principios del Convenio sobre la Diversidad Biol\u00f3gica\u201d<\/strong>, expuso Ignacio Haudet, director de Biodiversidad y Ecoparque.<span data-nosnippet=\"\">__IP__<\/span><\/p>\n<p>Haudet se\u00f1al\u00f3 que este tratado internacional \u201cestablece como objetivos centrales la conservaci\u00f3n de la diversidad biol\u00f3gica, el uso sostenible de sus componentes y la distribuci\u00f3n justa de los beneficios derivados de los recursos gen\u00e9ticos\u201d.<\/p>\n<p>\u201cLos compromisos incluyen la creaci\u00f3n y fortalecimiento de sistemas de \u00e1reas protegidas, la promoci\u00f3n de la investigaci\u00f3n cient\u00edfica, la restauraci\u00f3n de ecosistemas degradados y el desarrollo de programas de educaci\u00f3n y capacitaci\u00f3n\u201d, subray\u00f3.\u00a0<a href=\"https:\/\/noticiasargentinas.com\/-agenciana_t6916e70a4551e78eb9423f59\">#AgenciaNA<\/a><\/p>\n<\/div>\n<\/div>\n","protected":false},"excerpt":{"rendered":"<p>Un estudio cient\u00edfico confirm\u00f3 su rol estrat\u00e9gico como sitio de descanso y alimentaci\u00f3n para aves migratorias que recorren hasta 16.000 kil\u00f3metros.<\/p>\n","protected":false},"author":3,"featured_media":0,"comment_status":"closed","ping_status":"closed","sticky":false,"template":"","format":"standard","meta":{"footnotes":""},"categories":[46,26],"tags":[],"class_list":["post-131799","post","type-post","status-publish","format-standard","hentry","category-ciencia-y-tecnologia","category-sociedad"],"yoast_head":"<!-- This site is optimized with the Yoast SEO plugin v25.9 - https:\/\/yoast.com\/wordpress\/plugins\/seo\/ -->\n<title>Una laguna de Mendoza se incorpora a la Red Hemisf\u00e9rica de Reservas de Aves Playeras - Noticias Radio Reflejos<\/title>\n<meta name=\"robots\" content=\"index, follow, max-snippet:-1, max-image-preview:large, max-video-preview:-1\" \/>\n<link rel=\"canonical\" href=\"https:\/\/www.noticiasradioreflejos.com.ar\/2021\/una-laguna-de-mendoza-se-incorpora-a-la-red-hemisferica-de-reservas-de-aves-playeras\/\" \/>\n<meta property=\"og:locale\" content=\"es_ES\" \/>\n<meta property=\"og:type\" content=\"article\" \/>\n<meta property=\"og:title\" content=\"Una laguna de Mendoza se incorpora a la Red Hemisf\u00e9rica de Reservas de Aves Playeras - Noticias Radio Reflejos\" \/>\n<meta property=\"og:description\" content=\"Un estudio cient\u00edfico confirm\u00f3 su rol estrat\u00e9gico como sitio de descanso y alimentaci\u00f3n para aves migratorias que recorren hasta 16.000 kil\u00f3metros.\" \/>\n<meta property=\"og:url\" content=\"https:\/\/www.noticiasradioreflejos.com.ar\/2021\/una-laguna-de-mendoza-se-incorpora-a-la-red-hemisferica-de-reservas-de-aves-playeras\/\" \/>\n<meta property=\"og:site_name\" content=\"Noticias Radio Reflejos\" \/>\n<meta property=\"article:published_time\" content=\"2026-01-23T16:39:42+00:00\" \/>\n<meta property=\"og:image\" content=\"https:\/\/www.noticiasradioreflejos.com.ar\/2021\/wp-content\/uploads\/2026\/01\/720-7.webp\" \/>\n\t<meta property=\"og:image:width\" content=\"960\" \/>\n\t<meta property=\"og:image:height\" content=\"720\" \/>\n\t<meta property=\"og:image:type\" content=\"image\/webp\" \/>\n<meta name=\"author\" content=\"Arnaldo Botto\" \/>\n<meta name=\"twitter:card\" content=\"summary_large_image\" \/>\n<script type=\"application\/ld+json\" class=\"yoast-schema-graph\">{\"@context\":\"https:\/\/schema.org\",\"@graph\":[{\"@type\":\"WebPage\",\"@id\":\"https:\/\/www.noticiasradioreflejos.com.ar\/2021\/una-laguna-de-mendoza-se-incorpora-a-la-red-hemisferica-de-reservas-de-aves-playeras\/\",\"url\":\"https:\/\/www.noticiasradioreflejos.com.ar\/2021\/una-laguna-de-mendoza-se-incorpora-a-la-red-hemisferica-de-reservas-de-aves-playeras\/\",\"name\":\"Una laguna de Mendoza se incorpora a la Red Hemisf\u00e9rica de Reservas de Aves Playeras - Noticias Radio Reflejos\",\"isPartOf\":{\"@id\":\"https:\/\/www.noticiasradioreflejos.com.ar\/2021\/#website\"},\"datePublished\":\"2026-01-23T16:39:42+00:00\",\"author\":{\"@id\":\"https:\/\/www.noticiasradioreflejos.com.ar\/2021\/#\/schema\/person\/ad82545263dcc5ec0996818884fd5fb1\"},\"breadcrumb\":{\"@id\":\"https:\/\/www.noticiasradioreflejos.com.ar\/2021\/una-laguna-de-mendoza-se-incorpora-a-la-red-hemisferica-de-reservas-de-aves-playeras\/#breadcrumb\"},\"inLanguage\":\"es\",\"potentialAction\":[{\"@type\":\"ReadAction\",\"target\":[\"https:\/\/www.noticiasradioreflejos.com.ar\/2021\/una-laguna-de-mendoza-se-incorpora-a-la-red-hemisferica-de-reservas-de-aves-playeras\/\"]}]},{\"@type\":\"BreadcrumbList\",\"@id\":\"https:\/\/www.noticiasradioreflejos.com.ar\/2021\/una-laguna-de-mendoza-se-incorpora-a-la-red-hemisferica-de-reservas-de-aves-playeras\/#breadcrumb\",\"itemListElement\":[{\"@type\":\"ListItem\",\"position\":1,\"name\":\"Portada\",\"item\":\"https:\/\/www.noticiasradioreflejos.com.ar\/2021\/\"},{\"@type\":\"ListItem\",\"position\":2,\"name\":\"Una laguna de Mendoza se incorpora a la Red Hemisf\u00e9rica de Reservas de Aves Playeras\"}]},{\"@type\":\"WebSite\",\"@id\":\"https:\/\/www.noticiasradioreflejos.com.ar\/2021\/#website\",\"url\":\"https:\/\/www.noticiasradioreflejos.com.ar\/2021\/\",\"name\":\"Noticias Radio Reflejos\",\"description\":\"Las noticias de mi comarca\",\"potentialAction\":[{\"@type\":\"SearchAction\",\"target\":{\"@type\":\"EntryPoint\",\"urlTemplate\":\"https:\/\/www.noticiasradioreflejos.com.ar\/2021\/?s={search_term_string}\"},\"query-input\":{\"@type\":\"PropertyValueSpecification\",\"valueRequired\":true,\"valueName\":\"search_term_string\"}}],\"inLanguage\":\"es\"},{\"@type\":\"Person\",\"@id\":\"https:\/\/www.noticiasradioreflejos.com.ar\/2021\/#\/schema\/person\/ad82545263dcc5ec0996818884fd5fb1\",\"name\":\"Arnaldo Botto\",\"image\":{\"@type\":\"ImageObject\",\"inLanguage\":\"es\",\"@id\":\"https:\/\/www.noticiasradioreflejos.com.ar\/2021\/#\/schema\/person\/image\/\",\"url\":\"https:\/\/secure.gravatar.com\/avatar\/55cb5e37c1efa326397366e6974cb338056df65cb50e7d64d1cf314e87504837?s=96&d=mm&r=g\",\"contentUrl\":\"https:\/\/secure.gravatar.com\/avatar\/55cb5e37c1efa326397366e6974cb338056df65cb50e7d64d1cf314e87504837?s=96&d=mm&r=g\",\"caption\":\"Arnaldo Botto\"},\"url\":\"https:\/\/www.noticiasradioreflejos.com.ar\/2021\/author\/arnaldo\/\"}]}<\/script>\n<!-- \/ Yoast SEO plugin. -->","yoast_head_json":{"title":"Una laguna de Mendoza se incorpora a la Red Hemisf\u00e9rica de Reservas de Aves Playeras - Noticias Radio Reflejos","robots":{"index":"index","follow":"follow","max-snippet":"max-snippet:-1","max-image-preview":"max-image-preview:large","max-video-preview":"max-video-preview:-1"},"canonical":"https:\/\/www.noticiasradioreflejos.com.ar\/2021\/una-laguna-de-mendoza-se-incorpora-a-la-red-hemisferica-de-reservas-de-aves-playeras\/","og_locale":"es_ES","og_type":"article","og_title":"Una laguna de Mendoza se incorpora a la Red Hemisf\u00e9rica de Reservas de Aves Playeras - Noticias Radio Reflejos","og_description":"Un estudio cient\u00edfico confirm\u00f3 su rol estrat\u00e9gico como sitio de descanso y alimentaci\u00f3n para aves migratorias que recorren hasta 16.000 kil\u00f3metros.","og_url":"https:\/\/www.noticiasradioreflejos.com.ar\/2021\/una-laguna-de-mendoza-se-incorpora-a-la-red-hemisferica-de-reservas-de-aves-playeras\/","og_site_name":"Noticias Radio Reflejos","article_published_time":"2026-01-23T16:39:42+00:00","og_image":[{"width":960,"height":720,"url":"https:\/\/www.noticiasradioreflejos.com.ar\/2021\/wp-content\/uploads\/2026\/01\/720-7.webp","type":"image\/webp"}],"author":"Arnaldo Botto","twitter_card":"summary_large_image","schema":{"@context":"https:\/\/schema.org","@graph":[{"@type":"WebPage","@id":"https:\/\/www.noticiasradioreflejos.com.ar\/2021\/una-laguna-de-mendoza-se-incorpora-a-la-red-hemisferica-de-reservas-de-aves-playeras\/","url":"https:\/\/www.noticiasradioreflejos.com.ar\/2021\/una-laguna-de-mendoza-se-incorpora-a-la-red-hemisferica-de-reservas-de-aves-playeras\/","name":"Una laguna de Mendoza se incorpora a la Red Hemisf\u00e9rica de Reservas de Aves Playeras - Noticias Radio Reflejos","isPartOf":{"@id":"https:\/\/www.noticiasradioreflejos.com.ar\/2021\/#website"},"datePublished":"2026-01-23T16:39:42+00:00","author":{"@id":"https:\/\/www.noticiasradioreflejos.com.ar\/2021\/#\/schema\/person\/ad82545263dcc5ec0996818884fd5fb1"},"breadcrumb":{"@id":"https:\/\/www.noticiasradioreflejos.com.ar\/2021\/una-laguna-de-mendoza-se-incorpora-a-la-red-hemisferica-de-reservas-de-aves-playeras\/#breadcrumb"},"inLanguage":"es","potentialAction":[{"@type":"ReadAction","target":["https:\/\/www.noticiasradioreflejos.com.ar\/2021\/una-laguna-de-mendoza-se-incorpora-a-la-red-hemisferica-de-reservas-de-aves-playeras\/"]}]},{"@type":"BreadcrumbList","@id":"https:\/\/www.noticiasradioreflejos.com.ar\/2021\/una-laguna-de-mendoza-se-incorpora-a-la-red-hemisferica-de-reservas-de-aves-playeras\/#breadcrumb","itemListElement":[{"@type":"ListItem","position":1,"name":"Portada","item":"https:\/\/www.noticiasradioreflejos.com.ar\/2021\/"},{"@type":"ListItem","position":2,"name":"Una laguna de Mendoza se incorpora a la Red Hemisf\u00e9rica de Reservas de Aves Playeras"}]},{"@type":"WebSite","@id":"https:\/\/www.noticiasradioreflejos.com.ar\/2021\/#website","url":"https:\/\/www.noticiasradioreflejos.com.ar\/2021\/","name":"Noticias Radio Reflejos","description":"Las noticias de mi comarca","potentialAction":[{"@type":"SearchAction","target":{"@type":"EntryPoint","urlTemplate":"https:\/\/www.noticiasradioreflejos.com.ar\/2021\/?s={search_term_string}"},"query-input":{"@type":"PropertyValueSpecification","valueRequired":true,"valueName":"search_term_string"}}],"inLanguage":"es"},{"@type":"Person","@id":"https:\/\/www.noticiasradioreflejos.com.ar\/2021\/#\/schema\/person\/ad82545263dcc5ec0996818884fd5fb1","name":"Arnaldo Botto","image":{"@type":"ImageObject","inLanguage":"es","@id":"https:\/\/www.noticiasradioreflejos.com.ar\/2021\/#\/schema\/person\/image\/","url":"https:\/\/secure.gravatar.com\/avatar\/55cb5e37c1efa326397366e6974cb338056df65cb50e7d64d1cf314e87504837?s=96&d=mm&r=g","contentUrl":"https:\/\/secure.gravatar.com\/avatar\/55cb5e37c1efa326397366e6974cb338056df65cb50e7d64d1cf314e87504837?s=96&d=mm&r=g","caption":"Arnaldo Botto"},"url":"https:\/\/www.noticiasradioreflejos.com.ar\/2021\/author\/arnaldo\/"}]}},"_links":{"self":[{"href":"https:\/\/www.noticiasradioreflejos.com.ar\/2021\/wp-json\/wp\/v2\/posts\/131799","targetHints":{"allow":["GET"]}}],"collection":[{"href":"https:\/\/www.noticiasradioreflejos.com.ar\/2021\/wp-json\/wp\/v2\/posts"}],"about":[{"href":"https:\/\/www.noticiasradioreflejos.com.ar\/2021\/wp-json\/wp\/v2\/types\/post"}],"author":[{"embeddable":true,"href":"https:\/\/www.noticiasradioreflejos.com.ar\/2021\/wp-json\/wp\/v2\/users\/3"}],"replies":[{"embeddable":true,"href":"https:\/\/www.noticiasradioreflejos.com.ar\/2021\/wp-json\/wp\/v2\/comments?post=131799"}],"version-history":[{"count":1,"href":"https:\/\/www.noticiasradioreflejos.com.ar\/2021\/wp-json\/wp\/v2\/posts\/131799\/revisions"}],"predecessor-version":[{"id":131801,"href":"https:\/\/www.noticiasradioreflejos.com.ar\/2021\/wp-json\/wp\/v2\/posts\/131799\/revisions\/131801"}],"wp:attachment":[{"href":"https:\/\/www.noticiasradioreflejos.com.ar\/2021\/wp-json\/wp\/v2\/media?parent=131799"}],"wp:term":[{"taxonomy":"category","embeddable":true,"href":"https:\/\/www.noticiasradioreflejos.com.ar\/2021\/wp-json\/wp\/v2\/categories?post=131799"},{"taxonomy":"post_tag","embeddable":true,"href":"https:\/\/www.noticiasradioreflejos.com.ar\/2021\/wp-json\/wp\/v2\/tags?post=131799"}],"curies":[{"name":"wp","href":"https:\/\/api.w.org\/{rel}","templated":true}]}}