{"id":131794,"date":"2026-01-23T11:58:13","date_gmt":"2026-01-23T14:58:13","guid":{"rendered":"https:\/\/www.noticiasradioreflejos.com.ar\/2021\/?p=131794"},"modified":"2026-01-23T11:58:13","modified_gmt":"2026-01-23T14:58:13","slug":"el-fmi-alerta-del-impacto-de-la-ia-sobre-el-empleo-sera-un-tsunami","status":"publish","type":"post","link":"https:\/\/www.noticiasradioreflejos.com.ar\/2021\/el-fmi-alerta-del-impacto-de-la-ia-sobre-el-empleo-sera-un-tsunami\/","title":{"rendered":"El FMI alerta del impacto de la IA sobre el empleo: \u201cSer\u00e1 un tsunami\u201d"},"content":{"rendered":"<p>La presidenta del Banco Central Europeo (BCE), Christine Lagarde, defiende la importancia de la distribuci\u00f3n de la riqueza para reducir las desigualdades<!--more--><\/p>\n<p>El impacto de la inteligencia artificial (IA) sobre los mercados laborales puede representar<strong>\u00a0\u201cun tsunami\u201d para el empleo por la rapidez de los avances y su efecto sobre la demanda de habilidades, los salarios y las oportunidades de contrataci\u00f3n para los j\u00f3venes,<\/strong>\u00a0seg\u00fan advirti\u00f3 la directora gerente del Fondo Monetario Internacional (FMI),\u00a0<strong>Kristalina Georgieva.<\/strong><\/p>\n<div class=\"partner-wrapper article-page__body-row\">\n<div class=\"second-col\">\n<p class=\"article-text\">\u201cEsto es como un tsunami que golpea el mercado laboral\u201d, ha comentado la economista b\u00falgara durante una charla en el marco del Foro Econ\u00f3mico Mundial, compartida, entre otros, con\u00a0<strong>Christine Lagarde<\/strong>, presidenta del Banco Central Europeo (BCE); y la directora general de la Organizaci\u00f3n Mundial del Comercio (OMC), Ngozi Okonjo-Iweala, seg\u00fan relata Europa Press.<\/p>\n<p class=\"article-text\">En este sentido, Georgieva se\u00f1al\u00f3 la transformaci\u00f3n masiva de la demanda de habilidades a causa de la IA, cuya implementaci\u00f3n en los pr\u00f3ximos a\u00f1os\u00a0<strong>se espera que afecte al 60% de los empleos en las econom\u00edas avanzadas, ya sea para mejorarlos, eliminarlos o transformarlos.<\/strong><\/p>\n<p class=\"article-text\">Asimismo, advirti\u00f3 que, si bien los empleos mejorados con la llegada de la IA reportan salarios m\u00e1s altos a quienes los ocupan, lo que impulsa el consumo y la demanda de empleos menos cualificados, tambi\u00e9n se observa que la IA contribuye a eliminar empleos de nivel inicial, lo que dificulta la inserci\u00f3n laboral de los j\u00f3venes, mientras que los trabajos que todav\u00eda no se han visto afectados pagan menos.<\/p>\n<p class=\"article-text\">\u201cAs\u00ed que la clase media inevitablemente se ver\u00e1 afectada\u201d, alert\u00f3.<\/p>\n<p class=\"article-text\">Por otro lado, la directora del FMI expres\u00f3 tambi\u00e9n una gran preocupaci\u00f3n porque al mismo tiempo que se avanza con gran rapidez en este campo no se han implementado las salvaguardas necesarias.<\/p>\n<p class=\"article-text\">\u201cEsto avanza muy r\u00e1pido, y sin embargo, no sabemos c\u00f3mo hacerlo seguro\u201d, se lament\u00f3.<\/p>\n<h2 class=\"article-text\">Redistribuci\u00f3n de la riqueza<\/h2>\n<p class=\"article-text\">En este sentido, la presidenta del BCE, Christine Lagarde, se\u00f1al\u00f3 que los propios expertos y actores de la IA reconocen la importancia de tener un debate al respecto y comprender c\u00f3mo se usa esta nueva tecnolog\u00eda para no perjudicar el tejido social y a la juventud.<\/p>\n<p class=\"article-text\">Por otro lado, la francesa defendi\u00f3 la necesidad de \u201cser cuidadosos con la distribuci\u00f3n de la riqueza\u201d, ya que si el mundo no presta atenci\u00f3n a esto al aumento de la desigualdad \u201cnos encaminamos hacia serios problemas\u201d.<\/p>\n<div id=\"container-after-news-outlook\"><\/div>\n<p class=\"article-text\">Lagarde, descart\u00f3 este viernes que el mundo est\u00e9 atravesando un momento de \u201cruptura\u201d, sino m\u00e1s bien una transici\u00f3n, en la que IA puede promover el crecimiento o fomentar la desigualdad, seg\u00fan la agencia EFE.<\/p>\n<p class=\"article-text\">En la jornada de clausura del Foro de Davos, Lagarde replic\u00f3 a lo afirmado hace pocos d\u00edas en el mismo encuentro por el primer ministro canadiense, Mark Carney, que habl\u00f3 de \u201cruptura\u201d del orden establecido y del mundo tal y como lo conocemos.<\/p>\n<\/div>\n<\/div>\n","protected":false},"excerpt":{"rendered":"<p>La presidenta del Banco Central Europeo (BCE), Christine Lagarde, defiende la importancia de la distribuci\u00f3n de la riqueza para reducir las desigualdades<\/p>\n","protected":false},"author":3,"featured_media":126382,"comment_status":"closed","ping_status":"closed","sticky":false,"template":"","format":"standard","meta":{"footnotes":""},"categories":[46,24,26],"tags":[],"class_list":["post-131794","post","type-post","status-publish","format-standard","has-post-thumbnail","hentry","category-ciencia-y-tecnologia","category-politica","category-sociedad"],"yoast_head":"<!-- This site is optimized with the Yoast SEO plugin v25.9 - https:\/\/yoast.com\/wordpress\/plugins\/seo\/ -->\n<title>El FMI alerta del impacto de la IA sobre el empleo: \u201cSer\u00e1 un tsunami\u201d - Noticias Radio Reflejos<\/title>\n<meta name=\"robots\" content=\"index, follow, max-snippet:-1, max-image-preview:large, max-video-preview:-1\" \/>\n<link rel=\"canonical\" href=\"https:\/\/www.noticiasradioreflejos.com.ar\/2021\/el-fmi-alerta-del-impacto-de-la-ia-sobre-el-empleo-sera-un-tsunami\/\" \/>\n<meta property=\"og:locale\" content=\"es_ES\" \/>\n<meta property=\"og:type\" content=\"article\" \/>\n<meta property=\"og:title\" content=\"El FMI alerta del impacto de la IA sobre el empleo: \u201cSer\u00e1 un tsunami\u201d - Noticias Radio Reflejos\" \/>\n<meta property=\"og:description\" content=\"La presidenta del Banco Central Europeo (BCE), Christine Lagarde, defiende la importancia de la distribuci\u00f3n de la riqueza para reducir las desigualdades\" \/>\n<meta property=\"og:url\" content=\"https:\/\/www.noticiasradioreflejos.com.ar\/2021\/el-fmi-alerta-del-impacto-de-la-ia-sobre-el-empleo-sera-un-tsunami\/\" \/>\n<meta property=\"og:site_name\" content=\"Noticias Radio Reflejos\" \/>\n<meta property=\"article:published_time\" content=\"2026-01-23T14:58:13+00:00\" \/>\n<meta property=\"og:image\" content=\"https:\/\/www.noticiasradioreflejos.com.ar\/2021\/wp-content\/uploads\/2025\/10\/Inteligencia-Artificial-pensamiento.jpeg\" \/>\n\t<meta property=\"og:image:width\" content=\"1280\" \/>\n\t<meta property=\"og:image:height\" content=\"1280\" \/>\n\t<meta property=\"og:image:type\" content=\"image\/jpeg\" \/>\n<meta name=\"author\" content=\"Arnaldo Botto\" \/>\n<meta name=\"twitter:card\" content=\"summary_large_image\" \/>\n<script type=\"application\/ld+json\" class=\"yoast-schema-graph\">{\"@context\":\"https:\/\/schema.org\",\"@graph\":[{\"@type\":\"WebPage\",\"@id\":\"https:\/\/www.noticiasradioreflejos.com.ar\/2021\/el-fmi-alerta-del-impacto-de-la-ia-sobre-el-empleo-sera-un-tsunami\/\",\"url\":\"https:\/\/www.noticiasradioreflejos.com.ar\/2021\/el-fmi-alerta-del-impacto-de-la-ia-sobre-el-empleo-sera-un-tsunami\/\",\"name\":\"El FMI alerta del impacto de la IA sobre el empleo: \u201cSer\u00e1 un tsunami\u201d - Noticias Radio Reflejos\",\"isPartOf\":{\"@id\":\"https:\/\/www.noticiasradioreflejos.com.ar\/2021\/#website\"},\"primaryImageOfPage\":{\"@id\":\"https:\/\/www.noticiasradioreflejos.com.ar\/2021\/el-fmi-alerta-del-impacto-de-la-ia-sobre-el-empleo-sera-un-tsunami\/#primaryimage\"},\"image\":{\"@id\":\"https:\/\/www.noticiasradioreflejos.com.ar\/2021\/el-fmi-alerta-del-impacto-de-la-ia-sobre-el-empleo-sera-un-tsunami\/#primaryimage\"},\"thumbnailUrl\":\"https:\/\/www.noticiasradioreflejos.com.ar\/2021\/wp-content\/uploads\/2025\/10\/Inteligencia-Artificial-pensamiento.jpeg\",\"datePublished\":\"2026-01-23T14:58:13+00:00\",\"author\":{\"@id\":\"https:\/\/www.noticiasradioreflejos.com.ar\/2021\/#\/schema\/person\/ad82545263dcc5ec0996818884fd5fb1\"},\"breadcrumb\":{\"@id\":\"https:\/\/www.noticiasradioreflejos.com.ar\/2021\/el-fmi-alerta-del-impacto-de-la-ia-sobre-el-empleo-sera-un-tsunami\/#breadcrumb\"},\"inLanguage\":\"es\",\"potentialAction\":[{\"@type\":\"ReadAction\",\"target\":[\"https:\/\/www.noticiasradioreflejos.com.ar\/2021\/el-fmi-alerta-del-impacto-de-la-ia-sobre-el-empleo-sera-un-tsunami\/\"]}]},{\"@type\":\"ImageObject\",\"inLanguage\":\"es\",\"@id\":\"https:\/\/www.noticiasradioreflejos.com.ar\/2021\/el-fmi-alerta-del-impacto-de-la-ia-sobre-el-empleo-sera-un-tsunami\/#primaryimage\",\"url\":\"https:\/\/www.noticiasradioreflejos.com.ar\/2021\/wp-content\/uploads\/2025\/10\/Inteligencia-Artificial-pensamiento.jpeg\",\"contentUrl\":\"https:\/\/www.noticiasradioreflejos.com.ar\/2021\/wp-content\/uploads\/2025\/10\/Inteligencia-Artificial-pensamiento.jpeg\",\"width\":1280,\"height\":1280},{\"@type\":\"BreadcrumbList\",\"@id\":\"https:\/\/www.noticiasradioreflejos.com.ar\/2021\/el-fmi-alerta-del-impacto-de-la-ia-sobre-el-empleo-sera-un-tsunami\/#breadcrumb\",\"itemListElement\":[{\"@type\":\"ListItem\",\"position\":1,\"name\":\"Portada\",\"item\":\"https:\/\/www.noticiasradioreflejos.com.ar\/2021\/\"},{\"@type\":\"ListItem\",\"position\":2,\"name\":\"El FMI alerta del impacto de la IA sobre el empleo: \u201cSer\u00e1 un tsunami\u201d\"}]},{\"@type\":\"WebSite\",\"@id\":\"https:\/\/www.noticiasradioreflejos.com.ar\/2021\/#website\",\"url\":\"https:\/\/www.noticiasradioreflejos.com.ar\/2021\/\",\"name\":\"Noticias Radio Reflejos\",\"description\":\"Las noticias de mi comarca\",\"potentialAction\":[{\"@type\":\"SearchAction\",\"target\":{\"@type\":\"EntryPoint\",\"urlTemplate\":\"https:\/\/www.noticiasradioreflejos.com.ar\/2021\/?s={search_term_string}\"},\"query-input\":{\"@type\":\"PropertyValueSpecification\",\"valueRequired\":true,\"valueName\":\"search_term_string\"}}],\"inLanguage\":\"es\"},{\"@type\":\"Person\",\"@id\":\"https:\/\/www.noticiasradioreflejos.com.ar\/2021\/#\/schema\/person\/ad82545263dcc5ec0996818884fd5fb1\",\"name\":\"Arnaldo Botto\",\"image\":{\"@type\":\"ImageObject\",\"inLanguage\":\"es\",\"@id\":\"https:\/\/www.noticiasradioreflejos.com.ar\/2021\/#\/schema\/person\/image\/\",\"url\":\"https:\/\/secure.gravatar.com\/avatar\/55cb5e37c1efa326397366e6974cb338056df65cb50e7d64d1cf314e87504837?s=96&d=mm&r=g\",\"contentUrl\":\"https:\/\/secure.gravatar.com\/avatar\/55cb5e37c1efa326397366e6974cb338056df65cb50e7d64d1cf314e87504837?s=96&d=mm&r=g\",\"caption\":\"Arnaldo Botto\"},\"url\":\"https:\/\/www.noticiasradioreflejos.com.ar\/2021\/author\/arnaldo\/\"}]}<\/script>\n<!-- \/ Yoast SEO plugin. -->","yoast_head_json":{"title":"El FMI alerta del impacto de la IA sobre el empleo: \u201cSer\u00e1 un tsunami\u201d - Noticias Radio Reflejos","robots":{"index":"index","follow":"follow","max-snippet":"max-snippet:-1","max-image-preview":"max-image-preview:large","max-video-preview":"max-video-preview:-1"},"canonical":"https:\/\/www.noticiasradioreflejos.com.ar\/2021\/el-fmi-alerta-del-impacto-de-la-ia-sobre-el-empleo-sera-un-tsunami\/","og_locale":"es_ES","og_type":"article","og_title":"El FMI alerta del impacto de la IA sobre el empleo: \u201cSer\u00e1 un tsunami\u201d - Noticias Radio Reflejos","og_description":"La presidenta del Banco Central Europeo (BCE), Christine Lagarde, defiende la importancia de la distribuci\u00f3n de la riqueza para reducir las desigualdades","og_url":"https:\/\/www.noticiasradioreflejos.com.ar\/2021\/el-fmi-alerta-del-impacto-de-la-ia-sobre-el-empleo-sera-un-tsunami\/","og_site_name":"Noticias Radio Reflejos","article_published_time":"2026-01-23T14:58:13+00:00","og_image":[{"width":1280,"height":1280,"url":"https:\/\/www.noticiasradioreflejos.com.ar\/2021\/wp-content\/uploads\/2025\/10\/Inteligencia-Artificial-pensamiento.jpeg","type":"image\/jpeg"}],"author":"Arnaldo Botto","twitter_card":"summary_large_image","schema":{"@context":"https:\/\/schema.org","@graph":[{"@type":"WebPage","@id":"https:\/\/www.noticiasradioreflejos.com.ar\/2021\/el-fmi-alerta-del-impacto-de-la-ia-sobre-el-empleo-sera-un-tsunami\/","url":"https:\/\/www.noticiasradioreflejos.com.ar\/2021\/el-fmi-alerta-del-impacto-de-la-ia-sobre-el-empleo-sera-un-tsunami\/","name":"El FMI alerta del impacto de la IA sobre el empleo: \u201cSer\u00e1 un tsunami\u201d - Noticias Radio Reflejos","isPartOf":{"@id":"https:\/\/www.noticiasradioreflejos.com.ar\/2021\/#website"},"primaryImageOfPage":{"@id":"https:\/\/www.noticiasradioreflejos.com.ar\/2021\/el-fmi-alerta-del-impacto-de-la-ia-sobre-el-empleo-sera-un-tsunami\/#primaryimage"},"image":{"@id":"https:\/\/www.noticiasradioreflejos.com.ar\/2021\/el-fmi-alerta-del-impacto-de-la-ia-sobre-el-empleo-sera-un-tsunami\/#primaryimage"},"thumbnailUrl":"https:\/\/www.noticiasradioreflejos.com.ar\/2021\/wp-content\/uploads\/2025\/10\/Inteligencia-Artificial-pensamiento.jpeg","datePublished":"2026-01-23T14:58:13+00:00","author":{"@id":"https:\/\/www.noticiasradioreflejos.com.ar\/2021\/#\/schema\/person\/ad82545263dcc5ec0996818884fd5fb1"},"breadcrumb":{"@id":"https:\/\/www.noticiasradioreflejos.com.ar\/2021\/el-fmi-alerta-del-impacto-de-la-ia-sobre-el-empleo-sera-un-tsunami\/#breadcrumb"},"inLanguage":"es","potentialAction":[{"@type":"ReadAction","target":["https:\/\/www.noticiasradioreflejos.com.ar\/2021\/el-fmi-alerta-del-impacto-de-la-ia-sobre-el-empleo-sera-un-tsunami\/"]}]},{"@type":"ImageObject","inLanguage":"es","@id":"https:\/\/www.noticiasradioreflejos.com.ar\/2021\/el-fmi-alerta-del-impacto-de-la-ia-sobre-el-empleo-sera-un-tsunami\/#primaryimage","url":"https:\/\/www.noticiasradioreflejos.com.ar\/2021\/wp-content\/uploads\/2025\/10\/Inteligencia-Artificial-pensamiento.jpeg","contentUrl":"https:\/\/www.noticiasradioreflejos.com.ar\/2021\/wp-content\/uploads\/2025\/10\/Inteligencia-Artificial-pensamiento.jpeg","width":1280,"height":1280},{"@type":"BreadcrumbList","@id":"https:\/\/www.noticiasradioreflejos.com.ar\/2021\/el-fmi-alerta-del-impacto-de-la-ia-sobre-el-empleo-sera-un-tsunami\/#breadcrumb","itemListElement":[{"@type":"ListItem","position":1,"name":"Portada","item":"https:\/\/www.noticiasradioreflejos.com.ar\/2021\/"},{"@type":"ListItem","position":2,"name":"El FMI alerta del impacto de la IA sobre el empleo: \u201cSer\u00e1 un tsunami\u201d"}]},{"@type":"WebSite","@id":"https:\/\/www.noticiasradioreflejos.com.ar\/2021\/#website","url":"https:\/\/www.noticiasradioreflejos.com.ar\/2021\/","name":"Noticias Radio Reflejos","description":"Las noticias de mi comarca","potentialAction":[{"@type":"SearchAction","target":{"@type":"EntryPoint","urlTemplate":"https:\/\/www.noticiasradioreflejos.com.ar\/2021\/?s={search_term_string}"},"query-input":{"@type":"PropertyValueSpecification","valueRequired":true,"valueName":"search_term_string"}}],"inLanguage":"es"},{"@type":"Person","@id":"https:\/\/www.noticiasradioreflejos.com.ar\/2021\/#\/schema\/person\/ad82545263dcc5ec0996818884fd5fb1","name":"Arnaldo Botto","image":{"@type":"ImageObject","inLanguage":"es","@id":"https:\/\/www.noticiasradioreflejos.com.ar\/2021\/#\/schema\/person\/image\/","url":"https:\/\/secure.gravatar.com\/avatar\/55cb5e37c1efa326397366e6974cb338056df65cb50e7d64d1cf314e87504837?s=96&d=mm&r=g","contentUrl":"https:\/\/secure.gravatar.com\/avatar\/55cb5e37c1efa326397366e6974cb338056df65cb50e7d64d1cf314e87504837?s=96&d=mm&r=g","caption":"Arnaldo Botto"},"url":"https:\/\/www.noticiasradioreflejos.com.ar\/2021\/author\/arnaldo\/"}]}},"_links":{"self":[{"href":"https:\/\/www.noticiasradioreflejos.com.ar\/2021\/wp-json\/wp\/v2\/posts\/131794","targetHints":{"allow":["GET"]}}],"collection":[{"href":"https:\/\/www.noticiasradioreflejos.com.ar\/2021\/wp-json\/wp\/v2\/posts"}],"about":[{"href":"https:\/\/www.noticiasradioreflejos.com.ar\/2021\/wp-json\/wp\/v2\/types\/post"}],"author":[{"embeddable":true,"href":"https:\/\/www.noticiasradioreflejos.com.ar\/2021\/wp-json\/wp\/v2\/users\/3"}],"replies":[{"embeddable":true,"href":"https:\/\/www.noticiasradioreflejos.com.ar\/2021\/wp-json\/wp\/v2\/comments?post=131794"}],"version-history":[{"count":1,"href":"https:\/\/www.noticiasradioreflejos.com.ar\/2021\/wp-json\/wp\/v2\/posts\/131794\/revisions"}],"predecessor-version":[{"id":131795,"href":"https:\/\/www.noticiasradioreflejos.com.ar\/2021\/wp-json\/wp\/v2\/posts\/131794\/revisions\/131795"}],"wp:featuredmedia":[{"embeddable":true,"href":"https:\/\/www.noticiasradioreflejos.com.ar\/2021\/wp-json\/wp\/v2\/media\/126382"}],"wp:attachment":[{"href":"https:\/\/www.noticiasradioreflejos.com.ar\/2021\/wp-json\/wp\/v2\/media?parent=131794"}],"wp:term":[{"taxonomy":"category","embeddable":true,"href":"https:\/\/www.noticiasradioreflejos.com.ar\/2021\/wp-json\/wp\/v2\/categories?post=131794"},{"taxonomy":"post_tag","embeddable":true,"href":"https:\/\/www.noticiasradioreflejos.com.ar\/2021\/wp-json\/wp\/v2\/tags?post=131794"}],"curies":[{"name":"wp","href":"https:\/\/api.w.org\/{rel}","templated":true}]}}