{"id":131786,"date":"2026-01-23T11:40:48","date_gmt":"2026-01-23T14:40:48","guid":{"rendered":"https:\/\/www.noticiasradioreflejos.com.ar\/2021\/?p=131786"},"modified":"2026-01-23T11:40:48","modified_gmt":"2026-01-23T14:40:48","slug":"abre-la-inscripcion-para-la-preseleccion-de-beneficiarios-de-38-viviendas-de-tornquist","status":"publish","type":"post","link":"https:\/\/www.noticiasradioreflejos.com.ar\/2021\/abre-la-inscripcion-para-la-preseleccion-de-beneficiarios-de-38-viviendas-de-tornquist\/","title":{"rendered":"Abre la inscripci\u00f3n para la preselecci\u00f3n de beneficiarios de 38 viviendas de Tornquist"},"content":{"rendered":"<p>Tornquist Municipio informa que, a partir del mi\u00e9rcoles 28 de enero, se encontrar\u00e1 abierta la inscripci\u00f3n al proceso de preselecci\u00f3n de beneficiarios del programa \u2018Construcci\u00f3n 38 viviendas en la localidad de Tornquist, Partido de Tornquist\u2019.<!--more--><\/p>\n<p>Los interesados deben anotarse \u00fanicamente de manera presencial en la Subsecretar\u00eda de Desarrollo Social (Av. Moreno 5), los d\u00edas h\u00e1biles de 10 a 16 hs, y deben cumplir los siguientes requisitos excluyentes:<\/p>\n<p>-Estar inscripto en el Registro \u00danico Permanente de Demanda Habitacional;<\/p>\n<p>-Constituir o conformar grupo familiar;<\/p>\n<p>-Ser ciudadano argentino nativo o por opci\u00f3n;<\/p>\n<p>-Ser mayor de dieciocho (18) a\u00f1os de edad;<\/p>\n<p>-Poseer una antig\u00fcedad m\u00ednima de diez (10) a\u00f1os de residencia efectiva en el Partido de Tornquist y cinco (5) a\u00f1os de residencia estable, consecutiva e ininterrumpida en la localidad de Tornquist dentro de los \u00faltimos diez (10) a\u00f1os;<\/p>\n<p>-Los ingresos del grupo familiar no podr\u00e1n superar los doce (12) Salarios M\u00ednimo, Vitales y M\u00f3viles (SMVM);<\/p>\n<p>-Ninguno de los integrantes del grupo familiar debe ser beneficiario, incluyendo una posesi\u00f3n precaria, de ninguna vivienda o terreno otorgado por el Estado Nacional, Provincial y\/o Municipal;<\/p>\n<p>-Ninguno de los integrantes del grupo familiar deber\u00e1 ser titular registral de bienes inmuebles como as\u00ed tampoco de otros bienes muebles registrables o no cuyo valor le permita adquirir una vivienda;<\/p>\n<p>-No formar parte del listado de deudores morosos de alimentos ni ser parte en juicio vigente patrimonial en que el estado municipal tambi\u00e9n revista tal car\u00e1cter.<\/p>\n<p>&nbsp;<\/p>\n<h4>Documentaci\u00f3n a presentar:<\/h4>\n<p>-DNI original y copia;<\/p>\n<p>-Recibo\/s de sueldo y\/o de ingresos del grupo familiar (en caso de tener);<\/p>\n<p>-Certificado \u00danico de Discapacidad (en caso de poseer).<\/p>\n<p>&nbsp;<\/p>\n<p>Con la inscripci\u00f3n, los aspirantes deber\u00e1n completar una declaraci\u00f3n jurada y luego se efectuar\u00e1 un sorteo con la totalidad de los inscriptos. Las personas que resulten seleccionadas a trav\u00e9s de dicho mecanismo, pasar\u00e1n por un estudio socio-econ\u00f3mico a trav\u00e9s del cual se constatar\u00e1 lo expresado en la declaraci\u00f3n jurada para luego acceder a la vivienda.<\/p>\n<p>&nbsp;<\/p>\n<p>&nbsp;<\/p>\n<p> <iframe loading=\"lazy\" class=\"scribd_iframe_embed\" title=\"Decreto inscrip viviendas\" src=\"https:\/\/www.scribd.com\/embeds\/986026953\/content?start_page=1&#038;view_mode=scroll&#038;access_key=key-TON8kNYXHriYpgmBDNSh\" tabindex=\"0\" data-auto-height=\"true\" data-aspect-ratio=\"0.7080062794348508\" scrolling=\"no\" width=\"100%\" height=\"600\" frameborder=\"0\" ><\/iframe> <\/p>\n<p style=\"margin: 12px auto 6px auto; font-family: Helvetica,Arial,Sans-serif; font-size: 14px; line-height: normal; display: block;\"> <a title=\"View Decreto inscrip viviendas on Scribd\" href=\"https:\/\/www.scribd.com\/document\/986026953\/Decreto-inscrip-viviendas#from_embed\" style=\"color: #098642; text-decoration: underline;\"> Decreto inscrip viviendas <\/a> by <a title=\"View FM Reflejos Sierra de la Ventana's profile on Scribd\" href=\"https:\/\/www.scribd.com\/user\/128459674\/FM-Reflejos-Sierra-de-la-Ventana#from_embed\" style=\"color: #098642; text-decoration: underline;\" > FM Reflejos Sierra de la Ventana <\/a> <\/p>\n","protected":false},"excerpt":{"rendered":"<p>Tornquist Municipio informa que, a partir del mi\u00e9rcoles 28 de enero, se encontrar\u00e1 abierta la inscripci\u00f3n al proceso de preselecci\u00f3n de beneficiarios del programa \u2018Construcci\u00f3n 38 viviendas en la localidad de Tornquist, Partido de Tornquist\u2019.<\/p>\n","protected":false},"author":3,"featured_media":131787,"comment_status":"closed","ping_status":"closed","sticky":false,"template":"","format":"standard","meta":{"footnotes":""},"categories":[28],"tags":[48],"class_list":["post-131786","post","type-post","status-publish","format-standard","has-post-thumbnail","hentry","category-municipales","tag-destacada"],"yoast_head":"<!-- This site is optimized with the Yoast SEO plugin v25.9 - https:\/\/yoast.com\/wordpress\/plugins\/seo\/ -->\n<title>Abre la inscripci\u00f3n para la preselecci\u00f3n de beneficiarios de 38 viviendas de Tornquist - Noticias Radio Reflejos<\/title>\n<meta name=\"robots\" content=\"index, follow, max-snippet:-1, max-image-preview:large, max-video-preview:-1\" \/>\n<link rel=\"canonical\" href=\"https:\/\/www.noticiasradioreflejos.com.ar\/2021\/abre-la-inscripcion-para-la-preseleccion-de-beneficiarios-de-38-viviendas-de-tornquist\/\" \/>\n<meta property=\"og:locale\" content=\"es_ES\" \/>\n<meta property=\"og:type\" content=\"article\" \/>\n<meta property=\"og:title\" content=\"Abre la inscripci\u00f3n para la preselecci\u00f3n de beneficiarios de 38 viviendas de Tornquist - Noticias Radio Reflejos\" \/>\n<meta property=\"og:description\" content=\"Tornquist Municipio informa que, a partir del mi\u00e9rcoles 28 de enero, se encontrar\u00e1 abierta la inscripci\u00f3n al proceso de preselecci\u00f3n de beneficiarios del programa \u2018Construcci\u00f3n 38 viviendas en la localidad de Tornquist, Partido de Tornquist\u2019.\" \/>\n<meta property=\"og:url\" content=\"https:\/\/www.noticiasradioreflejos.com.ar\/2021\/abre-la-inscripcion-para-la-preseleccion-de-beneficiarios-de-38-viviendas-de-tornquist\/\" \/>\n<meta property=\"og:site_name\" content=\"Noticias Radio Reflejos\" \/>\n<meta property=\"article:published_time\" content=\"2026-01-23T14:40:48+00:00\" \/>\n<meta property=\"og:image\" content=\"https:\/\/www.noticiasradioreflejos.com.ar\/2021\/wp-content\/uploads\/2026\/01\/Viviendas-feed.png\" \/>\n\t<meta property=\"og:image:width\" content=\"1080\" \/>\n\t<meta property=\"og:image:height\" content=\"1350\" \/>\n\t<meta property=\"og:image:type\" content=\"image\/png\" \/>\n<meta name=\"author\" content=\"Arnaldo Botto\" \/>\n<meta name=\"twitter:card\" content=\"summary_large_image\" \/>\n<script type=\"application\/ld+json\" class=\"yoast-schema-graph\">{\"@context\":\"https:\/\/schema.org\",\"@graph\":[{\"@type\":\"WebPage\",\"@id\":\"https:\/\/www.noticiasradioreflejos.com.ar\/2021\/abre-la-inscripcion-para-la-preseleccion-de-beneficiarios-de-38-viviendas-de-tornquist\/\",\"url\":\"https:\/\/www.noticiasradioreflejos.com.ar\/2021\/abre-la-inscripcion-para-la-preseleccion-de-beneficiarios-de-38-viviendas-de-tornquist\/\",\"name\":\"Abre la inscripci\u00f3n para la preselecci\u00f3n de beneficiarios de 38 viviendas de Tornquist - Noticias Radio Reflejos\",\"isPartOf\":{\"@id\":\"https:\/\/www.noticiasradioreflejos.com.ar\/2021\/#website\"},\"primaryImageOfPage\":{\"@id\":\"https:\/\/www.noticiasradioreflejos.com.ar\/2021\/abre-la-inscripcion-para-la-preseleccion-de-beneficiarios-de-38-viviendas-de-tornquist\/#primaryimage\"},\"image\":{\"@id\":\"https:\/\/www.noticiasradioreflejos.com.ar\/2021\/abre-la-inscripcion-para-la-preseleccion-de-beneficiarios-de-38-viviendas-de-tornquist\/#primaryimage\"},\"thumbnailUrl\":\"https:\/\/www.noticiasradioreflejos.com.ar\/2021\/wp-content\/uploads\/2026\/01\/Viviendas-feed.png\",\"datePublished\":\"2026-01-23T14:40:48+00:00\",\"author\":{\"@id\":\"https:\/\/www.noticiasradioreflejos.com.ar\/2021\/#\/schema\/person\/ad82545263dcc5ec0996818884fd5fb1\"},\"breadcrumb\":{\"@id\":\"https:\/\/www.noticiasradioreflejos.com.ar\/2021\/abre-la-inscripcion-para-la-preseleccion-de-beneficiarios-de-38-viviendas-de-tornquist\/#breadcrumb\"},\"inLanguage\":\"es\",\"potentialAction\":[{\"@type\":\"ReadAction\",\"target\":[\"https:\/\/www.noticiasradioreflejos.com.ar\/2021\/abre-la-inscripcion-para-la-preseleccion-de-beneficiarios-de-38-viviendas-de-tornquist\/\"]}]},{\"@type\":\"ImageObject\",\"inLanguage\":\"es\",\"@id\":\"https:\/\/www.noticiasradioreflejos.com.ar\/2021\/abre-la-inscripcion-para-la-preseleccion-de-beneficiarios-de-38-viviendas-de-tornquist\/#primaryimage\",\"url\":\"https:\/\/www.noticiasradioreflejos.com.ar\/2021\/wp-content\/uploads\/2026\/01\/Viviendas-feed.png\",\"contentUrl\":\"https:\/\/www.noticiasradioreflejos.com.ar\/2021\/wp-content\/uploads\/2026\/01\/Viviendas-feed.png\",\"width\":1080,\"height\":1350},{\"@type\":\"BreadcrumbList\",\"@id\":\"https:\/\/www.noticiasradioreflejos.com.ar\/2021\/abre-la-inscripcion-para-la-preseleccion-de-beneficiarios-de-38-viviendas-de-tornquist\/#breadcrumb\",\"itemListElement\":[{\"@type\":\"ListItem\",\"position\":1,\"name\":\"Portada\",\"item\":\"https:\/\/www.noticiasradioreflejos.com.ar\/2021\/\"},{\"@type\":\"ListItem\",\"position\":2,\"name\":\"Abre la inscripci\u00f3n para la preselecci\u00f3n de beneficiarios de 38 viviendas de Tornquist\"}]},{\"@type\":\"WebSite\",\"@id\":\"https:\/\/www.noticiasradioreflejos.com.ar\/2021\/#website\",\"url\":\"https:\/\/www.noticiasradioreflejos.com.ar\/2021\/\",\"name\":\"Noticias Radio Reflejos\",\"description\":\"Las noticias de mi comarca\",\"potentialAction\":[{\"@type\":\"SearchAction\",\"target\":{\"@type\":\"EntryPoint\",\"urlTemplate\":\"https:\/\/www.noticiasradioreflejos.com.ar\/2021\/?s={search_term_string}\"},\"query-input\":{\"@type\":\"PropertyValueSpecification\",\"valueRequired\":true,\"valueName\":\"search_term_string\"}}],\"inLanguage\":\"es\"},{\"@type\":\"Person\",\"@id\":\"https:\/\/www.noticiasradioreflejos.com.ar\/2021\/#\/schema\/person\/ad82545263dcc5ec0996818884fd5fb1\",\"name\":\"Arnaldo Botto\",\"image\":{\"@type\":\"ImageObject\",\"inLanguage\":\"es\",\"@id\":\"https:\/\/www.noticiasradioreflejos.com.ar\/2021\/#\/schema\/person\/image\/\",\"url\":\"https:\/\/secure.gravatar.com\/avatar\/55cb5e37c1efa326397366e6974cb338056df65cb50e7d64d1cf314e87504837?s=96&d=mm&r=g\",\"contentUrl\":\"https:\/\/secure.gravatar.com\/avatar\/55cb5e37c1efa326397366e6974cb338056df65cb50e7d64d1cf314e87504837?s=96&d=mm&r=g\",\"caption\":\"Arnaldo Botto\"},\"url\":\"https:\/\/www.noticiasradioreflejos.com.ar\/2021\/author\/arnaldo\/\"}]}<\/script>\n<!-- \/ Yoast SEO plugin. -->","yoast_head_json":{"title":"Abre la inscripci\u00f3n para la preselecci\u00f3n de beneficiarios de 38 viviendas de Tornquist - Noticias Radio Reflejos","robots":{"index":"index","follow":"follow","max-snippet":"max-snippet:-1","max-image-preview":"max-image-preview:large","max-video-preview":"max-video-preview:-1"},"canonical":"https:\/\/www.noticiasradioreflejos.com.ar\/2021\/abre-la-inscripcion-para-la-preseleccion-de-beneficiarios-de-38-viviendas-de-tornquist\/","og_locale":"es_ES","og_type":"article","og_title":"Abre la inscripci\u00f3n para la preselecci\u00f3n de beneficiarios de 38 viviendas de Tornquist - Noticias Radio Reflejos","og_description":"Tornquist Municipio informa que, a partir del mi\u00e9rcoles 28 de enero, se encontrar\u00e1 abierta la inscripci\u00f3n al proceso de preselecci\u00f3n de beneficiarios del programa \u2018Construcci\u00f3n 38 viviendas en la localidad de Tornquist, Partido de Tornquist\u2019.","og_url":"https:\/\/www.noticiasradioreflejos.com.ar\/2021\/abre-la-inscripcion-para-la-preseleccion-de-beneficiarios-de-38-viviendas-de-tornquist\/","og_site_name":"Noticias Radio Reflejos","article_published_time":"2026-01-23T14:40:48+00:00","og_image":[{"width":1080,"height":1350,"url":"https:\/\/www.noticiasradioreflejos.com.ar\/2021\/wp-content\/uploads\/2026\/01\/Viviendas-feed.png","type":"image\/png"}],"author":"Arnaldo Botto","twitter_card":"summary_large_image","schema":{"@context":"https:\/\/schema.org","@graph":[{"@type":"WebPage","@id":"https:\/\/www.noticiasradioreflejos.com.ar\/2021\/abre-la-inscripcion-para-la-preseleccion-de-beneficiarios-de-38-viviendas-de-tornquist\/","url":"https:\/\/www.noticiasradioreflejos.com.ar\/2021\/abre-la-inscripcion-para-la-preseleccion-de-beneficiarios-de-38-viviendas-de-tornquist\/","name":"Abre la inscripci\u00f3n para la preselecci\u00f3n de beneficiarios de 38 viviendas de Tornquist - Noticias Radio Reflejos","isPartOf":{"@id":"https:\/\/www.noticiasradioreflejos.com.ar\/2021\/#website"},"primaryImageOfPage":{"@id":"https:\/\/www.noticiasradioreflejos.com.ar\/2021\/abre-la-inscripcion-para-la-preseleccion-de-beneficiarios-de-38-viviendas-de-tornquist\/#primaryimage"},"image":{"@id":"https:\/\/www.noticiasradioreflejos.com.ar\/2021\/abre-la-inscripcion-para-la-preseleccion-de-beneficiarios-de-38-viviendas-de-tornquist\/#primaryimage"},"thumbnailUrl":"https:\/\/www.noticiasradioreflejos.com.ar\/2021\/wp-content\/uploads\/2026\/01\/Viviendas-feed.png","datePublished":"2026-01-23T14:40:48+00:00","author":{"@id":"https:\/\/www.noticiasradioreflejos.com.ar\/2021\/#\/schema\/person\/ad82545263dcc5ec0996818884fd5fb1"},"breadcrumb":{"@id":"https:\/\/www.noticiasradioreflejos.com.ar\/2021\/abre-la-inscripcion-para-la-preseleccion-de-beneficiarios-de-38-viviendas-de-tornquist\/#breadcrumb"},"inLanguage":"es","potentialAction":[{"@type":"ReadAction","target":["https:\/\/www.noticiasradioreflejos.com.ar\/2021\/abre-la-inscripcion-para-la-preseleccion-de-beneficiarios-de-38-viviendas-de-tornquist\/"]}]},{"@type":"ImageObject","inLanguage":"es","@id":"https:\/\/www.noticiasradioreflejos.com.ar\/2021\/abre-la-inscripcion-para-la-preseleccion-de-beneficiarios-de-38-viviendas-de-tornquist\/#primaryimage","url":"https:\/\/www.noticiasradioreflejos.com.ar\/2021\/wp-content\/uploads\/2026\/01\/Viviendas-feed.png","contentUrl":"https:\/\/www.noticiasradioreflejos.com.ar\/2021\/wp-content\/uploads\/2026\/01\/Viviendas-feed.png","width":1080,"height":1350},{"@type":"BreadcrumbList","@id":"https:\/\/www.noticiasradioreflejos.com.ar\/2021\/abre-la-inscripcion-para-la-preseleccion-de-beneficiarios-de-38-viviendas-de-tornquist\/#breadcrumb","itemListElement":[{"@type":"ListItem","position":1,"name":"Portada","item":"https:\/\/www.noticiasradioreflejos.com.ar\/2021\/"},{"@type":"ListItem","position":2,"name":"Abre la inscripci\u00f3n para la preselecci\u00f3n de beneficiarios de 38 viviendas de Tornquist"}]},{"@type":"WebSite","@id":"https:\/\/www.noticiasradioreflejos.com.ar\/2021\/#website","url":"https:\/\/www.noticiasradioreflejos.com.ar\/2021\/","name":"Noticias Radio Reflejos","description":"Las noticias de mi comarca","potentialAction":[{"@type":"SearchAction","target":{"@type":"EntryPoint","urlTemplate":"https:\/\/www.noticiasradioreflejos.com.ar\/2021\/?s={search_term_string}"},"query-input":{"@type":"PropertyValueSpecification","valueRequired":true,"valueName":"search_term_string"}}],"inLanguage":"es"},{"@type":"Person","@id":"https:\/\/www.noticiasradioreflejos.com.ar\/2021\/#\/schema\/person\/ad82545263dcc5ec0996818884fd5fb1","name":"Arnaldo Botto","image":{"@type":"ImageObject","inLanguage":"es","@id":"https:\/\/www.noticiasradioreflejos.com.ar\/2021\/#\/schema\/person\/image\/","url":"https:\/\/secure.gravatar.com\/avatar\/55cb5e37c1efa326397366e6974cb338056df65cb50e7d64d1cf314e87504837?s=96&d=mm&r=g","contentUrl":"https:\/\/secure.gravatar.com\/avatar\/55cb5e37c1efa326397366e6974cb338056df65cb50e7d64d1cf314e87504837?s=96&d=mm&r=g","caption":"Arnaldo Botto"},"url":"https:\/\/www.noticiasradioreflejos.com.ar\/2021\/author\/arnaldo\/"}]}},"_links":{"self":[{"href":"https:\/\/www.noticiasradioreflejos.com.ar\/2021\/wp-json\/wp\/v2\/posts\/131786","targetHints":{"allow":["GET"]}}],"collection":[{"href":"https:\/\/www.noticiasradioreflejos.com.ar\/2021\/wp-json\/wp\/v2\/posts"}],"about":[{"href":"https:\/\/www.noticiasradioreflejos.com.ar\/2021\/wp-json\/wp\/v2\/types\/post"}],"author":[{"embeddable":true,"href":"https:\/\/www.noticiasradioreflejos.com.ar\/2021\/wp-json\/wp\/v2\/users\/3"}],"replies":[{"embeddable":true,"href":"https:\/\/www.noticiasradioreflejos.com.ar\/2021\/wp-json\/wp\/v2\/comments?post=131786"}],"version-history":[{"count":2,"href":"https:\/\/www.noticiasradioreflejos.com.ar\/2021\/wp-json\/wp\/v2\/posts\/131786\/revisions"}],"predecessor-version":[{"id":131793,"href":"https:\/\/www.noticiasradioreflejos.com.ar\/2021\/wp-json\/wp\/v2\/posts\/131786\/revisions\/131793"}],"wp:featuredmedia":[{"embeddable":true,"href":"https:\/\/www.noticiasradioreflejos.com.ar\/2021\/wp-json\/wp\/v2\/media\/131787"}],"wp:attachment":[{"href":"https:\/\/www.noticiasradioreflejos.com.ar\/2021\/wp-json\/wp\/v2\/media?parent=131786"}],"wp:term":[{"taxonomy":"category","embeddable":true,"href":"https:\/\/www.noticiasradioreflejos.com.ar\/2021\/wp-json\/wp\/v2\/categories?post=131786"},{"taxonomy":"post_tag","embeddable":true,"href":"https:\/\/www.noticiasradioreflejos.com.ar\/2021\/wp-json\/wp\/v2\/tags?post=131786"}],"curies":[{"name":"wp","href":"https:\/\/api.w.org\/{rel}","templated":true}]}}