{"id":131779,"date":"2026-01-23T10:51:26","date_gmt":"2026-01-23T13:51:26","guid":{"rendered":"https:\/\/www.noticiasradioreflejos.com.ar\/2021\/?p=131779"},"modified":"2026-01-23T10:51:26","modified_gmt":"2026-01-23T13:51:26","slug":"la-busqueda-de-sentido-en-tiempos-de-crisis-el-analisis-de-santiago-liaudat","status":"publish","type":"post","link":"https:\/\/www.noticiasradioreflejos.com.ar\/2021\/la-busqueda-de-sentido-en-tiempos-de-crisis-el-analisis-de-santiago-liaudat\/","title":{"rendered":"La b\u00fasqueda de sentido en tiempos de crisis: el an\u00e1lisis de Santiago Liaudat"},"content":{"rendered":"<p data-path-to-node=\"3\"><b data-path-to-node=\"3\" data-index-in-node=\"0\">En su reciente intervenci\u00f3n, el docente e investigador reflexion\u00f3 sobre la \u00abvoluntad de sentido\u00bb como motor humano frente al vac\u00edo existencial y la importancia de los proyectos colectivos para superar el malestar social contempor\u00e1neo.<\/b><!--more--><\/p>\n<p data-path-to-node=\"5\">Durante su columna, Santiago Liaudat abord\u00f3 la complejidad de la psique humana y c\u00f3mo la falta de un prop\u00f3sito claro afecta no solo al individuo, sino al tejido social en su conjunto. Tomando como referencia conceptos de la logoterapia de Viktor Frankl, Liaudat destac\u00f3 que la \u00abvoluntad de sentido\u00bb es la fuerza primaria que permite a las personas atravesar las circunstancias m\u00e1s dif\u00edciles.<\/p>\n<h4 data-path-to-node=\"6\">El an\u00e1lisis se centr\u00f3 en los siguientes puntos clave:<\/h4>\n<ul data-path-to-node=\"7\">\n<li>\n<p data-path-to-node=\"7,0,0\"><b data-path-to-node=\"7,0,0\" data-index-in-node=\"0\">El vac\u00edo existencial:<\/b> Se describi\u00f3 c\u00f3mo la sociedad actual, marcada por el consumo y la inmediatez, suele generar un sentimiento de falta de prop\u00f3sito que deriva en apat\u00eda o angustia.<\/p>\n<\/li>\n<li>\n<p data-path-to-node=\"7,1,0\"><b data-path-to-node=\"7,1,0\" data-index-in-node=\"0\">La dimensi\u00f3n colectiva:<\/b> Liaudat subray\u00f3 que el sentido no es solo una b\u00fasqueda individual, sino que se construye a trav\u00e9s del v\u00ednculo con el otro y la pertenencia a una comunidad.<\/p>\n<\/li>\n<li>\n<p data-path-to-node=\"7,2,0\"><b data-path-to-node=\"7,2,0\" data-index-in-node=\"0\">Resiliencia social:<\/b> El docente plante\u00f3 que, ante crisis econ\u00f3micas o pol\u00edticas, aquellos sectores que logran mantener una esperanza compartida o un \u00abpara qu\u00e9\u00bb com\u00fan, muestran una mayor capacidad de resistencia y reconstrucci\u00f3n.<\/p>\n<\/li>\n<li>\n<p data-path-to-node=\"7,3,0\"><b data-path-to-node=\"7,3,0\" data-index-in-node=\"0\">El rol de la pol\u00edtica y la cultura:<\/b> Se discuti\u00f3 la necesidad de que los espacios de representaci\u00f3n pol\u00edtica y cultural vuelvan a ofrecer horizontes de futuro que trasciendan lo material, devolviendo a la ciudadan\u00eda la sensaci\u00f3n de ser parte de un destino com\u00fan.<\/p>\n<\/li>\n<\/ul>\n<p data-path-to-node=\"8\">Finalmente, Liaudat invit\u00f3 a reflexionar sobre la importancia de cultivar espacios de encuentro y reflexi\u00f3n que permitan redescubrir aquello que da valor a la vida en tiempos de incertidumbre.<\/p>\n<p data-path-to-node=\"8\"><a href=\"https:\/\/www.noticiasradioreflejos.com.ar\/2021\/?attachment_id=131780\">COLUMNA DE SANTIAGO LIAUDAT LA VOLUNTAD DE SENTIDO &#8211; JUGO DE LIM\u00d3N &#8211; AM530<\/a><\/p>\n","protected":false},"excerpt":{"rendered":"<p>En su reciente intervenci\u00f3n, el docente e investigador reflexion\u00f3 sobre la \u00abvoluntad de sentido\u00bb como motor humano frente al vac\u00edo existencial y la importancia de los proyectos colectivos para superar el malestar social contempor\u00e1neo.<\/p>\n","protected":false},"author":3,"featured_media":114031,"comment_status":"closed","ping_status":"closed","sticky":false,"template":"","format":"standard","meta":{"footnotes":""},"categories":[35,24,26],"tags":[],"class_list":["post-131779","post","type-post","status-publish","format-standard","has-post-thumbnail","hentry","category-cultura","category-politica","category-sociedad"],"yoast_head":"<!-- This site is optimized with the Yoast SEO plugin v25.9 - https:\/\/yoast.com\/wordpress\/plugins\/seo\/ -->\n<title>La b\u00fasqueda de sentido en tiempos de crisis: el an\u00e1lisis de Santiago Liaudat - Noticias Radio Reflejos<\/title>\n<meta name=\"robots\" content=\"index, follow, max-snippet:-1, max-image-preview:large, max-video-preview:-1\" \/>\n<link rel=\"canonical\" href=\"https:\/\/www.noticiasradioreflejos.com.ar\/2021\/la-busqueda-de-sentido-en-tiempos-de-crisis-el-analisis-de-santiago-liaudat\/\" \/>\n<meta property=\"og:locale\" content=\"es_ES\" \/>\n<meta property=\"og:type\" content=\"article\" \/>\n<meta property=\"og:title\" content=\"La b\u00fasqueda de sentido en tiempos de crisis: el an\u00e1lisis de Santiago Liaudat - Noticias Radio Reflejos\" \/>\n<meta property=\"og:description\" content=\"En su reciente intervenci\u00f3n, el docente e investigador reflexion\u00f3 sobre la \u00abvoluntad de sentido\u00bb como motor humano frente al vac\u00edo existencial y la importancia de los proyectos colectivos para superar el malestar social contempor\u00e1neo.\" \/>\n<meta property=\"og:url\" content=\"https:\/\/www.noticiasradioreflejos.com.ar\/2021\/la-busqueda-de-sentido-en-tiempos-de-crisis-el-analisis-de-santiago-liaudat\/\" \/>\n<meta property=\"og:site_name\" content=\"Noticias Radio Reflejos\" \/>\n<meta property=\"article:published_time\" content=\"2026-01-23T13:51:26+00:00\" \/>\n<meta property=\"og:image\" content=\"https:\/\/www.noticiasradioreflejos.com.ar\/2021\/wp-content\/uploads\/2025\/03\/Ideas-en-Jaque.jpg\" \/>\n\t<meta property=\"og:image:width\" content=\"640\" \/>\n\t<meta property=\"og:image:height\" content=\"640\" \/>\n\t<meta property=\"og:image:type\" content=\"image\/jpeg\" \/>\n<meta name=\"author\" content=\"Arnaldo Botto\" \/>\n<meta name=\"twitter:card\" content=\"summary_large_image\" \/>\n<script type=\"application\/ld+json\" class=\"yoast-schema-graph\">{\"@context\":\"https:\/\/schema.org\",\"@graph\":[{\"@type\":\"WebPage\",\"@id\":\"https:\/\/www.noticiasradioreflejos.com.ar\/2021\/la-busqueda-de-sentido-en-tiempos-de-crisis-el-analisis-de-santiago-liaudat\/\",\"url\":\"https:\/\/www.noticiasradioreflejos.com.ar\/2021\/la-busqueda-de-sentido-en-tiempos-de-crisis-el-analisis-de-santiago-liaudat\/\",\"name\":\"La b\u00fasqueda de sentido en tiempos de crisis: el an\u00e1lisis de Santiago Liaudat - Noticias Radio Reflejos\",\"isPartOf\":{\"@id\":\"https:\/\/www.noticiasradioreflejos.com.ar\/2021\/#website\"},\"primaryImageOfPage\":{\"@id\":\"https:\/\/www.noticiasradioreflejos.com.ar\/2021\/la-busqueda-de-sentido-en-tiempos-de-crisis-el-analisis-de-santiago-liaudat\/#primaryimage\"},\"image\":{\"@id\":\"https:\/\/www.noticiasradioreflejos.com.ar\/2021\/la-busqueda-de-sentido-en-tiempos-de-crisis-el-analisis-de-santiago-liaudat\/#primaryimage\"},\"thumbnailUrl\":\"https:\/\/www.noticiasradioreflejos.com.ar\/2021\/wp-content\/uploads\/2025\/03\/Ideas-en-Jaque.jpg\",\"datePublished\":\"2026-01-23T13:51:26+00:00\",\"author\":{\"@id\":\"https:\/\/www.noticiasradioreflejos.com.ar\/2021\/#\/schema\/person\/ad82545263dcc5ec0996818884fd5fb1\"},\"breadcrumb\":{\"@id\":\"https:\/\/www.noticiasradioreflejos.com.ar\/2021\/la-busqueda-de-sentido-en-tiempos-de-crisis-el-analisis-de-santiago-liaudat\/#breadcrumb\"},\"inLanguage\":\"es\",\"potentialAction\":[{\"@type\":\"ReadAction\",\"target\":[\"https:\/\/www.noticiasradioreflejos.com.ar\/2021\/la-busqueda-de-sentido-en-tiempos-de-crisis-el-analisis-de-santiago-liaudat\/\"]}]},{\"@type\":\"ImageObject\",\"inLanguage\":\"es\",\"@id\":\"https:\/\/www.noticiasradioreflejos.com.ar\/2021\/la-busqueda-de-sentido-en-tiempos-de-crisis-el-analisis-de-santiago-liaudat\/#primaryimage\",\"url\":\"https:\/\/www.noticiasradioreflejos.com.ar\/2021\/wp-content\/uploads\/2025\/03\/Ideas-en-Jaque.jpg\",\"contentUrl\":\"https:\/\/www.noticiasradioreflejos.com.ar\/2021\/wp-content\/uploads\/2025\/03\/Ideas-en-Jaque.jpg\",\"width\":640,\"height\":640},{\"@type\":\"BreadcrumbList\",\"@id\":\"https:\/\/www.noticiasradioreflejos.com.ar\/2021\/la-busqueda-de-sentido-en-tiempos-de-crisis-el-analisis-de-santiago-liaudat\/#breadcrumb\",\"itemListElement\":[{\"@type\":\"ListItem\",\"position\":1,\"name\":\"Portada\",\"item\":\"https:\/\/www.noticiasradioreflejos.com.ar\/2021\/\"},{\"@type\":\"ListItem\",\"position\":2,\"name\":\"La b\u00fasqueda de sentido en tiempos de crisis: el an\u00e1lisis de Santiago Liaudat\"}]},{\"@type\":\"WebSite\",\"@id\":\"https:\/\/www.noticiasradioreflejos.com.ar\/2021\/#website\",\"url\":\"https:\/\/www.noticiasradioreflejos.com.ar\/2021\/\",\"name\":\"Noticias Radio Reflejos\",\"description\":\"Las noticias de mi comarca\",\"potentialAction\":[{\"@type\":\"SearchAction\",\"target\":{\"@type\":\"EntryPoint\",\"urlTemplate\":\"https:\/\/www.noticiasradioreflejos.com.ar\/2021\/?s={search_term_string}\"},\"query-input\":{\"@type\":\"PropertyValueSpecification\",\"valueRequired\":true,\"valueName\":\"search_term_string\"}}],\"inLanguage\":\"es\"},{\"@type\":\"Person\",\"@id\":\"https:\/\/www.noticiasradioreflejos.com.ar\/2021\/#\/schema\/person\/ad82545263dcc5ec0996818884fd5fb1\",\"name\":\"Arnaldo Botto\",\"image\":{\"@type\":\"ImageObject\",\"inLanguage\":\"es\",\"@id\":\"https:\/\/www.noticiasradioreflejos.com.ar\/2021\/#\/schema\/person\/image\/\",\"url\":\"https:\/\/secure.gravatar.com\/avatar\/55cb5e37c1efa326397366e6974cb338056df65cb50e7d64d1cf314e87504837?s=96&d=mm&r=g\",\"contentUrl\":\"https:\/\/secure.gravatar.com\/avatar\/55cb5e37c1efa326397366e6974cb338056df65cb50e7d64d1cf314e87504837?s=96&d=mm&r=g\",\"caption\":\"Arnaldo Botto\"},\"url\":\"https:\/\/www.noticiasradioreflejos.com.ar\/2021\/author\/arnaldo\/\"}]}<\/script>\n<!-- \/ Yoast SEO plugin. -->","yoast_head_json":{"title":"La b\u00fasqueda de sentido en tiempos de crisis: el an\u00e1lisis de Santiago Liaudat - Noticias Radio Reflejos","robots":{"index":"index","follow":"follow","max-snippet":"max-snippet:-1","max-image-preview":"max-image-preview:large","max-video-preview":"max-video-preview:-1"},"canonical":"https:\/\/www.noticiasradioreflejos.com.ar\/2021\/la-busqueda-de-sentido-en-tiempos-de-crisis-el-analisis-de-santiago-liaudat\/","og_locale":"es_ES","og_type":"article","og_title":"La b\u00fasqueda de sentido en tiempos de crisis: el an\u00e1lisis de Santiago Liaudat - Noticias Radio Reflejos","og_description":"En su reciente intervenci\u00f3n, el docente e investigador reflexion\u00f3 sobre la \u00abvoluntad de sentido\u00bb como motor humano frente al vac\u00edo existencial y la importancia de los proyectos colectivos para superar el malestar social contempor\u00e1neo.","og_url":"https:\/\/www.noticiasradioreflejos.com.ar\/2021\/la-busqueda-de-sentido-en-tiempos-de-crisis-el-analisis-de-santiago-liaudat\/","og_site_name":"Noticias Radio Reflejos","article_published_time":"2026-01-23T13:51:26+00:00","og_image":[{"width":640,"height":640,"url":"https:\/\/www.noticiasradioreflejos.com.ar\/2021\/wp-content\/uploads\/2025\/03\/Ideas-en-Jaque.jpg","type":"image\/jpeg"}],"author":"Arnaldo Botto","twitter_card":"summary_large_image","schema":{"@context":"https:\/\/schema.org","@graph":[{"@type":"WebPage","@id":"https:\/\/www.noticiasradioreflejos.com.ar\/2021\/la-busqueda-de-sentido-en-tiempos-de-crisis-el-analisis-de-santiago-liaudat\/","url":"https:\/\/www.noticiasradioreflejos.com.ar\/2021\/la-busqueda-de-sentido-en-tiempos-de-crisis-el-analisis-de-santiago-liaudat\/","name":"La b\u00fasqueda de sentido en tiempos de crisis: el an\u00e1lisis de Santiago Liaudat - Noticias Radio Reflejos","isPartOf":{"@id":"https:\/\/www.noticiasradioreflejos.com.ar\/2021\/#website"},"primaryImageOfPage":{"@id":"https:\/\/www.noticiasradioreflejos.com.ar\/2021\/la-busqueda-de-sentido-en-tiempos-de-crisis-el-analisis-de-santiago-liaudat\/#primaryimage"},"image":{"@id":"https:\/\/www.noticiasradioreflejos.com.ar\/2021\/la-busqueda-de-sentido-en-tiempos-de-crisis-el-analisis-de-santiago-liaudat\/#primaryimage"},"thumbnailUrl":"https:\/\/www.noticiasradioreflejos.com.ar\/2021\/wp-content\/uploads\/2025\/03\/Ideas-en-Jaque.jpg","datePublished":"2026-01-23T13:51:26+00:00","author":{"@id":"https:\/\/www.noticiasradioreflejos.com.ar\/2021\/#\/schema\/person\/ad82545263dcc5ec0996818884fd5fb1"},"breadcrumb":{"@id":"https:\/\/www.noticiasradioreflejos.com.ar\/2021\/la-busqueda-de-sentido-en-tiempos-de-crisis-el-analisis-de-santiago-liaudat\/#breadcrumb"},"inLanguage":"es","potentialAction":[{"@type":"ReadAction","target":["https:\/\/www.noticiasradioreflejos.com.ar\/2021\/la-busqueda-de-sentido-en-tiempos-de-crisis-el-analisis-de-santiago-liaudat\/"]}]},{"@type":"ImageObject","inLanguage":"es","@id":"https:\/\/www.noticiasradioreflejos.com.ar\/2021\/la-busqueda-de-sentido-en-tiempos-de-crisis-el-analisis-de-santiago-liaudat\/#primaryimage","url":"https:\/\/www.noticiasradioreflejos.com.ar\/2021\/wp-content\/uploads\/2025\/03\/Ideas-en-Jaque.jpg","contentUrl":"https:\/\/www.noticiasradioreflejos.com.ar\/2021\/wp-content\/uploads\/2025\/03\/Ideas-en-Jaque.jpg","width":640,"height":640},{"@type":"BreadcrumbList","@id":"https:\/\/www.noticiasradioreflejos.com.ar\/2021\/la-busqueda-de-sentido-en-tiempos-de-crisis-el-analisis-de-santiago-liaudat\/#breadcrumb","itemListElement":[{"@type":"ListItem","position":1,"name":"Portada","item":"https:\/\/www.noticiasradioreflejos.com.ar\/2021\/"},{"@type":"ListItem","position":2,"name":"La b\u00fasqueda de sentido en tiempos de crisis: el an\u00e1lisis de Santiago Liaudat"}]},{"@type":"WebSite","@id":"https:\/\/www.noticiasradioreflejos.com.ar\/2021\/#website","url":"https:\/\/www.noticiasradioreflejos.com.ar\/2021\/","name":"Noticias Radio Reflejos","description":"Las noticias de mi comarca","potentialAction":[{"@type":"SearchAction","target":{"@type":"EntryPoint","urlTemplate":"https:\/\/www.noticiasradioreflejos.com.ar\/2021\/?s={search_term_string}"},"query-input":{"@type":"PropertyValueSpecification","valueRequired":true,"valueName":"search_term_string"}}],"inLanguage":"es"},{"@type":"Person","@id":"https:\/\/www.noticiasradioreflejos.com.ar\/2021\/#\/schema\/person\/ad82545263dcc5ec0996818884fd5fb1","name":"Arnaldo Botto","image":{"@type":"ImageObject","inLanguage":"es","@id":"https:\/\/www.noticiasradioreflejos.com.ar\/2021\/#\/schema\/person\/image\/","url":"https:\/\/secure.gravatar.com\/avatar\/55cb5e37c1efa326397366e6974cb338056df65cb50e7d64d1cf314e87504837?s=96&d=mm&r=g","contentUrl":"https:\/\/secure.gravatar.com\/avatar\/55cb5e37c1efa326397366e6974cb338056df65cb50e7d64d1cf314e87504837?s=96&d=mm&r=g","caption":"Arnaldo Botto"},"url":"https:\/\/www.noticiasradioreflejos.com.ar\/2021\/author\/arnaldo\/"}]}},"_links":{"self":[{"href":"https:\/\/www.noticiasradioreflejos.com.ar\/2021\/wp-json\/wp\/v2\/posts\/131779","targetHints":{"allow":["GET"]}}],"collection":[{"href":"https:\/\/www.noticiasradioreflejos.com.ar\/2021\/wp-json\/wp\/v2\/posts"}],"about":[{"href":"https:\/\/www.noticiasradioreflejos.com.ar\/2021\/wp-json\/wp\/v2\/types\/post"}],"author":[{"embeddable":true,"href":"https:\/\/www.noticiasradioreflejos.com.ar\/2021\/wp-json\/wp\/v2\/users\/3"}],"replies":[{"embeddable":true,"href":"https:\/\/www.noticiasradioreflejos.com.ar\/2021\/wp-json\/wp\/v2\/comments?post=131779"}],"version-history":[{"count":1,"href":"https:\/\/www.noticiasradioreflejos.com.ar\/2021\/wp-json\/wp\/v2\/posts\/131779\/revisions"}],"predecessor-version":[{"id":131781,"href":"https:\/\/www.noticiasradioreflejos.com.ar\/2021\/wp-json\/wp\/v2\/posts\/131779\/revisions\/131781"}],"wp:featuredmedia":[{"embeddable":true,"href":"https:\/\/www.noticiasradioreflejos.com.ar\/2021\/wp-json\/wp\/v2\/media\/114031"}],"wp:attachment":[{"href":"https:\/\/www.noticiasradioreflejos.com.ar\/2021\/wp-json\/wp\/v2\/media?parent=131779"}],"wp:term":[{"taxonomy":"category","embeddable":true,"href":"https:\/\/www.noticiasradioreflejos.com.ar\/2021\/wp-json\/wp\/v2\/categories?post=131779"},{"taxonomy":"post_tag","embeddable":true,"href":"https:\/\/www.noticiasradioreflejos.com.ar\/2021\/wp-json\/wp\/v2\/tags?post=131779"}],"curies":[{"name":"wp","href":"https:\/\/api.w.org\/{rel}","templated":true}]}}