{"id":131770,"date":"2026-01-23T08:18:08","date_gmt":"2026-01-23T11:18:08","guid":{"rendered":"https:\/\/www.noticiasradioreflejos.com.ar\/2021\/?p=131770"},"modified":"2026-01-23T08:18:08","modified_gmt":"2026-01-23T11:18:08","slug":"ni-regalo-ni-concesion-a-81-anos-de-las-vacaciones-pagas-una-conquista-historica-del-pueblo-trabajador","status":"publish","type":"post","link":"https:\/\/www.noticiasradioreflejos.com.ar\/2021\/ni-regalo-ni-concesion-a-81-anos-de-las-vacaciones-pagas-una-conquista-historica-del-pueblo-trabajador\/","title":{"rendered":"Ni regalo, ni concesi\u00f3n: A 81 a\u00f1os de las Vacaciones Pagas, una conquista hist\u00f3rica del Pueblo Trabajador"},"content":{"rendered":"<p data-path-to-node=\"6\">Hoy se conmemora un aniversario clave en la historia de la dignidad argentina. El <b data-path-to-node=\"6\" data-index-in-node=\"118\">23 de enero de 1945<\/b>, la firma del <b data-path-to-node=\"6\" data-index-in-node=\"152\">Decreto N\u00b0 1740<\/b> por parte de la Secretar\u00eda de Trabajo y Previsi\u00f3n liderada por Juan Domingo Per\u00f3n, no fue un acto de benevolencia patronal ni un proceso natural del mercado: fue una <b data-path-to-node=\"6\" data-index-in-node=\"334\">conquista pol\u00edtica<\/b> arrancada a la oligarqu\u00eda.<!--more--><\/p>\n<h4 data-path-to-node=\"7\">El fin de la \u00abletra muerta\u00bb y el privilegio de clase<\/h4>\n<p data-path-to-node=\"8\">Antes de 1945, el descanso era un lujo reservado para los \u00abdue\u00f1os del pa\u00eds\u00bb. Aunque exist\u00edan leyes aisladas, eran decorativas y carec\u00edan de control. El Decreto 1740 rompi\u00f3 esa l\u00f3gica al generalizar el derecho y, sobre todo, al <b data-path-to-node=\"8\" data-index-in-node=\"227\">hacerlo cumplir<\/b>.<\/p>\n<ul data-path-to-node=\"9\">\n<li>\n<p data-path-to-node=\"9,0,0\"><b data-path-to-node=\"9,0,0\" data-index-in-node=\"0\">La conquista del tiempo:<\/b> Por primera vez, el trabajador dej\u00f3 de ser visto como una herramienta de producci\u00f3n constante para ser reconocido como un sujeto con derecho al ocio y al goce.<\/p>\n<\/li>\n<li>\n<p data-path-to-node=\"9,1,0\"><b data-path-to-node=\"9,1,0\" data-index-in-node=\"0\">La ruptura del espacio:<\/b> Las vacaciones pagas permitieron que las mayor\u00edas populares \u00abprofanaran\u00bb los balnearios y centros tur\u00edsticos que la elite consideraba propios. Mar del Plata dej\u00f3 de ser una postal aristocr\u00e1tica para convertirse en el s\u00edmbolo de la justicia social.<\/p>\n<\/li>\n<\/ul>\n<h4 data-path-to-node=\"10\">El descanso como acto de soberan\u00eda<\/h4>\n<p data-path-to-node=\"11\">Esta medida no fue un hecho aislado, sino la piedra angular de un proyecto nacional que incluy\u00f3 el aguinaldo, el salario m\u00ednimo y el turismo social. No se trat\u00f3 de caridad, sino de la <b data-path-to-node=\"11\" data-index-in-node=\"184\">devoluci\u00f3n de un derecho<\/b> que el sistema les negaba.<\/p>\n<blockquote data-path-to-node=\"12\">\n<p data-path-to-node=\"12,0\">\u00abLas vacaciones pagas fueron la base para que el pueblo conociera su propia tierra. No cayeron del cielo; fueron el resultado de una decisi\u00f3n pol\u00edtica firme en favor de quienes producen la riqueza del pa\u00eds.\u00bb<\/p>\n<\/blockquote>\n<h4 data-path-to-node=\"13\">Un derecho irreversible<\/h4>\n<p data-path-to-node=\"14\">La fuerza de esta conquista fue tal que, tras el golpe de 1955, ni siquiera la dictadura pudo borrarla del mapa social, teniendo que ser ratificada en el art\u00edculo 14 bis de la Constituci\u00f3n. Hoy, recordar esta fecha es reafirmar que <b data-path-to-node=\"14\" data-index-in-node=\"232\">donde existe una necesidad, nace un derecho<\/b>, y que ese derecho solo se sostiene con organizaci\u00f3n y voluntad pol\u00edtica.<\/p>\n","protected":false},"excerpt":{"rendered":"<p>Hoy se conmemora un aniversario clave en la historia de la dignidad argentina. El 23 de enero de 1945, la firma del Decreto N\u00b0 1740 por parte de la Secretar\u00eda de Trabajo y Previsi\u00f3n liderada por Juan Domingo Per\u00f3n, no fue un acto de benevolencia patronal ni un proceso natural del mercado: fue una conquista [&hellip;]<\/p>\n","protected":false},"author":3,"featured_media":131771,"comment_status":"closed","ping_status":"closed","sticky":false,"template":"","format":"standard","meta":{"footnotes":""},"categories":[24,26],"tags":[],"class_list":["post-131770","post","type-post","status-publish","format-standard","has-post-thumbnail","hentry","category-politica","category-sociedad"],"yoast_head":"<!-- This site is optimized with the Yoast SEO plugin v25.9 - https:\/\/yoast.com\/wordpress\/plugins\/seo\/ -->\n<title>Ni regalo, ni concesi\u00f3n: A 81 a\u00f1os de las Vacaciones Pagas, una conquista hist\u00f3rica del Pueblo Trabajador - Noticias Radio Reflejos<\/title>\n<meta name=\"robots\" content=\"index, follow, max-snippet:-1, max-image-preview:large, max-video-preview:-1\" \/>\n<link rel=\"canonical\" href=\"https:\/\/www.noticiasradioreflejos.com.ar\/2021\/ni-regalo-ni-concesion-a-81-anos-de-las-vacaciones-pagas-una-conquista-historica-del-pueblo-trabajador\/\" \/>\n<meta property=\"og:locale\" content=\"es_ES\" \/>\n<meta property=\"og:type\" content=\"article\" \/>\n<meta property=\"og:title\" content=\"Ni regalo, ni concesi\u00f3n: A 81 a\u00f1os de las Vacaciones Pagas, una conquista hist\u00f3rica del Pueblo Trabajador - Noticias Radio Reflejos\" \/>\n<meta property=\"og:description\" content=\"Hoy se conmemora un aniversario clave en la historia de la dignidad argentina. El 23 de enero de 1945, la firma del Decreto N\u00b0 1740 por parte de la Secretar\u00eda de Trabajo y Previsi\u00f3n liderada por Juan Domingo Per\u00f3n, no fue un acto de benevolencia patronal ni un proceso natural del mercado: fue una conquista [&hellip;]\" \/>\n<meta property=\"og:url\" content=\"https:\/\/www.noticiasradioreflejos.com.ar\/2021\/ni-regalo-ni-concesion-a-81-anos-de-las-vacaciones-pagas-una-conquista-historica-del-pueblo-trabajador\/\" \/>\n<meta property=\"og:site_name\" content=\"Noticias Radio Reflejos\" \/>\n<meta property=\"article:published_time\" content=\"2026-01-23T11:18:08+00:00\" \/>\n<meta property=\"og:image\" content=\"https:\/\/www.noticiasradioreflejos.com.ar\/2021\/wp-content\/uploads\/2026\/01\/vacaciones-1945.jpg\" \/>\n\t<meta property=\"og:image:width\" content=\"1200\" \/>\n\t<meta property=\"og:image:height\" content=\"892\" \/>\n\t<meta property=\"og:image:type\" content=\"image\/jpeg\" \/>\n<meta name=\"author\" content=\"Arnaldo Botto\" \/>\n<meta name=\"twitter:card\" content=\"summary_large_image\" \/>\n<script type=\"application\/ld+json\" class=\"yoast-schema-graph\">{\"@context\":\"https:\/\/schema.org\",\"@graph\":[{\"@type\":\"WebPage\",\"@id\":\"https:\/\/www.noticiasradioreflejos.com.ar\/2021\/ni-regalo-ni-concesion-a-81-anos-de-las-vacaciones-pagas-una-conquista-historica-del-pueblo-trabajador\/\",\"url\":\"https:\/\/www.noticiasradioreflejos.com.ar\/2021\/ni-regalo-ni-concesion-a-81-anos-de-las-vacaciones-pagas-una-conquista-historica-del-pueblo-trabajador\/\",\"name\":\"Ni regalo, ni concesi\u00f3n: A 81 a\u00f1os de las Vacaciones Pagas, una conquista hist\u00f3rica del Pueblo Trabajador - Noticias Radio Reflejos\",\"isPartOf\":{\"@id\":\"https:\/\/www.noticiasradioreflejos.com.ar\/2021\/#website\"},\"primaryImageOfPage\":{\"@id\":\"https:\/\/www.noticiasradioreflejos.com.ar\/2021\/ni-regalo-ni-concesion-a-81-anos-de-las-vacaciones-pagas-una-conquista-historica-del-pueblo-trabajador\/#primaryimage\"},\"image\":{\"@id\":\"https:\/\/www.noticiasradioreflejos.com.ar\/2021\/ni-regalo-ni-concesion-a-81-anos-de-las-vacaciones-pagas-una-conquista-historica-del-pueblo-trabajador\/#primaryimage\"},\"thumbnailUrl\":\"https:\/\/www.noticiasradioreflejos.com.ar\/2021\/wp-content\/uploads\/2026\/01\/vacaciones-1945.jpg\",\"datePublished\":\"2026-01-23T11:18:08+00:00\",\"author\":{\"@id\":\"https:\/\/www.noticiasradioreflejos.com.ar\/2021\/#\/schema\/person\/ad82545263dcc5ec0996818884fd5fb1\"},\"breadcrumb\":{\"@id\":\"https:\/\/www.noticiasradioreflejos.com.ar\/2021\/ni-regalo-ni-concesion-a-81-anos-de-las-vacaciones-pagas-una-conquista-historica-del-pueblo-trabajador\/#breadcrumb\"},\"inLanguage\":\"es\",\"potentialAction\":[{\"@type\":\"ReadAction\",\"target\":[\"https:\/\/www.noticiasradioreflejos.com.ar\/2021\/ni-regalo-ni-concesion-a-81-anos-de-las-vacaciones-pagas-una-conquista-historica-del-pueblo-trabajador\/\"]}]},{\"@type\":\"ImageObject\",\"inLanguage\":\"es\",\"@id\":\"https:\/\/www.noticiasradioreflejos.com.ar\/2021\/ni-regalo-ni-concesion-a-81-anos-de-las-vacaciones-pagas-una-conquista-historica-del-pueblo-trabajador\/#primaryimage\",\"url\":\"https:\/\/www.noticiasradioreflejos.com.ar\/2021\/wp-content\/uploads\/2026\/01\/vacaciones-1945.jpg\",\"contentUrl\":\"https:\/\/www.noticiasradioreflejos.com.ar\/2021\/wp-content\/uploads\/2026\/01\/vacaciones-1945.jpg\",\"width\":1200,\"height\":892},{\"@type\":\"BreadcrumbList\",\"@id\":\"https:\/\/www.noticiasradioreflejos.com.ar\/2021\/ni-regalo-ni-concesion-a-81-anos-de-las-vacaciones-pagas-una-conquista-historica-del-pueblo-trabajador\/#breadcrumb\",\"itemListElement\":[{\"@type\":\"ListItem\",\"position\":1,\"name\":\"Portada\",\"item\":\"https:\/\/www.noticiasradioreflejos.com.ar\/2021\/\"},{\"@type\":\"ListItem\",\"position\":2,\"name\":\"Ni regalo, ni concesi\u00f3n: A 81 a\u00f1os de las Vacaciones Pagas, una conquista hist\u00f3rica del Pueblo Trabajador\"}]},{\"@type\":\"WebSite\",\"@id\":\"https:\/\/www.noticiasradioreflejos.com.ar\/2021\/#website\",\"url\":\"https:\/\/www.noticiasradioreflejos.com.ar\/2021\/\",\"name\":\"Noticias Radio Reflejos\",\"description\":\"Las noticias de mi comarca\",\"potentialAction\":[{\"@type\":\"SearchAction\",\"target\":{\"@type\":\"EntryPoint\",\"urlTemplate\":\"https:\/\/www.noticiasradioreflejos.com.ar\/2021\/?s={search_term_string}\"},\"query-input\":{\"@type\":\"PropertyValueSpecification\",\"valueRequired\":true,\"valueName\":\"search_term_string\"}}],\"inLanguage\":\"es\"},{\"@type\":\"Person\",\"@id\":\"https:\/\/www.noticiasradioreflejos.com.ar\/2021\/#\/schema\/person\/ad82545263dcc5ec0996818884fd5fb1\",\"name\":\"Arnaldo Botto\",\"image\":{\"@type\":\"ImageObject\",\"inLanguage\":\"es\",\"@id\":\"https:\/\/www.noticiasradioreflejos.com.ar\/2021\/#\/schema\/person\/image\/\",\"url\":\"https:\/\/secure.gravatar.com\/avatar\/55cb5e37c1efa326397366e6974cb338056df65cb50e7d64d1cf314e87504837?s=96&d=mm&r=g\",\"contentUrl\":\"https:\/\/secure.gravatar.com\/avatar\/55cb5e37c1efa326397366e6974cb338056df65cb50e7d64d1cf314e87504837?s=96&d=mm&r=g\",\"caption\":\"Arnaldo Botto\"},\"url\":\"https:\/\/www.noticiasradioreflejos.com.ar\/2021\/author\/arnaldo\/\"}]}<\/script>\n<!-- \/ Yoast SEO plugin. -->","yoast_head_json":{"title":"Ni regalo, ni concesi\u00f3n: A 81 a\u00f1os de las Vacaciones Pagas, una conquista hist\u00f3rica del Pueblo Trabajador - Noticias Radio Reflejos","robots":{"index":"index","follow":"follow","max-snippet":"max-snippet:-1","max-image-preview":"max-image-preview:large","max-video-preview":"max-video-preview:-1"},"canonical":"https:\/\/www.noticiasradioreflejos.com.ar\/2021\/ni-regalo-ni-concesion-a-81-anos-de-las-vacaciones-pagas-una-conquista-historica-del-pueblo-trabajador\/","og_locale":"es_ES","og_type":"article","og_title":"Ni regalo, ni concesi\u00f3n: A 81 a\u00f1os de las Vacaciones Pagas, una conquista hist\u00f3rica del Pueblo Trabajador - Noticias Radio Reflejos","og_description":"Hoy se conmemora un aniversario clave en la historia de la dignidad argentina. El 23 de enero de 1945, la firma del Decreto N\u00b0 1740 por parte de la Secretar\u00eda de Trabajo y Previsi\u00f3n liderada por Juan Domingo Per\u00f3n, no fue un acto de benevolencia patronal ni un proceso natural del mercado: fue una conquista [&hellip;]","og_url":"https:\/\/www.noticiasradioreflejos.com.ar\/2021\/ni-regalo-ni-concesion-a-81-anos-de-las-vacaciones-pagas-una-conquista-historica-del-pueblo-trabajador\/","og_site_name":"Noticias Radio Reflejos","article_published_time":"2026-01-23T11:18:08+00:00","og_image":[{"width":1200,"height":892,"url":"https:\/\/www.noticiasradioreflejos.com.ar\/2021\/wp-content\/uploads\/2026\/01\/vacaciones-1945.jpg","type":"image\/jpeg"}],"author":"Arnaldo Botto","twitter_card":"summary_large_image","schema":{"@context":"https:\/\/schema.org","@graph":[{"@type":"WebPage","@id":"https:\/\/www.noticiasradioreflejos.com.ar\/2021\/ni-regalo-ni-concesion-a-81-anos-de-las-vacaciones-pagas-una-conquista-historica-del-pueblo-trabajador\/","url":"https:\/\/www.noticiasradioreflejos.com.ar\/2021\/ni-regalo-ni-concesion-a-81-anos-de-las-vacaciones-pagas-una-conquista-historica-del-pueblo-trabajador\/","name":"Ni regalo, ni concesi\u00f3n: A 81 a\u00f1os de las Vacaciones Pagas, una conquista hist\u00f3rica del Pueblo Trabajador - Noticias Radio Reflejos","isPartOf":{"@id":"https:\/\/www.noticiasradioreflejos.com.ar\/2021\/#website"},"primaryImageOfPage":{"@id":"https:\/\/www.noticiasradioreflejos.com.ar\/2021\/ni-regalo-ni-concesion-a-81-anos-de-las-vacaciones-pagas-una-conquista-historica-del-pueblo-trabajador\/#primaryimage"},"image":{"@id":"https:\/\/www.noticiasradioreflejos.com.ar\/2021\/ni-regalo-ni-concesion-a-81-anos-de-las-vacaciones-pagas-una-conquista-historica-del-pueblo-trabajador\/#primaryimage"},"thumbnailUrl":"https:\/\/www.noticiasradioreflejos.com.ar\/2021\/wp-content\/uploads\/2026\/01\/vacaciones-1945.jpg","datePublished":"2026-01-23T11:18:08+00:00","author":{"@id":"https:\/\/www.noticiasradioreflejos.com.ar\/2021\/#\/schema\/person\/ad82545263dcc5ec0996818884fd5fb1"},"breadcrumb":{"@id":"https:\/\/www.noticiasradioreflejos.com.ar\/2021\/ni-regalo-ni-concesion-a-81-anos-de-las-vacaciones-pagas-una-conquista-historica-del-pueblo-trabajador\/#breadcrumb"},"inLanguage":"es","potentialAction":[{"@type":"ReadAction","target":["https:\/\/www.noticiasradioreflejos.com.ar\/2021\/ni-regalo-ni-concesion-a-81-anos-de-las-vacaciones-pagas-una-conquista-historica-del-pueblo-trabajador\/"]}]},{"@type":"ImageObject","inLanguage":"es","@id":"https:\/\/www.noticiasradioreflejos.com.ar\/2021\/ni-regalo-ni-concesion-a-81-anos-de-las-vacaciones-pagas-una-conquista-historica-del-pueblo-trabajador\/#primaryimage","url":"https:\/\/www.noticiasradioreflejos.com.ar\/2021\/wp-content\/uploads\/2026\/01\/vacaciones-1945.jpg","contentUrl":"https:\/\/www.noticiasradioreflejos.com.ar\/2021\/wp-content\/uploads\/2026\/01\/vacaciones-1945.jpg","width":1200,"height":892},{"@type":"BreadcrumbList","@id":"https:\/\/www.noticiasradioreflejos.com.ar\/2021\/ni-regalo-ni-concesion-a-81-anos-de-las-vacaciones-pagas-una-conquista-historica-del-pueblo-trabajador\/#breadcrumb","itemListElement":[{"@type":"ListItem","position":1,"name":"Portada","item":"https:\/\/www.noticiasradioreflejos.com.ar\/2021\/"},{"@type":"ListItem","position":2,"name":"Ni regalo, ni concesi\u00f3n: A 81 a\u00f1os de las Vacaciones Pagas, una conquista hist\u00f3rica del Pueblo Trabajador"}]},{"@type":"WebSite","@id":"https:\/\/www.noticiasradioreflejos.com.ar\/2021\/#website","url":"https:\/\/www.noticiasradioreflejos.com.ar\/2021\/","name":"Noticias Radio Reflejos","description":"Las noticias de mi comarca","potentialAction":[{"@type":"SearchAction","target":{"@type":"EntryPoint","urlTemplate":"https:\/\/www.noticiasradioreflejos.com.ar\/2021\/?s={search_term_string}"},"query-input":{"@type":"PropertyValueSpecification","valueRequired":true,"valueName":"search_term_string"}}],"inLanguage":"es"},{"@type":"Person","@id":"https:\/\/www.noticiasradioreflejos.com.ar\/2021\/#\/schema\/person\/ad82545263dcc5ec0996818884fd5fb1","name":"Arnaldo Botto","image":{"@type":"ImageObject","inLanguage":"es","@id":"https:\/\/www.noticiasradioreflejos.com.ar\/2021\/#\/schema\/person\/image\/","url":"https:\/\/secure.gravatar.com\/avatar\/55cb5e37c1efa326397366e6974cb338056df65cb50e7d64d1cf314e87504837?s=96&d=mm&r=g","contentUrl":"https:\/\/secure.gravatar.com\/avatar\/55cb5e37c1efa326397366e6974cb338056df65cb50e7d64d1cf314e87504837?s=96&d=mm&r=g","caption":"Arnaldo Botto"},"url":"https:\/\/www.noticiasradioreflejos.com.ar\/2021\/author\/arnaldo\/"}]}},"_links":{"self":[{"href":"https:\/\/www.noticiasradioreflejos.com.ar\/2021\/wp-json\/wp\/v2\/posts\/131770","targetHints":{"allow":["GET"]}}],"collection":[{"href":"https:\/\/www.noticiasradioreflejos.com.ar\/2021\/wp-json\/wp\/v2\/posts"}],"about":[{"href":"https:\/\/www.noticiasradioreflejos.com.ar\/2021\/wp-json\/wp\/v2\/types\/post"}],"author":[{"embeddable":true,"href":"https:\/\/www.noticiasradioreflejos.com.ar\/2021\/wp-json\/wp\/v2\/users\/3"}],"replies":[{"embeddable":true,"href":"https:\/\/www.noticiasradioreflejos.com.ar\/2021\/wp-json\/wp\/v2\/comments?post=131770"}],"version-history":[{"count":1,"href":"https:\/\/www.noticiasradioreflejos.com.ar\/2021\/wp-json\/wp\/v2\/posts\/131770\/revisions"}],"predecessor-version":[{"id":131772,"href":"https:\/\/www.noticiasradioreflejos.com.ar\/2021\/wp-json\/wp\/v2\/posts\/131770\/revisions\/131772"}],"wp:featuredmedia":[{"embeddable":true,"href":"https:\/\/www.noticiasradioreflejos.com.ar\/2021\/wp-json\/wp\/v2\/media\/131771"}],"wp:attachment":[{"href":"https:\/\/www.noticiasradioreflejos.com.ar\/2021\/wp-json\/wp\/v2\/media?parent=131770"}],"wp:term":[{"taxonomy":"category","embeddable":true,"href":"https:\/\/www.noticiasradioreflejos.com.ar\/2021\/wp-json\/wp\/v2\/categories?post=131770"},{"taxonomy":"post_tag","embeddable":true,"href":"https:\/\/www.noticiasradioreflejos.com.ar\/2021\/wp-json\/wp\/v2\/tags?post=131770"}],"curies":[{"name":"wp","href":"https:\/\/api.w.org\/{rel}","templated":true}]}}