{"id":131756,"date":"2026-01-23T07:54:35","date_gmt":"2026-01-23T10:54:35","guid":{"rendered":"https:\/\/www.noticiasradioreflejos.com.ar\/2021\/?p=131756"},"modified":"2026-01-23T07:56:57","modified_gmt":"2026-01-23T10:56:57","slug":"tras-el-reclamo-vecinal-coronel-suarez-realizo-el-mantenimiento-en-el-sector-ribereno-de-cerro-ceferino","status":"publish","type":"post","link":"https:\/\/www.noticiasradioreflejos.com.ar\/2021\/tras-el-reclamo-vecinal-coronel-suarez-realizo-el-mantenimiento-en-el-sector-ribereno-de-cerro-ceferino\/","title":{"rendered":"Tras el reclamo vecinal, Coronel Su\u00e1rez realiz\u00f3 el mantenimiento en el sector ribere\u00f1o de Cerro Ceferino"},"content":{"rendered":"<p data-path-to-node=\"3\"><b data-path-to-node=\"3\" data-index-in-node=\"0\"><\/b> La Delegaci\u00f3n de Villa Arcadia intervino en el \u00e1rea verde del barrio tras las<strong> reiteradas advertencias sobre riesgos de incendio y presencia de ofidios<\/strong>. El sector se encuentra actualmente bajo una medida cautelar que lo reconoce como espacio p\u00fablico, en el marco de un litigio judicial contra el fideicomiso del loteo.<!--more--><\/p>\n<p data-path-to-node=\"4\">El Municipio de Coronel Su\u00e1rez inici\u00f3 esta semana los trabajos de corte de pastizales y desmalezamiento en la zona costera del barrio Cerro Ceferino. La intervenci\u00f3n oficial se produce luego de una <a href=\"https:\/\/www.noticiasradioreflejos.com.ar\/2021\/vecinos-de-cerro-ceferino-exigen-mantenimiento-urgente-ante-riesgos-ambientales-y-de-salud\/\">nota formal elevada por la Asociaci\u00f3n de Fomento local<\/a>, en la que los vecinos denunciaban el estado de abandono del sector y el consecuente peligro ambiental y sanitario por la proliferaci\u00f3n de roedores y la aparici\u00f3n de ejemplares de v\u00edbora Yarar\u00e1 en zonas de alta concurrencia tur\u00edstica.<\/p>\n<p data-path-to-node=\"4\"><a href=\"https:\/\/www.noticiasradioreflejos.com.ar\/2021\/tras-el-reclamo-vecinal-coronel-suarez-realizo-el-mantenimiento-en-el-sector-ribereno-de-cerro-ceferino\/terrenos-en-litigio-cerro-ceferino-1\/\" rel=\"attachment wp-att-131757\"><img loading=\"lazy\" decoding=\"async\" class=\"aligncenter size-full wp-image-131757\" src=\"https:\/\/www.noticiasradioreflejos.com.ar\/2021\/wp-content\/uploads\/2026\/01\/terrenos-en-litigio-cerro-ceferino-1.jpeg\" alt=\"\" width=\"1280\" height=\"577\" srcset=\"https:\/\/www.noticiasradioreflejos.com.ar\/2021\/wp-content\/uploads\/2026\/01\/terrenos-en-litigio-cerro-ceferino-1.jpeg 1280w, https:\/\/www.noticiasradioreflejos.com.ar\/2021\/wp-content\/uploads\/2026\/01\/terrenos-en-litigio-cerro-ceferino-1-300x135.jpeg 300w, https:\/\/www.noticiasradioreflejos.com.ar\/2021\/wp-content\/uploads\/2026\/01\/terrenos-en-litigio-cerro-ceferino-1-1024x462.jpeg 1024w, https:\/\/www.noticiasradioreflejos.com.ar\/2021\/wp-content\/uploads\/2026\/01\/terrenos-en-litigio-cerro-ceferino-1-768x346.jpeg 768w, https:\/\/www.noticiasradioreflejos.com.ar\/2021\/wp-content\/uploads\/2026\/01\/terrenos-en-litigio-cerro-ceferino-1-750x338.jpeg 750w, https:\/\/www.noticiasradioreflejos.com.ar\/2021\/wp-content\/uploads\/2026\/01\/terrenos-en-litigio-cerro-ceferino-1-1140x514.jpeg 1140w\" sizes=\"auto, (max-width: 1280px) 100vw, 1280px\" \/><\/a><\/p>\n<p data-path-to-node=\"5\">El \u00e1rea intervenida abarca aproximadamente dos hect\u00e1reas ubicadas entre el r\u00edo Sauce Grande y la zona urbana del cerro, un sector que permanece en el centro de un complejo conflicto legal. La Asociaci\u00f3n de Fomento y el Fideicomiso Cerro Ceferino mantienen un litigio judicial debido a que el desarrollador privado intent\u00f3 lotear y comercializar tierras que, seg\u00fan la normativa vigente y los planos originales de 2009, corresponden a espacios verdes y a la Avenida Costanera Las Retamas.<\/p>\n<p data-path-to-node=\"6\"><b data-path-to-node=\"6\" data-index-in-node=\"0\">Respaldo judicial<\/b> La causa, que tramita bajo la car\u00e1tula <i data-path-to-node=\"6\" data-index-in-node=\"57\">\u201cAsociaci\u00f3n Civil de Fomento Barrio Cerro Ceferino y Otros c\/ Fisco de la Provincia de Buenos Aires y Otro\/a s\/Pretensi\u00f3n de Restablecimiento o Reconoc. de derechos\u201d<\/i>, cuenta con medidas cautelares ratificadas por la C\u00e1mara Contencioso Administrativa de La Plata. Estas resoluciones ordenan el cese de cualquier emprendimiento urban\u00edstico sobre los lotes linderos al cauce del r\u00edo y han obligado al municipio a reabrir calles que hab\u00edan sido cerradas ilegalmente.<\/p>\n<p data-path-to-node=\"7\">A pesar de que el sector es reclamado por privados, la justicia ha dado la raz\u00f3n provisionalmente a los vecinos, reconociendo el car\u00e1cter de \u00abpaisaje protegido\u00bb del \u00e1rea y garantizando su uso p\u00fablico. Con estas tareas de mantenimiento, el municipio cumple con su responsabilidad de garantizar la seguridad en una zona que es vital tanto para los residentes como para el turismo regional.<\/p>\n<h3 data-path-to-node=\"9\"><b data-path-to-node=\"9\" data-index-in-node=\"0\">Claves de la causa judicial:<\/b><\/h3>\n<ul data-path-to-node=\"10\">\n<li>\n<p data-path-to-node=\"10,0,0\"><b data-path-to-node=\"10,0,0\" data-index-in-node=\"0\">Objeto:<\/b> Protecci\u00f3n del espacio verde y recuperaci\u00f3n de la calle Avenida Costanera Las Retamas.<\/p>\n<\/li>\n<li>\n<p data-path-to-node=\"10,1,0\"><b data-path-to-node=\"10,1,0\" data-index-in-node=\"0\">Situaci\u00f3n actual:<\/b> Medida cautelar de \u00abno innovar\u00bb vigente, que impide cualquier construcci\u00f3n o modificaci\u00f3n del suelo por parte del fideicomiso.<\/p>\n<\/li>\n<li>\n<p data-path-to-node=\"10,2,0\"><b data-path-to-node=\"10,2,0\" data-index-in-node=\"0\">Argumento vecinal:<\/b> Los terrenos en litigio est\u00e1n protegidos por la Ordenanza Municipal 7549\/21 y leyes provinciales que proh\u00edben edificar a menos de 100 metros de la l\u00ednea de ribera.<\/p>\n<\/li>\n<\/ul>\n<p>&nbsp;<\/p>\n<p><a href=\"https:\/\/www.noticiasradioreflejos.com.ar\/2021\/tras-el-reclamo-vecinal-coronel-suarez-realizo-el-mantenimiento-en-el-sector-ribereno-de-cerro-ceferino\/cerro-ceferino-4\/\" rel=\"attachment wp-att-131763\"><img loading=\"lazy\" decoding=\"async\" class=\"aligncenter size-full wp-image-131763\" src=\"https:\/\/www.noticiasradioreflejos.com.ar\/2021\/wp-content\/uploads\/2026\/01\/cerro-ceferino.jpeg\" alt=\"\" width=\"1280\" height=\"577\" srcset=\"https:\/\/www.noticiasradioreflejos.com.ar\/2021\/wp-content\/uploads\/2026\/01\/cerro-ceferino.jpeg 1280w, https:\/\/www.noticiasradioreflejos.com.ar\/2021\/wp-content\/uploads\/2026\/01\/cerro-ceferino-300x135.jpeg 300w, https:\/\/www.noticiasradioreflejos.com.ar\/2021\/wp-content\/uploads\/2026\/01\/cerro-ceferino-1024x462.jpeg 1024w, https:\/\/www.noticiasradioreflejos.com.ar\/2021\/wp-content\/uploads\/2026\/01\/cerro-ceferino-768x346.jpeg 768w, https:\/\/www.noticiasradioreflejos.com.ar\/2021\/wp-content\/uploads\/2026\/01\/cerro-ceferino-750x338.jpeg 750w, https:\/\/www.noticiasradioreflejos.com.ar\/2021\/wp-content\/uploads\/2026\/01\/cerro-ceferino-1140x514.jpeg 1140w\" sizes=\"auto, (max-width: 1280px) 100vw, 1280px\" \/><\/a><\/p>\n","protected":false},"excerpt":{"rendered":"<p>La Delegaci\u00f3n de Villa Arcadia intervino en el \u00e1rea verde del barrio tras las reiteradas advertencias sobre riesgos de incendio y presencia de ofidios. El sector se encuentra actualmente bajo una medida cautelar que lo reconoce como espacio p\u00fablico, en el marco de un litigio judicial contra el fideicomiso del loteo.<\/p>\n","protected":false},"author":3,"featured_media":131758,"comment_status":"closed","ping_status":"closed","sticky":false,"template":"","format":"standard","meta":{"footnotes":""},"categories":[24],"tags":[48],"class_list":["post-131756","post","type-post","status-publish","format-standard","has-post-thumbnail","hentry","category-politica","tag-destacada"],"yoast_head":"<!-- This site is optimized with the Yoast SEO plugin v25.9 - https:\/\/yoast.com\/wordpress\/plugins\/seo\/ -->\n<title>Tras el reclamo vecinal, Coronel Su\u00e1rez realiz\u00f3 el mantenimiento en el sector ribere\u00f1o de Cerro Ceferino - Noticias Radio Reflejos<\/title>\n<meta name=\"robots\" content=\"index, follow, max-snippet:-1, max-image-preview:large, max-video-preview:-1\" \/>\n<link rel=\"canonical\" href=\"https:\/\/www.noticiasradioreflejos.com.ar\/2021\/tras-el-reclamo-vecinal-coronel-suarez-realizo-el-mantenimiento-en-el-sector-ribereno-de-cerro-ceferino\/\" \/>\n<meta property=\"og:locale\" content=\"es_ES\" \/>\n<meta property=\"og:type\" content=\"article\" \/>\n<meta property=\"og:title\" content=\"Tras el reclamo vecinal, Coronel Su\u00e1rez realiz\u00f3 el mantenimiento en el sector ribere\u00f1o de Cerro Ceferino - Noticias Radio Reflejos\" \/>\n<meta property=\"og:description\" content=\"La Delegaci\u00f3n de Villa Arcadia intervino en el \u00e1rea verde del barrio tras las reiteradas advertencias sobre riesgos de incendio y presencia de ofidios. El sector se encuentra actualmente bajo una medida cautelar que lo reconoce como espacio p\u00fablico, en el marco de un litigio judicial contra el fideicomiso del loteo.\" \/>\n<meta property=\"og:url\" content=\"https:\/\/www.noticiasradioreflejos.com.ar\/2021\/tras-el-reclamo-vecinal-coronel-suarez-realizo-el-mantenimiento-en-el-sector-ribereno-de-cerro-ceferino\/\" \/>\n<meta property=\"og:site_name\" content=\"Noticias Radio Reflejos\" \/>\n<meta property=\"article:published_time\" content=\"2026-01-23T10:54:35+00:00\" \/>\n<meta property=\"article:modified_time\" content=\"2026-01-23T10:56:57+00:00\" \/>\n<meta property=\"og:image\" content=\"https:\/\/www.noticiasradioreflejos.com.ar\/2021\/wp-content\/uploads\/2026\/01\/terrenos-en-litigio-cerro-ceferino-2.jpeg\" \/>\n\t<meta property=\"og:image:width\" content=\"1280\" \/>\n\t<meta property=\"og:image:height\" content=\"577\" \/>\n\t<meta property=\"og:image:type\" content=\"image\/jpeg\" \/>\n<meta name=\"author\" content=\"Arnaldo Botto\" \/>\n<meta name=\"twitter:card\" content=\"summary_large_image\" \/>\n<script type=\"application\/ld+json\" class=\"yoast-schema-graph\">{\"@context\":\"https:\/\/schema.org\",\"@graph\":[{\"@type\":\"WebPage\",\"@id\":\"https:\/\/www.noticiasradioreflejos.com.ar\/2021\/tras-el-reclamo-vecinal-coronel-suarez-realizo-el-mantenimiento-en-el-sector-ribereno-de-cerro-ceferino\/\",\"url\":\"https:\/\/www.noticiasradioreflejos.com.ar\/2021\/tras-el-reclamo-vecinal-coronel-suarez-realizo-el-mantenimiento-en-el-sector-ribereno-de-cerro-ceferino\/\",\"name\":\"Tras el reclamo vecinal, Coronel Su\u00e1rez realiz\u00f3 el mantenimiento en el sector ribere\u00f1o de Cerro Ceferino - Noticias Radio Reflejos\",\"isPartOf\":{\"@id\":\"https:\/\/www.noticiasradioreflejos.com.ar\/2021\/#website\"},\"primaryImageOfPage\":{\"@id\":\"https:\/\/www.noticiasradioreflejos.com.ar\/2021\/tras-el-reclamo-vecinal-coronel-suarez-realizo-el-mantenimiento-en-el-sector-ribereno-de-cerro-ceferino\/#primaryimage\"},\"image\":{\"@id\":\"https:\/\/www.noticiasradioreflejos.com.ar\/2021\/tras-el-reclamo-vecinal-coronel-suarez-realizo-el-mantenimiento-en-el-sector-ribereno-de-cerro-ceferino\/#primaryimage\"},\"thumbnailUrl\":\"https:\/\/www.noticiasradioreflejos.com.ar\/2021\/wp-content\/uploads\/2026\/01\/terrenos-en-litigio-cerro-ceferino-2.jpeg\",\"datePublished\":\"2026-01-23T10:54:35+00:00\",\"dateModified\":\"2026-01-23T10:56:57+00:00\",\"author\":{\"@id\":\"https:\/\/www.noticiasradioreflejos.com.ar\/2021\/#\/schema\/person\/ad82545263dcc5ec0996818884fd5fb1\"},\"breadcrumb\":{\"@id\":\"https:\/\/www.noticiasradioreflejos.com.ar\/2021\/tras-el-reclamo-vecinal-coronel-suarez-realizo-el-mantenimiento-en-el-sector-ribereno-de-cerro-ceferino\/#breadcrumb\"},\"inLanguage\":\"es\",\"potentialAction\":[{\"@type\":\"ReadAction\",\"target\":[\"https:\/\/www.noticiasradioreflejos.com.ar\/2021\/tras-el-reclamo-vecinal-coronel-suarez-realizo-el-mantenimiento-en-el-sector-ribereno-de-cerro-ceferino\/\"]}]},{\"@type\":\"ImageObject\",\"inLanguage\":\"es\",\"@id\":\"https:\/\/www.noticiasradioreflejos.com.ar\/2021\/tras-el-reclamo-vecinal-coronel-suarez-realizo-el-mantenimiento-en-el-sector-ribereno-de-cerro-ceferino\/#primaryimage\",\"url\":\"https:\/\/www.noticiasradioreflejos.com.ar\/2021\/wp-content\/uploads\/2026\/01\/terrenos-en-litigio-cerro-ceferino-2.jpeg\",\"contentUrl\":\"https:\/\/www.noticiasradioreflejos.com.ar\/2021\/wp-content\/uploads\/2026\/01\/terrenos-en-litigio-cerro-ceferino-2.jpeg\",\"width\":1280,\"height\":577},{\"@type\":\"BreadcrumbList\",\"@id\":\"https:\/\/www.noticiasradioreflejos.com.ar\/2021\/tras-el-reclamo-vecinal-coronel-suarez-realizo-el-mantenimiento-en-el-sector-ribereno-de-cerro-ceferino\/#breadcrumb\",\"itemListElement\":[{\"@type\":\"ListItem\",\"position\":1,\"name\":\"Portada\",\"item\":\"https:\/\/www.noticiasradioreflejos.com.ar\/2021\/\"},{\"@type\":\"ListItem\",\"position\":2,\"name\":\"Tras el reclamo vecinal, Coronel Su\u00e1rez realiz\u00f3 el mantenimiento en el sector ribere\u00f1o de Cerro Ceferino\"}]},{\"@type\":\"WebSite\",\"@id\":\"https:\/\/www.noticiasradioreflejos.com.ar\/2021\/#website\",\"url\":\"https:\/\/www.noticiasradioreflejos.com.ar\/2021\/\",\"name\":\"Noticias Radio Reflejos\",\"description\":\"Las noticias de mi comarca\",\"potentialAction\":[{\"@type\":\"SearchAction\",\"target\":{\"@type\":\"EntryPoint\",\"urlTemplate\":\"https:\/\/www.noticiasradioreflejos.com.ar\/2021\/?s={search_term_string}\"},\"query-input\":{\"@type\":\"PropertyValueSpecification\",\"valueRequired\":true,\"valueName\":\"search_term_string\"}}],\"inLanguage\":\"es\"},{\"@type\":\"Person\",\"@id\":\"https:\/\/www.noticiasradioreflejos.com.ar\/2021\/#\/schema\/person\/ad82545263dcc5ec0996818884fd5fb1\",\"name\":\"Arnaldo Botto\",\"image\":{\"@type\":\"ImageObject\",\"inLanguage\":\"es\",\"@id\":\"https:\/\/www.noticiasradioreflejos.com.ar\/2021\/#\/schema\/person\/image\/\",\"url\":\"https:\/\/secure.gravatar.com\/avatar\/55cb5e37c1efa326397366e6974cb338056df65cb50e7d64d1cf314e87504837?s=96&d=mm&r=g\",\"contentUrl\":\"https:\/\/secure.gravatar.com\/avatar\/55cb5e37c1efa326397366e6974cb338056df65cb50e7d64d1cf314e87504837?s=96&d=mm&r=g\",\"caption\":\"Arnaldo Botto\"},\"url\":\"https:\/\/www.noticiasradioreflejos.com.ar\/2021\/author\/arnaldo\/\"}]}<\/script>\n<!-- \/ Yoast SEO plugin. -->","yoast_head_json":{"title":"Tras el reclamo vecinal, Coronel Su\u00e1rez realiz\u00f3 el mantenimiento en el sector ribere\u00f1o de Cerro Ceferino - Noticias Radio Reflejos","robots":{"index":"index","follow":"follow","max-snippet":"max-snippet:-1","max-image-preview":"max-image-preview:large","max-video-preview":"max-video-preview:-1"},"canonical":"https:\/\/www.noticiasradioreflejos.com.ar\/2021\/tras-el-reclamo-vecinal-coronel-suarez-realizo-el-mantenimiento-en-el-sector-ribereno-de-cerro-ceferino\/","og_locale":"es_ES","og_type":"article","og_title":"Tras el reclamo vecinal, Coronel Su\u00e1rez realiz\u00f3 el mantenimiento en el sector ribere\u00f1o de Cerro Ceferino - Noticias Radio Reflejos","og_description":"La Delegaci\u00f3n de Villa Arcadia intervino en el \u00e1rea verde del barrio tras las reiteradas advertencias sobre riesgos de incendio y presencia de ofidios. El sector se encuentra actualmente bajo una medida cautelar que lo reconoce como espacio p\u00fablico, en el marco de un litigio judicial contra el fideicomiso del loteo.","og_url":"https:\/\/www.noticiasradioreflejos.com.ar\/2021\/tras-el-reclamo-vecinal-coronel-suarez-realizo-el-mantenimiento-en-el-sector-ribereno-de-cerro-ceferino\/","og_site_name":"Noticias Radio Reflejos","article_published_time":"2026-01-23T10:54:35+00:00","article_modified_time":"2026-01-23T10:56:57+00:00","og_image":[{"width":1280,"height":577,"url":"https:\/\/www.noticiasradioreflejos.com.ar\/2021\/wp-content\/uploads\/2026\/01\/terrenos-en-litigio-cerro-ceferino-2.jpeg","type":"image\/jpeg"}],"author":"Arnaldo Botto","twitter_card":"summary_large_image","schema":{"@context":"https:\/\/schema.org","@graph":[{"@type":"WebPage","@id":"https:\/\/www.noticiasradioreflejos.com.ar\/2021\/tras-el-reclamo-vecinal-coronel-suarez-realizo-el-mantenimiento-en-el-sector-ribereno-de-cerro-ceferino\/","url":"https:\/\/www.noticiasradioreflejos.com.ar\/2021\/tras-el-reclamo-vecinal-coronel-suarez-realizo-el-mantenimiento-en-el-sector-ribereno-de-cerro-ceferino\/","name":"Tras el reclamo vecinal, Coronel Su\u00e1rez realiz\u00f3 el mantenimiento en el sector ribere\u00f1o de Cerro Ceferino - Noticias Radio Reflejos","isPartOf":{"@id":"https:\/\/www.noticiasradioreflejos.com.ar\/2021\/#website"},"primaryImageOfPage":{"@id":"https:\/\/www.noticiasradioreflejos.com.ar\/2021\/tras-el-reclamo-vecinal-coronel-suarez-realizo-el-mantenimiento-en-el-sector-ribereno-de-cerro-ceferino\/#primaryimage"},"image":{"@id":"https:\/\/www.noticiasradioreflejos.com.ar\/2021\/tras-el-reclamo-vecinal-coronel-suarez-realizo-el-mantenimiento-en-el-sector-ribereno-de-cerro-ceferino\/#primaryimage"},"thumbnailUrl":"https:\/\/www.noticiasradioreflejos.com.ar\/2021\/wp-content\/uploads\/2026\/01\/terrenos-en-litigio-cerro-ceferino-2.jpeg","datePublished":"2026-01-23T10:54:35+00:00","dateModified":"2026-01-23T10:56:57+00:00","author":{"@id":"https:\/\/www.noticiasradioreflejos.com.ar\/2021\/#\/schema\/person\/ad82545263dcc5ec0996818884fd5fb1"},"breadcrumb":{"@id":"https:\/\/www.noticiasradioreflejos.com.ar\/2021\/tras-el-reclamo-vecinal-coronel-suarez-realizo-el-mantenimiento-en-el-sector-ribereno-de-cerro-ceferino\/#breadcrumb"},"inLanguage":"es","potentialAction":[{"@type":"ReadAction","target":["https:\/\/www.noticiasradioreflejos.com.ar\/2021\/tras-el-reclamo-vecinal-coronel-suarez-realizo-el-mantenimiento-en-el-sector-ribereno-de-cerro-ceferino\/"]}]},{"@type":"ImageObject","inLanguage":"es","@id":"https:\/\/www.noticiasradioreflejos.com.ar\/2021\/tras-el-reclamo-vecinal-coronel-suarez-realizo-el-mantenimiento-en-el-sector-ribereno-de-cerro-ceferino\/#primaryimage","url":"https:\/\/www.noticiasradioreflejos.com.ar\/2021\/wp-content\/uploads\/2026\/01\/terrenos-en-litigio-cerro-ceferino-2.jpeg","contentUrl":"https:\/\/www.noticiasradioreflejos.com.ar\/2021\/wp-content\/uploads\/2026\/01\/terrenos-en-litigio-cerro-ceferino-2.jpeg","width":1280,"height":577},{"@type":"BreadcrumbList","@id":"https:\/\/www.noticiasradioreflejos.com.ar\/2021\/tras-el-reclamo-vecinal-coronel-suarez-realizo-el-mantenimiento-en-el-sector-ribereno-de-cerro-ceferino\/#breadcrumb","itemListElement":[{"@type":"ListItem","position":1,"name":"Portada","item":"https:\/\/www.noticiasradioreflejos.com.ar\/2021\/"},{"@type":"ListItem","position":2,"name":"Tras el reclamo vecinal, Coronel Su\u00e1rez realiz\u00f3 el mantenimiento en el sector ribere\u00f1o de Cerro Ceferino"}]},{"@type":"WebSite","@id":"https:\/\/www.noticiasradioreflejos.com.ar\/2021\/#website","url":"https:\/\/www.noticiasradioreflejos.com.ar\/2021\/","name":"Noticias Radio Reflejos","description":"Las noticias de mi comarca","potentialAction":[{"@type":"SearchAction","target":{"@type":"EntryPoint","urlTemplate":"https:\/\/www.noticiasradioreflejos.com.ar\/2021\/?s={search_term_string}"},"query-input":{"@type":"PropertyValueSpecification","valueRequired":true,"valueName":"search_term_string"}}],"inLanguage":"es"},{"@type":"Person","@id":"https:\/\/www.noticiasradioreflejos.com.ar\/2021\/#\/schema\/person\/ad82545263dcc5ec0996818884fd5fb1","name":"Arnaldo Botto","image":{"@type":"ImageObject","inLanguage":"es","@id":"https:\/\/www.noticiasradioreflejos.com.ar\/2021\/#\/schema\/person\/image\/","url":"https:\/\/secure.gravatar.com\/avatar\/55cb5e37c1efa326397366e6974cb338056df65cb50e7d64d1cf314e87504837?s=96&d=mm&r=g","contentUrl":"https:\/\/secure.gravatar.com\/avatar\/55cb5e37c1efa326397366e6974cb338056df65cb50e7d64d1cf314e87504837?s=96&d=mm&r=g","caption":"Arnaldo Botto"},"url":"https:\/\/www.noticiasradioreflejos.com.ar\/2021\/author\/arnaldo\/"}]}},"_links":{"self":[{"href":"https:\/\/www.noticiasradioreflejos.com.ar\/2021\/wp-json\/wp\/v2\/posts\/131756","targetHints":{"allow":["GET"]}}],"collection":[{"href":"https:\/\/www.noticiasradioreflejos.com.ar\/2021\/wp-json\/wp\/v2\/posts"}],"about":[{"href":"https:\/\/www.noticiasradioreflejos.com.ar\/2021\/wp-json\/wp\/v2\/types\/post"}],"author":[{"embeddable":true,"href":"https:\/\/www.noticiasradioreflejos.com.ar\/2021\/wp-json\/wp\/v2\/users\/3"}],"replies":[{"embeddable":true,"href":"https:\/\/www.noticiasradioreflejos.com.ar\/2021\/wp-json\/wp\/v2\/comments?post=131756"}],"version-history":[{"count":5,"href":"https:\/\/www.noticiasradioreflejos.com.ar\/2021\/wp-json\/wp\/v2\/posts\/131756\/revisions"}],"predecessor-version":[{"id":131764,"href":"https:\/\/www.noticiasradioreflejos.com.ar\/2021\/wp-json\/wp\/v2\/posts\/131756\/revisions\/131764"}],"wp:featuredmedia":[{"embeddable":true,"href":"https:\/\/www.noticiasradioreflejos.com.ar\/2021\/wp-json\/wp\/v2\/media\/131758"}],"wp:attachment":[{"href":"https:\/\/www.noticiasradioreflejos.com.ar\/2021\/wp-json\/wp\/v2\/media?parent=131756"}],"wp:term":[{"taxonomy":"category","embeddable":true,"href":"https:\/\/www.noticiasradioreflejos.com.ar\/2021\/wp-json\/wp\/v2\/categories?post=131756"},{"taxonomy":"post_tag","embeddable":true,"href":"https:\/\/www.noticiasradioreflejos.com.ar\/2021\/wp-json\/wp\/v2\/tags?post=131756"}],"curies":[{"name":"wp","href":"https:\/\/api.w.org\/{rel}","templated":true}]}}