{"id":131751,"date":"2026-01-23T07:41:11","date_gmt":"2026-01-23T10:41:11","guid":{"rendered":"https:\/\/www.noticiasradioreflejos.com.ar\/2021\/?p=131751"},"modified":"2026-01-23T07:41:11","modified_gmt":"2026-01-23T10:41:11","slug":"dia-nacional-del-musico-por-que-se-celebra-este-23-de-enero-y-en-honor-a-quien-se-establecio-esta-fecha","status":"publish","type":"post","link":"https:\/\/www.noticiasradioreflejos.com.ar\/2021\/dia-nacional-del-musico-por-que-se-celebra-este-23-de-enero-y-en-honor-a-quien-se-establecio-esta-fecha\/","title":{"rendered":"D\u00eda Nacional del M\u00fasico: \u00bfpor qu\u00e9 se celebra este 23 de enero y en honor a qui\u00e9n se estableci\u00f3 esta fecha?"},"content":{"rendered":"<p>La fecha recuerda el nacimiento de Luis Alberto Spinetta y pone en valor el legado art\u00edstico y cultural de uno de los m\u00fasicos m\u00e1s influyentes de la Argentina.<\/p>\n<p><!--more--><\/p>\n<p>Cada 23 de enero, la Argentina celebra\u00a0el\u00a0<strong>D\u00eda Nacional del M\u00fasico<\/strong>, una fecha que rinde homenaje a\u00a0<strong>Luis Alberto Spinetta<\/strong>, nacido en 1950, una de las figuras m\u00e1s influyentes, profundas y singulares de la m\u00fasica popular del pa\u00eds. La efem\u00e9ride fue establecida por la\u00a0<strong>Ley 27.106<\/strong>, sancionada en 2015, como reconocimiento a su aporte art\u00edstico y cultural.<\/p>\n<p class=\"article-text\">Poeta, compositor, guitarrista y pensador, Spinetta fue mucho m\u00e1s que un m\u00fasico: construy\u00f3 una obra que trascendi\u00f3 g\u00e9neros, modas y generaciones. Desde\u00a0<strong>Almendra<\/strong>, banda fundacional del rock argentino, hasta proyectos como\u00a0<strong>Pescado Rabioso, Invisible, Spinetta Jade<\/strong>\u00a0y su extensa carrera solista, el Flaco dej\u00f3 un repertorio que combin\u00f3 sofisticaci\u00f3n musical, lirismo y una mirada \u00e9tica sobre el arte y la vida.<\/p>\n<p class=\"article-text\">Su influencia se extiende mucho m\u00e1s all\u00e1 de sus canciones. Spinetta impuls\u00f3 una concepci\u00f3n del m\u00fasico como creador integral, comprometido con su tiempo y con la b\u00fasqueda est\u00e9tica, alejado del mero \u00e9xito comercial. Letras como\u00a0<em>Muchacha (ojos de papel)<\/em>,\u00a0<em>Bajan<\/em>,\u00a0<em>Seguir viviendo sin tu amor<\/em>\u00a0o\u00a0<em>Durazno sangrando<\/em>\u00a0forman parte del patrimonio cultural argentino y siguen siendo revisitadas por nuevas generaciones de artistas.<\/p>\n<div id=\"container-after-news-outlook\"><\/div>\n<p class=\"article-text\">El\u00a0<strong>D\u00eda Nacional del M\u00fasico<\/strong>\u00a0no solo recuerda su figura, sino que tambi\u00e9n pone en valor el trabajo de quienes hacen de la m\u00fasica una forma de expresi\u00f3n, identidad y sustento. En un contexto de cambios tecnol\u00f3gicos y desaf\u00edos para la industria cultural, la fecha invita a reflexionar sobre el rol de los m\u00fasicos, la necesidad de pol\u00edticas de apoyo al sector y la importancia de la m\u00fasica como bien cultural.<\/p>\n<p class=\"article-text\">A m\u00e1s de una d\u00e9cada de su muerte, ocurrida en 2012, la obra de<a class=\"link\" href=\"https:\/\/es.wikipedia.org\/wiki\/Luis_Alberto_Spinetta\" target=\"_blank\" rel=\"noopener\" data-mrf-recirculation=\"links-noticia\" data-mrf-link=\"https:\/\/es.wikipedia.org\/wiki\/Luis_Alberto_Spinetta\">\u00a0Luis Alberto Spinetta<\/a>\u00a0contin\u00faa viva. Sus canciones siguen sonando, inspirando y dialogando con el presente, confirmando que su legado no pertenece al pasado, sino al coraz\u00f3n mismo de la m\u00fasica argentina.<\/p>\n","protected":false},"excerpt":{"rendered":"<p>La fecha recuerda el nacimiento de Luis Alberto Spinetta y pone en valor el legado art\u00edstico y cultural de uno de los m\u00fasicos m\u00e1s influyentes de la Argentina.<\/p>\n","protected":false},"author":3,"featured_media":131752,"comment_status":"closed","ping_status":"closed","sticky":false,"template":"","format":"standard","meta":{"footnotes":""},"categories":[35,26],"tags":[],"class_list":["post-131751","post","type-post","status-publish","format-standard","has-post-thumbnail","hentry","category-cultura","category-sociedad"],"yoast_head":"<!-- This site is optimized with the Yoast SEO plugin v25.9 - https:\/\/yoast.com\/wordpress\/plugins\/seo\/ -->\n<title>D\u00eda Nacional del M\u00fasico: \u00bfpor qu\u00e9 se celebra este 23 de enero y en honor a qui\u00e9n se estableci\u00f3 esta fecha? - Noticias Radio Reflejos<\/title>\n<meta name=\"robots\" content=\"index, follow, max-snippet:-1, max-image-preview:large, max-video-preview:-1\" \/>\n<link rel=\"canonical\" href=\"https:\/\/www.noticiasradioreflejos.com.ar\/2021\/dia-nacional-del-musico-por-que-se-celebra-este-23-de-enero-y-en-honor-a-quien-se-establecio-esta-fecha\/\" \/>\n<meta property=\"og:locale\" content=\"es_ES\" \/>\n<meta property=\"og:type\" content=\"article\" \/>\n<meta property=\"og:title\" content=\"D\u00eda Nacional del M\u00fasico: \u00bfpor qu\u00e9 se celebra este 23 de enero y en honor a qui\u00e9n se estableci\u00f3 esta fecha? - Noticias Radio Reflejos\" \/>\n<meta property=\"og:description\" content=\"La fecha recuerda el nacimiento de Luis Alberto Spinetta y pone en valor el legado art\u00edstico y cultural de uno de los m\u00fasicos m\u00e1s influyentes de la Argentina.\" \/>\n<meta property=\"og:url\" content=\"https:\/\/www.noticiasradioreflejos.com.ar\/2021\/dia-nacional-del-musico-por-que-se-celebra-este-23-de-enero-y-en-honor-a-quien-se-establecio-esta-fecha\/\" \/>\n<meta property=\"og:site_name\" content=\"Noticias Radio Reflejos\" \/>\n<meta property=\"article:published_time\" content=\"2026-01-23T10:41:11+00:00\" \/>\n<meta property=\"og:image\" content=\"https:\/\/www.noticiasradioreflejos.com.ar\/2021\/wp-content\/uploads\/2026\/01\/luis-Spinetta.webp\" \/>\n\t<meta property=\"og:image:width\" content=\"1200\" \/>\n\t<meta property=\"og:image:height\" content=\"675\" \/>\n\t<meta property=\"og:image:type\" content=\"image\/webp\" \/>\n<meta name=\"author\" content=\"Arnaldo Botto\" \/>\n<meta name=\"twitter:card\" content=\"summary_large_image\" \/>\n<script type=\"application\/ld+json\" class=\"yoast-schema-graph\">{\"@context\":\"https:\/\/schema.org\",\"@graph\":[{\"@type\":\"WebPage\",\"@id\":\"https:\/\/www.noticiasradioreflejos.com.ar\/2021\/dia-nacional-del-musico-por-que-se-celebra-este-23-de-enero-y-en-honor-a-quien-se-establecio-esta-fecha\/\",\"url\":\"https:\/\/www.noticiasradioreflejos.com.ar\/2021\/dia-nacional-del-musico-por-que-se-celebra-este-23-de-enero-y-en-honor-a-quien-se-establecio-esta-fecha\/\",\"name\":\"D\u00eda Nacional del M\u00fasico: \u00bfpor qu\u00e9 se celebra este 23 de enero y en honor a qui\u00e9n se estableci\u00f3 esta fecha? - Noticias Radio Reflejos\",\"isPartOf\":{\"@id\":\"https:\/\/www.noticiasradioreflejos.com.ar\/2021\/#website\"},\"primaryImageOfPage\":{\"@id\":\"https:\/\/www.noticiasradioreflejos.com.ar\/2021\/dia-nacional-del-musico-por-que-se-celebra-este-23-de-enero-y-en-honor-a-quien-se-establecio-esta-fecha\/#primaryimage\"},\"image\":{\"@id\":\"https:\/\/www.noticiasradioreflejos.com.ar\/2021\/dia-nacional-del-musico-por-que-se-celebra-este-23-de-enero-y-en-honor-a-quien-se-establecio-esta-fecha\/#primaryimage\"},\"thumbnailUrl\":\"https:\/\/www.noticiasradioreflejos.com.ar\/2021\/wp-content\/uploads\/2026\/01\/luis-Spinetta.webp\",\"datePublished\":\"2026-01-23T10:41:11+00:00\",\"author\":{\"@id\":\"https:\/\/www.noticiasradioreflejos.com.ar\/2021\/#\/schema\/person\/ad82545263dcc5ec0996818884fd5fb1\"},\"breadcrumb\":{\"@id\":\"https:\/\/www.noticiasradioreflejos.com.ar\/2021\/dia-nacional-del-musico-por-que-se-celebra-este-23-de-enero-y-en-honor-a-quien-se-establecio-esta-fecha\/#breadcrumb\"},\"inLanguage\":\"es\",\"potentialAction\":[{\"@type\":\"ReadAction\",\"target\":[\"https:\/\/www.noticiasradioreflejos.com.ar\/2021\/dia-nacional-del-musico-por-que-se-celebra-este-23-de-enero-y-en-honor-a-quien-se-establecio-esta-fecha\/\"]}]},{\"@type\":\"ImageObject\",\"inLanguage\":\"es\",\"@id\":\"https:\/\/www.noticiasradioreflejos.com.ar\/2021\/dia-nacional-del-musico-por-que-se-celebra-este-23-de-enero-y-en-honor-a-quien-se-establecio-esta-fecha\/#primaryimage\",\"url\":\"https:\/\/www.noticiasradioreflejos.com.ar\/2021\/wp-content\/uploads\/2026\/01\/luis-Spinetta.webp\",\"contentUrl\":\"https:\/\/www.noticiasradioreflejos.com.ar\/2021\/wp-content\/uploads\/2026\/01\/luis-Spinetta.webp\",\"width\":1200,\"height\":675},{\"@type\":\"BreadcrumbList\",\"@id\":\"https:\/\/www.noticiasradioreflejos.com.ar\/2021\/dia-nacional-del-musico-por-que-se-celebra-este-23-de-enero-y-en-honor-a-quien-se-establecio-esta-fecha\/#breadcrumb\",\"itemListElement\":[{\"@type\":\"ListItem\",\"position\":1,\"name\":\"Portada\",\"item\":\"https:\/\/www.noticiasradioreflejos.com.ar\/2021\/\"},{\"@type\":\"ListItem\",\"position\":2,\"name\":\"D\u00eda Nacional del M\u00fasico: \u00bfpor qu\u00e9 se celebra este 23 de enero y en honor a qui\u00e9n se estableci\u00f3 esta fecha?\"}]},{\"@type\":\"WebSite\",\"@id\":\"https:\/\/www.noticiasradioreflejos.com.ar\/2021\/#website\",\"url\":\"https:\/\/www.noticiasradioreflejos.com.ar\/2021\/\",\"name\":\"Noticias Radio Reflejos\",\"description\":\"Las noticias de mi comarca\",\"potentialAction\":[{\"@type\":\"SearchAction\",\"target\":{\"@type\":\"EntryPoint\",\"urlTemplate\":\"https:\/\/www.noticiasradioreflejos.com.ar\/2021\/?s={search_term_string}\"},\"query-input\":{\"@type\":\"PropertyValueSpecification\",\"valueRequired\":true,\"valueName\":\"search_term_string\"}}],\"inLanguage\":\"es\"},{\"@type\":\"Person\",\"@id\":\"https:\/\/www.noticiasradioreflejos.com.ar\/2021\/#\/schema\/person\/ad82545263dcc5ec0996818884fd5fb1\",\"name\":\"Arnaldo Botto\",\"image\":{\"@type\":\"ImageObject\",\"inLanguage\":\"es\",\"@id\":\"https:\/\/www.noticiasradioreflejos.com.ar\/2021\/#\/schema\/person\/image\/\",\"url\":\"https:\/\/secure.gravatar.com\/avatar\/55cb5e37c1efa326397366e6974cb338056df65cb50e7d64d1cf314e87504837?s=96&d=mm&r=g\",\"contentUrl\":\"https:\/\/secure.gravatar.com\/avatar\/55cb5e37c1efa326397366e6974cb338056df65cb50e7d64d1cf314e87504837?s=96&d=mm&r=g\",\"caption\":\"Arnaldo Botto\"},\"url\":\"https:\/\/www.noticiasradioreflejos.com.ar\/2021\/author\/arnaldo\/\"}]}<\/script>\n<!-- \/ Yoast SEO plugin. -->","yoast_head_json":{"title":"D\u00eda Nacional del M\u00fasico: \u00bfpor qu\u00e9 se celebra este 23 de enero y en honor a qui\u00e9n se estableci\u00f3 esta fecha? - Noticias Radio Reflejos","robots":{"index":"index","follow":"follow","max-snippet":"max-snippet:-1","max-image-preview":"max-image-preview:large","max-video-preview":"max-video-preview:-1"},"canonical":"https:\/\/www.noticiasradioreflejos.com.ar\/2021\/dia-nacional-del-musico-por-que-se-celebra-este-23-de-enero-y-en-honor-a-quien-se-establecio-esta-fecha\/","og_locale":"es_ES","og_type":"article","og_title":"D\u00eda Nacional del M\u00fasico: \u00bfpor qu\u00e9 se celebra este 23 de enero y en honor a qui\u00e9n se estableci\u00f3 esta fecha? - Noticias Radio Reflejos","og_description":"La fecha recuerda el nacimiento de Luis Alberto Spinetta y pone en valor el legado art\u00edstico y cultural de uno de los m\u00fasicos m\u00e1s influyentes de la Argentina.","og_url":"https:\/\/www.noticiasradioreflejos.com.ar\/2021\/dia-nacional-del-musico-por-que-se-celebra-este-23-de-enero-y-en-honor-a-quien-se-establecio-esta-fecha\/","og_site_name":"Noticias Radio Reflejos","article_published_time":"2026-01-23T10:41:11+00:00","og_image":[{"width":1200,"height":675,"url":"https:\/\/www.noticiasradioreflejos.com.ar\/2021\/wp-content\/uploads\/2026\/01\/luis-Spinetta.webp","type":"image\/webp"}],"author":"Arnaldo Botto","twitter_card":"summary_large_image","schema":{"@context":"https:\/\/schema.org","@graph":[{"@type":"WebPage","@id":"https:\/\/www.noticiasradioreflejos.com.ar\/2021\/dia-nacional-del-musico-por-que-se-celebra-este-23-de-enero-y-en-honor-a-quien-se-establecio-esta-fecha\/","url":"https:\/\/www.noticiasradioreflejos.com.ar\/2021\/dia-nacional-del-musico-por-que-se-celebra-este-23-de-enero-y-en-honor-a-quien-se-establecio-esta-fecha\/","name":"D\u00eda Nacional del M\u00fasico: \u00bfpor qu\u00e9 se celebra este 23 de enero y en honor a qui\u00e9n se estableci\u00f3 esta fecha? - Noticias Radio Reflejos","isPartOf":{"@id":"https:\/\/www.noticiasradioreflejos.com.ar\/2021\/#website"},"primaryImageOfPage":{"@id":"https:\/\/www.noticiasradioreflejos.com.ar\/2021\/dia-nacional-del-musico-por-que-se-celebra-este-23-de-enero-y-en-honor-a-quien-se-establecio-esta-fecha\/#primaryimage"},"image":{"@id":"https:\/\/www.noticiasradioreflejos.com.ar\/2021\/dia-nacional-del-musico-por-que-se-celebra-este-23-de-enero-y-en-honor-a-quien-se-establecio-esta-fecha\/#primaryimage"},"thumbnailUrl":"https:\/\/www.noticiasradioreflejos.com.ar\/2021\/wp-content\/uploads\/2026\/01\/luis-Spinetta.webp","datePublished":"2026-01-23T10:41:11+00:00","author":{"@id":"https:\/\/www.noticiasradioreflejos.com.ar\/2021\/#\/schema\/person\/ad82545263dcc5ec0996818884fd5fb1"},"breadcrumb":{"@id":"https:\/\/www.noticiasradioreflejos.com.ar\/2021\/dia-nacional-del-musico-por-que-se-celebra-este-23-de-enero-y-en-honor-a-quien-se-establecio-esta-fecha\/#breadcrumb"},"inLanguage":"es","potentialAction":[{"@type":"ReadAction","target":["https:\/\/www.noticiasradioreflejos.com.ar\/2021\/dia-nacional-del-musico-por-que-se-celebra-este-23-de-enero-y-en-honor-a-quien-se-establecio-esta-fecha\/"]}]},{"@type":"ImageObject","inLanguage":"es","@id":"https:\/\/www.noticiasradioreflejos.com.ar\/2021\/dia-nacional-del-musico-por-que-se-celebra-este-23-de-enero-y-en-honor-a-quien-se-establecio-esta-fecha\/#primaryimage","url":"https:\/\/www.noticiasradioreflejos.com.ar\/2021\/wp-content\/uploads\/2026\/01\/luis-Spinetta.webp","contentUrl":"https:\/\/www.noticiasradioreflejos.com.ar\/2021\/wp-content\/uploads\/2026\/01\/luis-Spinetta.webp","width":1200,"height":675},{"@type":"BreadcrumbList","@id":"https:\/\/www.noticiasradioreflejos.com.ar\/2021\/dia-nacional-del-musico-por-que-se-celebra-este-23-de-enero-y-en-honor-a-quien-se-establecio-esta-fecha\/#breadcrumb","itemListElement":[{"@type":"ListItem","position":1,"name":"Portada","item":"https:\/\/www.noticiasradioreflejos.com.ar\/2021\/"},{"@type":"ListItem","position":2,"name":"D\u00eda Nacional del M\u00fasico: \u00bfpor qu\u00e9 se celebra este 23 de enero y en honor a qui\u00e9n se estableci\u00f3 esta fecha?"}]},{"@type":"WebSite","@id":"https:\/\/www.noticiasradioreflejos.com.ar\/2021\/#website","url":"https:\/\/www.noticiasradioreflejos.com.ar\/2021\/","name":"Noticias Radio Reflejos","description":"Las noticias de mi comarca","potentialAction":[{"@type":"SearchAction","target":{"@type":"EntryPoint","urlTemplate":"https:\/\/www.noticiasradioreflejos.com.ar\/2021\/?s={search_term_string}"},"query-input":{"@type":"PropertyValueSpecification","valueRequired":true,"valueName":"search_term_string"}}],"inLanguage":"es"},{"@type":"Person","@id":"https:\/\/www.noticiasradioreflejos.com.ar\/2021\/#\/schema\/person\/ad82545263dcc5ec0996818884fd5fb1","name":"Arnaldo Botto","image":{"@type":"ImageObject","inLanguage":"es","@id":"https:\/\/www.noticiasradioreflejos.com.ar\/2021\/#\/schema\/person\/image\/","url":"https:\/\/secure.gravatar.com\/avatar\/55cb5e37c1efa326397366e6974cb338056df65cb50e7d64d1cf314e87504837?s=96&d=mm&r=g","contentUrl":"https:\/\/secure.gravatar.com\/avatar\/55cb5e37c1efa326397366e6974cb338056df65cb50e7d64d1cf314e87504837?s=96&d=mm&r=g","caption":"Arnaldo Botto"},"url":"https:\/\/www.noticiasradioreflejos.com.ar\/2021\/author\/arnaldo\/"}]}},"_links":{"self":[{"href":"https:\/\/www.noticiasradioreflejos.com.ar\/2021\/wp-json\/wp\/v2\/posts\/131751","targetHints":{"allow":["GET"]}}],"collection":[{"href":"https:\/\/www.noticiasradioreflejos.com.ar\/2021\/wp-json\/wp\/v2\/posts"}],"about":[{"href":"https:\/\/www.noticiasradioreflejos.com.ar\/2021\/wp-json\/wp\/v2\/types\/post"}],"author":[{"embeddable":true,"href":"https:\/\/www.noticiasradioreflejos.com.ar\/2021\/wp-json\/wp\/v2\/users\/3"}],"replies":[{"embeddable":true,"href":"https:\/\/www.noticiasradioreflejos.com.ar\/2021\/wp-json\/wp\/v2\/comments?post=131751"}],"version-history":[{"count":1,"href":"https:\/\/www.noticiasradioreflejos.com.ar\/2021\/wp-json\/wp\/v2\/posts\/131751\/revisions"}],"predecessor-version":[{"id":131753,"href":"https:\/\/www.noticiasradioreflejos.com.ar\/2021\/wp-json\/wp\/v2\/posts\/131751\/revisions\/131753"}],"wp:featuredmedia":[{"embeddable":true,"href":"https:\/\/www.noticiasradioreflejos.com.ar\/2021\/wp-json\/wp\/v2\/media\/131752"}],"wp:attachment":[{"href":"https:\/\/www.noticiasradioreflejos.com.ar\/2021\/wp-json\/wp\/v2\/media?parent=131751"}],"wp:term":[{"taxonomy":"category","embeddable":true,"href":"https:\/\/www.noticiasradioreflejos.com.ar\/2021\/wp-json\/wp\/v2\/categories?post=131751"},{"taxonomy":"post_tag","embeddable":true,"href":"https:\/\/www.noticiasradioreflejos.com.ar\/2021\/wp-json\/wp\/v2\/tags?post=131751"}],"curies":[{"name":"wp","href":"https:\/\/api.w.org\/{rel}","templated":true}]}}