{"id":13175,"date":"2017-08-07T12:01:19","date_gmt":"2017-08-07T15:01:19","guid":{"rendered":"http:\/\/www.noticiasradioreflejos.com.ar\/noticias\/?p=13175"},"modified":"2017-08-07T12:01:19","modified_gmt":"2017-08-07T15:01:19","slug":"si-no-hay-amor-programa-del-7-de-agosto","status":"publish","type":"post","link":"https:\/\/www.noticiasradioreflejos.com.ar\/2021\/si-no-hay-amor-programa-del-7-de-agosto\/","title":{"rendered":"&quot;Si no hay Amor&quot; &#8211; Programa del 7 de agosto."},"content":{"rendered":"<p>En el inicio compartimos un texto de Eduardo Galeano, mientras escuchamos el tema San Cayetano de Teresa Parodi y Peteco Carabajal, para que los que tienen que responder por los miles de despedidos de los \u00faltimos tiempos, dejen de mirar para otro lado.<br \/>\nEntrevistamos al dirigente del Movimiento Nacional Alfonsinista, Leopoldo Moreau, candidato en 8vo lugar a Diputado Nacional de Unidad Ciudadana. Una charla imperdible.<!--more--><br \/>\nEn nuestro momento distendido, la Murga esa te la Debo, se ocupa de lo que piensa Mauricio Macri cuando va al ba\u00f1o.<br \/>\nEn nuestra nueva secci\u00f3n \u201c\u00bfEn que te desorganizaron la vida?\u201d te contamos lo que nos escriben los oyentes.<br \/>\nMientras escuchamos a Inti Illamani con El Pueblo unido jam\u00e1s ser\u00e1 vencido, te compartimos nuestra Editorial de cara a las pr\u00f3ximas elecciones legislativas.<br \/>\nNuestra consigna para pensar, para compartir, para reflexionar y actuar, en honor de nuestro entrevistado corresponde a un radical de FORJA, Don Arturo Jauretche: \u201cLa idea central no es otra que la de retornar a la Argentina colonisl con una econom\u00eda basada en la producci\u00f3n y exportaci\u00f3n de materias primas a los costos reducidos de una mano de obra abaratada por la desocupaci\u00f3n y la miseria. Sera el momento de la crisis deliberada y conscientemente provocada\u201d. Cualquier parecido con la realidad\u2026<br \/>\nComunicate con nosotros a la p\u00e1gina del face Si no hay amor 2502, al mail frentepopular25defebrero@gmail.com o al 2915070408.<br \/>\n<iframe loading=\"lazy\" src=\"https:\/\/w.soundcloud.com\/player\/?url=https%3A\/\/api.soundcloud.com\/tracks\/336839975&amp;color=ff5500&amp;auto_play=false&amp;hide_related=false&amp;show_comments=true&amp;show_user=true&amp;show_reposts=false\" width=\"100%\" height=\"166\" frameborder=\"no\" scrolling=\"no\"><\/iframe><\/p>\n","protected":false},"excerpt":{"rendered":"<p>En el inicio compartimos un texto de Eduardo Galeano, mientras escuchamos el tema San Cayetano de Teresa Parodi y Peteco Carabajal, para que los que tienen que responder por los miles de despedidos de los \u00faltimos tiempos, dejen de mirar para otro lado. Entrevistamos al dirigente del Movimiento Nacional Alfonsinista, Leopoldo Moreau, candidato en 8vo [&hellip;]<\/p>\n","protected":false},"author":3,"featured_media":0,"comment_status":"closed","ping_status":"open","sticky":false,"template":"","format":"standard","meta":{"footnotes":""},"categories":[26],"tags":[],"class_list":["post-13175","post","type-post","status-publish","format-standard","hentry","category-sociedad"],"yoast_head":"<!-- This site is optimized with the Yoast SEO plugin v25.9 - https:\/\/yoast.com\/wordpress\/plugins\/seo\/ -->\n<title>&quot;Si no hay Amor&quot; - Programa del 7 de agosto. - Noticias Radio Reflejos<\/title>\n<meta name=\"robots\" content=\"index, follow, max-snippet:-1, max-image-preview:large, max-video-preview:-1\" \/>\n<link rel=\"canonical\" href=\"https:\/\/www.noticiasradioreflejos.com.ar\/2021\/si-no-hay-amor-programa-del-7-de-agosto\/\" \/>\n<meta property=\"og:locale\" content=\"es_ES\" \/>\n<meta property=\"og:type\" content=\"article\" \/>\n<meta property=\"og:title\" content=\"&quot;Si no hay Amor&quot; - Programa del 7 de agosto. - Noticias Radio Reflejos\" \/>\n<meta property=\"og:description\" content=\"En el inicio compartimos un texto de Eduardo Galeano, mientras escuchamos el tema San Cayetano de Teresa Parodi y Peteco Carabajal, para que los que tienen que responder por los miles de despedidos de los \u00faltimos tiempos, dejen de mirar para otro lado. Entrevistamos al dirigente del Movimiento Nacional Alfonsinista, Leopoldo Moreau, candidato en 8vo [&hellip;]\" \/>\n<meta property=\"og:url\" content=\"https:\/\/www.noticiasradioreflejos.com.ar\/2021\/si-no-hay-amor-programa-del-7-de-agosto\/\" \/>\n<meta property=\"og:site_name\" content=\"Noticias Radio Reflejos\" \/>\n<meta property=\"article:published_time\" content=\"2017-08-07T15:01:19+00:00\" \/>\n<meta property=\"og:image\" content=\"https:\/\/www.noticiasradioreflejos.com.ar\/2021\/wp-content\/uploads\/2021\/07\/logosol300x200.png\" \/>\n\t<meta property=\"og:image:width\" content=\"300\" \/>\n\t<meta property=\"og:image:height\" content=\"200\" \/>\n\t<meta property=\"og:image:type\" content=\"image\/png\" \/>\n<meta name=\"author\" content=\"Arnaldo Botto\" \/>\n<meta name=\"twitter:card\" content=\"summary_large_image\" \/>\n<script type=\"application\/ld+json\" class=\"yoast-schema-graph\">{\"@context\":\"https:\/\/schema.org\",\"@graph\":[{\"@type\":\"WebPage\",\"@id\":\"https:\/\/www.noticiasradioreflejos.com.ar\/2021\/si-no-hay-amor-programa-del-7-de-agosto\/\",\"url\":\"https:\/\/www.noticiasradioreflejos.com.ar\/2021\/si-no-hay-amor-programa-del-7-de-agosto\/\",\"name\":\"&quot;Si no hay Amor&quot; - Programa del 7 de agosto. - Noticias Radio Reflejos\",\"isPartOf\":{\"@id\":\"https:\/\/www.noticiasradioreflejos.com.ar\/2021\/#website\"},\"datePublished\":\"2017-08-07T15:01:19+00:00\",\"author\":{\"@id\":\"https:\/\/www.noticiasradioreflejos.com.ar\/2021\/#\/schema\/person\/ad82545263dcc5ec0996818884fd5fb1\"},\"breadcrumb\":{\"@id\":\"https:\/\/www.noticiasradioreflejos.com.ar\/2021\/si-no-hay-amor-programa-del-7-de-agosto\/#breadcrumb\"},\"inLanguage\":\"es\",\"potentialAction\":[{\"@type\":\"ReadAction\",\"target\":[\"https:\/\/www.noticiasradioreflejos.com.ar\/2021\/si-no-hay-amor-programa-del-7-de-agosto\/\"]}]},{\"@type\":\"BreadcrumbList\",\"@id\":\"https:\/\/www.noticiasradioreflejos.com.ar\/2021\/si-no-hay-amor-programa-del-7-de-agosto\/#breadcrumb\",\"itemListElement\":[{\"@type\":\"ListItem\",\"position\":1,\"name\":\"Portada\",\"item\":\"https:\/\/www.noticiasradioreflejos.com.ar\/2021\/\"},{\"@type\":\"ListItem\",\"position\":2,\"name\":\"&quot;Si no hay Amor&quot; &#8211; Programa del 7 de agosto.\"}]},{\"@type\":\"WebSite\",\"@id\":\"https:\/\/www.noticiasradioreflejos.com.ar\/2021\/#website\",\"url\":\"https:\/\/www.noticiasradioreflejos.com.ar\/2021\/\",\"name\":\"Noticias Radio Reflejos\",\"description\":\"Las noticias de mi comarca\",\"potentialAction\":[{\"@type\":\"SearchAction\",\"target\":{\"@type\":\"EntryPoint\",\"urlTemplate\":\"https:\/\/www.noticiasradioreflejos.com.ar\/2021\/?s={search_term_string}\"},\"query-input\":{\"@type\":\"PropertyValueSpecification\",\"valueRequired\":true,\"valueName\":\"search_term_string\"}}],\"inLanguage\":\"es\"},{\"@type\":\"Person\",\"@id\":\"https:\/\/www.noticiasradioreflejos.com.ar\/2021\/#\/schema\/person\/ad82545263dcc5ec0996818884fd5fb1\",\"name\":\"Arnaldo Botto\",\"image\":{\"@type\":\"ImageObject\",\"inLanguage\":\"es\",\"@id\":\"https:\/\/www.noticiasradioreflejos.com.ar\/2021\/#\/schema\/person\/image\/\",\"url\":\"https:\/\/secure.gravatar.com\/avatar\/55cb5e37c1efa326397366e6974cb338056df65cb50e7d64d1cf314e87504837?s=96&d=mm&r=g\",\"contentUrl\":\"https:\/\/secure.gravatar.com\/avatar\/55cb5e37c1efa326397366e6974cb338056df65cb50e7d64d1cf314e87504837?s=96&d=mm&r=g\",\"caption\":\"Arnaldo Botto\"},\"url\":\"https:\/\/www.noticiasradioreflejos.com.ar\/2021\/author\/arnaldo\/\"}]}<\/script>\n<!-- \/ Yoast SEO plugin. -->","yoast_head_json":{"title":"&quot;Si no hay Amor&quot; - Programa del 7 de agosto. - Noticias Radio Reflejos","robots":{"index":"index","follow":"follow","max-snippet":"max-snippet:-1","max-image-preview":"max-image-preview:large","max-video-preview":"max-video-preview:-1"},"canonical":"https:\/\/www.noticiasradioreflejos.com.ar\/2021\/si-no-hay-amor-programa-del-7-de-agosto\/","og_locale":"es_ES","og_type":"article","og_title":"&quot;Si no hay Amor&quot; - Programa del 7 de agosto. - Noticias Radio Reflejos","og_description":"En el inicio compartimos un texto de Eduardo Galeano, mientras escuchamos el tema San Cayetano de Teresa Parodi y Peteco Carabajal, para que los que tienen que responder por los miles de despedidos de los \u00faltimos tiempos, dejen de mirar para otro lado. Entrevistamos al dirigente del Movimiento Nacional Alfonsinista, Leopoldo Moreau, candidato en 8vo [&hellip;]","og_url":"https:\/\/www.noticiasradioreflejos.com.ar\/2021\/si-no-hay-amor-programa-del-7-de-agosto\/","og_site_name":"Noticias Radio Reflejos","article_published_time":"2017-08-07T15:01:19+00:00","og_image":[{"width":300,"height":200,"url":"https:\/\/www.noticiasradioreflejos.com.ar\/2021\/wp-content\/uploads\/2021\/07\/logosol300x200.png","type":"image\/png"}],"author":"Arnaldo Botto","twitter_card":"summary_large_image","schema":{"@context":"https:\/\/schema.org","@graph":[{"@type":"WebPage","@id":"https:\/\/www.noticiasradioreflejos.com.ar\/2021\/si-no-hay-amor-programa-del-7-de-agosto\/","url":"https:\/\/www.noticiasradioreflejos.com.ar\/2021\/si-no-hay-amor-programa-del-7-de-agosto\/","name":"&quot;Si no hay Amor&quot; - Programa del 7 de agosto. - Noticias Radio Reflejos","isPartOf":{"@id":"https:\/\/www.noticiasradioreflejos.com.ar\/2021\/#website"},"datePublished":"2017-08-07T15:01:19+00:00","author":{"@id":"https:\/\/www.noticiasradioreflejos.com.ar\/2021\/#\/schema\/person\/ad82545263dcc5ec0996818884fd5fb1"},"breadcrumb":{"@id":"https:\/\/www.noticiasradioreflejos.com.ar\/2021\/si-no-hay-amor-programa-del-7-de-agosto\/#breadcrumb"},"inLanguage":"es","potentialAction":[{"@type":"ReadAction","target":["https:\/\/www.noticiasradioreflejos.com.ar\/2021\/si-no-hay-amor-programa-del-7-de-agosto\/"]}]},{"@type":"BreadcrumbList","@id":"https:\/\/www.noticiasradioreflejos.com.ar\/2021\/si-no-hay-amor-programa-del-7-de-agosto\/#breadcrumb","itemListElement":[{"@type":"ListItem","position":1,"name":"Portada","item":"https:\/\/www.noticiasradioreflejos.com.ar\/2021\/"},{"@type":"ListItem","position":2,"name":"&quot;Si no hay Amor&quot; &#8211; Programa del 7 de agosto."}]},{"@type":"WebSite","@id":"https:\/\/www.noticiasradioreflejos.com.ar\/2021\/#website","url":"https:\/\/www.noticiasradioreflejos.com.ar\/2021\/","name":"Noticias Radio Reflejos","description":"Las noticias de mi comarca","potentialAction":[{"@type":"SearchAction","target":{"@type":"EntryPoint","urlTemplate":"https:\/\/www.noticiasradioreflejos.com.ar\/2021\/?s={search_term_string}"},"query-input":{"@type":"PropertyValueSpecification","valueRequired":true,"valueName":"search_term_string"}}],"inLanguage":"es"},{"@type":"Person","@id":"https:\/\/www.noticiasradioreflejos.com.ar\/2021\/#\/schema\/person\/ad82545263dcc5ec0996818884fd5fb1","name":"Arnaldo Botto","image":{"@type":"ImageObject","inLanguage":"es","@id":"https:\/\/www.noticiasradioreflejos.com.ar\/2021\/#\/schema\/person\/image\/","url":"https:\/\/secure.gravatar.com\/avatar\/55cb5e37c1efa326397366e6974cb338056df65cb50e7d64d1cf314e87504837?s=96&d=mm&r=g","contentUrl":"https:\/\/secure.gravatar.com\/avatar\/55cb5e37c1efa326397366e6974cb338056df65cb50e7d64d1cf314e87504837?s=96&d=mm&r=g","caption":"Arnaldo Botto"},"url":"https:\/\/www.noticiasradioreflejos.com.ar\/2021\/author\/arnaldo\/"}]}},"_links":{"self":[{"href":"https:\/\/www.noticiasradioreflejos.com.ar\/2021\/wp-json\/wp\/v2\/posts\/13175","targetHints":{"allow":["GET"]}}],"collection":[{"href":"https:\/\/www.noticiasradioreflejos.com.ar\/2021\/wp-json\/wp\/v2\/posts"}],"about":[{"href":"https:\/\/www.noticiasradioreflejos.com.ar\/2021\/wp-json\/wp\/v2\/types\/post"}],"author":[{"embeddable":true,"href":"https:\/\/www.noticiasradioreflejos.com.ar\/2021\/wp-json\/wp\/v2\/users\/3"}],"replies":[{"embeddable":true,"href":"https:\/\/www.noticiasradioreflejos.com.ar\/2021\/wp-json\/wp\/v2\/comments?post=13175"}],"version-history":[{"count":0,"href":"https:\/\/www.noticiasradioreflejos.com.ar\/2021\/wp-json\/wp\/v2\/posts\/13175\/revisions"}],"wp:attachment":[{"href":"https:\/\/www.noticiasradioreflejos.com.ar\/2021\/wp-json\/wp\/v2\/media?parent=13175"}],"wp:term":[{"taxonomy":"category","embeddable":true,"href":"https:\/\/www.noticiasradioreflejos.com.ar\/2021\/wp-json\/wp\/v2\/categories?post=13175"},{"taxonomy":"post_tag","embeddable":true,"href":"https:\/\/www.noticiasradioreflejos.com.ar\/2021\/wp-json\/wp\/v2\/tags?post=13175"}],"curies":[{"name":"wp","href":"https:\/\/api.w.org\/{rel}","templated":true}]}}