{"id":131740,"date":"2026-01-23T07:29:15","date_gmt":"2026-01-23T10:29:15","guid":{"rendered":"https:\/\/www.noticiasradioreflejos.com.ar\/2021\/?p=131740"},"modified":"2026-01-23T07:29:15","modified_gmt":"2026-01-23T10:29:15","slug":"el-municipio-de-tres-arroyos-denuncio-a-franca-grippo-por-el-presunto-uso-del-padron-de-la-andis","status":"publish","type":"post","link":"https:\/\/www.noticiasradioreflejos.com.ar\/2021\/el-municipio-de-tres-arroyos-denuncio-a-franca-grippo-por-el-presunto-uso-del-padron-de-la-andis\/","title":{"rendered":"El Municipio de Tres Arroyos denunci\u00f3 a Franca Grippo por el presunto uso del padr\u00f3n de la ANDIS"},"content":{"rendered":"<p>Acusan que, como gobierno local, no ten\u00edan acceso a esos datos que hubieran permitido que muchas personas no pierdan su pensi\u00f3n.<br \/>\n<!--more--><\/p>\n<div class=\"noticia__imagen\">\n<div class=\"noticia__thumb\"><\/div>\n<\/div>\n<div class=\"noticia-main-container\">\n<div class=\"noticia__rrss flex items-center gap-6\">Desde la<strong>\u00a0Municipalidad de Tres Arroyos\u00a0<\/strong>denunciaron penalmente a dirigentes de<strong>\u00a0La Libertad Avanza<\/strong>. Es por el posible uso de datos de personas con discapacidad con fines electorales en los meses de campa\u00f1a previos al estallido que eyect\u00f3 a\u00a0<strong>Diego Spagnuolo\u00a0<\/strong>de la\u00a0<strong>Andis<\/strong>.<\/div>\n<div class=\"noticia__desarrollo\">\n<p>Se trata de informaci\u00f3n, protegida por ley, a la que el municipio no tuvo acceso cuando intentaba detectar y acompa\u00f1ar a aquellos vecinos que necesitaban renovar la documentaci\u00f3n y que terminaron perdiendo su pensi\u00f3n. La palabra que prima en el distrito es\u00a0<strong>\u201ccrueldad\u201d<\/strong>.<\/p>\n<p>Al frente de la presentaci\u00f3n judicial est\u00e1 la coordinadora del \u00c1rea de Discapacidad de Tres Arroyos,\u00a0<strong>Andrea Elgart<\/strong>. \u201cComo responsable del \u00e1rea y, tambi\u00e9n, como madre de un joven con retraso madurativo severo, autismo y epilepsia, me siento atravesada por la crueldad de este gobierno\u201d, se\u00f1ala la funcionaria tresarroyense a\u00a0Buenos Aires\/12.<\/p>\n<p>En los m\u00e1s de dos a\u00f1os de gesti\u00f3n de Milei, indica,\u00a0<strong>no hubo recursos, medicamentos, programas o prestaci\u00f3n alguna que haya llegado a alg\u00fan vecino del partido desde la Naci\u00f3n<\/strong>. Todo lo contrario.<\/p>\n<p>Con este marco, Elgart, junto al secretario de Desarrollo Social,\u00a0<strong>Mart\u00edn Garate<\/strong>, se hicieron eco de las capturas de unos chats en donde se advierte que en un grupo de WhatsApp que incluir\u00eda a representantes libertarios de la sexta secci\u00f3n electoral,<strong>\u00a0Franca Grippo<\/strong>\u00a0anuncia que tiene \u201cel padr\u00f3n de Incluir Salud de la secci\u00f3n dividido localidad por localidad para que puedan hacer territorio\u201d.<\/p>\n<p><strong>Grippo es concejal de LLA en Bah\u00eda, encabez\u00f3 la n\u00f3mina libertaria en las \u00faltimas elecciones y es la coordinadora regional\u00a0<\/strong>del partido que preside el electo diputado nacional,\u00a0<strong>Sebasti\u00e1n Pareja<\/strong>. Los mensajes habr\u00edan sido enviados en junio del 2025. Precisamente, d\u00edas antes del 20 de junio del a\u00f1o pasado, cuando se inaugur\u00f3 un local libertario en Tres Arroyos. Ese es el moj\u00f3n que Garate y Elgart tomaron para presentar la denuncia.<\/p>\n<figure class=\"wp-block-image size-large\"><img loading=\"lazy\" decoding=\"async\" class=\"wp-image-206369\" src=\"https:\/\/frenteacano.com.ar\/wp-content\/uploads\/2026\/01\/image-74-498x1024.webp\" sizes=\"auto, (max-width: 498px) 100vw, 498px\" srcset=\"https:\/\/frenteacano.com.ar\/wp-content\/uploads\/2026\/01\/image-74-498x1024.webp 498w, https:\/\/frenteacano.com.ar\/wp-content\/uploads\/2026\/01\/image-74-146x300.webp 146w, https:\/\/frenteacano.com.ar\/wp-content\/uploads\/2026\/01\/image-74-768x1580.webp 768w, https:\/\/frenteacano.com.ar\/wp-content\/uploads\/2026\/01\/image-74-747x1536.webp 747w, https:\/\/frenteacano.com.ar\/wp-content\/uploads\/2026\/01\/image-74-996x2048.webp 996w, https:\/\/frenteacano.com.ar\/wp-content\/uploads\/2026\/01\/image-74-scaled.webp 1245w\" alt=\"\" width=\"498\" height=\"1024\" \/><\/figure>\n<p>Resulta que, entre los mensajes adjudicados a Grippo,\u00a0<strong>la referente de LLA remarc\u00f3 que los padrones eran \u201cinformaci\u00f3n reservada\u201d, que no pod\u00eda compartirla de forma virtual y que la entregar\u00eda \u201cen mano\u201d y de forma impresa a quienes asistieran a la apertura del local partidario en Tres Arroyos.<\/strong>\u00a0\u201cPor eso nosotros queremos saber si los dirigentes libertarios tresarroyenses que asistieron ten\u00edan esta informaci\u00f3n que nosotros pedimos p\u00fablicamente tantas veces\u201d, apunta la Elgart.<\/p>\n<p>\u201cSi ten\u00edan la informaci\u00f3n e hicieron uso indebido sabiendo que nuestros vecinos, que se atienden en el mismo hospital que ellos y que compran en el mismo supermercado, pod\u00edan estar siendo citados y que pod\u00edan perder la pensi\u00f3n, pero la usaron de forma proselitista, quiero que la Justicia investigue\u201d, apunta la funcionaria local. \u201c<strong>Veremos si los dirigentes de Tres Arroyos son honestos y decentes ahora que se ven ensuciados o quedan libres de acusaciones<\/strong>\u201d, se\u00f1ala.<\/p>\n<p>Elgart alude a, entre otros, el coordinador de LLA en el distrito,\u00a0<strong>Alejandro Finocchio<\/strong>, o los concejales violetas\u00a0<strong>Omar Bartneche\u00a0<\/strong>y\u00a0<strong>Eduardo Giordano<\/strong>, todos presentes en el corte de cintas del espacio libertario tresarroyense sobre la calle Rivadavia al 200 aquel 20 de junio de 2025.<\/p>\n<p>Puntualmente, Finocchio respondi\u00f3 a la consulta de si ese chat existi\u00f3 y respondi\u00f3: \u201cYo no lo tengo\u201d. A su juicio, \u201ces toda una pantalla del gobierno municipal de Garate, ya que nosotros hemos estado mostrando la desidia, mala administraci\u00f3n y cosas dudosas que hoy hay en el Municipio\u201d. Tambi\u00e9n asegur\u00f3 que Grippo nunca brind\u00f3 esa informaci\u00f3n.<\/p>\n<p>As\u00ed las cosas,<strong>\u00a0el 19 de enero de este a\u00f1o se hizo la presentaci\u00f3n ante la Unidad Funcional de Instrucci\u00f3n y Juicio N\u00ba16<\/strong>, a cargo de\u00a0<strong>Gabriel Lopazzo<\/strong>. En su primer punto, se\u00f1ala que la denuncia se enmarca en el art\u00edculo 157 bis del C\u00f3digo Penal por la \u201cposible comisi\u00f3n del delito de acceso ileg\u00edtimo y revelaci\u00f3n indebida de datos sobre personas con discapacidad del partido de Tres Arroyos, agravado por la condici\u00f3n de funcionarios p\u00fablicos en al menos uno de sus presuntos autores\u201d.<\/p>\n<\/div>\n<\/div>\n<p>&nbsp;<\/p>\n<p><strong>Fuente Frente a Cano<\/strong><\/p>\n","protected":false},"excerpt":{"rendered":"<p>Acusan que, como gobierno local, no ten\u00edan acceso a esos datos que hubieran permitido que muchas personas no pierdan su pensi\u00f3n.<\/p>\n","protected":false},"author":3,"featured_media":0,"comment_status":"closed","ping_status":"closed","sticky":false,"template":"","format":"standard","meta":{"footnotes":""},"categories":[57,24],"tags":[],"class_list":["post-131740","post","type-post","status-publish","format-standard","hentry","category-judiciales","category-politica"],"yoast_head":"<!-- This site is optimized with the Yoast SEO plugin v25.9 - https:\/\/yoast.com\/wordpress\/plugins\/seo\/ -->\n<title>El Municipio de Tres Arroyos denunci\u00f3 a Franca Grippo por el presunto uso del padr\u00f3n de la ANDIS - Noticias Radio Reflejos<\/title>\n<meta name=\"robots\" content=\"index, follow, max-snippet:-1, max-image-preview:large, max-video-preview:-1\" \/>\n<link rel=\"canonical\" href=\"https:\/\/www.noticiasradioreflejos.com.ar\/2021\/el-municipio-de-tres-arroyos-denuncio-a-franca-grippo-por-el-presunto-uso-del-padron-de-la-andis\/\" \/>\n<meta property=\"og:locale\" content=\"es_ES\" \/>\n<meta property=\"og:type\" content=\"article\" \/>\n<meta property=\"og:title\" content=\"El Municipio de Tres Arroyos denunci\u00f3 a Franca Grippo por el presunto uso del padr\u00f3n de la ANDIS - Noticias Radio Reflejos\" \/>\n<meta property=\"og:description\" content=\"Acusan que, como gobierno local, no ten\u00edan acceso a esos datos que hubieran permitido que muchas personas no pierdan su pensi\u00f3n.\" \/>\n<meta property=\"og:url\" content=\"https:\/\/www.noticiasradioreflejos.com.ar\/2021\/el-municipio-de-tres-arroyos-denuncio-a-franca-grippo-por-el-presunto-uso-del-padron-de-la-andis\/\" \/>\n<meta property=\"og:site_name\" content=\"Noticias Radio Reflejos\" \/>\n<meta property=\"article:published_time\" content=\"2026-01-23T10:29:15+00:00\" \/>\n<meta property=\"og:image\" content=\"https:\/\/www.noticiasradioreflejos.com.ar\/2021\/wp-content\/uploads\/2026\/01\/pablo-garate-scaled-1.webp\" \/>\n\t<meta property=\"og:image:width\" content=\"1140\" \/>\n\t<meta property=\"og:image:height\" content=\"641\" \/>\n\t<meta property=\"og:image:type\" content=\"image\/webp\" \/>\n<meta name=\"author\" content=\"Arnaldo Botto\" \/>\n<meta name=\"twitter:card\" content=\"summary_large_image\" \/>\n<script type=\"application\/ld+json\" class=\"yoast-schema-graph\">{\"@context\":\"https:\/\/schema.org\",\"@graph\":[{\"@type\":\"WebPage\",\"@id\":\"https:\/\/www.noticiasradioreflejos.com.ar\/2021\/el-municipio-de-tres-arroyos-denuncio-a-franca-grippo-por-el-presunto-uso-del-padron-de-la-andis\/\",\"url\":\"https:\/\/www.noticiasradioreflejos.com.ar\/2021\/el-municipio-de-tres-arroyos-denuncio-a-franca-grippo-por-el-presunto-uso-del-padron-de-la-andis\/\",\"name\":\"El Municipio de Tres Arroyos denunci\u00f3 a Franca Grippo por el presunto uso del padr\u00f3n de la ANDIS - Noticias Radio Reflejos\",\"isPartOf\":{\"@id\":\"https:\/\/www.noticiasradioreflejos.com.ar\/2021\/#website\"},\"primaryImageOfPage\":{\"@id\":\"https:\/\/www.noticiasradioreflejos.com.ar\/2021\/el-municipio-de-tres-arroyos-denuncio-a-franca-grippo-por-el-presunto-uso-del-padron-de-la-andis\/#primaryimage\"},\"image\":{\"@id\":\"https:\/\/www.noticiasradioreflejos.com.ar\/2021\/el-municipio-de-tres-arroyos-denuncio-a-franca-grippo-por-el-presunto-uso-del-padron-de-la-andis\/#primaryimage\"},\"thumbnailUrl\":\"https:\/\/frenteacano.com.ar\/wp-content\/uploads\/2026\/01\/image-74-498x1024.webp\",\"datePublished\":\"2026-01-23T10:29:15+00:00\",\"author\":{\"@id\":\"https:\/\/www.noticiasradioreflejos.com.ar\/2021\/#\/schema\/person\/ad82545263dcc5ec0996818884fd5fb1\"},\"breadcrumb\":{\"@id\":\"https:\/\/www.noticiasradioreflejos.com.ar\/2021\/el-municipio-de-tres-arroyos-denuncio-a-franca-grippo-por-el-presunto-uso-del-padron-de-la-andis\/#breadcrumb\"},\"inLanguage\":\"es\",\"potentialAction\":[{\"@type\":\"ReadAction\",\"target\":[\"https:\/\/www.noticiasradioreflejos.com.ar\/2021\/el-municipio-de-tres-arroyos-denuncio-a-franca-grippo-por-el-presunto-uso-del-padron-de-la-andis\/\"]}]},{\"@type\":\"ImageObject\",\"inLanguage\":\"es\",\"@id\":\"https:\/\/www.noticiasradioreflejos.com.ar\/2021\/el-municipio-de-tres-arroyos-denuncio-a-franca-grippo-por-el-presunto-uso-del-padron-de-la-andis\/#primaryimage\",\"url\":\"https:\/\/frenteacano.com.ar\/wp-content\/uploads\/2026\/01\/image-74-498x1024.webp\",\"contentUrl\":\"https:\/\/frenteacano.com.ar\/wp-content\/uploads\/2026\/01\/image-74-498x1024.webp\"},{\"@type\":\"BreadcrumbList\",\"@id\":\"https:\/\/www.noticiasradioreflejos.com.ar\/2021\/el-municipio-de-tres-arroyos-denuncio-a-franca-grippo-por-el-presunto-uso-del-padron-de-la-andis\/#breadcrumb\",\"itemListElement\":[{\"@type\":\"ListItem\",\"position\":1,\"name\":\"Portada\",\"item\":\"https:\/\/www.noticiasradioreflejos.com.ar\/2021\/\"},{\"@type\":\"ListItem\",\"position\":2,\"name\":\"El Municipio de Tres Arroyos denunci\u00f3 a Franca Grippo por el presunto uso del padr\u00f3n de la ANDIS\"}]},{\"@type\":\"WebSite\",\"@id\":\"https:\/\/www.noticiasradioreflejos.com.ar\/2021\/#website\",\"url\":\"https:\/\/www.noticiasradioreflejos.com.ar\/2021\/\",\"name\":\"Noticias Radio Reflejos\",\"description\":\"Las noticias de mi comarca\",\"potentialAction\":[{\"@type\":\"SearchAction\",\"target\":{\"@type\":\"EntryPoint\",\"urlTemplate\":\"https:\/\/www.noticiasradioreflejos.com.ar\/2021\/?s={search_term_string}\"},\"query-input\":{\"@type\":\"PropertyValueSpecification\",\"valueRequired\":true,\"valueName\":\"search_term_string\"}}],\"inLanguage\":\"es\"},{\"@type\":\"Person\",\"@id\":\"https:\/\/www.noticiasradioreflejos.com.ar\/2021\/#\/schema\/person\/ad82545263dcc5ec0996818884fd5fb1\",\"name\":\"Arnaldo Botto\",\"image\":{\"@type\":\"ImageObject\",\"inLanguage\":\"es\",\"@id\":\"https:\/\/www.noticiasradioreflejos.com.ar\/2021\/#\/schema\/person\/image\/\",\"url\":\"https:\/\/secure.gravatar.com\/avatar\/55cb5e37c1efa326397366e6974cb338056df65cb50e7d64d1cf314e87504837?s=96&d=mm&r=g\",\"contentUrl\":\"https:\/\/secure.gravatar.com\/avatar\/55cb5e37c1efa326397366e6974cb338056df65cb50e7d64d1cf314e87504837?s=96&d=mm&r=g\",\"caption\":\"Arnaldo Botto\"},\"url\":\"https:\/\/www.noticiasradioreflejos.com.ar\/2021\/author\/arnaldo\/\"}]}<\/script>\n<!-- \/ Yoast SEO plugin. -->","yoast_head_json":{"title":"El Municipio de Tres Arroyos denunci\u00f3 a Franca Grippo por el presunto uso del padr\u00f3n de la ANDIS - Noticias Radio Reflejos","robots":{"index":"index","follow":"follow","max-snippet":"max-snippet:-1","max-image-preview":"max-image-preview:large","max-video-preview":"max-video-preview:-1"},"canonical":"https:\/\/www.noticiasradioreflejos.com.ar\/2021\/el-municipio-de-tres-arroyos-denuncio-a-franca-grippo-por-el-presunto-uso-del-padron-de-la-andis\/","og_locale":"es_ES","og_type":"article","og_title":"El Municipio de Tres Arroyos denunci\u00f3 a Franca Grippo por el presunto uso del padr\u00f3n de la ANDIS - Noticias Radio Reflejos","og_description":"Acusan que, como gobierno local, no ten\u00edan acceso a esos datos que hubieran permitido que muchas personas no pierdan su pensi\u00f3n.","og_url":"https:\/\/www.noticiasradioreflejos.com.ar\/2021\/el-municipio-de-tres-arroyos-denuncio-a-franca-grippo-por-el-presunto-uso-del-padron-de-la-andis\/","og_site_name":"Noticias Radio Reflejos","article_published_time":"2026-01-23T10:29:15+00:00","og_image":[{"width":1140,"height":641,"url":"https:\/\/www.noticiasradioreflejos.com.ar\/2021\/wp-content\/uploads\/2026\/01\/pablo-garate-scaled-1.webp","type":"image\/webp"}],"author":"Arnaldo Botto","twitter_card":"summary_large_image","schema":{"@context":"https:\/\/schema.org","@graph":[{"@type":"WebPage","@id":"https:\/\/www.noticiasradioreflejos.com.ar\/2021\/el-municipio-de-tres-arroyos-denuncio-a-franca-grippo-por-el-presunto-uso-del-padron-de-la-andis\/","url":"https:\/\/www.noticiasradioreflejos.com.ar\/2021\/el-municipio-de-tres-arroyos-denuncio-a-franca-grippo-por-el-presunto-uso-del-padron-de-la-andis\/","name":"El Municipio de Tres Arroyos denunci\u00f3 a Franca Grippo por el presunto uso del padr\u00f3n de la ANDIS - Noticias Radio Reflejos","isPartOf":{"@id":"https:\/\/www.noticiasradioreflejos.com.ar\/2021\/#website"},"primaryImageOfPage":{"@id":"https:\/\/www.noticiasradioreflejos.com.ar\/2021\/el-municipio-de-tres-arroyos-denuncio-a-franca-grippo-por-el-presunto-uso-del-padron-de-la-andis\/#primaryimage"},"image":{"@id":"https:\/\/www.noticiasradioreflejos.com.ar\/2021\/el-municipio-de-tres-arroyos-denuncio-a-franca-grippo-por-el-presunto-uso-del-padron-de-la-andis\/#primaryimage"},"thumbnailUrl":"https:\/\/frenteacano.com.ar\/wp-content\/uploads\/2026\/01\/image-74-498x1024.webp","datePublished":"2026-01-23T10:29:15+00:00","author":{"@id":"https:\/\/www.noticiasradioreflejos.com.ar\/2021\/#\/schema\/person\/ad82545263dcc5ec0996818884fd5fb1"},"breadcrumb":{"@id":"https:\/\/www.noticiasradioreflejos.com.ar\/2021\/el-municipio-de-tres-arroyos-denuncio-a-franca-grippo-por-el-presunto-uso-del-padron-de-la-andis\/#breadcrumb"},"inLanguage":"es","potentialAction":[{"@type":"ReadAction","target":["https:\/\/www.noticiasradioreflejos.com.ar\/2021\/el-municipio-de-tres-arroyos-denuncio-a-franca-grippo-por-el-presunto-uso-del-padron-de-la-andis\/"]}]},{"@type":"ImageObject","inLanguage":"es","@id":"https:\/\/www.noticiasradioreflejos.com.ar\/2021\/el-municipio-de-tres-arroyos-denuncio-a-franca-grippo-por-el-presunto-uso-del-padron-de-la-andis\/#primaryimage","url":"https:\/\/frenteacano.com.ar\/wp-content\/uploads\/2026\/01\/image-74-498x1024.webp","contentUrl":"https:\/\/frenteacano.com.ar\/wp-content\/uploads\/2026\/01\/image-74-498x1024.webp"},{"@type":"BreadcrumbList","@id":"https:\/\/www.noticiasradioreflejos.com.ar\/2021\/el-municipio-de-tres-arroyos-denuncio-a-franca-grippo-por-el-presunto-uso-del-padron-de-la-andis\/#breadcrumb","itemListElement":[{"@type":"ListItem","position":1,"name":"Portada","item":"https:\/\/www.noticiasradioreflejos.com.ar\/2021\/"},{"@type":"ListItem","position":2,"name":"El Municipio de Tres Arroyos denunci\u00f3 a Franca Grippo por el presunto uso del padr\u00f3n de la ANDIS"}]},{"@type":"WebSite","@id":"https:\/\/www.noticiasradioreflejos.com.ar\/2021\/#website","url":"https:\/\/www.noticiasradioreflejos.com.ar\/2021\/","name":"Noticias Radio Reflejos","description":"Las noticias de mi comarca","potentialAction":[{"@type":"SearchAction","target":{"@type":"EntryPoint","urlTemplate":"https:\/\/www.noticiasradioreflejos.com.ar\/2021\/?s={search_term_string}"},"query-input":{"@type":"PropertyValueSpecification","valueRequired":true,"valueName":"search_term_string"}}],"inLanguage":"es"},{"@type":"Person","@id":"https:\/\/www.noticiasradioreflejos.com.ar\/2021\/#\/schema\/person\/ad82545263dcc5ec0996818884fd5fb1","name":"Arnaldo Botto","image":{"@type":"ImageObject","inLanguage":"es","@id":"https:\/\/www.noticiasradioreflejos.com.ar\/2021\/#\/schema\/person\/image\/","url":"https:\/\/secure.gravatar.com\/avatar\/55cb5e37c1efa326397366e6974cb338056df65cb50e7d64d1cf314e87504837?s=96&d=mm&r=g","contentUrl":"https:\/\/secure.gravatar.com\/avatar\/55cb5e37c1efa326397366e6974cb338056df65cb50e7d64d1cf314e87504837?s=96&d=mm&r=g","caption":"Arnaldo Botto"},"url":"https:\/\/www.noticiasradioreflejos.com.ar\/2021\/author\/arnaldo\/"}]}},"_links":{"self":[{"href":"https:\/\/www.noticiasradioreflejos.com.ar\/2021\/wp-json\/wp\/v2\/posts\/131740","targetHints":{"allow":["GET"]}}],"collection":[{"href":"https:\/\/www.noticiasradioreflejos.com.ar\/2021\/wp-json\/wp\/v2\/posts"}],"about":[{"href":"https:\/\/www.noticiasradioreflejos.com.ar\/2021\/wp-json\/wp\/v2\/types\/post"}],"author":[{"embeddable":true,"href":"https:\/\/www.noticiasradioreflejos.com.ar\/2021\/wp-json\/wp\/v2\/users\/3"}],"replies":[{"embeddable":true,"href":"https:\/\/www.noticiasradioreflejos.com.ar\/2021\/wp-json\/wp\/v2\/comments?post=131740"}],"version-history":[{"count":1,"href":"https:\/\/www.noticiasradioreflejos.com.ar\/2021\/wp-json\/wp\/v2\/posts\/131740\/revisions"}],"predecessor-version":[{"id":131742,"href":"https:\/\/www.noticiasradioreflejos.com.ar\/2021\/wp-json\/wp\/v2\/posts\/131740\/revisions\/131742"}],"wp:attachment":[{"href":"https:\/\/www.noticiasradioreflejos.com.ar\/2021\/wp-json\/wp\/v2\/media?parent=131740"}],"wp:term":[{"taxonomy":"category","embeddable":true,"href":"https:\/\/www.noticiasradioreflejos.com.ar\/2021\/wp-json\/wp\/v2\/categories?post=131740"},{"taxonomy":"post_tag","embeddable":true,"href":"https:\/\/www.noticiasradioreflejos.com.ar\/2021\/wp-json\/wp\/v2\/tags?post=131740"}],"curies":[{"name":"wp","href":"https:\/\/api.w.org\/{rel}","templated":true}]}}