{"id":131735,"date":"2026-01-23T07:23:39","date_gmt":"2026-01-23T10:23:39","guid":{"rendered":"https:\/\/www.noticiasradioreflejos.com.ar\/2021\/?p=131735"},"modified":"2026-01-23T07:27:16","modified_gmt":"2026-01-23T10:27:16","slug":"tras-una-falla-en-la-linea-de-edes-se-normalizo-el-servicio-electrico-en-tornquist","status":"publish","type":"post","link":"https:\/\/www.noticiasradioreflejos.com.ar\/2021\/tras-una-falla-en-la-linea-de-edes-se-normalizo-el-servicio-electrico-en-tornquist\/","title":{"rendered":"Tras una falla en la l\u00ednea de EDES, se normaliz\u00f3 el servicio el\u00e9ctrico en Tornquist"},"content":{"rendered":"<p>Un corte de energ\u00eda afect\u00f3 a la ciudad durante la noche del jueves debido a la apertura de un interruptor de la empresa prestataria. El personal de la CELT trabaj\u00f3 de manera inmediata para restablecer el suministro en poco m\u00e1s de una hora.<!--more--><\/p>\n<p data-path-to-node=\"4\">La Cooperativa El\u00e9ctrica de Tornquist (CELT) inform\u00f3 que este jueves, a las <b data-path-to-node=\"4\" data-index-in-node=\"84\">20:10 horas<\/b>, se registr\u00f3 una interrupci\u00f3n total del servicio el\u00e9ctrico en la ciudad. El inconveniente se origin\u00f3 a ra\u00edz de la activaci\u00f3n de un interruptor perteneciente a la empresa <b data-path-to-node=\"4\" data-index-in-node=\"266\">EDES<\/b>, lo que provoc\u00f3 la salida de servicio del sistema local.<\/p>\n<p data-path-to-node=\"5\">Ante la contingencia, el personal t\u00e9cnico de la CELT se moviliz\u00f3 de forma inmediata hacia el lugar para evaluar la situaci\u00f3n y coordinar las maniobras de recuperaci\u00f3n. Tras realizar las tareas de inspecci\u00f3n y seguridad pertinentes, los operarios procedieron al cierre del reconectador.<\/p>\n<p data-path-to-node=\"6\">El servicio qued\u00f3 <b data-path-to-node=\"6\" data-index-in-node=\"18\">completamente normalizado a las 21:20 horas<\/b>, una vez finalizadas las maniobras t\u00e9cnicas. Desde la Cooperativa se destac\u00f3 la celeridad de los operarios para dar respuesta a los usuarios ante este evento ajeno a la red de distribuci\u00f3n interna.<\/p>\n<p data-path-to-node=\"9,2,0\">\n","protected":false},"excerpt":{"rendered":"<p>Un corte de energ\u00eda afect\u00f3 a la ciudad durante la noche del jueves debido a la apertura de un interruptor de la empresa prestataria. El personal de la CELT trabaj\u00f3 de manera inmediata para restablecer el suministro en poco m\u00e1s de una hora.<\/p>\n","protected":false},"author":3,"featured_media":130448,"comment_status":"closed","ping_status":"closed","sticky":false,"template":"","format":"standard","meta":{"footnotes":""},"categories":[26],"tags":[],"class_list":["post-131735","post","type-post","status-publish","format-standard","has-post-thumbnail","hentry","category-sociedad"],"yoast_head":"<!-- This site is optimized with the Yoast SEO plugin v25.9 - https:\/\/yoast.com\/wordpress\/plugins\/seo\/ -->\n<title>Tras una falla en la l\u00ednea de EDES, se normaliz\u00f3 el servicio el\u00e9ctrico en Tornquist - Noticias Radio Reflejos<\/title>\n<meta name=\"robots\" content=\"index, follow, max-snippet:-1, max-image-preview:large, max-video-preview:-1\" \/>\n<link rel=\"canonical\" href=\"https:\/\/www.noticiasradioreflejos.com.ar\/2021\/tras-una-falla-en-la-linea-de-edes-se-normalizo-el-servicio-electrico-en-tornquist\/\" \/>\n<meta property=\"og:locale\" content=\"es_ES\" \/>\n<meta property=\"og:type\" content=\"article\" \/>\n<meta property=\"og:title\" content=\"Tras una falla en la l\u00ednea de EDES, se normaliz\u00f3 el servicio el\u00e9ctrico en Tornquist - Noticias Radio Reflejos\" \/>\n<meta property=\"og:description\" content=\"Un corte de energ\u00eda afect\u00f3 a la ciudad durante la noche del jueves debido a la apertura de un interruptor de la empresa prestataria. El personal de la CELT trabaj\u00f3 de manera inmediata para restablecer el suministro en poco m\u00e1s de una hora.\" \/>\n<meta property=\"og:url\" content=\"https:\/\/www.noticiasradioreflejos.com.ar\/2021\/tras-una-falla-en-la-linea-de-edes-se-normalizo-el-servicio-electrico-en-tornquist\/\" \/>\n<meta property=\"og:site_name\" content=\"Noticias Radio Reflejos\" \/>\n<meta property=\"article:published_time\" content=\"2026-01-23T10:23:39+00:00\" \/>\n<meta property=\"article:modified_time\" content=\"2026-01-23T10:27:16+00:00\" \/>\n<meta property=\"og:image\" content=\"https:\/\/www.noticiasradioreflejos.com.ar\/2021\/wp-content\/uploads\/2025\/12\/corte-de-energia-750x375-1.jpg\" \/>\n\t<meta property=\"og:image:width\" content=\"750\" \/>\n\t<meta property=\"og:image:height\" content=\"375\" \/>\n\t<meta property=\"og:image:type\" content=\"image\/jpeg\" \/>\n<meta name=\"author\" content=\"Arnaldo Botto\" \/>\n<meta name=\"twitter:card\" content=\"summary_large_image\" \/>\n<script type=\"application\/ld+json\" class=\"yoast-schema-graph\">{\"@context\":\"https:\/\/schema.org\",\"@graph\":[{\"@type\":\"WebPage\",\"@id\":\"https:\/\/www.noticiasradioreflejos.com.ar\/2021\/tras-una-falla-en-la-linea-de-edes-se-normalizo-el-servicio-electrico-en-tornquist\/\",\"url\":\"https:\/\/www.noticiasradioreflejos.com.ar\/2021\/tras-una-falla-en-la-linea-de-edes-se-normalizo-el-servicio-electrico-en-tornquist\/\",\"name\":\"Tras una falla en la l\u00ednea de EDES, se normaliz\u00f3 el servicio el\u00e9ctrico en Tornquist - Noticias Radio Reflejos\",\"isPartOf\":{\"@id\":\"https:\/\/www.noticiasradioreflejos.com.ar\/2021\/#website\"},\"primaryImageOfPage\":{\"@id\":\"https:\/\/www.noticiasradioreflejos.com.ar\/2021\/tras-una-falla-en-la-linea-de-edes-se-normalizo-el-servicio-electrico-en-tornquist\/#primaryimage\"},\"image\":{\"@id\":\"https:\/\/www.noticiasradioreflejos.com.ar\/2021\/tras-una-falla-en-la-linea-de-edes-se-normalizo-el-servicio-electrico-en-tornquist\/#primaryimage\"},\"thumbnailUrl\":\"https:\/\/www.noticiasradioreflejos.com.ar\/2021\/wp-content\/uploads\/2025\/12\/corte-de-energia-750x375-1.jpg\",\"datePublished\":\"2026-01-23T10:23:39+00:00\",\"dateModified\":\"2026-01-23T10:27:16+00:00\",\"author\":{\"@id\":\"https:\/\/www.noticiasradioreflejos.com.ar\/2021\/#\/schema\/person\/ad82545263dcc5ec0996818884fd5fb1\"},\"breadcrumb\":{\"@id\":\"https:\/\/www.noticiasradioreflejos.com.ar\/2021\/tras-una-falla-en-la-linea-de-edes-se-normalizo-el-servicio-electrico-en-tornquist\/#breadcrumb\"},\"inLanguage\":\"es\",\"potentialAction\":[{\"@type\":\"ReadAction\",\"target\":[\"https:\/\/www.noticiasradioreflejos.com.ar\/2021\/tras-una-falla-en-la-linea-de-edes-se-normalizo-el-servicio-electrico-en-tornquist\/\"]}]},{\"@type\":\"ImageObject\",\"inLanguage\":\"es\",\"@id\":\"https:\/\/www.noticiasradioreflejos.com.ar\/2021\/tras-una-falla-en-la-linea-de-edes-se-normalizo-el-servicio-electrico-en-tornquist\/#primaryimage\",\"url\":\"https:\/\/www.noticiasradioreflejos.com.ar\/2021\/wp-content\/uploads\/2025\/12\/corte-de-energia-750x375-1.jpg\",\"contentUrl\":\"https:\/\/www.noticiasradioreflejos.com.ar\/2021\/wp-content\/uploads\/2025\/12\/corte-de-energia-750x375-1.jpg\",\"width\":750,\"height\":375},{\"@type\":\"BreadcrumbList\",\"@id\":\"https:\/\/www.noticiasradioreflejos.com.ar\/2021\/tras-una-falla-en-la-linea-de-edes-se-normalizo-el-servicio-electrico-en-tornquist\/#breadcrumb\",\"itemListElement\":[{\"@type\":\"ListItem\",\"position\":1,\"name\":\"Portada\",\"item\":\"https:\/\/www.noticiasradioreflejos.com.ar\/2021\/\"},{\"@type\":\"ListItem\",\"position\":2,\"name\":\"Tras una falla en la l\u00ednea de EDES, se normaliz\u00f3 el servicio el\u00e9ctrico en Tornquist\"}]},{\"@type\":\"WebSite\",\"@id\":\"https:\/\/www.noticiasradioreflejos.com.ar\/2021\/#website\",\"url\":\"https:\/\/www.noticiasradioreflejos.com.ar\/2021\/\",\"name\":\"Noticias Radio Reflejos\",\"description\":\"Las noticias de mi comarca\",\"potentialAction\":[{\"@type\":\"SearchAction\",\"target\":{\"@type\":\"EntryPoint\",\"urlTemplate\":\"https:\/\/www.noticiasradioreflejos.com.ar\/2021\/?s={search_term_string}\"},\"query-input\":{\"@type\":\"PropertyValueSpecification\",\"valueRequired\":true,\"valueName\":\"search_term_string\"}}],\"inLanguage\":\"es\"},{\"@type\":\"Person\",\"@id\":\"https:\/\/www.noticiasradioreflejos.com.ar\/2021\/#\/schema\/person\/ad82545263dcc5ec0996818884fd5fb1\",\"name\":\"Arnaldo Botto\",\"image\":{\"@type\":\"ImageObject\",\"inLanguage\":\"es\",\"@id\":\"https:\/\/www.noticiasradioreflejos.com.ar\/2021\/#\/schema\/person\/image\/\",\"url\":\"https:\/\/secure.gravatar.com\/avatar\/55cb5e37c1efa326397366e6974cb338056df65cb50e7d64d1cf314e87504837?s=96&d=mm&r=g\",\"contentUrl\":\"https:\/\/secure.gravatar.com\/avatar\/55cb5e37c1efa326397366e6974cb338056df65cb50e7d64d1cf314e87504837?s=96&d=mm&r=g\",\"caption\":\"Arnaldo Botto\"},\"url\":\"https:\/\/www.noticiasradioreflejos.com.ar\/2021\/author\/arnaldo\/\"}]}<\/script>\n<!-- \/ Yoast SEO plugin. -->","yoast_head_json":{"title":"Tras una falla en la l\u00ednea de EDES, se normaliz\u00f3 el servicio el\u00e9ctrico en Tornquist - Noticias Radio Reflejos","robots":{"index":"index","follow":"follow","max-snippet":"max-snippet:-1","max-image-preview":"max-image-preview:large","max-video-preview":"max-video-preview:-1"},"canonical":"https:\/\/www.noticiasradioreflejos.com.ar\/2021\/tras-una-falla-en-la-linea-de-edes-se-normalizo-el-servicio-electrico-en-tornquist\/","og_locale":"es_ES","og_type":"article","og_title":"Tras una falla en la l\u00ednea de EDES, se normaliz\u00f3 el servicio el\u00e9ctrico en Tornquist - Noticias Radio Reflejos","og_description":"Un corte de energ\u00eda afect\u00f3 a la ciudad durante la noche del jueves debido a la apertura de un interruptor de la empresa prestataria. El personal de la CELT trabaj\u00f3 de manera inmediata para restablecer el suministro en poco m\u00e1s de una hora.","og_url":"https:\/\/www.noticiasradioreflejos.com.ar\/2021\/tras-una-falla-en-la-linea-de-edes-se-normalizo-el-servicio-electrico-en-tornquist\/","og_site_name":"Noticias Radio Reflejos","article_published_time":"2026-01-23T10:23:39+00:00","article_modified_time":"2026-01-23T10:27:16+00:00","og_image":[{"width":750,"height":375,"url":"https:\/\/www.noticiasradioreflejos.com.ar\/2021\/wp-content\/uploads\/2025\/12\/corte-de-energia-750x375-1.jpg","type":"image\/jpeg"}],"author":"Arnaldo Botto","twitter_card":"summary_large_image","schema":{"@context":"https:\/\/schema.org","@graph":[{"@type":"WebPage","@id":"https:\/\/www.noticiasradioreflejos.com.ar\/2021\/tras-una-falla-en-la-linea-de-edes-se-normalizo-el-servicio-electrico-en-tornquist\/","url":"https:\/\/www.noticiasradioreflejos.com.ar\/2021\/tras-una-falla-en-la-linea-de-edes-se-normalizo-el-servicio-electrico-en-tornquist\/","name":"Tras una falla en la l\u00ednea de EDES, se normaliz\u00f3 el servicio el\u00e9ctrico en Tornquist - Noticias Radio Reflejos","isPartOf":{"@id":"https:\/\/www.noticiasradioreflejos.com.ar\/2021\/#website"},"primaryImageOfPage":{"@id":"https:\/\/www.noticiasradioreflejos.com.ar\/2021\/tras-una-falla-en-la-linea-de-edes-se-normalizo-el-servicio-electrico-en-tornquist\/#primaryimage"},"image":{"@id":"https:\/\/www.noticiasradioreflejos.com.ar\/2021\/tras-una-falla-en-la-linea-de-edes-se-normalizo-el-servicio-electrico-en-tornquist\/#primaryimage"},"thumbnailUrl":"https:\/\/www.noticiasradioreflejos.com.ar\/2021\/wp-content\/uploads\/2025\/12\/corte-de-energia-750x375-1.jpg","datePublished":"2026-01-23T10:23:39+00:00","dateModified":"2026-01-23T10:27:16+00:00","author":{"@id":"https:\/\/www.noticiasradioreflejos.com.ar\/2021\/#\/schema\/person\/ad82545263dcc5ec0996818884fd5fb1"},"breadcrumb":{"@id":"https:\/\/www.noticiasradioreflejos.com.ar\/2021\/tras-una-falla-en-la-linea-de-edes-se-normalizo-el-servicio-electrico-en-tornquist\/#breadcrumb"},"inLanguage":"es","potentialAction":[{"@type":"ReadAction","target":["https:\/\/www.noticiasradioreflejos.com.ar\/2021\/tras-una-falla-en-la-linea-de-edes-se-normalizo-el-servicio-electrico-en-tornquist\/"]}]},{"@type":"ImageObject","inLanguage":"es","@id":"https:\/\/www.noticiasradioreflejos.com.ar\/2021\/tras-una-falla-en-la-linea-de-edes-se-normalizo-el-servicio-electrico-en-tornquist\/#primaryimage","url":"https:\/\/www.noticiasradioreflejos.com.ar\/2021\/wp-content\/uploads\/2025\/12\/corte-de-energia-750x375-1.jpg","contentUrl":"https:\/\/www.noticiasradioreflejos.com.ar\/2021\/wp-content\/uploads\/2025\/12\/corte-de-energia-750x375-1.jpg","width":750,"height":375},{"@type":"BreadcrumbList","@id":"https:\/\/www.noticiasradioreflejos.com.ar\/2021\/tras-una-falla-en-la-linea-de-edes-se-normalizo-el-servicio-electrico-en-tornquist\/#breadcrumb","itemListElement":[{"@type":"ListItem","position":1,"name":"Portada","item":"https:\/\/www.noticiasradioreflejos.com.ar\/2021\/"},{"@type":"ListItem","position":2,"name":"Tras una falla en la l\u00ednea de EDES, se normaliz\u00f3 el servicio el\u00e9ctrico en Tornquist"}]},{"@type":"WebSite","@id":"https:\/\/www.noticiasradioreflejos.com.ar\/2021\/#website","url":"https:\/\/www.noticiasradioreflejos.com.ar\/2021\/","name":"Noticias Radio Reflejos","description":"Las noticias de mi comarca","potentialAction":[{"@type":"SearchAction","target":{"@type":"EntryPoint","urlTemplate":"https:\/\/www.noticiasradioreflejos.com.ar\/2021\/?s={search_term_string}"},"query-input":{"@type":"PropertyValueSpecification","valueRequired":true,"valueName":"search_term_string"}}],"inLanguage":"es"},{"@type":"Person","@id":"https:\/\/www.noticiasradioreflejos.com.ar\/2021\/#\/schema\/person\/ad82545263dcc5ec0996818884fd5fb1","name":"Arnaldo Botto","image":{"@type":"ImageObject","inLanguage":"es","@id":"https:\/\/www.noticiasradioreflejos.com.ar\/2021\/#\/schema\/person\/image\/","url":"https:\/\/secure.gravatar.com\/avatar\/55cb5e37c1efa326397366e6974cb338056df65cb50e7d64d1cf314e87504837?s=96&d=mm&r=g","contentUrl":"https:\/\/secure.gravatar.com\/avatar\/55cb5e37c1efa326397366e6974cb338056df65cb50e7d64d1cf314e87504837?s=96&d=mm&r=g","caption":"Arnaldo Botto"},"url":"https:\/\/www.noticiasradioreflejos.com.ar\/2021\/author\/arnaldo\/"}]}},"_links":{"self":[{"href":"https:\/\/www.noticiasradioreflejos.com.ar\/2021\/wp-json\/wp\/v2\/posts\/131735","targetHints":{"allow":["GET"]}}],"collection":[{"href":"https:\/\/www.noticiasradioreflejos.com.ar\/2021\/wp-json\/wp\/v2\/posts"}],"about":[{"href":"https:\/\/www.noticiasradioreflejos.com.ar\/2021\/wp-json\/wp\/v2\/types\/post"}],"author":[{"embeddable":true,"href":"https:\/\/www.noticiasradioreflejos.com.ar\/2021\/wp-json\/wp\/v2\/users\/3"}],"replies":[{"embeddable":true,"href":"https:\/\/www.noticiasradioreflejos.com.ar\/2021\/wp-json\/wp\/v2\/comments?post=131735"}],"version-history":[{"count":1,"href":"https:\/\/www.noticiasradioreflejos.com.ar\/2021\/wp-json\/wp\/v2\/posts\/131735\/revisions"}],"predecessor-version":[{"id":131736,"href":"https:\/\/www.noticiasradioreflejos.com.ar\/2021\/wp-json\/wp\/v2\/posts\/131735\/revisions\/131736"}],"wp:featuredmedia":[{"embeddable":true,"href":"https:\/\/www.noticiasradioreflejos.com.ar\/2021\/wp-json\/wp\/v2\/media\/130448"}],"wp:attachment":[{"href":"https:\/\/www.noticiasradioreflejos.com.ar\/2021\/wp-json\/wp\/v2\/media?parent=131735"}],"wp:term":[{"taxonomy":"category","embeddable":true,"href":"https:\/\/www.noticiasradioreflejos.com.ar\/2021\/wp-json\/wp\/v2\/categories?post=131735"},{"taxonomy":"post_tag","embeddable":true,"href":"https:\/\/www.noticiasradioreflejos.com.ar\/2021\/wp-json\/wp\/v2\/tags?post=131735"}],"curies":[{"name":"wp","href":"https:\/\/api.w.org\/{rel}","templated":true}]}}