{"id":131733,"date":"2026-01-23T07:20:40","date_gmt":"2026-01-23T10:20:40","guid":{"rendered":"https:\/\/www.noticiasradioreflejos.com.ar\/2021\/?p=131733"},"modified":"2026-01-23T08:37:54","modified_gmt":"2026-01-23T11:37:54","slug":"tras-el-paso-del-temporal-se-mantiene-la-vigilancia-meteorologica-en-la-region-serrana","status":"publish","type":"post","link":"https:\/\/www.noticiasradioreflejos.com.ar\/2021\/tras-el-paso-del-temporal-se-mantiene-la-vigilancia-meteorologica-en-la-region-serrana\/","title":{"rendered":"Tras el paso del temporal, se mantiene la vigilancia meteorol\u00f3gica en la regi\u00f3n serrana"},"content":{"rendered":"<p data-path-to-node=\"3\"><span class=\"\">Aunque las r\u00e1fagas alcanzaron los 62 km\/h y el SMN elev\u00f3 temporalmente el alerta a nivel naranja,<\/span><span class=\"\"> la Comarca no registr\u00f3 incidentes de gravedad.<\/span><span class=\"\"> Se espera una jornada calurosa para este viernes,<\/span><span class=\"\"> pero el mal tiempo regresar\u00eda hacia el final del s\u00e1bado.<\/span><!--more--><\/p>\n<p data-path-to-node=\"4\"><span class=\"\">La zona de la Comarca Serrana y su regi\u00f3n de influencia transitaron una jornada de inestabilidad clim\u00e1tica que,<\/span><span class=\"\"> afortunadamente,<\/span><span class=\"\"> no deriv\u00f3 en las complicaciones observadas en otros sectores,<\/span><span class=\"\"> como la provincia de La Pampa.<\/span><span class=\"\"> A pesar de que el Servicio Meteorol\u00f3gico Nacional (SMN) lleg\u00f3 a emitir un alerta naranja durante la tarde de ayer,<\/span><span class=\"\"> los eventos en nuestra zona se mantuvieron dentro de par\u00e1metros moderados.<\/span><\/p>\n<p data-path-to-node=\"5\"><span class=\"\">De acuerdo a los registros locales,<\/span><span class=\"\"> el paso del frente de tormenta dej\u00f3 r\u00e1fagas de viento de hasta <\/span><b class=\"\" data-path-to-node=\"5\" data-index-in-node=\"99\">62 km\/h<\/b><span class=\"\">,<\/span><span class=\"\"> acompa\u00f1adas de actividad el\u00e9ctrica y precipitaciones que acumularon <\/span><b class=\"\" data-path-to-node=\"5\" data-index-in-node=\"176\">9 mm en Sierra de la Ventana<\/b><span class=\"\">,<\/span><span class=\"\"> con valores similares en las localidades vecinas.<\/span><\/p>\n<p data-path-to-node=\"6\"><b class=\"\" data-path-to-node=\"6\" data-index-in-node=\"0\">Pron\u00f3stico para el fin de semana:<\/b><span class=\"\"> Pese a la calma actual,<\/span><span class=\"\"> las autoridades meteorol\u00f3gicas informan que el alerta se mantiene vigente tanto para hoy viernes como para el s\u00e1bado.<\/span><\/p>\n<ul data-path-to-node=\"7\">\n<li>\n<p data-path-to-node=\"7,0,0\"><b class=\"\" data-path-to-node=\"7,0,0\" data-index-in-node=\"0\">Viernes:<\/b><span class=\"\"> Se anticipa una jornada calurosa con una m\u00e1xima de <\/span><b class=\"\" data-path-to-node=\"7,0,0\" data-index-in-node=\"60\">31\u00b0C<\/b><span class=\"\">.<\/span><span class=\"\"> Si bien el cielo se presentar\u00e1 mayormente nublado,<\/span><span class=\"\"> se espera un mediod\u00eda soleado con vientos suaves del sector norte.<\/span><\/p>\n<\/li>\n<li>\n<p data-path-to-node=\"7,1,0\"><b class=\"\" data-path-to-node=\"7,1,0\" data-index-in-node=\"0\">S\u00e1bado:<\/b><span class=\"\"> Las temperaturas continuar\u00e1n en ascenso,<\/span><span class=\"\"> con una m\u00ednima de <\/span><b class=\"\" data-path-to-node=\"7,1,0\" data-index-in-node=\"67\">22\u00b0C<\/b> y una m\u00e1xima que podr\u00eda alcanzar los <b data-path-to-node=\"7,1,0\" data-index-in-node=\"109\">34\u00b0C<\/b>. Hacia la tarde y noche, las condiciones volver\u00e1n a desmejorar con cielos cubiertos y el desarrollo de tormentas para la tarde y noche.<\/p>\n<\/li>\n<\/ul>\n<p data-path-to-node=\"8\">Se recomienda a los vecinos y turistas permanecer atentos a las actualizaciones de los canales oficiales y tomar los recaudos necesarios ante la posibilidad de nuevas tormentas el\u00e9ctricas hacia el cierre del s\u00e1bado.<\/p>\n<h4>Totales de lluvias en la zona<\/h4>\n<p>9 mm en Sierra de la Ventana<br \/>\n11 mm en Villa la Arcadia<br \/>\n13 mm en Villa Ventana<br \/>\n18 mm en Pig\u00fc\u00e9<br \/>\n18 mm en Saavedra<br \/>\n5 mm en Espartillar<br \/>\n22 mm en Goyena<br \/>\n13 mm en Arroyo Corto<br \/>\n10 mm en Tornquist<br \/>\n17 mm en Chasic\u00f3<br \/>\n14 mm en Felipe Sola<br \/>\n12 mm en Coronel Su\u00e1rez<br \/>\n10 mm en Cura Mala<\/p>\n","protected":false},"excerpt":{"rendered":"<p>Aunque las r\u00e1fagas alcanzaron los 62 km\/h y el SMN elev\u00f3 temporalmente el alerta a nivel naranja, la Comarca no registr\u00f3 incidentes de gravedad. Se espera una jornada calurosa para este viernes, pero el mal tiempo regresar\u00eda hacia el final del s\u00e1bado.<\/p>\n","protected":false},"author":3,"featured_media":67263,"comment_status":"closed","ping_status":"closed","sticky":false,"template":"","format":"standard","meta":{"footnotes":""},"categories":[46],"tags":[48],"class_list":["post-131733","post","type-post","status-publish","format-standard","has-post-thumbnail","hentry","category-ciencia-y-tecnologia","tag-destacada"],"yoast_head":"<!-- This site is optimized with the Yoast SEO plugin v25.9 - https:\/\/yoast.com\/wordpress\/plugins\/seo\/ -->\n<title>Tras el paso del temporal, se mantiene la vigilancia meteorol\u00f3gica en la regi\u00f3n serrana - Noticias Radio Reflejos<\/title>\n<meta name=\"robots\" content=\"index, follow, max-snippet:-1, max-image-preview:large, max-video-preview:-1\" \/>\n<link rel=\"canonical\" href=\"https:\/\/www.noticiasradioreflejos.com.ar\/2021\/tras-el-paso-del-temporal-se-mantiene-la-vigilancia-meteorologica-en-la-region-serrana\/\" \/>\n<meta property=\"og:locale\" content=\"es_ES\" \/>\n<meta property=\"og:type\" content=\"article\" \/>\n<meta property=\"og:title\" content=\"Tras el paso del temporal, se mantiene la vigilancia meteorol\u00f3gica en la regi\u00f3n serrana - Noticias Radio Reflejos\" \/>\n<meta property=\"og:description\" content=\"Aunque las r\u00e1fagas alcanzaron los 62 km\/h y el SMN elev\u00f3 temporalmente el alerta a nivel naranja, la Comarca no registr\u00f3 incidentes de gravedad. Se espera una jornada calurosa para este viernes, pero el mal tiempo regresar\u00eda hacia el final del s\u00e1bado.\" \/>\n<meta property=\"og:url\" content=\"https:\/\/www.noticiasradioreflejos.com.ar\/2021\/tras-el-paso-del-temporal-se-mantiene-la-vigilancia-meteorologica-en-la-region-serrana\/\" \/>\n<meta property=\"og:site_name\" content=\"Noticias Radio Reflejos\" \/>\n<meta property=\"article:published_time\" content=\"2026-01-23T10:20:40+00:00\" \/>\n<meta property=\"article:modified_time\" content=\"2026-01-23T11:37:54+00:00\" \/>\n<meta property=\"og:image\" content=\"https:\/\/www.noticiasradioreflejos.com.ar\/2021\/wp-content\/uploads\/2022\/01\/Av-Roca-con-lluvias.jpg\" \/>\n\t<meta property=\"og:image:width\" content=\"2048\" \/>\n\t<meta property=\"og:image:height\" content=\"1365\" \/>\n\t<meta property=\"og:image:type\" content=\"image\/jpeg\" \/>\n<meta name=\"author\" content=\"Arnaldo Botto\" \/>\n<meta name=\"twitter:card\" content=\"summary_large_image\" \/>\n<script type=\"application\/ld+json\" class=\"yoast-schema-graph\">{\"@context\":\"https:\/\/schema.org\",\"@graph\":[{\"@type\":\"WebPage\",\"@id\":\"https:\/\/www.noticiasradioreflejos.com.ar\/2021\/tras-el-paso-del-temporal-se-mantiene-la-vigilancia-meteorologica-en-la-region-serrana\/\",\"url\":\"https:\/\/www.noticiasradioreflejos.com.ar\/2021\/tras-el-paso-del-temporal-se-mantiene-la-vigilancia-meteorologica-en-la-region-serrana\/\",\"name\":\"Tras el paso del temporal, se mantiene la vigilancia meteorol\u00f3gica en la regi\u00f3n serrana - Noticias Radio Reflejos\",\"isPartOf\":{\"@id\":\"https:\/\/www.noticiasradioreflejos.com.ar\/2021\/#website\"},\"primaryImageOfPage\":{\"@id\":\"https:\/\/www.noticiasradioreflejos.com.ar\/2021\/tras-el-paso-del-temporal-se-mantiene-la-vigilancia-meteorologica-en-la-region-serrana\/#primaryimage\"},\"image\":{\"@id\":\"https:\/\/www.noticiasradioreflejos.com.ar\/2021\/tras-el-paso-del-temporal-se-mantiene-la-vigilancia-meteorologica-en-la-region-serrana\/#primaryimage\"},\"thumbnailUrl\":\"https:\/\/www.noticiasradioreflejos.com.ar\/2021\/wp-content\/uploads\/2022\/01\/Av-Roca-con-lluvias.jpg\",\"datePublished\":\"2026-01-23T10:20:40+00:00\",\"dateModified\":\"2026-01-23T11:37:54+00:00\",\"author\":{\"@id\":\"https:\/\/www.noticiasradioreflejos.com.ar\/2021\/#\/schema\/person\/ad82545263dcc5ec0996818884fd5fb1\"},\"breadcrumb\":{\"@id\":\"https:\/\/www.noticiasradioreflejos.com.ar\/2021\/tras-el-paso-del-temporal-se-mantiene-la-vigilancia-meteorologica-en-la-region-serrana\/#breadcrumb\"},\"inLanguage\":\"es\",\"potentialAction\":[{\"@type\":\"ReadAction\",\"target\":[\"https:\/\/www.noticiasradioreflejos.com.ar\/2021\/tras-el-paso-del-temporal-se-mantiene-la-vigilancia-meteorologica-en-la-region-serrana\/\"]}]},{\"@type\":\"ImageObject\",\"inLanguage\":\"es\",\"@id\":\"https:\/\/www.noticiasradioreflejos.com.ar\/2021\/tras-el-paso-del-temporal-se-mantiene-la-vigilancia-meteorologica-en-la-region-serrana\/#primaryimage\",\"url\":\"https:\/\/www.noticiasradioreflejos.com.ar\/2021\/wp-content\/uploads\/2022\/01\/Av-Roca-con-lluvias.jpg\",\"contentUrl\":\"https:\/\/www.noticiasradioreflejos.com.ar\/2021\/wp-content\/uploads\/2022\/01\/Av-Roca-con-lluvias.jpg\",\"width\":2048,\"height\":1365},{\"@type\":\"BreadcrumbList\",\"@id\":\"https:\/\/www.noticiasradioreflejos.com.ar\/2021\/tras-el-paso-del-temporal-se-mantiene-la-vigilancia-meteorologica-en-la-region-serrana\/#breadcrumb\",\"itemListElement\":[{\"@type\":\"ListItem\",\"position\":1,\"name\":\"Portada\",\"item\":\"https:\/\/www.noticiasradioreflejos.com.ar\/2021\/\"},{\"@type\":\"ListItem\",\"position\":2,\"name\":\"Tras el paso del temporal, se mantiene la vigilancia meteorol\u00f3gica en la regi\u00f3n serrana\"}]},{\"@type\":\"WebSite\",\"@id\":\"https:\/\/www.noticiasradioreflejos.com.ar\/2021\/#website\",\"url\":\"https:\/\/www.noticiasradioreflejos.com.ar\/2021\/\",\"name\":\"Noticias Radio Reflejos\",\"description\":\"Las noticias de mi comarca\",\"potentialAction\":[{\"@type\":\"SearchAction\",\"target\":{\"@type\":\"EntryPoint\",\"urlTemplate\":\"https:\/\/www.noticiasradioreflejos.com.ar\/2021\/?s={search_term_string}\"},\"query-input\":{\"@type\":\"PropertyValueSpecification\",\"valueRequired\":true,\"valueName\":\"search_term_string\"}}],\"inLanguage\":\"es\"},{\"@type\":\"Person\",\"@id\":\"https:\/\/www.noticiasradioreflejos.com.ar\/2021\/#\/schema\/person\/ad82545263dcc5ec0996818884fd5fb1\",\"name\":\"Arnaldo Botto\",\"image\":{\"@type\":\"ImageObject\",\"inLanguage\":\"es\",\"@id\":\"https:\/\/www.noticiasradioreflejos.com.ar\/2021\/#\/schema\/person\/image\/\",\"url\":\"https:\/\/secure.gravatar.com\/avatar\/55cb5e37c1efa326397366e6974cb338056df65cb50e7d64d1cf314e87504837?s=96&d=mm&r=g\",\"contentUrl\":\"https:\/\/secure.gravatar.com\/avatar\/55cb5e37c1efa326397366e6974cb338056df65cb50e7d64d1cf314e87504837?s=96&d=mm&r=g\",\"caption\":\"Arnaldo Botto\"},\"url\":\"https:\/\/www.noticiasradioreflejos.com.ar\/2021\/author\/arnaldo\/\"}]}<\/script>\n<!-- \/ Yoast SEO plugin. -->","yoast_head_json":{"title":"Tras el paso del temporal, se mantiene la vigilancia meteorol\u00f3gica en la regi\u00f3n serrana - Noticias Radio Reflejos","robots":{"index":"index","follow":"follow","max-snippet":"max-snippet:-1","max-image-preview":"max-image-preview:large","max-video-preview":"max-video-preview:-1"},"canonical":"https:\/\/www.noticiasradioreflejos.com.ar\/2021\/tras-el-paso-del-temporal-se-mantiene-la-vigilancia-meteorologica-en-la-region-serrana\/","og_locale":"es_ES","og_type":"article","og_title":"Tras el paso del temporal, se mantiene la vigilancia meteorol\u00f3gica en la regi\u00f3n serrana - Noticias Radio Reflejos","og_description":"Aunque las r\u00e1fagas alcanzaron los 62 km\/h y el SMN elev\u00f3 temporalmente el alerta a nivel naranja, la Comarca no registr\u00f3 incidentes de gravedad. Se espera una jornada calurosa para este viernes, pero el mal tiempo regresar\u00eda hacia el final del s\u00e1bado.","og_url":"https:\/\/www.noticiasradioreflejos.com.ar\/2021\/tras-el-paso-del-temporal-se-mantiene-la-vigilancia-meteorologica-en-la-region-serrana\/","og_site_name":"Noticias Radio Reflejos","article_published_time":"2026-01-23T10:20:40+00:00","article_modified_time":"2026-01-23T11:37:54+00:00","og_image":[{"width":2048,"height":1365,"url":"https:\/\/www.noticiasradioreflejos.com.ar\/2021\/wp-content\/uploads\/2022\/01\/Av-Roca-con-lluvias.jpg","type":"image\/jpeg"}],"author":"Arnaldo Botto","twitter_card":"summary_large_image","schema":{"@context":"https:\/\/schema.org","@graph":[{"@type":"WebPage","@id":"https:\/\/www.noticiasradioreflejos.com.ar\/2021\/tras-el-paso-del-temporal-se-mantiene-la-vigilancia-meteorologica-en-la-region-serrana\/","url":"https:\/\/www.noticiasradioreflejos.com.ar\/2021\/tras-el-paso-del-temporal-se-mantiene-la-vigilancia-meteorologica-en-la-region-serrana\/","name":"Tras el paso del temporal, se mantiene la vigilancia meteorol\u00f3gica en la regi\u00f3n serrana - Noticias Radio Reflejos","isPartOf":{"@id":"https:\/\/www.noticiasradioreflejos.com.ar\/2021\/#website"},"primaryImageOfPage":{"@id":"https:\/\/www.noticiasradioreflejos.com.ar\/2021\/tras-el-paso-del-temporal-se-mantiene-la-vigilancia-meteorologica-en-la-region-serrana\/#primaryimage"},"image":{"@id":"https:\/\/www.noticiasradioreflejos.com.ar\/2021\/tras-el-paso-del-temporal-se-mantiene-la-vigilancia-meteorologica-en-la-region-serrana\/#primaryimage"},"thumbnailUrl":"https:\/\/www.noticiasradioreflejos.com.ar\/2021\/wp-content\/uploads\/2022\/01\/Av-Roca-con-lluvias.jpg","datePublished":"2026-01-23T10:20:40+00:00","dateModified":"2026-01-23T11:37:54+00:00","author":{"@id":"https:\/\/www.noticiasradioreflejos.com.ar\/2021\/#\/schema\/person\/ad82545263dcc5ec0996818884fd5fb1"},"breadcrumb":{"@id":"https:\/\/www.noticiasradioreflejos.com.ar\/2021\/tras-el-paso-del-temporal-se-mantiene-la-vigilancia-meteorologica-en-la-region-serrana\/#breadcrumb"},"inLanguage":"es","potentialAction":[{"@type":"ReadAction","target":["https:\/\/www.noticiasradioreflejos.com.ar\/2021\/tras-el-paso-del-temporal-se-mantiene-la-vigilancia-meteorologica-en-la-region-serrana\/"]}]},{"@type":"ImageObject","inLanguage":"es","@id":"https:\/\/www.noticiasradioreflejos.com.ar\/2021\/tras-el-paso-del-temporal-se-mantiene-la-vigilancia-meteorologica-en-la-region-serrana\/#primaryimage","url":"https:\/\/www.noticiasradioreflejos.com.ar\/2021\/wp-content\/uploads\/2022\/01\/Av-Roca-con-lluvias.jpg","contentUrl":"https:\/\/www.noticiasradioreflejos.com.ar\/2021\/wp-content\/uploads\/2022\/01\/Av-Roca-con-lluvias.jpg","width":2048,"height":1365},{"@type":"BreadcrumbList","@id":"https:\/\/www.noticiasradioreflejos.com.ar\/2021\/tras-el-paso-del-temporal-se-mantiene-la-vigilancia-meteorologica-en-la-region-serrana\/#breadcrumb","itemListElement":[{"@type":"ListItem","position":1,"name":"Portada","item":"https:\/\/www.noticiasradioreflejos.com.ar\/2021\/"},{"@type":"ListItem","position":2,"name":"Tras el paso del temporal, se mantiene la vigilancia meteorol\u00f3gica en la regi\u00f3n serrana"}]},{"@type":"WebSite","@id":"https:\/\/www.noticiasradioreflejos.com.ar\/2021\/#website","url":"https:\/\/www.noticiasradioreflejos.com.ar\/2021\/","name":"Noticias Radio Reflejos","description":"Las noticias de mi comarca","potentialAction":[{"@type":"SearchAction","target":{"@type":"EntryPoint","urlTemplate":"https:\/\/www.noticiasradioreflejos.com.ar\/2021\/?s={search_term_string}"},"query-input":{"@type":"PropertyValueSpecification","valueRequired":true,"valueName":"search_term_string"}}],"inLanguage":"es"},{"@type":"Person","@id":"https:\/\/www.noticiasradioreflejos.com.ar\/2021\/#\/schema\/person\/ad82545263dcc5ec0996818884fd5fb1","name":"Arnaldo Botto","image":{"@type":"ImageObject","inLanguage":"es","@id":"https:\/\/www.noticiasradioreflejos.com.ar\/2021\/#\/schema\/person\/image\/","url":"https:\/\/secure.gravatar.com\/avatar\/55cb5e37c1efa326397366e6974cb338056df65cb50e7d64d1cf314e87504837?s=96&d=mm&r=g","contentUrl":"https:\/\/secure.gravatar.com\/avatar\/55cb5e37c1efa326397366e6974cb338056df65cb50e7d64d1cf314e87504837?s=96&d=mm&r=g","caption":"Arnaldo Botto"},"url":"https:\/\/www.noticiasradioreflejos.com.ar\/2021\/author\/arnaldo\/"}]}},"_links":{"self":[{"href":"https:\/\/www.noticiasradioreflejos.com.ar\/2021\/wp-json\/wp\/v2\/posts\/131733","targetHints":{"allow":["GET"]}}],"collection":[{"href":"https:\/\/www.noticiasradioreflejos.com.ar\/2021\/wp-json\/wp\/v2\/posts"}],"about":[{"href":"https:\/\/www.noticiasradioreflejos.com.ar\/2021\/wp-json\/wp\/v2\/types\/post"}],"author":[{"embeddable":true,"href":"https:\/\/www.noticiasradioreflejos.com.ar\/2021\/wp-json\/wp\/v2\/users\/3"}],"replies":[{"embeddable":true,"href":"https:\/\/www.noticiasradioreflejos.com.ar\/2021\/wp-json\/wp\/v2\/comments?post=131733"}],"version-history":[{"count":6,"href":"https:\/\/www.noticiasradioreflejos.com.ar\/2021\/wp-json\/wp\/v2\/posts\/131733\/revisions"}],"predecessor-version":[{"id":131774,"href":"https:\/\/www.noticiasradioreflejos.com.ar\/2021\/wp-json\/wp\/v2\/posts\/131733\/revisions\/131774"}],"wp:featuredmedia":[{"embeddable":true,"href":"https:\/\/www.noticiasradioreflejos.com.ar\/2021\/wp-json\/wp\/v2\/media\/67263"}],"wp:attachment":[{"href":"https:\/\/www.noticiasradioreflejos.com.ar\/2021\/wp-json\/wp\/v2\/media?parent=131733"}],"wp:term":[{"taxonomy":"category","embeddable":true,"href":"https:\/\/www.noticiasradioreflejos.com.ar\/2021\/wp-json\/wp\/v2\/categories?post=131733"},{"taxonomy":"post_tag","embeddable":true,"href":"https:\/\/www.noticiasradioreflejos.com.ar\/2021\/wp-json\/wp\/v2\/tags?post=131733"}],"curies":[{"name":"wp","href":"https:\/\/api.w.org\/{rel}","templated":true}]}}