{"id":131697,"date":"2026-01-22T07:41:54","date_gmt":"2026-01-22T10:41:54","guid":{"rendered":"https:\/\/www.noticiasradioreflejos.com.ar\/2021\/?p=131697"},"modified":"2026-01-22T07:41:54","modified_gmt":"2026-01-22T10:41:54","slug":"vuelve-el-futbol-arranca-el-torneo-apertura-2026","status":"publish","type":"post","link":"https:\/\/www.noticiasradioreflejos.com.ar\/2021\/vuelve-el-futbol-arranca-el-torneo-apertura-2026\/","title":{"rendered":"\u00a1Vuelve el f\u00fatbol! Arranca el Torneo Apertura 2026"},"content":{"rendered":"<p data-path-to-node=\"3\">Hoy, <b data-path-to-node=\"3\" data-index-in-node=\"28\">jueves 22 de enero<\/b>, se levanta el tel\u00f3n de una nueva temporada de la <b data-path-to-node=\"3\" data-index-in-node=\"97\">Liga Profesional de F\u00fatbol<\/b>. Con un calendario ajustado debido a la proximidad del Mundial, el certamen de Primera Divisi\u00f3n inicia su camino con una jornada cargada de acci\u00f3n que incluye cinco encuentros clave.<!--more--><\/p>\n<p data-path-to-node=\"4\">El partido inaugural tendr\u00e1 lugar en Mar del Plata, donde el recientemente ascendido <b data-path-to-node=\"4\" data-index-in-node=\"85\">Aldosivi<\/b> recibir\u00e1 a <b data-path-to-node=\"4\" data-index-in-node=\"105\">Defensa y Justicia<\/b> en el duelo interzonal de la fecha. M\u00e1s tarde, la actividad se repartir\u00e1 entre el sur del Gran Buenos Aires donde Banfield recibir\u00e1 a Hurac\u00e1n con la presencia de p\u00fablico visitante, Santa Fe, Santiago del Estero y C\u00f3rdoba.<\/p>\n<h3 data-path-to-node=\"5\">\ud83d\udcc5 Grilla de Partidos &#8211; Jueves 22 de Enero<\/h3>\n<table data-path-to-node=\"6\">\n<thead>\n<tr>\n<td><strong>Horario<\/strong><\/td>\n<td><strong>Local<\/strong><\/td>\n<td><strong>vs.<\/strong><\/td>\n<td><strong>Visitante<\/strong><\/td>\n<td><strong>Zona<\/strong><\/td>\n<td><strong>TV<\/strong><\/td>\n<\/tr>\n<\/thead>\n<tbody>\n<tr>\n<td><span data-path-to-node=\"6,1,0,0\"><b data-path-to-node=\"6,1,0,0\" data-index-in-node=\"0\">17:00<\/b><\/span><\/td>\n<td><span data-path-to-node=\"6,1,1,0\">Aldosivi<\/span><\/td>\n<td><span data-path-to-node=\"6,1,2,0\">vs<\/span><\/td>\n<td><span data-path-to-node=\"6,1,3,0\">Defensa y Justicia<\/span><\/td>\n<td><span data-path-to-node=\"6,1,4,0\">Interzonal<\/span><\/td>\n<td><span data-path-to-node=\"6,1,5,0\">TNT Sports<\/span><\/td>\n<\/tr>\n<tr>\n<td><span data-path-to-node=\"6,2,0,0\"><b data-path-to-node=\"6,2,0,0\" data-index-in-node=\"0\">20:00<\/b><\/span><\/td>\n<td><span data-path-to-node=\"6,2,1,0\">Banfield<\/span><\/td>\n<td><span data-path-to-node=\"6,2,2,0\">vs<\/span><\/td>\n<td><span data-path-to-node=\"6,2,3,0\">Hurac\u00e1n<\/span><\/td>\n<td><span data-path-to-node=\"6,2,4,0\">Zona B<\/span><\/td>\n<td><span data-path-to-node=\"6,2,5,0\">TNT Sports<\/span><\/td>\n<\/tr>\n<tr>\n<td><span data-path-to-node=\"6,3,0,0\"><b data-path-to-node=\"6,3,0,0\" data-index-in-node=\"0\">20:00<\/b><\/span><\/td>\n<td><span data-path-to-node=\"6,3,1,0\">Uni\u00f3n (SF)<\/span><\/td>\n<td><span data-path-to-node=\"6,3,2,0\">vs<\/span><\/td>\n<td><span data-path-to-node=\"6,3,3,0\">Platense<\/span><\/td>\n<td><span data-path-to-node=\"6,3,4,0\">Zona A<\/span><\/td>\n<td><span data-path-to-node=\"6,3,5,0\">ESPN Premium<\/span><\/td>\n<\/tr>\n<tr>\n<td><span data-path-to-node=\"6,4,0,0\"><b data-path-to-node=\"6,4,0,0\" data-index-in-node=\"0\">22:15<\/b><\/span><\/td>\n<td><span data-path-to-node=\"6,4,1,0\">Central C\u00f3rdoba (SdE)<\/span><\/td>\n<td><span data-path-to-node=\"6,4,2,0\">vs<\/span><\/td>\n<td><span data-path-to-node=\"6,4,3,0\">Gimnasia (Mza)<\/span><\/td>\n<td><span data-path-to-node=\"6,4,4,0\">Zona A<\/span><\/td>\n<td><span data-path-to-node=\"6,4,5,0\">ESPN Premium<\/span><\/td>\n<\/tr>\n<tr>\n<td><span data-path-to-node=\"6,5,0,0\"><b data-path-to-node=\"6,5,0,0\" data-index-in-node=\"0\">22:15<\/b><\/span><\/td>\n<td><span data-path-to-node=\"6,5,1,0\">Instituto (Cba)<\/span><\/td>\n<td><span data-path-to-node=\"6,5,2,0\">vs<\/span><\/td>\n<td><span data-path-to-node=\"6,5,3,0\">V\u00e9lez Sarsfield<\/span><\/td>\n<td><span data-path-to-node=\"6,5,4,0\">Zona A<\/span><\/td>\n<td><span data-path-to-node=\"6,5,5,0\">TNT Sports<\/span><\/td>\n<\/tr>\n<\/tbody>\n<\/table>\n<h3 data-path-to-node=\"7\"><\/h3>\n<h3 data-path-to-node=\"7\">\u00a0Datos a tener en cuenta:<\/h3>\n<ul data-path-to-node=\"8\">\n<li>\n<p data-path-to-node=\"8,0,0\"><b data-path-to-node=\"8,0,0\" data-index-in-node=\"0\">Formato:<\/b> Se mantiene la divisi\u00f3n en dos zonas (A y B) con una fecha de cl\u00e1sicos o interzonales.<\/p>\n<\/li>\n<li>\n<p data-path-to-node=\"8,1,0\"><b data-path-to-node=\"8,1,0\" data-index-in-node=\"0\">Visitantes:<\/b> El encuentro entre <b data-path-to-node=\"8,1,0\" data-index-in-node=\"31\">Banfield y Hurac\u00e1n<\/b> en el Florencio Sola contar\u00e1 con la particularidad de permitir p\u00fablico visitante.<\/p>\n<\/li>\n<li>\n<p data-path-to-node=\"8,2,0\"><b data-path-to-node=\"8,2,0\" data-index-in-node=\"0\">Debutantes:<\/b> Se destaca el debut de <b data-path-to-node=\"8,2,0\" data-index-in-node=\"35\">Gimnasia de Mendoza<\/b> en la m\u00e1xima categor\u00eda enfrentando al \u00abFerroviario\u00bb en Santiago del Estero.<\/p>\n<\/li>\n<\/ul>\n","protected":false},"excerpt":{"rendered":"<p>Hoy, jueves 22 de enero, se levanta el tel\u00f3n de una nueva temporada de la Liga Profesional de F\u00fatbol. Con un calendario ajustado debido a la proximidad del Mundial, el certamen de Primera Divisi\u00f3n inicia su camino con una jornada cargada de acci\u00f3n que incluye cinco encuentros clave.<\/p>\n","protected":false},"author":3,"featured_media":131698,"comment_status":"closed","ping_status":"closed","sticky":false,"template":"","format":"standard","meta":{"footnotes":""},"categories":[27],"tags":[],"class_list":["post-131697","post","type-post","status-publish","format-standard","has-post-thumbnail","hentry","category-deportes"],"yoast_head":"<!-- This site is optimized with the Yoast SEO plugin v25.9 - https:\/\/yoast.com\/wordpress\/plugins\/seo\/ -->\n<title>\u00a1Vuelve el f\u00fatbol! Arranca el Torneo Apertura 2026 - Noticias Radio Reflejos<\/title>\n<meta name=\"robots\" content=\"index, follow, max-snippet:-1, max-image-preview:large, max-video-preview:-1\" \/>\n<link rel=\"canonical\" href=\"https:\/\/www.noticiasradioreflejos.com.ar\/2021\/vuelve-el-futbol-arranca-el-torneo-apertura-2026\/\" \/>\n<meta property=\"og:locale\" content=\"es_ES\" \/>\n<meta property=\"og:type\" content=\"article\" \/>\n<meta property=\"og:title\" content=\"\u00a1Vuelve el f\u00fatbol! Arranca el Torneo Apertura 2026 - Noticias Radio Reflejos\" \/>\n<meta property=\"og:description\" content=\"Hoy, jueves 22 de enero, se levanta el tel\u00f3n de una nueva temporada de la Liga Profesional de F\u00fatbol. Con un calendario ajustado debido a la proximidad del Mundial, el certamen de Primera Divisi\u00f3n inicia su camino con una jornada cargada de acci\u00f3n que incluye cinco encuentros clave.\" \/>\n<meta property=\"og:url\" content=\"https:\/\/www.noticiasradioreflejos.com.ar\/2021\/vuelve-el-futbol-arranca-el-torneo-apertura-2026\/\" \/>\n<meta property=\"og:site_name\" content=\"Noticias Radio Reflejos\" \/>\n<meta property=\"article:published_time\" content=\"2026-01-22T10:41:54+00:00\" \/>\n<meta property=\"og:image\" content=\"https:\/\/www.noticiasradioreflejos.com.ar\/2021\/wp-content\/uploads\/2026\/01\/banfield-vs-huracan-florencio-sola.webp\" \/>\n\t<meta property=\"og:image:width\" content=\"790\" \/>\n\t<meta property=\"og:image:height\" content=\"527\" \/>\n\t<meta property=\"og:image:type\" content=\"image\/webp\" \/>\n<meta name=\"author\" content=\"Arnaldo Botto\" \/>\n<meta name=\"twitter:card\" content=\"summary_large_image\" \/>\n<script type=\"application\/ld+json\" class=\"yoast-schema-graph\">{\"@context\":\"https:\/\/schema.org\",\"@graph\":[{\"@type\":\"WebPage\",\"@id\":\"https:\/\/www.noticiasradioreflejos.com.ar\/2021\/vuelve-el-futbol-arranca-el-torneo-apertura-2026\/\",\"url\":\"https:\/\/www.noticiasradioreflejos.com.ar\/2021\/vuelve-el-futbol-arranca-el-torneo-apertura-2026\/\",\"name\":\"\u00a1Vuelve el f\u00fatbol! Arranca el Torneo Apertura 2026 - Noticias Radio Reflejos\",\"isPartOf\":{\"@id\":\"https:\/\/www.noticiasradioreflejos.com.ar\/2021\/#website\"},\"primaryImageOfPage\":{\"@id\":\"https:\/\/www.noticiasradioreflejos.com.ar\/2021\/vuelve-el-futbol-arranca-el-torneo-apertura-2026\/#primaryimage\"},\"image\":{\"@id\":\"https:\/\/www.noticiasradioreflejos.com.ar\/2021\/vuelve-el-futbol-arranca-el-torneo-apertura-2026\/#primaryimage\"},\"thumbnailUrl\":\"https:\/\/www.noticiasradioreflejos.com.ar\/2021\/wp-content\/uploads\/2026\/01\/banfield-vs-huracan-florencio-sola.webp\",\"datePublished\":\"2026-01-22T10:41:54+00:00\",\"author\":{\"@id\":\"https:\/\/www.noticiasradioreflejos.com.ar\/2021\/#\/schema\/person\/ad82545263dcc5ec0996818884fd5fb1\"},\"breadcrumb\":{\"@id\":\"https:\/\/www.noticiasradioreflejos.com.ar\/2021\/vuelve-el-futbol-arranca-el-torneo-apertura-2026\/#breadcrumb\"},\"inLanguage\":\"es\",\"potentialAction\":[{\"@type\":\"ReadAction\",\"target\":[\"https:\/\/www.noticiasradioreflejos.com.ar\/2021\/vuelve-el-futbol-arranca-el-torneo-apertura-2026\/\"]}]},{\"@type\":\"ImageObject\",\"inLanguage\":\"es\",\"@id\":\"https:\/\/www.noticiasradioreflejos.com.ar\/2021\/vuelve-el-futbol-arranca-el-torneo-apertura-2026\/#primaryimage\",\"url\":\"https:\/\/www.noticiasradioreflejos.com.ar\/2021\/wp-content\/uploads\/2026\/01\/banfield-vs-huracan-florencio-sola.webp\",\"contentUrl\":\"https:\/\/www.noticiasradioreflejos.com.ar\/2021\/wp-content\/uploads\/2026\/01\/banfield-vs-huracan-florencio-sola.webp\",\"width\":790,\"height\":527},{\"@type\":\"BreadcrumbList\",\"@id\":\"https:\/\/www.noticiasradioreflejos.com.ar\/2021\/vuelve-el-futbol-arranca-el-torneo-apertura-2026\/#breadcrumb\",\"itemListElement\":[{\"@type\":\"ListItem\",\"position\":1,\"name\":\"Portada\",\"item\":\"https:\/\/www.noticiasradioreflejos.com.ar\/2021\/\"},{\"@type\":\"ListItem\",\"position\":2,\"name\":\"\u00a1Vuelve el f\u00fatbol! Arranca el Torneo Apertura 2026\"}]},{\"@type\":\"WebSite\",\"@id\":\"https:\/\/www.noticiasradioreflejos.com.ar\/2021\/#website\",\"url\":\"https:\/\/www.noticiasradioreflejos.com.ar\/2021\/\",\"name\":\"Noticias Radio Reflejos\",\"description\":\"Las noticias de mi comarca\",\"potentialAction\":[{\"@type\":\"SearchAction\",\"target\":{\"@type\":\"EntryPoint\",\"urlTemplate\":\"https:\/\/www.noticiasradioreflejos.com.ar\/2021\/?s={search_term_string}\"},\"query-input\":{\"@type\":\"PropertyValueSpecification\",\"valueRequired\":true,\"valueName\":\"search_term_string\"}}],\"inLanguage\":\"es\"},{\"@type\":\"Person\",\"@id\":\"https:\/\/www.noticiasradioreflejos.com.ar\/2021\/#\/schema\/person\/ad82545263dcc5ec0996818884fd5fb1\",\"name\":\"Arnaldo Botto\",\"image\":{\"@type\":\"ImageObject\",\"inLanguage\":\"es\",\"@id\":\"https:\/\/www.noticiasradioreflejos.com.ar\/2021\/#\/schema\/person\/image\/\",\"url\":\"https:\/\/secure.gravatar.com\/avatar\/55cb5e37c1efa326397366e6974cb338056df65cb50e7d64d1cf314e87504837?s=96&d=mm&r=g\",\"contentUrl\":\"https:\/\/secure.gravatar.com\/avatar\/55cb5e37c1efa326397366e6974cb338056df65cb50e7d64d1cf314e87504837?s=96&d=mm&r=g\",\"caption\":\"Arnaldo Botto\"},\"url\":\"https:\/\/www.noticiasradioreflejos.com.ar\/2021\/author\/arnaldo\/\"}]}<\/script>\n<!-- \/ Yoast SEO plugin. -->","yoast_head_json":{"title":"\u00a1Vuelve el f\u00fatbol! Arranca el Torneo Apertura 2026 - Noticias Radio Reflejos","robots":{"index":"index","follow":"follow","max-snippet":"max-snippet:-1","max-image-preview":"max-image-preview:large","max-video-preview":"max-video-preview:-1"},"canonical":"https:\/\/www.noticiasradioreflejos.com.ar\/2021\/vuelve-el-futbol-arranca-el-torneo-apertura-2026\/","og_locale":"es_ES","og_type":"article","og_title":"\u00a1Vuelve el f\u00fatbol! Arranca el Torneo Apertura 2026 - Noticias Radio Reflejos","og_description":"Hoy, jueves 22 de enero, se levanta el tel\u00f3n de una nueva temporada de la Liga Profesional de F\u00fatbol. Con un calendario ajustado debido a la proximidad del Mundial, el certamen de Primera Divisi\u00f3n inicia su camino con una jornada cargada de acci\u00f3n que incluye cinco encuentros clave.","og_url":"https:\/\/www.noticiasradioreflejos.com.ar\/2021\/vuelve-el-futbol-arranca-el-torneo-apertura-2026\/","og_site_name":"Noticias Radio Reflejos","article_published_time":"2026-01-22T10:41:54+00:00","og_image":[{"width":790,"height":527,"url":"https:\/\/www.noticiasradioreflejos.com.ar\/2021\/wp-content\/uploads\/2026\/01\/banfield-vs-huracan-florencio-sola.webp","type":"image\/webp"}],"author":"Arnaldo Botto","twitter_card":"summary_large_image","schema":{"@context":"https:\/\/schema.org","@graph":[{"@type":"WebPage","@id":"https:\/\/www.noticiasradioreflejos.com.ar\/2021\/vuelve-el-futbol-arranca-el-torneo-apertura-2026\/","url":"https:\/\/www.noticiasradioreflejos.com.ar\/2021\/vuelve-el-futbol-arranca-el-torneo-apertura-2026\/","name":"\u00a1Vuelve el f\u00fatbol! Arranca el Torneo Apertura 2026 - Noticias Radio Reflejos","isPartOf":{"@id":"https:\/\/www.noticiasradioreflejos.com.ar\/2021\/#website"},"primaryImageOfPage":{"@id":"https:\/\/www.noticiasradioreflejos.com.ar\/2021\/vuelve-el-futbol-arranca-el-torneo-apertura-2026\/#primaryimage"},"image":{"@id":"https:\/\/www.noticiasradioreflejos.com.ar\/2021\/vuelve-el-futbol-arranca-el-torneo-apertura-2026\/#primaryimage"},"thumbnailUrl":"https:\/\/www.noticiasradioreflejos.com.ar\/2021\/wp-content\/uploads\/2026\/01\/banfield-vs-huracan-florencio-sola.webp","datePublished":"2026-01-22T10:41:54+00:00","author":{"@id":"https:\/\/www.noticiasradioreflejos.com.ar\/2021\/#\/schema\/person\/ad82545263dcc5ec0996818884fd5fb1"},"breadcrumb":{"@id":"https:\/\/www.noticiasradioreflejos.com.ar\/2021\/vuelve-el-futbol-arranca-el-torneo-apertura-2026\/#breadcrumb"},"inLanguage":"es","potentialAction":[{"@type":"ReadAction","target":["https:\/\/www.noticiasradioreflejos.com.ar\/2021\/vuelve-el-futbol-arranca-el-torneo-apertura-2026\/"]}]},{"@type":"ImageObject","inLanguage":"es","@id":"https:\/\/www.noticiasradioreflejos.com.ar\/2021\/vuelve-el-futbol-arranca-el-torneo-apertura-2026\/#primaryimage","url":"https:\/\/www.noticiasradioreflejos.com.ar\/2021\/wp-content\/uploads\/2026\/01\/banfield-vs-huracan-florencio-sola.webp","contentUrl":"https:\/\/www.noticiasradioreflejos.com.ar\/2021\/wp-content\/uploads\/2026\/01\/banfield-vs-huracan-florencio-sola.webp","width":790,"height":527},{"@type":"BreadcrumbList","@id":"https:\/\/www.noticiasradioreflejos.com.ar\/2021\/vuelve-el-futbol-arranca-el-torneo-apertura-2026\/#breadcrumb","itemListElement":[{"@type":"ListItem","position":1,"name":"Portada","item":"https:\/\/www.noticiasradioreflejos.com.ar\/2021\/"},{"@type":"ListItem","position":2,"name":"\u00a1Vuelve el f\u00fatbol! Arranca el Torneo Apertura 2026"}]},{"@type":"WebSite","@id":"https:\/\/www.noticiasradioreflejos.com.ar\/2021\/#website","url":"https:\/\/www.noticiasradioreflejos.com.ar\/2021\/","name":"Noticias Radio Reflejos","description":"Las noticias de mi comarca","potentialAction":[{"@type":"SearchAction","target":{"@type":"EntryPoint","urlTemplate":"https:\/\/www.noticiasradioreflejos.com.ar\/2021\/?s={search_term_string}"},"query-input":{"@type":"PropertyValueSpecification","valueRequired":true,"valueName":"search_term_string"}}],"inLanguage":"es"},{"@type":"Person","@id":"https:\/\/www.noticiasradioreflejos.com.ar\/2021\/#\/schema\/person\/ad82545263dcc5ec0996818884fd5fb1","name":"Arnaldo Botto","image":{"@type":"ImageObject","inLanguage":"es","@id":"https:\/\/www.noticiasradioreflejos.com.ar\/2021\/#\/schema\/person\/image\/","url":"https:\/\/secure.gravatar.com\/avatar\/55cb5e37c1efa326397366e6974cb338056df65cb50e7d64d1cf314e87504837?s=96&d=mm&r=g","contentUrl":"https:\/\/secure.gravatar.com\/avatar\/55cb5e37c1efa326397366e6974cb338056df65cb50e7d64d1cf314e87504837?s=96&d=mm&r=g","caption":"Arnaldo Botto"},"url":"https:\/\/www.noticiasradioreflejos.com.ar\/2021\/author\/arnaldo\/"}]}},"_links":{"self":[{"href":"https:\/\/www.noticiasradioreflejos.com.ar\/2021\/wp-json\/wp\/v2\/posts\/131697","targetHints":{"allow":["GET"]}}],"collection":[{"href":"https:\/\/www.noticiasradioreflejos.com.ar\/2021\/wp-json\/wp\/v2\/posts"}],"about":[{"href":"https:\/\/www.noticiasradioreflejos.com.ar\/2021\/wp-json\/wp\/v2\/types\/post"}],"author":[{"embeddable":true,"href":"https:\/\/www.noticiasradioreflejos.com.ar\/2021\/wp-json\/wp\/v2\/users\/3"}],"replies":[{"embeddable":true,"href":"https:\/\/www.noticiasradioreflejos.com.ar\/2021\/wp-json\/wp\/v2\/comments?post=131697"}],"version-history":[{"count":1,"href":"https:\/\/www.noticiasradioreflejos.com.ar\/2021\/wp-json\/wp\/v2\/posts\/131697\/revisions"}],"predecessor-version":[{"id":131699,"href":"https:\/\/www.noticiasradioreflejos.com.ar\/2021\/wp-json\/wp\/v2\/posts\/131697\/revisions\/131699"}],"wp:featuredmedia":[{"embeddable":true,"href":"https:\/\/www.noticiasradioreflejos.com.ar\/2021\/wp-json\/wp\/v2\/media\/131698"}],"wp:attachment":[{"href":"https:\/\/www.noticiasradioreflejos.com.ar\/2021\/wp-json\/wp\/v2\/media?parent=131697"}],"wp:term":[{"taxonomy":"category","embeddable":true,"href":"https:\/\/www.noticiasradioreflejos.com.ar\/2021\/wp-json\/wp\/v2\/categories?post=131697"},{"taxonomy":"post_tag","embeddable":true,"href":"https:\/\/www.noticiasradioreflejos.com.ar\/2021\/wp-json\/wp\/v2\/tags?post=131697"}],"curies":[{"name":"wp","href":"https:\/\/api.w.org\/{rel}","templated":true}]}}