{"id":131695,"date":"2026-01-22T07:36:19","date_gmt":"2026-01-22T10:36:19","guid":{"rendered":"https:\/\/www.noticiasradioreflejos.com.ar\/2021\/?p=131695"},"modified":"2026-01-22T16:54:51","modified_gmt":"2026-01-22T19:54:51","slug":"el-tiempo-en-la-comarca-jueves-de-inestabilidad-y-un-fin-de-semana-con-calor-persistente","status":"publish","type":"post","link":"https:\/\/www.noticiasradioreflejos.com.ar\/2021\/el-tiempo-en-la-comarca-jueves-de-inestabilidad-y-un-fin-de-semana-con-calor-persistente\/","title":{"rendered":"El tiempo en la comarca: Jueves de inestabilidad y un fin de semana con calor persistente"},"content":{"rendered":"<p>Tras una noche de tormentas, Sierra de la Ventana y la regi\u00f3n enfrentan un jueves marcado por la nubosidad y precipitaciones aisladas. E<strong>l Servicio Meteorol\u00f3gico Nacional<\/strong> mantiene el monitoreo sobre el sudoeste bonaerense, mientras que los modelos de<strong> Windguru<\/strong> anticipan un fin de semana con m\u00e1ximas que superar\u00e1n los 30 grados y vientos predominantes del sector norte.<!--more--><\/p>\n<p data-path-to-node=\"6\">La jornada de hoy se presenta como la m\u00e1s inestable de la semana. Cielos mayormente cubiertos con probabilidad de precipitaciones y chaparrones aislados durante todo el d\u00eda. Pese a la falta de sol pleno, el calor persiste debido al viento norte. La m\u00ednima fue de <b data-path-to-node=\"7,1,0\" data-index-in-node=\"103\">20\u00b0C<\/b> y se espera una m\u00e1xima de <b data-path-to-node=\"7,1,0\" data-index-in-node=\"134\">34\u00b0C<\/b>. Continuar\u00e1 soplando viento del sector <b data-path-to-node=\"7,2,0\" data-index-in-node=\"39\">Norte<\/b>, manteniendo la masa de aire c\u00e1lido y h\u00famedo sobre la regi\u00f3n.<\/p>\n<h3 data-path-to-node=\"8\"><b data-path-to-node=\"8\" data-index-in-node=\"0\">Viernes 23 de enero: Comienza a despejar<\/b><\/h3>\n<p data-path-to-node=\"9\">Para ma\u00f1ana se espera una mejora gradual en las condiciones. El cielo se presentar\u00e1 nublado a parcialmente nublado. Las probabilidades de lluvia disminuyen notablemente hacia la tarde. Se mantendr\u00e1 el ambiente caluroso, con una m\u00ednima de <b data-path-to-node=\"10,1,0\" data-index-in-node=\"67\">19\u00b0C<\/b> y una m\u00e1xima que rondar\u00e1 los <b data-path-to-node=\"10,1,0\" data-index-in-node=\"101\">32\u00b0C, <\/b>en tanto que el viento mostrar\u00e1 una rotaci\u00f3n leve al sector Noreste, con r\u00e1fagas moderadas.<\/p>\n<h3 data-path-to-node=\"11\"><b data-path-to-node=\"11\" data-index-in-node=\"0\">Fin de Semana: Sol y ambiente veraniego<\/b><\/h3>\n<p data-path-to-node=\"12\">Para quienes planean actividades al aire libre o visitar la Fiesta de la Golondrina en Villa Ventana, el pron\u00f3stico es favorable:<\/p>\n<ul data-path-to-node=\"13\">\n<li>\n<p data-path-to-node=\"13,0,0\"><b data-path-to-node=\"13,0,0\" data-index-in-node=\"0\">S\u00e1bado 24:<\/b> Jornada ideal para el turismo. Cielo algo nublado a despejado. Temperaturas entre los <b data-path-to-node=\"13,0,0\" data-index-in-node=\"97\">18\u00b0C y 33\u00b0C<\/b>. Viento moderado del norte, ideal para disfrutar de los balnearios.<\/p>\n<\/li>\n<li>\n<p data-path-to-node=\"13,1,0\"><b data-path-to-node=\"13,1,0\" data-index-in-node=\"0\">Domingo 25:<\/b> Continuar\u00e1 el ascenso t\u00e9rmico. Se espera una jornada a pleno sol con una m\u00e1xima que podr\u00eda alcanzar los <b data-path-to-node=\"13,1,0\" data-index-in-node=\"116\">34\u00b0C o 35\u00b0C<\/b>. Hacia la noche podr\u00eda aumentar la nubosidad, pero sin riesgos inmediatos de lluvia seg\u00fan los modelos actuales.<\/p>\n<\/li>\n<\/ul>\n","protected":false},"excerpt":{"rendered":"<p>Tras una noche de tormentas, Sierra de la Ventana y la regi\u00f3n enfrentan un jueves marcado por la nubosidad y precipitaciones aisladas. El Servicio Meteorol\u00f3gico Nacional mantiene el monitoreo sobre el sudoeste bonaerense, mientras que los modelos de Windguru anticipan un fin de semana con m\u00e1ximas que superar\u00e1n los 30 grados y vientos predominantes del [&hellip;]<\/p>\n","protected":false},"author":3,"featured_media":124911,"comment_status":"closed","ping_status":"closed","sticky":false,"template":"","format":"standard","meta":{"footnotes":""},"categories":[46],"tags":[],"class_list":["post-131695","post","type-post","status-publish","format-standard","has-post-thumbnail","hentry","category-ciencia-y-tecnologia"],"yoast_head":"<!-- This site is optimized with the Yoast SEO plugin v25.9 - https:\/\/yoast.com\/wordpress\/plugins\/seo\/ -->\n<title>El tiempo en la comarca: Jueves de inestabilidad y un fin de semana con calor persistente - Noticias Radio Reflejos<\/title>\n<meta name=\"robots\" content=\"index, follow, max-snippet:-1, max-image-preview:large, max-video-preview:-1\" \/>\n<link rel=\"canonical\" href=\"https:\/\/www.noticiasradioreflejos.com.ar\/2021\/el-tiempo-en-la-comarca-jueves-de-inestabilidad-y-un-fin-de-semana-con-calor-persistente\/\" \/>\n<meta property=\"og:locale\" content=\"es_ES\" \/>\n<meta property=\"og:type\" content=\"article\" \/>\n<meta property=\"og:title\" content=\"El tiempo en la comarca: Jueves de inestabilidad y un fin de semana con calor persistente - Noticias Radio Reflejos\" \/>\n<meta property=\"og:description\" content=\"Tras una noche de tormentas, Sierra de la Ventana y la regi\u00f3n enfrentan un jueves marcado por la nubosidad y precipitaciones aisladas. El Servicio Meteorol\u00f3gico Nacional mantiene el monitoreo sobre el sudoeste bonaerense, mientras que los modelos de Windguru anticipan un fin de semana con m\u00e1ximas que superar\u00e1n los 30 grados y vientos predominantes del [&hellip;]\" \/>\n<meta property=\"og:url\" content=\"https:\/\/www.noticiasradioreflejos.com.ar\/2021\/el-tiempo-en-la-comarca-jueves-de-inestabilidad-y-un-fin-de-semana-con-calor-persistente\/\" \/>\n<meta property=\"og:site_name\" content=\"Noticias Radio Reflejos\" \/>\n<meta property=\"article:published_time\" content=\"2026-01-22T10:36:19+00:00\" \/>\n<meta property=\"article:modified_time\" content=\"2026-01-22T19:54:51+00:00\" \/>\n<meta property=\"og:image\" content=\"https:\/\/www.noticiasradioreflejos.com.ar\/2021\/wp-content\/uploads\/2025\/09\/tormenta-viento.jpg\" \/>\n\t<meta property=\"og:image:width\" content=\"1280\" \/>\n\t<meta property=\"og:image:height\" content=\"1280\" \/>\n\t<meta property=\"og:image:type\" content=\"image\/jpeg\" \/>\n<meta name=\"author\" content=\"Arnaldo Botto\" \/>\n<meta name=\"twitter:card\" content=\"summary_large_image\" \/>\n<script type=\"application\/ld+json\" class=\"yoast-schema-graph\">{\"@context\":\"https:\/\/schema.org\",\"@graph\":[{\"@type\":\"WebPage\",\"@id\":\"https:\/\/www.noticiasradioreflejos.com.ar\/2021\/el-tiempo-en-la-comarca-jueves-de-inestabilidad-y-un-fin-de-semana-con-calor-persistente\/\",\"url\":\"https:\/\/www.noticiasradioreflejos.com.ar\/2021\/el-tiempo-en-la-comarca-jueves-de-inestabilidad-y-un-fin-de-semana-con-calor-persistente\/\",\"name\":\"El tiempo en la comarca: Jueves de inestabilidad y un fin de semana con calor persistente - Noticias Radio Reflejos\",\"isPartOf\":{\"@id\":\"https:\/\/www.noticiasradioreflejos.com.ar\/2021\/#website\"},\"primaryImageOfPage\":{\"@id\":\"https:\/\/www.noticiasradioreflejos.com.ar\/2021\/el-tiempo-en-la-comarca-jueves-de-inestabilidad-y-un-fin-de-semana-con-calor-persistente\/#primaryimage\"},\"image\":{\"@id\":\"https:\/\/www.noticiasradioreflejos.com.ar\/2021\/el-tiempo-en-la-comarca-jueves-de-inestabilidad-y-un-fin-de-semana-con-calor-persistente\/#primaryimage\"},\"thumbnailUrl\":\"https:\/\/www.noticiasradioreflejos.com.ar\/2021\/wp-content\/uploads\/2025\/09\/tormenta-viento.jpg\",\"datePublished\":\"2026-01-22T10:36:19+00:00\",\"dateModified\":\"2026-01-22T19:54:51+00:00\",\"author\":{\"@id\":\"https:\/\/www.noticiasradioreflejos.com.ar\/2021\/#\/schema\/person\/ad82545263dcc5ec0996818884fd5fb1\"},\"breadcrumb\":{\"@id\":\"https:\/\/www.noticiasradioreflejos.com.ar\/2021\/el-tiempo-en-la-comarca-jueves-de-inestabilidad-y-un-fin-de-semana-con-calor-persistente\/#breadcrumb\"},\"inLanguage\":\"es\",\"potentialAction\":[{\"@type\":\"ReadAction\",\"target\":[\"https:\/\/www.noticiasradioreflejos.com.ar\/2021\/el-tiempo-en-la-comarca-jueves-de-inestabilidad-y-un-fin-de-semana-con-calor-persistente\/\"]}]},{\"@type\":\"ImageObject\",\"inLanguage\":\"es\",\"@id\":\"https:\/\/www.noticiasradioreflejos.com.ar\/2021\/el-tiempo-en-la-comarca-jueves-de-inestabilidad-y-un-fin-de-semana-con-calor-persistente\/#primaryimage\",\"url\":\"https:\/\/www.noticiasradioreflejos.com.ar\/2021\/wp-content\/uploads\/2025\/09\/tormenta-viento.jpg\",\"contentUrl\":\"https:\/\/www.noticiasradioreflejos.com.ar\/2021\/wp-content\/uploads\/2025\/09\/tormenta-viento.jpg\",\"width\":1280,\"height\":1280},{\"@type\":\"BreadcrumbList\",\"@id\":\"https:\/\/www.noticiasradioreflejos.com.ar\/2021\/el-tiempo-en-la-comarca-jueves-de-inestabilidad-y-un-fin-de-semana-con-calor-persistente\/#breadcrumb\",\"itemListElement\":[{\"@type\":\"ListItem\",\"position\":1,\"name\":\"Portada\",\"item\":\"https:\/\/www.noticiasradioreflejos.com.ar\/2021\/\"},{\"@type\":\"ListItem\",\"position\":2,\"name\":\"El tiempo en la comarca: Jueves de inestabilidad y un fin de semana con calor persistente\"}]},{\"@type\":\"WebSite\",\"@id\":\"https:\/\/www.noticiasradioreflejos.com.ar\/2021\/#website\",\"url\":\"https:\/\/www.noticiasradioreflejos.com.ar\/2021\/\",\"name\":\"Noticias Radio Reflejos\",\"description\":\"Las noticias de mi comarca\",\"potentialAction\":[{\"@type\":\"SearchAction\",\"target\":{\"@type\":\"EntryPoint\",\"urlTemplate\":\"https:\/\/www.noticiasradioreflejos.com.ar\/2021\/?s={search_term_string}\"},\"query-input\":{\"@type\":\"PropertyValueSpecification\",\"valueRequired\":true,\"valueName\":\"search_term_string\"}}],\"inLanguage\":\"es\"},{\"@type\":\"Person\",\"@id\":\"https:\/\/www.noticiasradioreflejos.com.ar\/2021\/#\/schema\/person\/ad82545263dcc5ec0996818884fd5fb1\",\"name\":\"Arnaldo Botto\",\"image\":{\"@type\":\"ImageObject\",\"inLanguage\":\"es\",\"@id\":\"https:\/\/www.noticiasradioreflejos.com.ar\/2021\/#\/schema\/person\/image\/\",\"url\":\"https:\/\/secure.gravatar.com\/avatar\/55cb5e37c1efa326397366e6974cb338056df65cb50e7d64d1cf314e87504837?s=96&d=mm&r=g\",\"contentUrl\":\"https:\/\/secure.gravatar.com\/avatar\/55cb5e37c1efa326397366e6974cb338056df65cb50e7d64d1cf314e87504837?s=96&d=mm&r=g\",\"caption\":\"Arnaldo Botto\"},\"url\":\"https:\/\/www.noticiasradioreflejos.com.ar\/2021\/author\/arnaldo\/\"}]}<\/script>\n<!-- \/ Yoast SEO plugin. -->","yoast_head_json":{"title":"El tiempo en la comarca: Jueves de inestabilidad y un fin de semana con calor persistente - Noticias Radio Reflejos","robots":{"index":"index","follow":"follow","max-snippet":"max-snippet:-1","max-image-preview":"max-image-preview:large","max-video-preview":"max-video-preview:-1"},"canonical":"https:\/\/www.noticiasradioreflejos.com.ar\/2021\/el-tiempo-en-la-comarca-jueves-de-inestabilidad-y-un-fin-de-semana-con-calor-persistente\/","og_locale":"es_ES","og_type":"article","og_title":"El tiempo en la comarca: Jueves de inestabilidad y un fin de semana con calor persistente - Noticias Radio Reflejos","og_description":"Tras una noche de tormentas, Sierra de la Ventana y la regi\u00f3n enfrentan un jueves marcado por la nubosidad y precipitaciones aisladas. El Servicio Meteorol\u00f3gico Nacional mantiene el monitoreo sobre el sudoeste bonaerense, mientras que los modelos de Windguru anticipan un fin de semana con m\u00e1ximas que superar\u00e1n los 30 grados y vientos predominantes del [&hellip;]","og_url":"https:\/\/www.noticiasradioreflejos.com.ar\/2021\/el-tiempo-en-la-comarca-jueves-de-inestabilidad-y-un-fin-de-semana-con-calor-persistente\/","og_site_name":"Noticias Radio Reflejos","article_published_time":"2026-01-22T10:36:19+00:00","article_modified_time":"2026-01-22T19:54:51+00:00","og_image":[{"width":1280,"height":1280,"url":"https:\/\/www.noticiasradioreflejos.com.ar\/2021\/wp-content\/uploads\/2025\/09\/tormenta-viento.jpg","type":"image\/jpeg"}],"author":"Arnaldo Botto","twitter_card":"summary_large_image","schema":{"@context":"https:\/\/schema.org","@graph":[{"@type":"WebPage","@id":"https:\/\/www.noticiasradioreflejos.com.ar\/2021\/el-tiempo-en-la-comarca-jueves-de-inestabilidad-y-un-fin-de-semana-con-calor-persistente\/","url":"https:\/\/www.noticiasradioreflejos.com.ar\/2021\/el-tiempo-en-la-comarca-jueves-de-inestabilidad-y-un-fin-de-semana-con-calor-persistente\/","name":"El tiempo en la comarca: Jueves de inestabilidad y un fin de semana con calor persistente - Noticias Radio Reflejos","isPartOf":{"@id":"https:\/\/www.noticiasradioreflejos.com.ar\/2021\/#website"},"primaryImageOfPage":{"@id":"https:\/\/www.noticiasradioreflejos.com.ar\/2021\/el-tiempo-en-la-comarca-jueves-de-inestabilidad-y-un-fin-de-semana-con-calor-persistente\/#primaryimage"},"image":{"@id":"https:\/\/www.noticiasradioreflejos.com.ar\/2021\/el-tiempo-en-la-comarca-jueves-de-inestabilidad-y-un-fin-de-semana-con-calor-persistente\/#primaryimage"},"thumbnailUrl":"https:\/\/www.noticiasradioreflejos.com.ar\/2021\/wp-content\/uploads\/2025\/09\/tormenta-viento.jpg","datePublished":"2026-01-22T10:36:19+00:00","dateModified":"2026-01-22T19:54:51+00:00","author":{"@id":"https:\/\/www.noticiasradioreflejos.com.ar\/2021\/#\/schema\/person\/ad82545263dcc5ec0996818884fd5fb1"},"breadcrumb":{"@id":"https:\/\/www.noticiasradioreflejos.com.ar\/2021\/el-tiempo-en-la-comarca-jueves-de-inestabilidad-y-un-fin-de-semana-con-calor-persistente\/#breadcrumb"},"inLanguage":"es","potentialAction":[{"@type":"ReadAction","target":["https:\/\/www.noticiasradioreflejos.com.ar\/2021\/el-tiempo-en-la-comarca-jueves-de-inestabilidad-y-un-fin-de-semana-con-calor-persistente\/"]}]},{"@type":"ImageObject","inLanguage":"es","@id":"https:\/\/www.noticiasradioreflejos.com.ar\/2021\/el-tiempo-en-la-comarca-jueves-de-inestabilidad-y-un-fin-de-semana-con-calor-persistente\/#primaryimage","url":"https:\/\/www.noticiasradioreflejos.com.ar\/2021\/wp-content\/uploads\/2025\/09\/tormenta-viento.jpg","contentUrl":"https:\/\/www.noticiasradioreflejos.com.ar\/2021\/wp-content\/uploads\/2025\/09\/tormenta-viento.jpg","width":1280,"height":1280},{"@type":"BreadcrumbList","@id":"https:\/\/www.noticiasradioreflejos.com.ar\/2021\/el-tiempo-en-la-comarca-jueves-de-inestabilidad-y-un-fin-de-semana-con-calor-persistente\/#breadcrumb","itemListElement":[{"@type":"ListItem","position":1,"name":"Portada","item":"https:\/\/www.noticiasradioreflejos.com.ar\/2021\/"},{"@type":"ListItem","position":2,"name":"El tiempo en la comarca: Jueves de inestabilidad y un fin de semana con calor persistente"}]},{"@type":"WebSite","@id":"https:\/\/www.noticiasradioreflejos.com.ar\/2021\/#website","url":"https:\/\/www.noticiasradioreflejos.com.ar\/2021\/","name":"Noticias Radio Reflejos","description":"Las noticias de mi comarca","potentialAction":[{"@type":"SearchAction","target":{"@type":"EntryPoint","urlTemplate":"https:\/\/www.noticiasradioreflejos.com.ar\/2021\/?s={search_term_string}"},"query-input":{"@type":"PropertyValueSpecification","valueRequired":true,"valueName":"search_term_string"}}],"inLanguage":"es"},{"@type":"Person","@id":"https:\/\/www.noticiasradioreflejos.com.ar\/2021\/#\/schema\/person\/ad82545263dcc5ec0996818884fd5fb1","name":"Arnaldo Botto","image":{"@type":"ImageObject","inLanguage":"es","@id":"https:\/\/www.noticiasradioreflejos.com.ar\/2021\/#\/schema\/person\/image\/","url":"https:\/\/secure.gravatar.com\/avatar\/55cb5e37c1efa326397366e6974cb338056df65cb50e7d64d1cf314e87504837?s=96&d=mm&r=g","contentUrl":"https:\/\/secure.gravatar.com\/avatar\/55cb5e37c1efa326397366e6974cb338056df65cb50e7d64d1cf314e87504837?s=96&d=mm&r=g","caption":"Arnaldo Botto"},"url":"https:\/\/www.noticiasradioreflejos.com.ar\/2021\/author\/arnaldo\/"}]}},"_links":{"self":[{"href":"https:\/\/www.noticiasradioreflejos.com.ar\/2021\/wp-json\/wp\/v2\/posts\/131695","targetHints":{"allow":["GET"]}}],"collection":[{"href":"https:\/\/www.noticiasradioreflejos.com.ar\/2021\/wp-json\/wp\/v2\/posts"}],"about":[{"href":"https:\/\/www.noticiasradioreflejos.com.ar\/2021\/wp-json\/wp\/v2\/types\/post"}],"author":[{"embeddable":true,"href":"https:\/\/www.noticiasradioreflejos.com.ar\/2021\/wp-json\/wp\/v2\/users\/3"}],"replies":[{"embeddable":true,"href":"https:\/\/www.noticiasradioreflejos.com.ar\/2021\/wp-json\/wp\/v2\/comments?post=131695"}],"version-history":[{"count":1,"href":"https:\/\/www.noticiasradioreflejos.com.ar\/2021\/wp-json\/wp\/v2\/posts\/131695\/revisions"}],"predecessor-version":[{"id":131696,"href":"https:\/\/www.noticiasradioreflejos.com.ar\/2021\/wp-json\/wp\/v2\/posts\/131695\/revisions\/131696"}],"wp:featuredmedia":[{"embeddable":true,"href":"https:\/\/www.noticiasradioreflejos.com.ar\/2021\/wp-json\/wp\/v2\/media\/124911"}],"wp:attachment":[{"href":"https:\/\/www.noticiasradioreflejos.com.ar\/2021\/wp-json\/wp\/v2\/media?parent=131695"}],"wp:term":[{"taxonomy":"category","embeddable":true,"href":"https:\/\/www.noticiasradioreflejos.com.ar\/2021\/wp-json\/wp\/v2\/categories?post=131695"},{"taxonomy":"post_tag","embeddable":true,"href":"https:\/\/www.noticiasradioreflejos.com.ar\/2021\/wp-json\/wp\/v2\/tags?post=131695"}],"curies":[{"name":"wp","href":"https:\/\/api.w.org\/{rel}","templated":true}]}}