{"id":131692,"date":"2026-01-22T07:23:40","date_gmt":"2026-01-22T10:23:40","guid":{"rendered":"https:\/\/www.noticiasradioreflejos.com.ar\/2021\/?p=131692"},"modified":"2026-01-22T07:23:40","modified_gmt":"2026-01-22T10:23:40","slug":"la-actividad-economica-disminuyo-en-noviembre-como-le-fue-a-los-sectores-de-la-economia","status":"publish","type":"post","link":"https:\/\/www.noticiasradioreflejos.com.ar\/2021\/la-actividad-economica-disminuyo-en-noviembre-como-le-fue-a-los-sectores-de-la-economia\/","title":{"rendered":"La actividad econ\u00f3mica disminuy\u00f3 en noviembre: c\u00f3mo le fue a los sectores de la econom\u00eda"},"content":{"rendered":"<p>De acuerdo a lo difundido por el INDEC, once sectores de actividad que conforman el indicador registraron subas. Cay\u00f3 tras 14 meses consecutivos en alza.<!--more--><\/p>\n<div class=\"columns\" data-tadevel-template=\"web\/article-columns\">\n<div class=\"column-main\">\n<figure class=\"multimedia\" data-tadevel-template=\"web\/multimedia\" data-type=\"photo\"><figcaption class=\"caption\"><\/figcaption><\/figure>\n<div class=\"article-body\" data-tadevel-template=\"web\/article-body\">\n<div class=\"article-body-content\">\n<p><strong>La actividad econ\u00f3mica registr\u00f3 una variaci\u00f3n negativa de 0,3%<\/strong>\u00a0en noviembre comparado contra el mismo mes del 2024, como a su vez una baja del 0,3% respecto a octubre.<\/p>\n<p>La informaci\u00f3n se desprende del\u00a0<strong>estimador mensual de actividad econ\u00f3mica<\/strong>\u00a0(EMAE) que difundi\u00f3 el\u00a0<strong>Instituto Nacional de Estad\u00edsticas y Censos<\/strong> (INDEC).<\/p>\n<p>En t\u00e9rminos desestacionalizados, el \u00edndice\u00a0<strong>disminuy\u00f3 0,3%<\/strong>\u00a0respecto del mes anterior, mientras que el componente tendencia-ciclo no registr\u00f3 variaciones.<\/p>\n<p><strong>Es la primera vez en trece meses que el indicador cerr\u00f3 en terreno negativo<\/strong>, siendo septiembre del 2024 (-2,4%) el \u00faltimo dato en ca\u00edda.<\/p>\n<p>Desde que comenz\u00f3 el a\u00f1o, la actividad econ\u00f3mica se increment\u00f3\u00a0<strong>4,5%<\/strong>\u00a0contra el mismo per\u00edodo del a\u00f1o anterior.<\/p>\n<p>Con relaci\u00f3n a igual mes del 2024, diez de los sectores de actividad que conforman el EMAE registraron subas en noviembre, entre los que se destacan \u00abIntermediaci\u00f3n financiera\u00bb (13,9%), impulsado principalmente por la mayor actividad de los agentes y sociedades de bolsa, y \u201cAgricultura, ganader\u00eda, caza y silvicultura\u201d (10,5%).<\/p>\n<p>\u201cIntermediaci\u00f3n financiera\u201d fue a su vez la de mayor incidencia positiva en la variaci\u00f3n interanual del EMAE, seguida de \u00abAgricultura, ganader\u00eda, caza y silvicultura\u00bb: entre ambos sectores aportaron 0,94 puntos porcentuales (p.p.) a la variaci\u00f3n interanual del EMAE.<\/p>\n<p>Por su parte, cinco sectores de actividad registraron ca\u00eddas en la comparaci\u00f3n interanual, entre los que se destacan \u201cPesca\u201d (-25%) e \u201cIndustria manufacturera\u201d (-8,2%), que junto con \u201cComercio mayorista, minorista y reparaciones\u201d (-6,4%) le restan 2,23 p.p. a la variaci\u00f3n del EMAE.<\/p>\n<p>Tambi\u00e9n inicia el cierre del cuarto trimestre del 2025, con lo que se conocer\u00e1 el Producto Interno Bruto (PIB) de ese per\u00edodo.<\/p>\n<p>En el primer trimestre (enero-marzo) el PIB creci\u00f3 5,8%, seguido de 6,3% en el segundo (abril-junio) y 3,3% en el tercero (julio-septiembre). Con estos resultados,\u00a0<a href=\"https:\/\/noticiasargentinas.com\/economia\/el-pib-crecio-3-3--interanual-en-el-tercer-trimestre-y-mostro-una-leve-mejora-frente-al-periodo-previo_a6941b0ebcbf033dd99e6f5b4\">el PIB acumul\u00f3 un crecimiento del 5,2% en los primeros nueve meses del a\u00f1o<\/a>.<\/p>\n<h3>El EMAE de cada sector, en noviembre 2025<\/h3>\n<ul>\n<li><strong>Pesca:\u00a0<\/strong>-25%.<\/li>\n<li><strong>Intermediaci\u00f3n financiera:<\/strong>\u00a013,9%.<\/li>\n<li><strong>Impuestos netos de subsidios:\u00a0<\/strong>3,4%.<\/li>\n<li><strong>Explotaci\u00f3n de minas y canteras:<\/strong>\u00a07%.<\/li>\n<li><strong>Hoteles y restaurantes:<\/strong>\u00a00,3%.<\/li>\n<li><strong>Actividades inmobiliarias, empresariales y de alquiler:<\/strong>\u00a00,4%.<\/li>\n<li><strong>Construcci\u00f3n:<\/strong>\u00a0-2,3%.<\/li>\n<li><strong>Transporte y comunicaciones:<\/strong>\u00a01,8%.<\/li>\n<li><strong>Otras actividades de servicios comunitarios, sociales y personales:\u00a0<\/strong>0,7%.<\/li>\n<li><strong>Comercio mayorista, minorista y reparaciones:\u00a0<\/strong>-6,4%.<\/li>\n<li><strong>Agricultura, ganader\u00eda, caza y silvicultura:\u00a0<\/strong>10,5%.<\/li>\n<li><strong>Ense\u00f1anza:\u00a0<\/strong>0,7%.<\/li>\n<li><strong>Servicios sociales y de salud:<\/strong>\u00a00,6%.<\/li>\n<li><strong>Electricidad, gas y agua:\u00a0<\/strong>0,6%.<\/li>\n<li><strong>Administraci\u00f3n p\u00fablica y defensa; planes de seguridad social de afiliaci\u00f3n obligatoria:<\/strong>\u00a0-0,6%.<\/li>\n<li><strong>Industria manufacturera:<\/strong>\u00a0-8,2%.<\/li>\n<\/ul>\n<p><a href=\"https:\/\/noticiasargentinas.com\/-agenciana_t6916e70a4551e78eb9423f59\">#AgenciaNA<\/a><\/p>\n<\/div>\n<\/div>\n<\/div>\n<\/div>\n","protected":false},"excerpt":{"rendered":"<p>De acuerdo a lo difundido por el INDEC, once sectores de actividad que conforman el indicador registraron subas. Cay\u00f3 tras 14 meses consecutivos en alza.<\/p>\n","protected":false},"author":3,"featured_media":131693,"comment_status":"closed","ping_status":"closed","sticky":false,"template":"","format":"standard","meta":{"footnotes":""},"categories":[36],"tags":[],"class_list":["post-131692","post","type-post","status-publish","format-standard","has-post-thumbnail","hentry","category-economia"],"yoast_head":"<!-- This site is optimized with the Yoast SEO plugin v25.9 - https:\/\/yoast.com\/wordpress\/plugins\/seo\/ -->\n<title>La actividad econ\u00f3mica disminuy\u00f3 en noviembre: c\u00f3mo le fue a los sectores de la econom\u00eda - Noticias Radio Reflejos<\/title>\n<meta name=\"robots\" content=\"index, follow, max-snippet:-1, max-image-preview:large, max-video-preview:-1\" \/>\n<link rel=\"canonical\" href=\"https:\/\/www.noticiasradioreflejos.com.ar\/2021\/la-actividad-economica-disminuyo-en-noviembre-como-le-fue-a-los-sectores-de-la-economia\/\" \/>\n<meta property=\"og:locale\" content=\"es_ES\" \/>\n<meta property=\"og:type\" content=\"article\" \/>\n<meta property=\"og:title\" content=\"La actividad econ\u00f3mica disminuy\u00f3 en noviembre: c\u00f3mo le fue a los sectores de la econom\u00eda - Noticias Radio Reflejos\" \/>\n<meta property=\"og:description\" content=\"De acuerdo a lo difundido por el INDEC, once sectores de actividad que conforman el indicador registraron subas. Cay\u00f3 tras 14 meses consecutivos en alza.\" \/>\n<meta property=\"og:url\" content=\"https:\/\/www.noticiasradioreflejos.com.ar\/2021\/la-actividad-economica-disminuyo-en-noviembre-como-le-fue-a-los-sectores-de-la-economia\/\" \/>\n<meta property=\"og:site_name\" content=\"Noticias Radio Reflejos\" \/>\n<meta property=\"article:published_time\" content=\"2026-01-22T10:23:40+00:00\" \/>\n<meta property=\"og:image\" content=\"https:\/\/www.noticiasradioreflejos.com.ar\/2021\/wp-content\/uploads\/2026\/01\/industria.webp\" \/>\n\t<meta property=\"og:image:width\" content=\"1080\" \/>\n\t<meta property=\"og:image:height\" content=\"720\" \/>\n\t<meta property=\"og:image:type\" content=\"image\/webp\" \/>\n<meta name=\"author\" content=\"Arnaldo Botto\" \/>\n<meta name=\"twitter:card\" content=\"summary_large_image\" \/>\n<script type=\"application\/ld+json\" class=\"yoast-schema-graph\">{\"@context\":\"https:\/\/schema.org\",\"@graph\":[{\"@type\":\"WebPage\",\"@id\":\"https:\/\/www.noticiasradioreflejos.com.ar\/2021\/la-actividad-economica-disminuyo-en-noviembre-como-le-fue-a-los-sectores-de-la-economia\/\",\"url\":\"https:\/\/www.noticiasradioreflejos.com.ar\/2021\/la-actividad-economica-disminuyo-en-noviembre-como-le-fue-a-los-sectores-de-la-economia\/\",\"name\":\"La actividad econ\u00f3mica disminuy\u00f3 en noviembre: c\u00f3mo le fue a los sectores de la econom\u00eda - Noticias Radio Reflejos\",\"isPartOf\":{\"@id\":\"https:\/\/www.noticiasradioreflejos.com.ar\/2021\/#website\"},\"primaryImageOfPage\":{\"@id\":\"https:\/\/www.noticiasradioreflejos.com.ar\/2021\/la-actividad-economica-disminuyo-en-noviembre-como-le-fue-a-los-sectores-de-la-economia\/#primaryimage\"},\"image\":{\"@id\":\"https:\/\/www.noticiasradioreflejos.com.ar\/2021\/la-actividad-economica-disminuyo-en-noviembre-como-le-fue-a-los-sectores-de-la-economia\/#primaryimage\"},\"thumbnailUrl\":\"https:\/\/www.noticiasradioreflejos.com.ar\/2021\/wp-content\/uploads\/2026\/01\/industria.webp\",\"datePublished\":\"2026-01-22T10:23:40+00:00\",\"author\":{\"@id\":\"https:\/\/www.noticiasradioreflejos.com.ar\/2021\/#\/schema\/person\/ad82545263dcc5ec0996818884fd5fb1\"},\"breadcrumb\":{\"@id\":\"https:\/\/www.noticiasradioreflejos.com.ar\/2021\/la-actividad-economica-disminuyo-en-noviembre-como-le-fue-a-los-sectores-de-la-economia\/#breadcrumb\"},\"inLanguage\":\"es\",\"potentialAction\":[{\"@type\":\"ReadAction\",\"target\":[\"https:\/\/www.noticiasradioreflejos.com.ar\/2021\/la-actividad-economica-disminuyo-en-noviembre-como-le-fue-a-los-sectores-de-la-economia\/\"]}]},{\"@type\":\"ImageObject\",\"inLanguage\":\"es\",\"@id\":\"https:\/\/www.noticiasradioreflejos.com.ar\/2021\/la-actividad-economica-disminuyo-en-noviembre-como-le-fue-a-los-sectores-de-la-economia\/#primaryimage\",\"url\":\"https:\/\/www.noticiasradioreflejos.com.ar\/2021\/wp-content\/uploads\/2026\/01\/industria.webp\",\"contentUrl\":\"https:\/\/www.noticiasradioreflejos.com.ar\/2021\/wp-content\/uploads\/2026\/01\/industria.webp\",\"width\":1080,\"height\":720},{\"@type\":\"BreadcrumbList\",\"@id\":\"https:\/\/www.noticiasradioreflejos.com.ar\/2021\/la-actividad-economica-disminuyo-en-noviembre-como-le-fue-a-los-sectores-de-la-economia\/#breadcrumb\",\"itemListElement\":[{\"@type\":\"ListItem\",\"position\":1,\"name\":\"Portada\",\"item\":\"https:\/\/www.noticiasradioreflejos.com.ar\/2021\/\"},{\"@type\":\"ListItem\",\"position\":2,\"name\":\"La actividad econ\u00f3mica disminuy\u00f3 en noviembre: c\u00f3mo le fue a los sectores de la econom\u00eda\"}]},{\"@type\":\"WebSite\",\"@id\":\"https:\/\/www.noticiasradioreflejos.com.ar\/2021\/#website\",\"url\":\"https:\/\/www.noticiasradioreflejos.com.ar\/2021\/\",\"name\":\"Noticias Radio Reflejos\",\"description\":\"Las noticias de mi comarca\",\"potentialAction\":[{\"@type\":\"SearchAction\",\"target\":{\"@type\":\"EntryPoint\",\"urlTemplate\":\"https:\/\/www.noticiasradioreflejos.com.ar\/2021\/?s={search_term_string}\"},\"query-input\":{\"@type\":\"PropertyValueSpecification\",\"valueRequired\":true,\"valueName\":\"search_term_string\"}}],\"inLanguage\":\"es\"},{\"@type\":\"Person\",\"@id\":\"https:\/\/www.noticiasradioreflejos.com.ar\/2021\/#\/schema\/person\/ad82545263dcc5ec0996818884fd5fb1\",\"name\":\"Arnaldo Botto\",\"image\":{\"@type\":\"ImageObject\",\"inLanguage\":\"es\",\"@id\":\"https:\/\/www.noticiasradioreflejos.com.ar\/2021\/#\/schema\/person\/image\/\",\"url\":\"https:\/\/secure.gravatar.com\/avatar\/55cb5e37c1efa326397366e6974cb338056df65cb50e7d64d1cf314e87504837?s=96&d=mm&r=g\",\"contentUrl\":\"https:\/\/secure.gravatar.com\/avatar\/55cb5e37c1efa326397366e6974cb338056df65cb50e7d64d1cf314e87504837?s=96&d=mm&r=g\",\"caption\":\"Arnaldo Botto\"},\"url\":\"https:\/\/www.noticiasradioreflejos.com.ar\/2021\/author\/arnaldo\/\"}]}<\/script>\n<!-- \/ Yoast SEO plugin. -->","yoast_head_json":{"title":"La actividad econ\u00f3mica disminuy\u00f3 en noviembre: c\u00f3mo le fue a los sectores de la econom\u00eda - Noticias Radio Reflejos","robots":{"index":"index","follow":"follow","max-snippet":"max-snippet:-1","max-image-preview":"max-image-preview:large","max-video-preview":"max-video-preview:-1"},"canonical":"https:\/\/www.noticiasradioreflejos.com.ar\/2021\/la-actividad-economica-disminuyo-en-noviembre-como-le-fue-a-los-sectores-de-la-economia\/","og_locale":"es_ES","og_type":"article","og_title":"La actividad econ\u00f3mica disminuy\u00f3 en noviembre: c\u00f3mo le fue a los sectores de la econom\u00eda - Noticias Radio Reflejos","og_description":"De acuerdo a lo difundido por el INDEC, once sectores de actividad que conforman el indicador registraron subas. Cay\u00f3 tras 14 meses consecutivos en alza.","og_url":"https:\/\/www.noticiasradioreflejos.com.ar\/2021\/la-actividad-economica-disminuyo-en-noviembre-como-le-fue-a-los-sectores-de-la-economia\/","og_site_name":"Noticias Radio Reflejos","article_published_time":"2026-01-22T10:23:40+00:00","og_image":[{"width":1080,"height":720,"url":"https:\/\/www.noticiasradioreflejos.com.ar\/2021\/wp-content\/uploads\/2026\/01\/industria.webp","type":"image\/webp"}],"author":"Arnaldo Botto","twitter_card":"summary_large_image","schema":{"@context":"https:\/\/schema.org","@graph":[{"@type":"WebPage","@id":"https:\/\/www.noticiasradioreflejos.com.ar\/2021\/la-actividad-economica-disminuyo-en-noviembre-como-le-fue-a-los-sectores-de-la-economia\/","url":"https:\/\/www.noticiasradioreflejos.com.ar\/2021\/la-actividad-economica-disminuyo-en-noviembre-como-le-fue-a-los-sectores-de-la-economia\/","name":"La actividad econ\u00f3mica disminuy\u00f3 en noviembre: c\u00f3mo le fue a los sectores de la econom\u00eda - Noticias Radio Reflejos","isPartOf":{"@id":"https:\/\/www.noticiasradioreflejos.com.ar\/2021\/#website"},"primaryImageOfPage":{"@id":"https:\/\/www.noticiasradioreflejos.com.ar\/2021\/la-actividad-economica-disminuyo-en-noviembre-como-le-fue-a-los-sectores-de-la-economia\/#primaryimage"},"image":{"@id":"https:\/\/www.noticiasradioreflejos.com.ar\/2021\/la-actividad-economica-disminuyo-en-noviembre-como-le-fue-a-los-sectores-de-la-economia\/#primaryimage"},"thumbnailUrl":"https:\/\/www.noticiasradioreflejos.com.ar\/2021\/wp-content\/uploads\/2026\/01\/industria.webp","datePublished":"2026-01-22T10:23:40+00:00","author":{"@id":"https:\/\/www.noticiasradioreflejos.com.ar\/2021\/#\/schema\/person\/ad82545263dcc5ec0996818884fd5fb1"},"breadcrumb":{"@id":"https:\/\/www.noticiasradioreflejos.com.ar\/2021\/la-actividad-economica-disminuyo-en-noviembre-como-le-fue-a-los-sectores-de-la-economia\/#breadcrumb"},"inLanguage":"es","potentialAction":[{"@type":"ReadAction","target":["https:\/\/www.noticiasradioreflejos.com.ar\/2021\/la-actividad-economica-disminuyo-en-noviembre-como-le-fue-a-los-sectores-de-la-economia\/"]}]},{"@type":"ImageObject","inLanguage":"es","@id":"https:\/\/www.noticiasradioreflejos.com.ar\/2021\/la-actividad-economica-disminuyo-en-noviembre-como-le-fue-a-los-sectores-de-la-economia\/#primaryimage","url":"https:\/\/www.noticiasradioreflejos.com.ar\/2021\/wp-content\/uploads\/2026\/01\/industria.webp","contentUrl":"https:\/\/www.noticiasradioreflejos.com.ar\/2021\/wp-content\/uploads\/2026\/01\/industria.webp","width":1080,"height":720},{"@type":"BreadcrumbList","@id":"https:\/\/www.noticiasradioreflejos.com.ar\/2021\/la-actividad-economica-disminuyo-en-noviembre-como-le-fue-a-los-sectores-de-la-economia\/#breadcrumb","itemListElement":[{"@type":"ListItem","position":1,"name":"Portada","item":"https:\/\/www.noticiasradioreflejos.com.ar\/2021\/"},{"@type":"ListItem","position":2,"name":"La actividad econ\u00f3mica disminuy\u00f3 en noviembre: c\u00f3mo le fue a los sectores de la econom\u00eda"}]},{"@type":"WebSite","@id":"https:\/\/www.noticiasradioreflejos.com.ar\/2021\/#website","url":"https:\/\/www.noticiasradioreflejos.com.ar\/2021\/","name":"Noticias Radio Reflejos","description":"Las noticias de mi comarca","potentialAction":[{"@type":"SearchAction","target":{"@type":"EntryPoint","urlTemplate":"https:\/\/www.noticiasradioreflejos.com.ar\/2021\/?s={search_term_string}"},"query-input":{"@type":"PropertyValueSpecification","valueRequired":true,"valueName":"search_term_string"}}],"inLanguage":"es"},{"@type":"Person","@id":"https:\/\/www.noticiasradioreflejos.com.ar\/2021\/#\/schema\/person\/ad82545263dcc5ec0996818884fd5fb1","name":"Arnaldo Botto","image":{"@type":"ImageObject","inLanguage":"es","@id":"https:\/\/www.noticiasradioreflejos.com.ar\/2021\/#\/schema\/person\/image\/","url":"https:\/\/secure.gravatar.com\/avatar\/55cb5e37c1efa326397366e6974cb338056df65cb50e7d64d1cf314e87504837?s=96&d=mm&r=g","contentUrl":"https:\/\/secure.gravatar.com\/avatar\/55cb5e37c1efa326397366e6974cb338056df65cb50e7d64d1cf314e87504837?s=96&d=mm&r=g","caption":"Arnaldo Botto"},"url":"https:\/\/www.noticiasradioreflejos.com.ar\/2021\/author\/arnaldo\/"}]}},"_links":{"self":[{"href":"https:\/\/www.noticiasradioreflejos.com.ar\/2021\/wp-json\/wp\/v2\/posts\/131692","targetHints":{"allow":["GET"]}}],"collection":[{"href":"https:\/\/www.noticiasradioreflejos.com.ar\/2021\/wp-json\/wp\/v2\/posts"}],"about":[{"href":"https:\/\/www.noticiasradioreflejos.com.ar\/2021\/wp-json\/wp\/v2\/types\/post"}],"author":[{"embeddable":true,"href":"https:\/\/www.noticiasradioreflejos.com.ar\/2021\/wp-json\/wp\/v2\/users\/3"}],"replies":[{"embeddable":true,"href":"https:\/\/www.noticiasradioreflejos.com.ar\/2021\/wp-json\/wp\/v2\/comments?post=131692"}],"version-history":[{"count":1,"href":"https:\/\/www.noticiasradioreflejos.com.ar\/2021\/wp-json\/wp\/v2\/posts\/131692\/revisions"}],"predecessor-version":[{"id":131694,"href":"https:\/\/www.noticiasradioreflejos.com.ar\/2021\/wp-json\/wp\/v2\/posts\/131692\/revisions\/131694"}],"wp:featuredmedia":[{"embeddable":true,"href":"https:\/\/www.noticiasradioreflejos.com.ar\/2021\/wp-json\/wp\/v2\/media\/131693"}],"wp:attachment":[{"href":"https:\/\/www.noticiasradioreflejos.com.ar\/2021\/wp-json\/wp\/v2\/media?parent=131692"}],"wp:term":[{"taxonomy":"category","embeddable":true,"href":"https:\/\/www.noticiasradioreflejos.com.ar\/2021\/wp-json\/wp\/v2\/categories?post=131692"},{"taxonomy":"post_tag","embeddable":true,"href":"https:\/\/www.noticiasradioreflejos.com.ar\/2021\/wp-json\/wp\/v2\/tags?post=131692"}],"curies":[{"name":"wp","href":"https:\/\/api.w.org\/{rel}","templated":true}]}}