{"id":131685,"date":"2026-01-22T07:15:57","date_gmt":"2026-01-22T10:15:57","guid":{"rendered":"https:\/\/www.noticiasradioreflejos.com.ar\/2021\/?p=131685"},"modified":"2026-01-22T07:15:57","modified_gmt":"2026-01-22T10:15:57","slug":"batacazo-midland-elimino-por-penales-a-argentinos-juniors-de-la-copa-argentina","status":"publish","type":"post","link":"https:\/\/www.noticiasradioreflejos.com.ar\/2021\/batacazo-midland-elimino-por-penales-a-argentinos-juniors-de-la-copa-argentina\/","title":{"rendered":"Batacazo: Midland elimin\u00f3 por penales a Argentinos Juniors de la Copa Argentina"},"content":{"rendered":"<p>Mauro Leguiza ataj\u00f3 tres penales, anot\u00f3 el definitivo, y sell\u00f3 la clasificaci\u00f3n hist\u00f3rica del \u201cFunebrero\u201d a la pr\u00f3xima ronda del campeonato.<!--more--><\/p>\n<div class=\"columns\" data-tadevel-template=\"web\/article-columns\">\n<div class=\"column-main\">\n<div class=\"live-event-football\" data-tadevel-template=\"web\/live-event-football\">\n<div class=\"head\"><\/div>\n<\/div>\n<figure class=\"multimedia\" data-tadevel-template=\"web\/multimedia\" data-type=\"photo\"><figcaption class=\"caption\"><\/figcaption><\/figure>\n<div class=\"article-body\" data-tadevel-template=\"web\/article-body\">\n<div class=\"article-body-content\">\n<p><i><\/i><strong>\u00a0Midland sorprendi\u00f3<\/strong>\u00a0y consigui\u00f3 una clasificaci\u00f3n hist\u00f3rica a los 16avos de final de la Copa Argentina tras vencer 6-5 por penales a Argentinos Juniors, luego de igualar 1-1 en el tiempo regular, en un encuentro llevado a cabo en el estadio Ciudad de Lan\u00fas.<\/p>\n<p>Seg\u00fan pudo averiguar la\u00a0<i><strong>Agencia Noticias Argentinas,<\/strong><\/i>\u00a0el arquero del \u201cFunebrero\u201d\u00a0<strong>Mauro Leguiza se convirti\u00f3 en h\u00e9roe<\/strong>\u00a0al tapar los disparos de Leandro Fern\u00e1ndez, Gino Infantino y Diego Porcel y anotar el remate definitorio para sellar el pase a la siguiente instancia del certamen.<\/p>\n<p>En tanto, Marcos Roseti, Lucas Vico, Rodrigo Cao, Emilio Porro y Genaro Cepeda anotaron los restantes para el elenco de Merlo, mientras que Lautaro D\u00edaz envi\u00f3 el suyo afuera y Nicol\u00e1s Violini se encontr\u00f3 con la resistencia de\u00a0<strong>Brayan Cort\u00e9s<\/strong>.<\/p>\n<p>Por su parte, para los dirigidos por Nicol\u00e1s Diez anotaron Alan Lesacno, Leandro Lozano, Francis Mac Allister, Francisco \u00c1lvarez y Tob\u00edas Ram\u00edrez.<\/p>\n<p>Con este resultado, los comandados por Joaqu\u00edn Iturrer\u00eda, quienes recientemente lograron el ascenso a la segunda divisi\u00f3n del f\u00fatbol argentino (Primera Nacional), dejaron en el camino al \u201cBicho\u201d en un batacazo y deber\u00e1n aguardar por el ganador entre Godoy Cruz y Deportivo Mor\u00f3n para conocer su rival en la pr\u00f3xima ronda.<\/p>\n<p>Los de la Paternal fueron superiores en la etapa inicial en cuanto a la tenencia de pelota y las oportunidades, pero no lograron inquietar por dem\u00e1s al arquero Mauro Leguiza y el encuentro se fue solamente 1-0 al descanso en ventaja para Argentinos Juniors, dejando con vida al elenco de la Primera Nacional.<\/p>\n<p>En una gran jugada colectiva, Tom\u00e1s Molina puso el cuerpo para controlar la pelota y tras una serie de asociaciones,\u00a0<strong>Leandro Lozano asisti\u00f3 a Alan Lescano<\/strong>, quien solamente debi\u00f3 empujar el bal\u00f3n al fondo de la red para abrir el marcador.<\/p>\n<p>Producto de la diferencia de jerarqu\u00eda en los planteles, se esperaba que el \u201cBicho\u201d se llevara por delante a los rivales, pero Midland se plant\u00f3 con autoridad y en el complemento logr\u00f3 la igualdad en los pies de\u00a0<strong>Agust\u00edn Campana<\/strong>.<\/p>\n<p>El extremo izquierdo domin\u00f3 el esf\u00e9rico con el pecho, dentro del \u00e1rea, y sac\u00f3 un derechazo letal que venci\u00f3 las manos del guardameta chileno Brayan Cort\u00e9s y puso el 1-1, resultado que se mantuvo hasta el final de la partida y llev\u00f3 el encuentro a los penales.<\/p>\n<p>Al\u00ed,\u00a0<strong>Mauro Leguiza se visti\u00f3 de h\u00e9roe<\/strong>\u00a0al contener los disparos desde los doce pasos de Leandro Fern\u00e1ndez, Gino Infantino y Diego Porcel, pidi\u00f3 patear el \u00faltimo penal y sentenci\u00f3 la clasificaci\u00f3n de Midland a los 16avos de final de la Copa Argentina.<\/p>\n<p><strong>S\u00edntesis de Argentinos Juniors \u2013 Midland por los 32avos de final de la Copa Argentina<\/strong><\/p>\n<p><strong>Copa Argentina<\/strong><\/p>\n<p><strong>32avos<\/strong><\/p>\n<p><strong>Argentinos Juniors 1 (5) \u2013 (6) 1 Midland<\/strong><\/p>\n<p><strong>Estadio:<\/strong>\u00a0<a href=\"https:\/\/noticiasargentinas.com\/deportes\/batacazo--midland-sorprendio-y-dejo-en-el-camino-a-argentinos-juniors-en-la-copa-argentina_a69718ca9cbf033dd99b3df96\">Ciudad de Lanus<\/a><\/p>\n<p><strong>\u00c1rbitro:<\/strong>\u00a0Luis Lobo Medina<\/p>\n<p><strong>Argentinos Jrs:\u00a0<\/strong>Brayan Cort\u00e9s; Sebasti\u00e1n Prieto, Tob\u00edas Ramirez, Francisco \u00c1lvarez, Leandro Lozano; Nicol\u00e1s Oroz, Enzo P\u00e9rez; Lautaro Giaccone, Alan Lescano, Hern\u00e1n L\u00f3pez; Tom\u00e1s Molina. DT: Nicol\u00e1s Diez.<\/p>\n<p><strong>Midland:\u00a0<\/strong>Mauro Leguiza; Pablo Casarico, Fernando Gonz\u00e1lez, Genaro Cepeda, Lautaro Diaz; Nicol\u00e1s Violini, Mat\u00edas Flores, Dylan Aguilar, Agust\u00edn Campana; Marcos Roseti, Jeremias Perales. DT: Joaqu\u00edn Iturrer\u00eda.<\/p>\n<p><strong>Gol en el primer tiempo:\u00a0<\/strong>23m Alan Lescano (A).<\/p>\n<p><strong>Gol en el segundo tiempo:\u00a0<\/strong>11m Agust\u00edn Campana (M).<\/p>\n<p><strong>.<\/strong><\/p>\n<p><strong>Cambios en el segundo tiempo:\u00a0<\/strong>al inicio Diego Porcel por Hern\u00e1n L\u00f3pez Mu\u00f1oz (A); al inicio Rodrigo Cao por Dylan Aguilar (M); al inicio Jesus Cama\u00f1o por Mat\u00edas Flores (M); 06m Francis Mac Allister por Enzo P\u00e9rez (A); 17m Leandro Fern\u00e1ndez por Lautaro Giaccone (A); 28m Gino Infantino por Nicol\u00e1s Oroz (A); 28m Claudio Bravo por Sebasti\u00e1n Prieto (A); 28m Emilio Porro por Agust\u00edn Campana (M); 28m Leonel Gigli por Jeremias Perales (M); 45m Lucas Vico por Jesus Cama\u00f1o (M).<\/p>\n<p><strong>Penales anotados:\u00a0<\/strong>Alan Lescano (A); Marcos Roseti (M); Leandro Lozano (A); Lucas Vico (M); Francis Mac Allister (A); Rodrigo Cao (M); Francisco \u00c1lvarez (A); Emilio Porro (M); Tob\u00edas Ram\u00edrez (A); Genaro Cepeda (M); Mauro Leguiza (M).<\/p>\n<p><strong>Penales errados:\u00a0<\/strong>Lautaro D\u00edaz (M); Leandro Fern\u00e1ndez (A); Gino Infantino (A); Nicol\u00e1s Violini (M); Diego Porcel (A).<\/p>\n<p><a href=\"https:\/\/noticiasargentinas.com\/-agenciana_t6916e70a4551e78eb9423f59\">#AgenciaNA<\/a><\/p>\n<\/div>\n<\/div>\n<\/div>\n<\/div>\n","protected":false},"excerpt":{"rendered":"<p>Mauro Leguiza ataj\u00f3 tres penales, anot\u00f3 el definitivo, y sell\u00f3 la clasificaci\u00f3n hist\u00f3rica del \u201cFunebrero\u201d a la pr\u00f3xima ronda del campeonato.<\/p>\n","protected":false},"author":3,"featured_media":0,"comment_status":"closed","ping_status":"closed","sticky":false,"template":"","format":"standard","meta":{"footnotes":""},"categories":[27],"tags":[],"class_list":["post-131685","post","type-post","status-publish","format-standard","hentry","category-deportes"],"yoast_head":"<!-- This site is optimized with the Yoast SEO plugin v25.9 - https:\/\/yoast.com\/wordpress\/plugins\/seo\/ -->\n<title>Batacazo: Midland elimin\u00f3 por penales a Argentinos Juniors de la Copa Argentina - Noticias Radio Reflejos<\/title>\n<meta name=\"robots\" content=\"index, follow, max-snippet:-1, max-image-preview:large, max-video-preview:-1\" \/>\n<link rel=\"canonical\" href=\"https:\/\/www.noticiasradioreflejos.com.ar\/2021\/batacazo-midland-elimino-por-penales-a-argentinos-juniors-de-la-copa-argentina\/\" \/>\n<meta property=\"og:locale\" content=\"es_ES\" \/>\n<meta property=\"og:type\" content=\"article\" \/>\n<meta property=\"og:title\" content=\"Batacazo: Midland elimin\u00f3 por penales a Argentinos Juniors de la Copa Argentina - Noticias Radio Reflejos\" \/>\n<meta property=\"og:description\" content=\"Mauro Leguiza ataj\u00f3 tres penales, anot\u00f3 el definitivo, y sell\u00f3 la clasificaci\u00f3n hist\u00f3rica del \u201cFunebrero\u201d a la pr\u00f3xima ronda del campeonato.\" \/>\n<meta property=\"og:url\" content=\"https:\/\/www.noticiasradioreflejos.com.ar\/2021\/batacazo-midland-elimino-por-penales-a-argentinos-juniors-de-la-copa-argentina\/\" \/>\n<meta property=\"og:site_name\" content=\"Noticias Radio Reflejos\" \/>\n<meta property=\"article:published_time\" content=\"2026-01-22T10:15:57+00:00\" \/>\n<meta property=\"og:image\" content=\"https:\/\/www.noticiasradioreflejos.com.ar\/2021\/wp-content\/uploads\/2026\/01\/720-6.webp\" \/>\n\t<meta property=\"og:image:width\" content=\"1079\" \/>\n\t<meta property=\"og:image:height\" content=\"720\" \/>\n\t<meta property=\"og:image:type\" content=\"image\/webp\" \/>\n<meta name=\"author\" content=\"Arnaldo Botto\" \/>\n<meta name=\"twitter:card\" content=\"summary_large_image\" \/>\n<script type=\"application\/ld+json\" class=\"yoast-schema-graph\">{\"@context\":\"https:\/\/schema.org\",\"@graph\":[{\"@type\":\"WebPage\",\"@id\":\"https:\/\/www.noticiasradioreflejos.com.ar\/2021\/batacazo-midland-elimino-por-penales-a-argentinos-juniors-de-la-copa-argentina\/\",\"url\":\"https:\/\/www.noticiasradioreflejos.com.ar\/2021\/batacazo-midland-elimino-por-penales-a-argentinos-juniors-de-la-copa-argentina\/\",\"name\":\"Batacazo: Midland elimin\u00f3 por penales a Argentinos Juniors de la Copa Argentina - Noticias Radio Reflejos\",\"isPartOf\":{\"@id\":\"https:\/\/www.noticiasradioreflejos.com.ar\/2021\/#website\"},\"datePublished\":\"2026-01-22T10:15:57+00:00\",\"author\":{\"@id\":\"https:\/\/www.noticiasradioreflejos.com.ar\/2021\/#\/schema\/person\/ad82545263dcc5ec0996818884fd5fb1\"},\"breadcrumb\":{\"@id\":\"https:\/\/www.noticiasradioreflejos.com.ar\/2021\/batacazo-midland-elimino-por-penales-a-argentinos-juniors-de-la-copa-argentina\/#breadcrumb\"},\"inLanguage\":\"es\",\"potentialAction\":[{\"@type\":\"ReadAction\",\"target\":[\"https:\/\/www.noticiasradioreflejos.com.ar\/2021\/batacazo-midland-elimino-por-penales-a-argentinos-juniors-de-la-copa-argentina\/\"]}]},{\"@type\":\"BreadcrumbList\",\"@id\":\"https:\/\/www.noticiasradioreflejos.com.ar\/2021\/batacazo-midland-elimino-por-penales-a-argentinos-juniors-de-la-copa-argentina\/#breadcrumb\",\"itemListElement\":[{\"@type\":\"ListItem\",\"position\":1,\"name\":\"Portada\",\"item\":\"https:\/\/www.noticiasradioreflejos.com.ar\/2021\/\"},{\"@type\":\"ListItem\",\"position\":2,\"name\":\"Batacazo: Midland elimin\u00f3 por penales a Argentinos Juniors de la Copa Argentina\"}]},{\"@type\":\"WebSite\",\"@id\":\"https:\/\/www.noticiasradioreflejos.com.ar\/2021\/#website\",\"url\":\"https:\/\/www.noticiasradioreflejos.com.ar\/2021\/\",\"name\":\"Noticias Radio Reflejos\",\"description\":\"Las noticias de mi comarca\",\"potentialAction\":[{\"@type\":\"SearchAction\",\"target\":{\"@type\":\"EntryPoint\",\"urlTemplate\":\"https:\/\/www.noticiasradioreflejos.com.ar\/2021\/?s={search_term_string}\"},\"query-input\":{\"@type\":\"PropertyValueSpecification\",\"valueRequired\":true,\"valueName\":\"search_term_string\"}}],\"inLanguage\":\"es\"},{\"@type\":\"Person\",\"@id\":\"https:\/\/www.noticiasradioreflejos.com.ar\/2021\/#\/schema\/person\/ad82545263dcc5ec0996818884fd5fb1\",\"name\":\"Arnaldo Botto\",\"image\":{\"@type\":\"ImageObject\",\"inLanguage\":\"es\",\"@id\":\"https:\/\/www.noticiasradioreflejos.com.ar\/2021\/#\/schema\/person\/image\/\",\"url\":\"https:\/\/secure.gravatar.com\/avatar\/55cb5e37c1efa326397366e6974cb338056df65cb50e7d64d1cf314e87504837?s=96&d=mm&r=g\",\"contentUrl\":\"https:\/\/secure.gravatar.com\/avatar\/55cb5e37c1efa326397366e6974cb338056df65cb50e7d64d1cf314e87504837?s=96&d=mm&r=g\",\"caption\":\"Arnaldo Botto\"},\"url\":\"https:\/\/www.noticiasradioreflejos.com.ar\/2021\/author\/arnaldo\/\"}]}<\/script>\n<!-- \/ Yoast SEO plugin. -->","yoast_head_json":{"title":"Batacazo: Midland elimin\u00f3 por penales a Argentinos Juniors de la Copa Argentina - Noticias Radio Reflejos","robots":{"index":"index","follow":"follow","max-snippet":"max-snippet:-1","max-image-preview":"max-image-preview:large","max-video-preview":"max-video-preview:-1"},"canonical":"https:\/\/www.noticiasradioreflejos.com.ar\/2021\/batacazo-midland-elimino-por-penales-a-argentinos-juniors-de-la-copa-argentina\/","og_locale":"es_ES","og_type":"article","og_title":"Batacazo: Midland elimin\u00f3 por penales a Argentinos Juniors de la Copa Argentina - Noticias Radio Reflejos","og_description":"Mauro Leguiza ataj\u00f3 tres penales, anot\u00f3 el definitivo, y sell\u00f3 la clasificaci\u00f3n hist\u00f3rica del \u201cFunebrero\u201d a la pr\u00f3xima ronda del campeonato.","og_url":"https:\/\/www.noticiasradioreflejos.com.ar\/2021\/batacazo-midland-elimino-por-penales-a-argentinos-juniors-de-la-copa-argentina\/","og_site_name":"Noticias Radio Reflejos","article_published_time":"2026-01-22T10:15:57+00:00","og_image":[{"width":1079,"height":720,"url":"https:\/\/www.noticiasradioreflejos.com.ar\/2021\/wp-content\/uploads\/2026\/01\/720-6.webp","type":"image\/webp"}],"author":"Arnaldo Botto","twitter_card":"summary_large_image","schema":{"@context":"https:\/\/schema.org","@graph":[{"@type":"WebPage","@id":"https:\/\/www.noticiasradioreflejos.com.ar\/2021\/batacazo-midland-elimino-por-penales-a-argentinos-juniors-de-la-copa-argentina\/","url":"https:\/\/www.noticiasradioreflejos.com.ar\/2021\/batacazo-midland-elimino-por-penales-a-argentinos-juniors-de-la-copa-argentina\/","name":"Batacazo: Midland elimin\u00f3 por penales a Argentinos Juniors de la Copa Argentina - Noticias Radio Reflejos","isPartOf":{"@id":"https:\/\/www.noticiasradioreflejos.com.ar\/2021\/#website"},"datePublished":"2026-01-22T10:15:57+00:00","author":{"@id":"https:\/\/www.noticiasradioreflejos.com.ar\/2021\/#\/schema\/person\/ad82545263dcc5ec0996818884fd5fb1"},"breadcrumb":{"@id":"https:\/\/www.noticiasradioreflejos.com.ar\/2021\/batacazo-midland-elimino-por-penales-a-argentinos-juniors-de-la-copa-argentina\/#breadcrumb"},"inLanguage":"es","potentialAction":[{"@type":"ReadAction","target":["https:\/\/www.noticiasradioreflejos.com.ar\/2021\/batacazo-midland-elimino-por-penales-a-argentinos-juniors-de-la-copa-argentina\/"]}]},{"@type":"BreadcrumbList","@id":"https:\/\/www.noticiasradioreflejos.com.ar\/2021\/batacazo-midland-elimino-por-penales-a-argentinos-juniors-de-la-copa-argentina\/#breadcrumb","itemListElement":[{"@type":"ListItem","position":1,"name":"Portada","item":"https:\/\/www.noticiasradioreflejos.com.ar\/2021\/"},{"@type":"ListItem","position":2,"name":"Batacazo: Midland elimin\u00f3 por penales a Argentinos Juniors de la Copa Argentina"}]},{"@type":"WebSite","@id":"https:\/\/www.noticiasradioreflejos.com.ar\/2021\/#website","url":"https:\/\/www.noticiasradioreflejos.com.ar\/2021\/","name":"Noticias Radio Reflejos","description":"Las noticias de mi comarca","potentialAction":[{"@type":"SearchAction","target":{"@type":"EntryPoint","urlTemplate":"https:\/\/www.noticiasradioreflejos.com.ar\/2021\/?s={search_term_string}"},"query-input":{"@type":"PropertyValueSpecification","valueRequired":true,"valueName":"search_term_string"}}],"inLanguage":"es"},{"@type":"Person","@id":"https:\/\/www.noticiasradioreflejos.com.ar\/2021\/#\/schema\/person\/ad82545263dcc5ec0996818884fd5fb1","name":"Arnaldo Botto","image":{"@type":"ImageObject","inLanguage":"es","@id":"https:\/\/www.noticiasradioreflejos.com.ar\/2021\/#\/schema\/person\/image\/","url":"https:\/\/secure.gravatar.com\/avatar\/55cb5e37c1efa326397366e6974cb338056df65cb50e7d64d1cf314e87504837?s=96&d=mm&r=g","contentUrl":"https:\/\/secure.gravatar.com\/avatar\/55cb5e37c1efa326397366e6974cb338056df65cb50e7d64d1cf314e87504837?s=96&d=mm&r=g","caption":"Arnaldo Botto"},"url":"https:\/\/www.noticiasradioreflejos.com.ar\/2021\/author\/arnaldo\/"}]}},"_links":{"self":[{"href":"https:\/\/www.noticiasradioreflejos.com.ar\/2021\/wp-json\/wp\/v2\/posts\/131685","targetHints":{"allow":["GET"]}}],"collection":[{"href":"https:\/\/www.noticiasradioreflejos.com.ar\/2021\/wp-json\/wp\/v2\/posts"}],"about":[{"href":"https:\/\/www.noticiasradioreflejos.com.ar\/2021\/wp-json\/wp\/v2\/types\/post"}],"author":[{"embeddable":true,"href":"https:\/\/www.noticiasradioreflejos.com.ar\/2021\/wp-json\/wp\/v2\/users\/3"}],"replies":[{"embeddable":true,"href":"https:\/\/www.noticiasradioreflejos.com.ar\/2021\/wp-json\/wp\/v2\/comments?post=131685"}],"version-history":[{"count":1,"href":"https:\/\/www.noticiasradioreflejos.com.ar\/2021\/wp-json\/wp\/v2\/posts\/131685\/revisions"}],"predecessor-version":[{"id":131687,"href":"https:\/\/www.noticiasradioreflejos.com.ar\/2021\/wp-json\/wp\/v2\/posts\/131685\/revisions\/131687"}],"wp:attachment":[{"href":"https:\/\/www.noticiasradioreflejos.com.ar\/2021\/wp-json\/wp\/v2\/media?parent=131685"}],"wp:term":[{"taxonomy":"category","embeddable":true,"href":"https:\/\/www.noticiasradioreflejos.com.ar\/2021\/wp-json\/wp\/v2\/categories?post=131685"},{"taxonomy":"post_tag","embeddable":true,"href":"https:\/\/www.noticiasradioreflejos.com.ar\/2021\/wp-json\/wp\/v2\/tags?post=131685"}],"curies":[{"name":"wp","href":"https:\/\/api.w.org\/{rel}","templated":true}]}}