{"id":131681,"date":"2026-01-22T07:11:07","date_gmt":"2026-01-22T10:11:07","guid":{"rendered":"https:\/\/www.noticiasradioreflejos.com.ar\/2021\/?p=131681"},"modified":"2026-01-22T07:12:12","modified_gmt":"2026-01-22T10:12:12","slug":"incendio-en-ruta-51-el-testimonio-del-estacionero-que-denuncio-negligencia-en-los-hornos-de-ladrillos","status":"publish","type":"post","link":"https:\/\/www.noticiasradioreflejos.com.ar\/2021\/incendio-en-ruta-51-el-testimonio-del-estacionero-que-denuncio-negligencia-en-los-hornos-de-ladrillos\/","title":{"rendered":"Incendio en Ruta 51: El testimonio del estacionero que denunci\u00f3 negligencia en los hornos de ladrillos"},"content":{"rendered":"<p>El fuego que destruy\u00f3 veh\u00edculos en el dep\u00f3sito de la Polic\u00eda Caminera se habr\u00eda originado en los hornos de ladrillos de la zona. Favio Rodr\u00edguez, titular de la estaci\u00f3n de servicio afectada, calific\u00f3 de \u00abinexplicable\u00bb que estos hornos funcionen en d\u00edas de extremo calor y viento. \u00abNos asustamos bastante\u00bb, confes\u00f3 tras el operativo que oblig\u00f3 a paralizar la venta de combustible.<br \/>\n<!--more--><\/p>\n<p data-path-to-node=\"6\">Un incendio de pastizales de grandes proporciones, impulsado por las fuertes r\u00e1fagas de viento, alcanz\u00f3 ayer el predio de la Polic\u00eda Caminera en el acceso a Bah\u00eda Blanca. El fuego destruy\u00f3 decenas de autos secuestrados y oblig\u00f3 a un masivo operativo de emergencia que incluy\u00f3 cortes de tr\u00e1nsito en la rotonda del Aeropuerto y el desalojo preventivo de una estaci\u00f3n de servicio.<\/p>\n<p data-path-to-node=\"6\">\n<div style=\"width: 848px;\" class=\"wp-video\"><video class=\"wp-video-shortcode\" id=\"video-131681-1\" width=\"848\" height=\"478\" preload=\"metadata\" controls=\"controls\"><source type=\"video\/mp4\" src=\"https:\/\/www.noticiasradioreflejos.com.ar\/2021\/wp-content\/uploads\/2026\/01\/WhatsApp-Video-2026-01-21-at-18.12.54.mp4?_=1\" \/><a href=\"https:\/\/www.noticiasradioreflejos.com.ar\/2021\/wp-content\/uploads\/2026\/01\/WhatsApp-Video-2026-01-21-at-18.12.54.mp4\">https:\/\/www.noticiasradioreflejos.com.ar\/2021\/wp-content\/uploads\/2026\/01\/WhatsApp-Video-2026-01-21-at-18.12.54.mp4<\/a><\/video><\/div>\n<p data-path-to-node=\"6\">Lo que inicialmente parec\u00eda un incendio de pastizales fortuito ha tomado un giro pol\u00e9mico tras las declaraciones de los comerciantes locales. Seg\u00fan detall\u00f3 <b data-path-to-node=\"6\" data-index-in-node=\"156\">Favio Rodr\u00edguez<\/b>, titular de la estaci\u00f3n de servicio ubicada en las cercan\u00edas de la rotonda del Aeropuerto, el foco \u00edgneo comenz\u00f3 detr\u00e1s de su establecimiento, originado por la actividad de los <b data-path-to-node=\"6\" data-index-in-node=\"349\">hornos de ladrillos<\/b> que funcionan en ese sector.<\/p>\n<p data-path-to-node=\"7\"><i data-path-to-node=\"7\" data-index-in-node=\"0\">\u00abEs inexplicable que sigan funcionando en estos tiempos, con este viento y calor; es un escenario ideal para la propagaci\u00f3n de un evento de este tipo\u00bb<\/i>, sentenci\u00f3 Rodr\u00edguez en declaraciones radiales, apuntando a la falta de prevenci\u00f3n en una zona que ya hab\u00eda sufrido un incendio similar semanas atr\u00e1s.<\/p>\n<h3 data-path-to-node=\"8\"><b data-path-to-node=\"8\" data-index-in-node=\"0\">Momentos de tensi\u00f3n y protocolos de emergencia<\/b><\/h3>\n<p data-path-to-node=\"9\">El relato del estacionero describe la velocidad con la que avanzaron las llamas sobre la Ruta 51; \u00a0<i data-path-to-node=\"10,0,0\" data-index-in-node=\"23\">\u00abInici\u00f3 atr\u00e1s de la estaci\u00f3n y se mantuvo en paralelo por el viento norte hasta que lleg\u00f3 a la caminera\u00bb<\/i>, explic\u00f3.<\/p>\n<p data-path-to-node=\"10,1,0\">Si bien el fuego se alej\u00f3 inicialmente, luego comenz\u00f3 a retroceder hacia la estaci\u00f3n de servicio. <i data-path-to-node=\"10,1,0\" data-index-in-node=\"116\">\u00abSe control\u00f3 para generar cortafuegos, pero nos asustamos bastante\u00bb<\/i>, reconoci\u00f3 el comerciante. \u00a0Siguiendo los protocolos internos de seguridad, la estaci\u00f3n debi\u00f3 frenar el expendio de combustible durante varias horas mientras dotaciones de Bomberos y Defensa Civil combat\u00edan las llamas.<\/p>\n<h3 data-path-to-node=\"11\"><b data-path-to-node=\"11\" data-index-in-node=\"0\">Da\u00f1os en la Polic\u00eda Caminera<\/b><\/h3>\n<p data-path-to-node=\"12\">La columna de humo, que alternaba entre tonalidades blancas y negras, fue el resultado de la combusti\u00f3n de los veh\u00edculos secuestrados en el predio de la Polic\u00eda Vial. El fuego alcanz\u00f3 el dep\u00f3sito judicial, provocando da\u00f1os totales en una cantidad a\u00fan no precisada de unidades.<\/p>\n<p data-path-to-node=\"13\">Actualmente, <b data-path-to-node=\"13\" data-index-in-node=\"13\">la situaci\u00f3n se encuentra controlada y se puede circular por el sector con precauci\u00f3n<\/b>, aunque persiste el malestar entre los vecinos y comerciantes por la repetici\u00f3n de estos siniestros en una zona cr\u00edtica de acceso a Bah\u00eda Blanca.<\/p>\n<p data-path-to-node=\"13\">\n<p data-path-to-node=\"13\"><em><strong>Fuente Frente A Cano<\/strong><\/em><\/p>\n","protected":false},"excerpt":{"rendered":"<p>El fuego que destruy\u00f3 veh\u00edculos en el dep\u00f3sito de la Polic\u00eda Caminera se habr\u00eda originado en los hornos de ladrillos de la zona. Favio Rodr\u00edguez, titular de la estaci\u00f3n de servicio afectada, calific\u00f3 de \u00abinexplicable\u00bb que estos hornos funcionen en d\u00edas de extremo calor y viento. \u00abNos asustamos bastante\u00bb, confes\u00f3 tras el operativo que oblig\u00f3 [&hellip;]<\/p>\n","protected":false},"author":3,"featured_media":131682,"comment_status":"closed","ping_status":"closed","sticky":false,"template":"","format":"standard","meta":{"footnotes":""},"categories":[26],"tags":[],"class_list":["post-131681","post","type-post","status-publish","format-standard","has-post-thumbnail","hentry","category-sociedad"],"yoast_head":"<!-- This site is optimized with the Yoast SEO plugin v25.9 - https:\/\/yoast.com\/wordpress\/plugins\/seo\/ -->\n<title>Incendio en Ruta 51: El testimonio del estacionero que denunci\u00f3 negligencia en los hornos de ladrillos - Noticias Radio Reflejos<\/title>\n<meta name=\"robots\" content=\"index, follow, max-snippet:-1, max-image-preview:large, max-video-preview:-1\" \/>\n<link rel=\"canonical\" href=\"https:\/\/www.noticiasradioreflejos.com.ar\/2021\/incendio-en-ruta-51-el-testimonio-del-estacionero-que-denuncio-negligencia-en-los-hornos-de-ladrillos\/\" \/>\n<meta property=\"og:locale\" content=\"es_ES\" \/>\n<meta property=\"og:type\" content=\"article\" \/>\n<meta property=\"og:title\" content=\"Incendio en Ruta 51: El testimonio del estacionero que denunci\u00f3 negligencia en los hornos de ladrillos - Noticias Radio Reflejos\" \/>\n<meta property=\"og:description\" content=\"El fuego que destruy\u00f3 veh\u00edculos en el dep\u00f3sito de la Polic\u00eda Caminera se habr\u00eda originado en los hornos de ladrillos de la zona. Favio Rodr\u00edguez, titular de la estaci\u00f3n de servicio afectada, calific\u00f3 de \u00abinexplicable\u00bb que estos hornos funcionen en d\u00edas de extremo calor y viento. \u00abNos asustamos bastante\u00bb, confes\u00f3 tras el operativo que oblig\u00f3 [&hellip;]\" \/>\n<meta property=\"og:url\" content=\"https:\/\/www.noticiasradioreflejos.com.ar\/2021\/incendio-en-ruta-51-el-testimonio-del-estacionero-que-denuncio-negligencia-en-los-hornos-de-ladrillos\/\" \/>\n<meta property=\"og:site_name\" content=\"Noticias Radio Reflejos\" \/>\n<meta property=\"article:published_time\" content=\"2026-01-22T10:11:07+00:00\" \/>\n<meta property=\"article:modified_time\" content=\"2026-01-22T10:12:12+00:00\" \/>\n<meta property=\"og:image\" content=\"https:\/\/www.noticiasradioreflejos.com.ar\/2021\/wp-content\/uploads\/2026\/01\/incendio-caminera-1024x671-1.webp\" \/>\n\t<meta property=\"og:image:width\" content=\"1024\" \/>\n\t<meta property=\"og:image:height\" content=\"671\" \/>\n\t<meta property=\"og:image:type\" content=\"image\/webp\" \/>\n<meta name=\"author\" content=\"Arnaldo Botto\" \/>\n<meta name=\"twitter:card\" content=\"summary_large_image\" \/>\n<script type=\"application\/ld+json\" class=\"yoast-schema-graph\">{\"@context\":\"https:\/\/schema.org\",\"@graph\":[{\"@type\":\"WebPage\",\"@id\":\"https:\/\/www.noticiasradioreflejos.com.ar\/2021\/incendio-en-ruta-51-el-testimonio-del-estacionero-que-denuncio-negligencia-en-los-hornos-de-ladrillos\/\",\"url\":\"https:\/\/www.noticiasradioreflejos.com.ar\/2021\/incendio-en-ruta-51-el-testimonio-del-estacionero-que-denuncio-negligencia-en-los-hornos-de-ladrillos\/\",\"name\":\"Incendio en Ruta 51: El testimonio del estacionero que denunci\u00f3 negligencia en los hornos de ladrillos - Noticias Radio Reflejos\",\"isPartOf\":{\"@id\":\"https:\/\/www.noticiasradioreflejos.com.ar\/2021\/#website\"},\"primaryImageOfPage\":{\"@id\":\"https:\/\/www.noticiasradioreflejos.com.ar\/2021\/incendio-en-ruta-51-el-testimonio-del-estacionero-que-denuncio-negligencia-en-los-hornos-de-ladrillos\/#primaryimage\"},\"image\":{\"@id\":\"https:\/\/www.noticiasradioreflejos.com.ar\/2021\/incendio-en-ruta-51-el-testimonio-del-estacionero-que-denuncio-negligencia-en-los-hornos-de-ladrillos\/#primaryimage\"},\"thumbnailUrl\":\"https:\/\/www.noticiasradioreflejos.com.ar\/2021\/wp-content\/uploads\/2026\/01\/incendio-caminera-1024x671-1.webp\",\"datePublished\":\"2026-01-22T10:11:07+00:00\",\"dateModified\":\"2026-01-22T10:12:12+00:00\",\"author\":{\"@id\":\"https:\/\/www.noticiasradioreflejos.com.ar\/2021\/#\/schema\/person\/ad82545263dcc5ec0996818884fd5fb1\"},\"breadcrumb\":{\"@id\":\"https:\/\/www.noticiasradioreflejos.com.ar\/2021\/incendio-en-ruta-51-el-testimonio-del-estacionero-que-denuncio-negligencia-en-los-hornos-de-ladrillos\/#breadcrumb\"},\"inLanguage\":\"es\",\"potentialAction\":[{\"@type\":\"ReadAction\",\"target\":[\"https:\/\/www.noticiasradioreflejos.com.ar\/2021\/incendio-en-ruta-51-el-testimonio-del-estacionero-que-denuncio-negligencia-en-los-hornos-de-ladrillos\/\"]}]},{\"@type\":\"ImageObject\",\"inLanguage\":\"es\",\"@id\":\"https:\/\/www.noticiasradioreflejos.com.ar\/2021\/incendio-en-ruta-51-el-testimonio-del-estacionero-que-denuncio-negligencia-en-los-hornos-de-ladrillos\/#primaryimage\",\"url\":\"https:\/\/www.noticiasradioreflejos.com.ar\/2021\/wp-content\/uploads\/2026\/01\/incendio-caminera-1024x671-1.webp\",\"contentUrl\":\"https:\/\/www.noticiasradioreflejos.com.ar\/2021\/wp-content\/uploads\/2026\/01\/incendio-caminera-1024x671-1.webp\",\"width\":1024,\"height\":671},{\"@type\":\"BreadcrumbList\",\"@id\":\"https:\/\/www.noticiasradioreflejos.com.ar\/2021\/incendio-en-ruta-51-el-testimonio-del-estacionero-que-denuncio-negligencia-en-los-hornos-de-ladrillos\/#breadcrumb\",\"itemListElement\":[{\"@type\":\"ListItem\",\"position\":1,\"name\":\"Portada\",\"item\":\"https:\/\/www.noticiasradioreflejos.com.ar\/2021\/\"},{\"@type\":\"ListItem\",\"position\":2,\"name\":\"Incendio en Ruta 51: El testimonio del estacionero que denunci\u00f3 negligencia en los hornos de ladrillos\"}]},{\"@type\":\"WebSite\",\"@id\":\"https:\/\/www.noticiasradioreflejos.com.ar\/2021\/#website\",\"url\":\"https:\/\/www.noticiasradioreflejos.com.ar\/2021\/\",\"name\":\"Noticias Radio Reflejos\",\"description\":\"Las noticias de mi comarca\",\"potentialAction\":[{\"@type\":\"SearchAction\",\"target\":{\"@type\":\"EntryPoint\",\"urlTemplate\":\"https:\/\/www.noticiasradioreflejos.com.ar\/2021\/?s={search_term_string}\"},\"query-input\":{\"@type\":\"PropertyValueSpecification\",\"valueRequired\":true,\"valueName\":\"search_term_string\"}}],\"inLanguage\":\"es\"},{\"@type\":\"Person\",\"@id\":\"https:\/\/www.noticiasradioreflejos.com.ar\/2021\/#\/schema\/person\/ad82545263dcc5ec0996818884fd5fb1\",\"name\":\"Arnaldo Botto\",\"image\":{\"@type\":\"ImageObject\",\"inLanguage\":\"es\",\"@id\":\"https:\/\/www.noticiasradioreflejos.com.ar\/2021\/#\/schema\/person\/image\/\",\"url\":\"https:\/\/secure.gravatar.com\/avatar\/55cb5e37c1efa326397366e6974cb338056df65cb50e7d64d1cf314e87504837?s=96&d=mm&r=g\",\"contentUrl\":\"https:\/\/secure.gravatar.com\/avatar\/55cb5e37c1efa326397366e6974cb338056df65cb50e7d64d1cf314e87504837?s=96&d=mm&r=g\",\"caption\":\"Arnaldo Botto\"},\"url\":\"https:\/\/www.noticiasradioreflejos.com.ar\/2021\/author\/arnaldo\/\"}]}<\/script>\n<!-- \/ Yoast SEO plugin. -->","yoast_head_json":{"title":"Incendio en Ruta 51: El testimonio del estacionero que denunci\u00f3 negligencia en los hornos de ladrillos - Noticias Radio Reflejos","robots":{"index":"index","follow":"follow","max-snippet":"max-snippet:-1","max-image-preview":"max-image-preview:large","max-video-preview":"max-video-preview:-1"},"canonical":"https:\/\/www.noticiasradioreflejos.com.ar\/2021\/incendio-en-ruta-51-el-testimonio-del-estacionero-que-denuncio-negligencia-en-los-hornos-de-ladrillos\/","og_locale":"es_ES","og_type":"article","og_title":"Incendio en Ruta 51: El testimonio del estacionero que denunci\u00f3 negligencia en los hornos de ladrillos - Noticias Radio Reflejos","og_description":"El fuego que destruy\u00f3 veh\u00edculos en el dep\u00f3sito de la Polic\u00eda Caminera se habr\u00eda originado en los hornos de ladrillos de la zona. Favio Rodr\u00edguez, titular de la estaci\u00f3n de servicio afectada, calific\u00f3 de \u00abinexplicable\u00bb que estos hornos funcionen en d\u00edas de extremo calor y viento. \u00abNos asustamos bastante\u00bb, confes\u00f3 tras el operativo que oblig\u00f3 [&hellip;]","og_url":"https:\/\/www.noticiasradioreflejos.com.ar\/2021\/incendio-en-ruta-51-el-testimonio-del-estacionero-que-denuncio-negligencia-en-los-hornos-de-ladrillos\/","og_site_name":"Noticias Radio Reflejos","article_published_time":"2026-01-22T10:11:07+00:00","article_modified_time":"2026-01-22T10:12:12+00:00","og_image":[{"width":1024,"height":671,"url":"https:\/\/www.noticiasradioreflejos.com.ar\/2021\/wp-content\/uploads\/2026\/01\/incendio-caminera-1024x671-1.webp","type":"image\/webp"}],"author":"Arnaldo Botto","twitter_card":"summary_large_image","schema":{"@context":"https:\/\/schema.org","@graph":[{"@type":"WebPage","@id":"https:\/\/www.noticiasradioreflejos.com.ar\/2021\/incendio-en-ruta-51-el-testimonio-del-estacionero-que-denuncio-negligencia-en-los-hornos-de-ladrillos\/","url":"https:\/\/www.noticiasradioreflejos.com.ar\/2021\/incendio-en-ruta-51-el-testimonio-del-estacionero-que-denuncio-negligencia-en-los-hornos-de-ladrillos\/","name":"Incendio en Ruta 51: El testimonio del estacionero que denunci\u00f3 negligencia en los hornos de ladrillos - Noticias Radio Reflejos","isPartOf":{"@id":"https:\/\/www.noticiasradioreflejos.com.ar\/2021\/#website"},"primaryImageOfPage":{"@id":"https:\/\/www.noticiasradioreflejos.com.ar\/2021\/incendio-en-ruta-51-el-testimonio-del-estacionero-que-denuncio-negligencia-en-los-hornos-de-ladrillos\/#primaryimage"},"image":{"@id":"https:\/\/www.noticiasradioreflejos.com.ar\/2021\/incendio-en-ruta-51-el-testimonio-del-estacionero-que-denuncio-negligencia-en-los-hornos-de-ladrillos\/#primaryimage"},"thumbnailUrl":"https:\/\/www.noticiasradioreflejos.com.ar\/2021\/wp-content\/uploads\/2026\/01\/incendio-caminera-1024x671-1.webp","datePublished":"2026-01-22T10:11:07+00:00","dateModified":"2026-01-22T10:12:12+00:00","author":{"@id":"https:\/\/www.noticiasradioreflejos.com.ar\/2021\/#\/schema\/person\/ad82545263dcc5ec0996818884fd5fb1"},"breadcrumb":{"@id":"https:\/\/www.noticiasradioreflejos.com.ar\/2021\/incendio-en-ruta-51-el-testimonio-del-estacionero-que-denuncio-negligencia-en-los-hornos-de-ladrillos\/#breadcrumb"},"inLanguage":"es","potentialAction":[{"@type":"ReadAction","target":["https:\/\/www.noticiasradioreflejos.com.ar\/2021\/incendio-en-ruta-51-el-testimonio-del-estacionero-que-denuncio-negligencia-en-los-hornos-de-ladrillos\/"]}]},{"@type":"ImageObject","inLanguage":"es","@id":"https:\/\/www.noticiasradioreflejos.com.ar\/2021\/incendio-en-ruta-51-el-testimonio-del-estacionero-que-denuncio-negligencia-en-los-hornos-de-ladrillos\/#primaryimage","url":"https:\/\/www.noticiasradioreflejos.com.ar\/2021\/wp-content\/uploads\/2026\/01\/incendio-caminera-1024x671-1.webp","contentUrl":"https:\/\/www.noticiasradioreflejos.com.ar\/2021\/wp-content\/uploads\/2026\/01\/incendio-caminera-1024x671-1.webp","width":1024,"height":671},{"@type":"BreadcrumbList","@id":"https:\/\/www.noticiasradioreflejos.com.ar\/2021\/incendio-en-ruta-51-el-testimonio-del-estacionero-que-denuncio-negligencia-en-los-hornos-de-ladrillos\/#breadcrumb","itemListElement":[{"@type":"ListItem","position":1,"name":"Portada","item":"https:\/\/www.noticiasradioreflejos.com.ar\/2021\/"},{"@type":"ListItem","position":2,"name":"Incendio en Ruta 51: El testimonio del estacionero que denunci\u00f3 negligencia en los hornos de ladrillos"}]},{"@type":"WebSite","@id":"https:\/\/www.noticiasradioreflejos.com.ar\/2021\/#website","url":"https:\/\/www.noticiasradioreflejos.com.ar\/2021\/","name":"Noticias Radio Reflejos","description":"Las noticias de mi comarca","potentialAction":[{"@type":"SearchAction","target":{"@type":"EntryPoint","urlTemplate":"https:\/\/www.noticiasradioreflejos.com.ar\/2021\/?s={search_term_string}"},"query-input":{"@type":"PropertyValueSpecification","valueRequired":true,"valueName":"search_term_string"}}],"inLanguage":"es"},{"@type":"Person","@id":"https:\/\/www.noticiasradioreflejos.com.ar\/2021\/#\/schema\/person\/ad82545263dcc5ec0996818884fd5fb1","name":"Arnaldo Botto","image":{"@type":"ImageObject","inLanguage":"es","@id":"https:\/\/www.noticiasradioreflejos.com.ar\/2021\/#\/schema\/person\/image\/","url":"https:\/\/secure.gravatar.com\/avatar\/55cb5e37c1efa326397366e6974cb338056df65cb50e7d64d1cf314e87504837?s=96&d=mm&r=g","contentUrl":"https:\/\/secure.gravatar.com\/avatar\/55cb5e37c1efa326397366e6974cb338056df65cb50e7d64d1cf314e87504837?s=96&d=mm&r=g","caption":"Arnaldo Botto"},"url":"https:\/\/www.noticiasradioreflejos.com.ar\/2021\/author\/arnaldo\/"}]}},"_links":{"self":[{"href":"https:\/\/www.noticiasradioreflejos.com.ar\/2021\/wp-json\/wp\/v2\/posts\/131681","targetHints":{"allow":["GET"]}}],"collection":[{"href":"https:\/\/www.noticiasradioreflejos.com.ar\/2021\/wp-json\/wp\/v2\/posts"}],"about":[{"href":"https:\/\/www.noticiasradioreflejos.com.ar\/2021\/wp-json\/wp\/v2\/types\/post"}],"author":[{"embeddable":true,"href":"https:\/\/www.noticiasradioreflejos.com.ar\/2021\/wp-json\/wp\/v2\/users\/3"}],"replies":[{"embeddable":true,"href":"https:\/\/www.noticiasradioreflejos.com.ar\/2021\/wp-json\/wp\/v2\/comments?post=131681"}],"version-history":[{"count":1,"href":"https:\/\/www.noticiasradioreflejos.com.ar\/2021\/wp-json\/wp\/v2\/posts\/131681\/revisions"}],"predecessor-version":[{"id":131684,"href":"https:\/\/www.noticiasradioreflejos.com.ar\/2021\/wp-json\/wp\/v2\/posts\/131681\/revisions\/131684"}],"wp:featuredmedia":[{"embeddable":true,"href":"https:\/\/www.noticiasradioreflejos.com.ar\/2021\/wp-json\/wp\/v2\/media\/131682"}],"wp:attachment":[{"href":"https:\/\/www.noticiasradioreflejos.com.ar\/2021\/wp-json\/wp\/v2\/media?parent=131681"}],"wp:term":[{"taxonomy":"category","embeddable":true,"href":"https:\/\/www.noticiasradioreflejos.com.ar\/2021\/wp-json\/wp\/v2\/categories?post=131681"},{"taxonomy":"post_tag","embeddable":true,"href":"https:\/\/www.noticiasradioreflejos.com.ar\/2021\/wp-json\/wp\/v2\/tags?post=131681"}],"curies":[{"name":"wp","href":"https:\/\/api.w.org\/{rel}","templated":true}]}}