{"id":13168,"date":"2017-08-07T07:52:43","date_gmt":"2017-08-07T10:52:43","guid":{"rendered":"http:\/\/www.noticiasradioreflejos.com.ar\/noticias\/?p=13168"},"modified":"2017-08-07T07:52:43","modified_gmt":"2017-08-07T10:52:43","slug":"toda-la-informacion-sobre-las-primarias-en-tornquist","status":"publish","type":"post","link":"https:\/\/www.noticiasradioreflejos.com.ar\/2021\/toda-la-informacion-sobre-las-primarias-en-tornquist\/","title":{"rendered":"Toda la informaci\u00f3n sobre las primarias en Tornquist"},"content":{"rendered":"<p>12.943 ciudadanos empadronados para las elecciones del domingo 13 de Agosto.<br \/>\nUnas 850 personas m\u00e1s se encuentran empadronadas con respecto al a\u00f1o 2015 y que estar\u00e1n habilitados para emitir su voto en las elecciones primarias.<br \/>\n<!--more--><br \/>\n<strong>Total de Mesas 39<\/strong><br \/>\nTornquist 7699<br \/>\nChasico 525<br \/>\nSaldungaray 1584<br \/>\nSierra de la Ventana 2311<br \/>\nVilla Ventana 561<br \/>\nTres Picos 243<br \/>\nTORNQUIST 23 Mesas 7699 empadronados<br \/>\n7 mesas Unidad Academica \u201cErnesto Tornquist\u201d 2450 empadronados<br \/>\nMesa 1 350(Abad Andrea a Aramburu Alejandra B)<br \/>\nMesa 2 350(Aramburu Nicolas a Baumtrog Luis A)<br \/>\nMesa 3 350(Bautista Graciela a Brunet Oscar)<br \/>\nMesa 4 350 (Brunet Ver\u00f3nica a Centanni Karina)<br \/>\nMesa 5 350(Centeno Ana a Dorazio Patricia)<br \/>\nMesa 6 350(Dorazio Sandra a Duran Evangelina)<br \/>\nMesa 7 350(Duran Jose a Flores Horacio)<br \/>\nMesa 9001 Extranjeros Colegio Nuestra Se\u00f1ora de Lujan 279 empadronados<br \/>\nMesa 9001 279 (Achu Lazaro Andres a Zu\u00f1iga Torres Enedina)<br \/>\n7 Mesas Escuela N\u00ba 1 Domingo Faustino Sarmiento 2450 empadronados<br \/>\nMesa 8 350(Flores Jonatan a Gauto Gustavo)<br \/>\nMesa 9 350 (Gavillan Doly a Haag Jorge R.)<br \/>\nMesa 10 350(Haag Karina a Kees Maria Ines)<br \/>\nMesa 11 350(Kees Nicole a Lopez Eugenia)<br \/>\nMesa 12 350(Lopez Gabriela a Martinez Silvia)<br \/>\nMesa 13 350(Martinez Susana a Montoya Contreras Noelia)<br \/>\nMesa 14 350(Monzon Griselda a Olivera Alan)<br \/>\n8 Mesas en la Escuela de Educaci\u00f3n Secundaria N\u00ba 1 2520 empadronados<br \/>\nMesa15 350(Olivera Horacio a Pettinari Maria Belen)<br \/>\nMesa 16 350(Pettinari Matias a Riefle Gerardo)<br \/>\nMesa 17 350(Riefle Jennifer a Russo Alfredo)<br \/>\nMesa 18 350(Saavedra Sandra a Schmidt Nicolas Matias)<br \/>\nMesa 19 350(Schmidt Norma a Steffen Gabriel Tomas)<br \/>\nMesa 20 350(Steffen Marcos Alejandro a Urquiza Hidalgo Jaquelina)<br \/>\nMesa 21 350(Urquiza Hidalgo Jonatan a Wertz Fermin<br \/>\nMesa 22 70(Wertz Jhonatan a Zyla Ana Maria)<br \/>\nCHASICO 2 Mesas 525 empadronados<br \/>\nMesas 23 y 24 Escuela N\u00ba 24 Manuel Leo<br \/>\nMesa 23 350(Aceto Adela a Menna Bianca)<br \/>\nMesa 24 175(Menna Cristian a Zinger Ariana)<br \/>\nSALDUNGARAY 5 mesas 1584 empadronados<br \/>\nMesas 25 a 29 Escuela Primaria N\u00ba 2<br \/>\nMesa 25 350(Abad Gonzalo a Correa Nicanor)<br \/>\nMesa 26 350(Correa Pablo a Gorosito Maria)<br \/>\nMesa 27 350(Goycochea Dora a Mercado Maria Esther)<br \/>\nMesa 28 350(Metz Raul a Sagredo Patricio)<br \/>\nMesa 29 184(Sagredo Vanesa a Zarate Gleider Rosa)<br \/>\nSIERRA DE LA VENTANA 7 mesas 2311 empadronados<br \/>\nMesas 30 a 33 Escuela Primaria N\u00ba 6<br \/>\nMesa 30 350(Abad Amalia I a Calderon Monica)<br \/>\nMesa 31 350(Calvet Santiago a Ercolani Sandra)<br \/>\nMesa 32 350(Esmoli Mariano a Herrero Eduardo)<br \/>\nMesa 33 350(Herrero Liliana a Mims Pablo)<br \/>\nMesas 34 a 36 Escuela Educacion Secundaria N\u00ba 2<br \/>\nMesa 34 350(Minghetti Nora a Ramirez Gina)<br \/>\nMesa 35 350(Ramirez Gregoria a Simon Victor)<br \/>\nMesa 36 211(Simons Ricardo a Zylbersztejn Laura)<br \/>\nVILLA VENTANA 2 Mesas 561 empadronados<br \/>\nMesas 37 y 38 Escuela primaria 21 y Escuela Secundaria 5<br \/>\nMesa 35 350 (Acebedo Lidia a Montero Ana M)<br \/>\nMesa 36 211(Montero Pilar a Zarate Videla Hector)<br \/>\nTRES PICOS 243 empadronados<br \/>\nMesa 39 Escuela Primaria N\u00ba 3<br \/>\nMesa 39 243 ( Achigar Carlos a Zangla Luis)<\/p>\n","protected":false},"excerpt":{"rendered":"<p>12.943 ciudadanos empadronados para las elecciones del domingo 13 de Agosto. Unas 850 personas m\u00e1s se encuentran empadronadas con respecto al a\u00f1o 2015 y que estar\u00e1n habilitados para emitir su voto en las elecciones primarias.<\/p>\n","protected":false},"author":3,"featured_media":0,"comment_status":"closed","ping_status":"open","sticky":false,"template":"","format":"standard","meta":{"footnotes":""},"categories":[24],"tags":[],"class_list":["post-13168","post","type-post","status-publish","format-standard","hentry","category-politica"],"yoast_head":"<!-- This site is optimized with the Yoast SEO plugin v25.9 - https:\/\/yoast.com\/wordpress\/plugins\/seo\/ -->\n<title>Toda la informaci\u00f3n sobre las primarias en Tornquist - Noticias Radio Reflejos<\/title>\n<meta name=\"robots\" content=\"index, follow, max-snippet:-1, max-image-preview:large, max-video-preview:-1\" \/>\n<link rel=\"canonical\" href=\"https:\/\/www.noticiasradioreflejos.com.ar\/2021\/toda-la-informacion-sobre-las-primarias-en-tornquist\/\" \/>\n<meta property=\"og:locale\" content=\"es_ES\" \/>\n<meta property=\"og:type\" content=\"article\" \/>\n<meta property=\"og:title\" content=\"Toda la informaci\u00f3n sobre las primarias en Tornquist - Noticias Radio Reflejos\" \/>\n<meta property=\"og:description\" content=\"12.943 ciudadanos empadronados para las elecciones del domingo 13 de Agosto. Unas 850 personas m\u00e1s se encuentran empadronadas con respecto al a\u00f1o 2015 y que estar\u00e1n habilitados para emitir su voto en las elecciones primarias.\" \/>\n<meta property=\"og:url\" content=\"https:\/\/www.noticiasradioreflejos.com.ar\/2021\/toda-la-informacion-sobre-las-primarias-en-tornquist\/\" \/>\n<meta property=\"og:site_name\" content=\"Noticias Radio Reflejos\" \/>\n<meta property=\"article:published_time\" content=\"2017-08-07T10:52:43+00:00\" \/>\n<meta property=\"og:image\" content=\"https:\/\/www.noticiasradioreflejos.com.ar\/2021\/wp-content\/uploads\/2021\/07\/logosol300x200.png\" \/>\n\t<meta property=\"og:image:width\" content=\"300\" \/>\n\t<meta property=\"og:image:height\" content=\"200\" \/>\n\t<meta property=\"og:image:type\" content=\"image\/png\" \/>\n<meta name=\"author\" content=\"Arnaldo Botto\" \/>\n<meta name=\"twitter:card\" content=\"summary_large_image\" \/>\n<script type=\"application\/ld+json\" class=\"yoast-schema-graph\">{\"@context\":\"https:\/\/schema.org\",\"@graph\":[{\"@type\":\"WebPage\",\"@id\":\"https:\/\/www.noticiasradioreflejos.com.ar\/2021\/toda-la-informacion-sobre-las-primarias-en-tornquist\/\",\"url\":\"https:\/\/www.noticiasradioreflejos.com.ar\/2021\/toda-la-informacion-sobre-las-primarias-en-tornquist\/\",\"name\":\"Toda la informaci\u00f3n sobre las primarias en Tornquist - Noticias Radio Reflejos\",\"isPartOf\":{\"@id\":\"https:\/\/www.noticiasradioreflejos.com.ar\/2021\/#website\"},\"datePublished\":\"2017-08-07T10:52:43+00:00\",\"author\":{\"@id\":\"https:\/\/www.noticiasradioreflejos.com.ar\/2021\/#\/schema\/person\/ad82545263dcc5ec0996818884fd5fb1\"},\"breadcrumb\":{\"@id\":\"https:\/\/www.noticiasradioreflejos.com.ar\/2021\/toda-la-informacion-sobre-las-primarias-en-tornquist\/#breadcrumb\"},\"inLanguage\":\"es\",\"potentialAction\":[{\"@type\":\"ReadAction\",\"target\":[\"https:\/\/www.noticiasradioreflejos.com.ar\/2021\/toda-la-informacion-sobre-las-primarias-en-tornquist\/\"]}]},{\"@type\":\"BreadcrumbList\",\"@id\":\"https:\/\/www.noticiasradioreflejos.com.ar\/2021\/toda-la-informacion-sobre-las-primarias-en-tornquist\/#breadcrumb\",\"itemListElement\":[{\"@type\":\"ListItem\",\"position\":1,\"name\":\"Portada\",\"item\":\"https:\/\/www.noticiasradioreflejos.com.ar\/2021\/\"},{\"@type\":\"ListItem\",\"position\":2,\"name\":\"Toda la informaci\u00f3n sobre las primarias en Tornquist\"}]},{\"@type\":\"WebSite\",\"@id\":\"https:\/\/www.noticiasradioreflejos.com.ar\/2021\/#website\",\"url\":\"https:\/\/www.noticiasradioreflejos.com.ar\/2021\/\",\"name\":\"Noticias Radio Reflejos\",\"description\":\"Las noticias de mi comarca\",\"potentialAction\":[{\"@type\":\"SearchAction\",\"target\":{\"@type\":\"EntryPoint\",\"urlTemplate\":\"https:\/\/www.noticiasradioreflejos.com.ar\/2021\/?s={search_term_string}\"},\"query-input\":{\"@type\":\"PropertyValueSpecification\",\"valueRequired\":true,\"valueName\":\"search_term_string\"}}],\"inLanguage\":\"es\"},{\"@type\":\"Person\",\"@id\":\"https:\/\/www.noticiasradioreflejos.com.ar\/2021\/#\/schema\/person\/ad82545263dcc5ec0996818884fd5fb1\",\"name\":\"Arnaldo Botto\",\"image\":{\"@type\":\"ImageObject\",\"inLanguage\":\"es\",\"@id\":\"https:\/\/www.noticiasradioreflejos.com.ar\/2021\/#\/schema\/person\/image\/\",\"url\":\"https:\/\/secure.gravatar.com\/avatar\/55cb5e37c1efa326397366e6974cb338056df65cb50e7d64d1cf314e87504837?s=96&d=mm&r=g\",\"contentUrl\":\"https:\/\/secure.gravatar.com\/avatar\/55cb5e37c1efa326397366e6974cb338056df65cb50e7d64d1cf314e87504837?s=96&d=mm&r=g\",\"caption\":\"Arnaldo Botto\"},\"url\":\"https:\/\/www.noticiasradioreflejos.com.ar\/2021\/author\/arnaldo\/\"}]}<\/script>\n<!-- \/ Yoast SEO plugin. -->","yoast_head_json":{"title":"Toda la informaci\u00f3n sobre las primarias en Tornquist - Noticias Radio Reflejos","robots":{"index":"index","follow":"follow","max-snippet":"max-snippet:-1","max-image-preview":"max-image-preview:large","max-video-preview":"max-video-preview:-1"},"canonical":"https:\/\/www.noticiasradioreflejos.com.ar\/2021\/toda-la-informacion-sobre-las-primarias-en-tornquist\/","og_locale":"es_ES","og_type":"article","og_title":"Toda la informaci\u00f3n sobre las primarias en Tornquist - Noticias Radio Reflejos","og_description":"12.943 ciudadanos empadronados para las elecciones del domingo 13 de Agosto. Unas 850 personas m\u00e1s se encuentran empadronadas con respecto al a\u00f1o 2015 y que estar\u00e1n habilitados para emitir su voto en las elecciones primarias.","og_url":"https:\/\/www.noticiasradioreflejos.com.ar\/2021\/toda-la-informacion-sobre-las-primarias-en-tornquist\/","og_site_name":"Noticias Radio Reflejos","article_published_time":"2017-08-07T10:52:43+00:00","og_image":[{"width":300,"height":200,"url":"https:\/\/www.noticiasradioreflejos.com.ar\/2021\/wp-content\/uploads\/2021\/07\/logosol300x200.png","type":"image\/png"}],"author":"Arnaldo Botto","twitter_card":"summary_large_image","schema":{"@context":"https:\/\/schema.org","@graph":[{"@type":"WebPage","@id":"https:\/\/www.noticiasradioreflejos.com.ar\/2021\/toda-la-informacion-sobre-las-primarias-en-tornquist\/","url":"https:\/\/www.noticiasradioreflejos.com.ar\/2021\/toda-la-informacion-sobre-las-primarias-en-tornquist\/","name":"Toda la informaci\u00f3n sobre las primarias en Tornquist - Noticias Radio Reflejos","isPartOf":{"@id":"https:\/\/www.noticiasradioreflejos.com.ar\/2021\/#website"},"datePublished":"2017-08-07T10:52:43+00:00","author":{"@id":"https:\/\/www.noticiasradioreflejos.com.ar\/2021\/#\/schema\/person\/ad82545263dcc5ec0996818884fd5fb1"},"breadcrumb":{"@id":"https:\/\/www.noticiasradioreflejos.com.ar\/2021\/toda-la-informacion-sobre-las-primarias-en-tornquist\/#breadcrumb"},"inLanguage":"es","potentialAction":[{"@type":"ReadAction","target":["https:\/\/www.noticiasradioreflejos.com.ar\/2021\/toda-la-informacion-sobre-las-primarias-en-tornquist\/"]}]},{"@type":"BreadcrumbList","@id":"https:\/\/www.noticiasradioreflejos.com.ar\/2021\/toda-la-informacion-sobre-las-primarias-en-tornquist\/#breadcrumb","itemListElement":[{"@type":"ListItem","position":1,"name":"Portada","item":"https:\/\/www.noticiasradioreflejos.com.ar\/2021\/"},{"@type":"ListItem","position":2,"name":"Toda la informaci\u00f3n sobre las primarias en Tornquist"}]},{"@type":"WebSite","@id":"https:\/\/www.noticiasradioreflejos.com.ar\/2021\/#website","url":"https:\/\/www.noticiasradioreflejos.com.ar\/2021\/","name":"Noticias Radio Reflejos","description":"Las noticias de mi comarca","potentialAction":[{"@type":"SearchAction","target":{"@type":"EntryPoint","urlTemplate":"https:\/\/www.noticiasradioreflejos.com.ar\/2021\/?s={search_term_string}"},"query-input":{"@type":"PropertyValueSpecification","valueRequired":true,"valueName":"search_term_string"}}],"inLanguage":"es"},{"@type":"Person","@id":"https:\/\/www.noticiasradioreflejos.com.ar\/2021\/#\/schema\/person\/ad82545263dcc5ec0996818884fd5fb1","name":"Arnaldo Botto","image":{"@type":"ImageObject","inLanguage":"es","@id":"https:\/\/www.noticiasradioreflejos.com.ar\/2021\/#\/schema\/person\/image\/","url":"https:\/\/secure.gravatar.com\/avatar\/55cb5e37c1efa326397366e6974cb338056df65cb50e7d64d1cf314e87504837?s=96&d=mm&r=g","contentUrl":"https:\/\/secure.gravatar.com\/avatar\/55cb5e37c1efa326397366e6974cb338056df65cb50e7d64d1cf314e87504837?s=96&d=mm&r=g","caption":"Arnaldo Botto"},"url":"https:\/\/www.noticiasradioreflejos.com.ar\/2021\/author\/arnaldo\/"}]}},"_links":{"self":[{"href":"https:\/\/www.noticiasradioreflejos.com.ar\/2021\/wp-json\/wp\/v2\/posts\/13168","targetHints":{"allow":["GET"]}}],"collection":[{"href":"https:\/\/www.noticiasradioreflejos.com.ar\/2021\/wp-json\/wp\/v2\/posts"}],"about":[{"href":"https:\/\/www.noticiasradioreflejos.com.ar\/2021\/wp-json\/wp\/v2\/types\/post"}],"author":[{"embeddable":true,"href":"https:\/\/www.noticiasradioreflejos.com.ar\/2021\/wp-json\/wp\/v2\/users\/3"}],"replies":[{"embeddable":true,"href":"https:\/\/www.noticiasradioreflejos.com.ar\/2021\/wp-json\/wp\/v2\/comments?post=13168"}],"version-history":[{"count":0,"href":"https:\/\/www.noticiasradioreflejos.com.ar\/2021\/wp-json\/wp\/v2\/posts\/13168\/revisions"}],"wp:attachment":[{"href":"https:\/\/www.noticiasradioreflejos.com.ar\/2021\/wp-json\/wp\/v2\/media?parent=13168"}],"wp:term":[{"taxonomy":"category","embeddable":true,"href":"https:\/\/www.noticiasradioreflejos.com.ar\/2021\/wp-json\/wp\/v2\/categories?post=13168"},{"taxonomy":"post_tag","embeddable":true,"href":"https:\/\/www.noticiasradioreflejos.com.ar\/2021\/wp-json\/wp\/v2\/tags?post=13168"}],"curies":[{"name":"wp","href":"https:\/\/api.w.org\/{rel}","templated":true}]}}