{"id":13165,"date":"2017-08-07T07:39:09","date_gmt":"2017-08-07T10:39:09","guid":{"rendered":"http:\/\/www.noticiasradioreflejos.com.ar\/noticias\/?p=13165"},"modified":"2017-08-07T07:39:09","modified_gmt":"2017-08-07T10:39:09","slug":"mas-de-1000-ninos-celebraron-su-dia-en-el-club-union","status":"publish","type":"post","link":"https:\/\/www.noticiasradioreflejos.com.ar\/2021\/mas-de-1000-ninos-celebraron-su-dia-en-el-club-union\/","title":{"rendered":"M\u00e1s de 1000 ni\u00f1os celebraron su d\u00eda en el Club Uni\u00f3n"},"content":{"rendered":"<p><a title=\"DSC_0036\" href=\"http:\/\/farm5.staticflickr.com\/4365\/36422058885_216143dd3f.jpg\" rel=\"\"><img loading=\"lazy\" decoding=\"async\" class=\"alignleft\" style=\"float: left;\" title=\"DSC_0036\" src=\"http:\/\/farm5.staticflickr.com\/4365\/36422058885_216143dd3f.jpg\" alt=\"DSC_0036\" width=\"500\" height=\"333\" \/><\/a>Una vez m\u00e1s fue un \u00e9xito el Festival Regional \u201cUni\u00f3n del Ni\u00f1o\u201d, el evento con el que el Club Uni\u00f3n agasaja a los ni\u00f1os en su d\u00eda, que este a\u00f1o lleg\u00f3 a su 20\u00ba edici\u00f3n.<br \/>\nM\u00e1s de 1000 ni\u00f1os y 400 mayores colmaron el gimnasio \u2018Mariano Morteo\u2019 de la sede de la instituci\u00f3n para disfrutar de una tarde a puro festejo y sonrisas.<!--more--><br \/>\nLos presentes disfrutaron de los espect\u00e1culos del mago e ilusionista sordomudo \u2018Nito\u2019 y del show cirquense \u2018Puro Circo\u2019 de Od\u00edn, adem\u00e1s de la presencia de reconocidos personajes infantiles como La Peppa Pig, Minnie y Mickey Mouse, el Hada Madrina, los Minions y payasos.<br \/>\n<a title=\"DSC_0272\" href=\"http:\/\/farm5.staticflickr.com\/4350\/36377008936_ebdc18c58b_z.jpg\" rel=\"\"><img loading=\"lazy\" decoding=\"async\" class=\"aligncenter\" title=\"DSC_0272\" src=\"http:\/\/farm5.staticflickr.com\/4350\/36377008936_ebdc18c58b_z.jpg\" alt=\"DSC_0272\" width=\"640\" height=\"385\" \/><\/a><br \/>\nDurante la jornada se sortearon y entregaron cerca de 40 bicicletas y m\u00e1s de 200 juguetes, adem\u00e1s de que a la salida cada ni\u00f1o recibi\u00f3 la tradicional bolsita con golosinas.<br \/>\nTambi\u00e9n se llev\u00f3 a cabo el sorteo de los cinco premios del bono contribuci\u00f3n que se vendi\u00f3 en las semanas previas al festival.<br \/>\nLa organizaci\u00f3n estuvo encabezada por la flamante comisi\u00f3n del evento y cont\u00f3 con la colaboraci\u00f3n indispensable del municipio y de un sinn\u00famero de comercios y particulares que hicieron su aporte.<br \/>\nNuevamente los ni\u00f1os de la comunidad de Tornquist tuvieron su merecido festejo de la mano de Uni\u00f3n, como viene sucediendo desde la d\u00e9cada de 1970.<br \/>\n<a title=\"DSC_0336\" href=\"http:\/\/farm5.staticflickr.com\/4418\/36025384320_4c4126d202_z.jpg\" rel=\"\"><img loading=\"lazy\" decoding=\"async\" class=\"aligncenter\" title=\"DSC_0336\" src=\"http:\/\/farm5.staticflickr.com\/4418\/36025384320_4c4126d202_z.jpg\" alt=\"DSC_0336\" width=\"640\" height=\"426\" \/><\/a><br \/>\nMAS IM\u00c1GENES: <a href=\"https:\/\/www.facebook.com\/pg\/ClubUnionDeTornquist\/photos\/?tab=album&amp;album_id=1450812131678797\">CLICK AQU\u00cd<\/a><br \/>\nPrensa Club Uni\u00f3n<br \/>\nwww.uniondetornquist.com &#8211; clubuniondetornquist@gmail.com &#8211; \/ClubUnionDeTornquist &#8211; @UnionTornquist<\/p>\n","protected":false},"excerpt":{"rendered":"<p>Una vez m\u00e1s fue un \u00e9xito el Festival Regional \u201cUni\u00f3n del Ni\u00f1o\u201d, el evento con el que el Club Uni\u00f3n agasaja a los ni\u00f1os en su d\u00eda, que este a\u00f1o lleg\u00f3 a su 20\u00ba edici\u00f3n. M\u00e1s de 1000 ni\u00f1os y 400 mayores colmaron el gimnasio \u2018Mariano Morteo\u2019 de la sede de la instituci\u00f3n para disfrutar [&hellip;]<\/p>\n","protected":false},"author":3,"featured_media":0,"comment_status":"closed","ping_status":"open","sticky":false,"template":"","format":"standard","meta":{"footnotes":""},"categories":[26],"tags":[],"class_list":["post-13165","post","type-post","status-publish","format-standard","hentry","category-sociedad"],"yoast_head":"<!-- This site is optimized with the Yoast SEO plugin v25.9 - https:\/\/yoast.com\/wordpress\/plugins\/seo\/ -->\n<title>M\u00e1s de 1000 ni\u00f1os celebraron su d\u00eda en el Club Uni\u00f3n - Noticias Radio Reflejos<\/title>\n<meta name=\"robots\" content=\"index, follow, max-snippet:-1, max-image-preview:large, max-video-preview:-1\" \/>\n<link rel=\"canonical\" href=\"https:\/\/www.noticiasradioreflejos.com.ar\/2021\/mas-de-1000-ninos-celebraron-su-dia-en-el-club-union\/\" \/>\n<meta property=\"og:locale\" content=\"es_ES\" \/>\n<meta property=\"og:type\" content=\"article\" \/>\n<meta property=\"og:title\" content=\"M\u00e1s de 1000 ni\u00f1os celebraron su d\u00eda en el Club Uni\u00f3n - Noticias Radio Reflejos\" \/>\n<meta property=\"og:description\" content=\"Una vez m\u00e1s fue un \u00e9xito el Festival Regional \u201cUni\u00f3n del Ni\u00f1o\u201d, el evento con el que el Club Uni\u00f3n agasaja a los ni\u00f1os en su d\u00eda, que este a\u00f1o lleg\u00f3 a su 20\u00ba edici\u00f3n. M\u00e1s de 1000 ni\u00f1os y 400 mayores colmaron el gimnasio \u2018Mariano Morteo\u2019 de la sede de la instituci\u00f3n para disfrutar [&hellip;]\" \/>\n<meta property=\"og:url\" content=\"https:\/\/www.noticiasradioreflejos.com.ar\/2021\/mas-de-1000-ninos-celebraron-su-dia-en-el-club-union\/\" \/>\n<meta property=\"og:site_name\" content=\"Noticias Radio Reflejos\" \/>\n<meta property=\"article:published_time\" content=\"2017-08-07T10:39:09+00:00\" \/>\n<meta property=\"og:image\" content=\"http:\/\/farm5.staticflickr.com\/4365\/36422058885_216143dd3f.jpg\" \/>\n<meta name=\"author\" content=\"Arnaldo Botto\" \/>\n<meta name=\"twitter:card\" content=\"summary_large_image\" \/>\n<script type=\"application\/ld+json\" class=\"yoast-schema-graph\">{\"@context\":\"https:\/\/schema.org\",\"@graph\":[{\"@type\":\"WebPage\",\"@id\":\"https:\/\/www.noticiasradioreflejos.com.ar\/2021\/mas-de-1000-ninos-celebraron-su-dia-en-el-club-union\/\",\"url\":\"https:\/\/www.noticiasradioreflejos.com.ar\/2021\/mas-de-1000-ninos-celebraron-su-dia-en-el-club-union\/\",\"name\":\"M\u00e1s de 1000 ni\u00f1os celebraron su d\u00eda en el Club Uni\u00f3n - Noticias Radio Reflejos\",\"isPartOf\":{\"@id\":\"https:\/\/www.noticiasradioreflejos.com.ar\/2021\/#website\"},\"primaryImageOfPage\":{\"@id\":\"https:\/\/www.noticiasradioreflejos.com.ar\/2021\/mas-de-1000-ninos-celebraron-su-dia-en-el-club-union\/#primaryimage\"},\"image\":{\"@id\":\"https:\/\/www.noticiasradioreflejos.com.ar\/2021\/mas-de-1000-ninos-celebraron-su-dia-en-el-club-union\/#primaryimage\"},\"thumbnailUrl\":\"http:\/\/farm5.staticflickr.com\/4365\/36422058885_216143dd3f.jpg\",\"datePublished\":\"2017-08-07T10:39:09+00:00\",\"author\":{\"@id\":\"https:\/\/www.noticiasradioreflejos.com.ar\/2021\/#\/schema\/person\/ad82545263dcc5ec0996818884fd5fb1\"},\"breadcrumb\":{\"@id\":\"https:\/\/www.noticiasradioreflejos.com.ar\/2021\/mas-de-1000-ninos-celebraron-su-dia-en-el-club-union\/#breadcrumb\"},\"inLanguage\":\"es\",\"potentialAction\":[{\"@type\":\"ReadAction\",\"target\":[\"https:\/\/www.noticiasradioreflejos.com.ar\/2021\/mas-de-1000-ninos-celebraron-su-dia-en-el-club-union\/\"]}]},{\"@type\":\"ImageObject\",\"inLanguage\":\"es\",\"@id\":\"https:\/\/www.noticiasradioreflejos.com.ar\/2021\/mas-de-1000-ninos-celebraron-su-dia-en-el-club-union\/#primaryimage\",\"url\":\"http:\/\/farm5.staticflickr.com\/4365\/36422058885_216143dd3f.jpg\",\"contentUrl\":\"http:\/\/farm5.staticflickr.com\/4365\/36422058885_216143dd3f.jpg\"},{\"@type\":\"BreadcrumbList\",\"@id\":\"https:\/\/www.noticiasradioreflejos.com.ar\/2021\/mas-de-1000-ninos-celebraron-su-dia-en-el-club-union\/#breadcrumb\",\"itemListElement\":[{\"@type\":\"ListItem\",\"position\":1,\"name\":\"Portada\",\"item\":\"https:\/\/www.noticiasradioreflejos.com.ar\/2021\/\"},{\"@type\":\"ListItem\",\"position\":2,\"name\":\"M\u00e1s de 1000 ni\u00f1os celebraron su d\u00eda en el Club Uni\u00f3n\"}]},{\"@type\":\"WebSite\",\"@id\":\"https:\/\/www.noticiasradioreflejos.com.ar\/2021\/#website\",\"url\":\"https:\/\/www.noticiasradioreflejos.com.ar\/2021\/\",\"name\":\"Noticias Radio Reflejos\",\"description\":\"Las noticias de mi comarca\",\"potentialAction\":[{\"@type\":\"SearchAction\",\"target\":{\"@type\":\"EntryPoint\",\"urlTemplate\":\"https:\/\/www.noticiasradioreflejos.com.ar\/2021\/?s={search_term_string}\"},\"query-input\":{\"@type\":\"PropertyValueSpecification\",\"valueRequired\":true,\"valueName\":\"search_term_string\"}}],\"inLanguage\":\"es\"},{\"@type\":\"Person\",\"@id\":\"https:\/\/www.noticiasradioreflejos.com.ar\/2021\/#\/schema\/person\/ad82545263dcc5ec0996818884fd5fb1\",\"name\":\"Arnaldo Botto\",\"image\":{\"@type\":\"ImageObject\",\"inLanguage\":\"es\",\"@id\":\"https:\/\/www.noticiasradioreflejos.com.ar\/2021\/#\/schema\/person\/image\/\",\"url\":\"https:\/\/secure.gravatar.com\/avatar\/55cb5e37c1efa326397366e6974cb338056df65cb50e7d64d1cf314e87504837?s=96&d=mm&r=g\",\"contentUrl\":\"https:\/\/secure.gravatar.com\/avatar\/55cb5e37c1efa326397366e6974cb338056df65cb50e7d64d1cf314e87504837?s=96&d=mm&r=g\",\"caption\":\"Arnaldo Botto\"},\"url\":\"https:\/\/www.noticiasradioreflejos.com.ar\/2021\/author\/arnaldo\/\"}]}<\/script>\n<!-- \/ Yoast SEO plugin. -->","yoast_head_json":{"title":"M\u00e1s de 1000 ni\u00f1os celebraron su d\u00eda en el Club Uni\u00f3n - Noticias Radio Reflejos","robots":{"index":"index","follow":"follow","max-snippet":"max-snippet:-1","max-image-preview":"max-image-preview:large","max-video-preview":"max-video-preview:-1"},"canonical":"https:\/\/www.noticiasradioreflejos.com.ar\/2021\/mas-de-1000-ninos-celebraron-su-dia-en-el-club-union\/","og_locale":"es_ES","og_type":"article","og_title":"M\u00e1s de 1000 ni\u00f1os celebraron su d\u00eda en el Club Uni\u00f3n - Noticias Radio Reflejos","og_description":"Una vez m\u00e1s fue un \u00e9xito el Festival Regional \u201cUni\u00f3n del Ni\u00f1o\u201d, el evento con el que el Club Uni\u00f3n agasaja a los ni\u00f1os en su d\u00eda, que este a\u00f1o lleg\u00f3 a su 20\u00ba edici\u00f3n. M\u00e1s de 1000 ni\u00f1os y 400 mayores colmaron el gimnasio \u2018Mariano Morteo\u2019 de la sede de la instituci\u00f3n para disfrutar [&hellip;]","og_url":"https:\/\/www.noticiasradioreflejos.com.ar\/2021\/mas-de-1000-ninos-celebraron-su-dia-en-el-club-union\/","og_site_name":"Noticias Radio Reflejos","article_published_time":"2017-08-07T10:39:09+00:00","og_image":[{"url":"http:\/\/farm5.staticflickr.com\/4365\/36422058885_216143dd3f.jpg","type":"","width":"","height":""}],"author":"Arnaldo Botto","twitter_card":"summary_large_image","schema":{"@context":"https:\/\/schema.org","@graph":[{"@type":"WebPage","@id":"https:\/\/www.noticiasradioreflejos.com.ar\/2021\/mas-de-1000-ninos-celebraron-su-dia-en-el-club-union\/","url":"https:\/\/www.noticiasradioreflejos.com.ar\/2021\/mas-de-1000-ninos-celebraron-su-dia-en-el-club-union\/","name":"M\u00e1s de 1000 ni\u00f1os celebraron su d\u00eda en el Club Uni\u00f3n - Noticias Radio Reflejos","isPartOf":{"@id":"https:\/\/www.noticiasradioreflejos.com.ar\/2021\/#website"},"primaryImageOfPage":{"@id":"https:\/\/www.noticiasradioreflejos.com.ar\/2021\/mas-de-1000-ninos-celebraron-su-dia-en-el-club-union\/#primaryimage"},"image":{"@id":"https:\/\/www.noticiasradioreflejos.com.ar\/2021\/mas-de-1000-ninos-celebraron-su-dia-en-el-club-union\/#primaryimage"},"thumbnailUrl":"http:\/\/farm5.staticflickr.com\/4365\/36422058885_216143dd3f.jpg","datePublished":"2017-08-07T10:39:09+00:00","author":{"@id":"https:\/\/www.noticiasradioreflejos.com.ar\/2021\/#\/schema\/person\/ad82545263dcc5ec0996818884fd5fb1"},"breadcrumb":{"@id":"https:\/\/www.noticiasradioreflejos.com.ar\/2021\/mas-de-1000-ninos-celebraron-su-dia-en-el-club-union\/#breadcrumb"},"inLanguage":"es","potentialAction":[{"@type":"ReadAction","target":["https:\/\/www.noticiasradioreflejos.com.ar\/2021\/mas-de-1000-ninos-celebraron-su-dia-en-el-club-union\/"]}]},{"@type":"ImageObject","inLanguage":"es","@id":"https:\/\/www.noticiasradioreflejos.com.ar\/2021\/mas-de-1000-ninos-celebraron-su-dia-en-el-club-union\/#primaryimage","url":"http:\/\/farm5.staticflickr.com\/4365\/36422058885_216143dd3f.jpg","contentUrl":"http:\/\/farm5.staticflickr.com\/4365\/36422058885_216143dd3f.jpg"},{"@type":"BreadcrumbList","@id":"https:\/\/www.noticiasradioreflejos.com.ar\/2021\/mas-de-1000-ninos-celebraron-su-dia-en-el-club-union\/#breadcrumb","itemListElement":[{"@type":"ListItem","position":1,"name":"Portada","item":"https:\/\/www.noticiasradioreflejos.com.ar\/2021\/"},{"@type":"ListItem","position":2,"name":"M\u00e1s de 1000 ni\u00f1os celebraron su d\u00eda en el Club Uni\u00f3n"}]},{"@type":"WebSite","@id":"https:\/\/www.noticiasradioreflejos.com.ar\/2021\/#website","url":"https:\/\/www.noticiasradioreflejos.com.ar\/2021\/","name":"Noticias Radio Reflejos","description":"Las noticias de mi comarca","potentialAction":[{"@type":"SearchAction","target":{"@type":"EntryPoint","urlTemplate":"https:\/\/www.noticiasradioreflejos.com.ar\/2021\/?s={search_term_string}"},"query-input":{"@type":"PropertyValueSpecification","valueRequired":true,"valueName":"search_term_string"}}],"inLanguage":"es"},{"@type":"Person","@id":"https:\/\/www.noticiasradioreflejos.com.ar\/2021\/#\/schema\/person\/ad82545263dcc5ec0996818884fd5fb1","name":"Arnaldo Botto","image":{"@type":"ImageObject","inLanguage":"es","@id":"https:\/\/www.noticiasradioreflejos.com.ar\/2021\/#\/schema\/person\/image\/","url":"https:\/\/secure.gravatar.com\/avatar\/55cb5e37c1efa326397366e6974cb338056df65cb50e7d64d1cf314e87504837?s=96&d=mm&r=g","contentUrl":"https:\/\/secure.gravatar.com\/avatar\/55cb5e37c1efa326397366e6974cb338056df65cb50e7d64d1cf314e87504837?s=96&d=mm&r=g","caption":"Arnaldo Botto"},"url":"https:\/\/www.noticiasradioreflejos.com.ar\/2021\/author\/arnaldo\/"}]}},"_links":{"self":[{"href":"https:\/\/www.noticiasradioreflejos.com.ar\/2021\/wp-json\/wp\/v2\/posts\/13165","targetHints":{"allow":["GET"]}}],"collection":[{"href":"https:\/\/www.noticiasradioreflejos.com.ar\/2021\/wp-json\/wp\/v2\/posts"}],"about":[{"href":"https:\/\/www.noticiasradioreflejos.com.ar\/2021\/wp-json\/wp\/v2\/types\/post"}],"author":[{"embeddable":true,"href":"https:\/\/www.noticiasradioreflejos.com.ar\/2021\/wp-json\/wp\/v2\/users\/3"}],"replies":[{"embeddable":true,"href":"https:\/\/www.noticiasradioreflejos.com.ar\/2021\/wp-json\/wp\/v2\/comments?post=13165"}],"version-history":[{"count":0,"href":"https:\/\/www.noticiasradioreflejos.com.ar\/2021\/wp-json\/wp\/v2\/posts\/13165\/revisions"}],"wp:attachment":[{"href":"https:\/\/www.noticiasradioreflejos.com.ar\/2021\/wp-json\/wp\/v2\/media?parent=13165"}],"wp:term":[{"taxonomy":"category","embeddable":true,"href":"https:\/\/www.noticiasradioreflejos.com.ar\/2021\/wp-json\/wp\/v2\/categories?post=13165"},{"taxonomy":"post_tag","embeddable":true,"href":"https:\/\/www.noticiasradioreflejos.com.ar\/2021\/wp-json\/wp\/v2\/tags?post=13165"}],"curies":[{"name":"wp","href":"https:\/\/api.w.org\/{rel}","templated":true}]}}