{"id":131648,"date":"2026-01-21T19:46:03","date_gmt":"2026-01-21T22:46:03","guid":{"rendered":"https:\/\/www.noticiasradioreflejos.com.ar\/2021\/?p=131648"},"modified":"2026-01-21T20:43:55","modified_gmt":"2026-01-21T23:43:55","slug":"liniers-de-bahia-blanca-con-adn-serrano-rumbo-a-la-liga-federal-de-voley","status":"publish","type":"post","link":"https:\/\/www.noticiasradioreflejos.com.ar\/2021\/liniers-de-bahia-blanca-con-adn-serrano-rumbo-a-la-liga-federal-de-voley\/","title":{"rendered":"Liniers de Bah\u00eda Blanca, con ADN serrano rumbo a la Liga Federal de Voley"},"content":{"rendered":"<p data-path-to-node=\"2\"><b data-path-to-node=\"2\" data-index-in-node=\"0\">El t\u00e9cnico Claudio \u201cCampera\u201d Rodr\u00edguez analiz\u00f3 el presente del \u201cChivo\u201d de cara al debut en San Juan el pr\u00f3ximo 4 de febrero. Con un plantel integrado por talentos de Saldungaray, Sierra de la Ventana, Tornquist y la zona, el club apuesta a la formaci\u00f3n local y al sentido de pertenencia como estandartes para el desaf\u00edo nacional.<\/b><\/p>\n<p data-path-to-node=\"3\"><!--more--><\/p>\n<p data-path-to-node=\"3\">Claudio \u00abCampera\u00bb Rodr\u00edguez , entrenador\u00a0 del \u00abChivo\u00bb, analiz\u00f3 la previa de la Liga Federal Argentina, que se disputar\u00e1 en San Juan desde el 3 de febrero. Destac\u00f3 el valor de mantener la base de jugadores locales y el aporte fundamental de los j\u00f3venes de la regi\u00f3n serrana para el Club Liniers de Bah\u00eda Blanca.<\/p>\n<p data-path-to-node=\"3\"><a href=\"https:\/\/www.noticiasradioreflejos.com.ar\/2021\/liniers-de-bahia-blanca-con-adn-serrano-rumbo-a-la-liga-federal-de-voley\/liniers-voley\/\" rel=\"attachment wp-att-131670\"><img loading=\"lazy\" decoding=\"async\" class=\"aligncenter size-full wp-image-131670\" src=\"https:\/\/www.noticiasradioreflejos.com.ar\/2021\/wp-content\/uploads\/2026\/01\/Liniers-Voley-scaled.jpeg\" alt=\"\" width=\"2560\" height=\"1920\" srcset=\"https:\/\/www.noticiasradioreflejos.com.ar\/2021\/wp-content\/uploads\/2026\/01\/Liniers-Voley-scaled.jpeg 2560w, https:\/\/www.noticiasradioreflejos.com.ar\/2021\/wp-content\/uploads\/2026\/01\/Liniers-Voley-300x225.jpeg 300w, https:\/\/www.noticiasradioreflejos.com.ar\/2021\/wp-content\/uploads\/2026\/01\/Liniers-Voley-1024x768.jpeg 1024w, https:\/\/www.noticiasradioreflejos.com.ar\/2021\/wp-content\/uploads\/2026\/01\/Liniers-Voley-768x576.jpeg 768w, https:\/\/www.noticiasradioreflejos.com.ar\/2021\/wp-content\/uploads\/2026\/01\/Liniers-Voley-1536x1152.jpeg 1536w, https:\/\/www.noticiasradioreflejos.com.ar\/2021\/wp-content\/uploads\/2026\/01\/Liniers-Voley-2048x1536.jpeg 2048w, https:\/\/www.noticiasradioreflejos.com.ar\/2021\/wp-content\/uploads\/2026\/01\/Liniers-Voley-750x563.jpeg 750w, https:\/\/www.noticiasradioreflejos.com.ar\/2021\/wp-content\/uploads\/2026\/01\/Liniers-Voley-1140x855.jpeg 1140w\" sizes=\"auto, (max-width: 2560px) 100vw, 2560px\" \/><\/a><\/p>\n<p data-path-to-node=\"4\">El Voley de la regi\u00f3n se alista para un nuevo desaf\u00edo nacional. El pr\u00f3ximo 4 de febrero, el<strong> Club Liniers de Bah\u00eda Blanca<\/strong> iniciar\u00e1 su camino en la <b data-path-to-node=\"4\" data-index-in-node=\"146\">Liga Federal Argentina<\/b> en la provincia de San Juan, y lo har\u00e1 con un plantel que refleja la integraci\u00f3n deportiva de la zona. Su entrenador, <b data-path-to-node=\"4\" data-index-in-node=\"287\">Claudio Campera Rodr\u00edguez <\/b>, manifest\u00f3 su entusiasmo por el nivel de preparaci\u00f3n alcanzado: \u00abEstamos muy contentos y ansiosos por representar al club, a la ciudad y a la regi\u00f3n, ya que tenemos a varios chicos de la Comarca Serrana integrando nuestras filas\u00bb, destac\u00f3.<\/p>\n<p data-path-to-node=\"5\">La relaci\u00f3n entre la instituci\u00f3n bahiense y los pueblos de la zona se ha consolidado como un proceso natural de crecimiento para los deportistas. Seg\u00fan explic\u00f3 el t\u00e9cnico, tras la pandemia se ha profundizado la llegada de jugadores de Sierra de la Ventana, Saldungaray, Tornquist y Pu\u00e1n, quienes eligen al club para continuar su formaci\u00f3n, cuando se trasladan a la ciudad por estudios superiores. \u00abNos eligen a\u00f1o tras a\u00f1o para seguir desarrollando la actividad que iniciaron en sus pueblos\u00bb, se\u00f1al\u00f3 Campera, subrayando el rol de Liniers como plataforma de competencia para los talentos regionales.<\/p>\n<p data-path-to-node=\"5\"><a href=\"https:\/\/www.noticiasradioreflejos.com.ar\/2021\/liniers-de-bahia-blanca-con-adn-serrano-rumbo-a-la-liga-federal-de-voley\/whatsapp-image-2026-01-21-at-19-46-41\/\" rel=\"attachment wp-att-131675\"><img loading=\"lazy\" decoding=\"async\" class=\"aligncenter size-full wp-image-131675\" src=\"https:\/\/www.noticiasradioreflejos.com.ar\/2021\/wp-content\/uploads\/2026\/01\/WhatsApp-Image-2026-01-21-at-19.46.41.jpeg\" alt=\"\" width=\"1280\" height=\"720\" srcset=\"https:\/\/www.noticiasradioreflejos.com.ar\/2021\/wp-content\/uploads\/2026\/01\/WhatsApp-Image-2026-01-21-at-19.46.41.jpeg 1280w, https:\/\/www.noticiasradioreflejos.com.ar\/2021\/wp-content\/uploads\/2026\/01\/WhatsApp-Image-2026-01-21-at-19.46.41-300x169.jpeg 300w, https:\/\/www.noticiasradioreflejos.com.ar\/2021\/wp-content\/uploads\/2026\/01\/WhatsApp-Image-2026-01-21-at-19.46.41-1024x576.jpeg 1024w, https:\/\/www.noticiasradioreflejos.com.ar\/2021\/wp-content\/uploads\/2026\/01\/WhatsApp-Image-2026-01-21-at-19.46.41-768x432.jpeg 768w, https:\/\/www.noticiasradioreflejos.com.ar\/2021\/wp-content\/uploads\/2026\/01\/WhatsApp-Image-2026-01-21-at-19.46.41-750x422.jpeg 750w, https:\/\/www.noticiasradioreflejos.com.ar\/2021\/wp-content\/uploads\/2026\/01\/WhatsApp-Image-2026-01-21-at-19.46.41-1140x641.jpeg 1140w\" sizes=\"auto, (max-width: 1280px) 100vw, 1280px\" \/><\/a><\/p>\n<p data-path-to-node=\"7\">Una de las premisas irrenunciables de la gesti\u00f3n de Campera es la prioridad otorgada a los jugadores formados en la instituci\u00f3n. El entrenador fue contundente respecto a la pol\u00edtica de refuerzos: \u00abEs algo que nos identifica; vamos a todas nuestras ligas con un 80% de jugadores que han jugado todo el a\u00f1o en el club. De nada servir\u00eda jugar una Liga Federal con todos refuerzos. La prioridad es que mis jugadores compitan cada vez m\u00e1s arriba\u00bb. Mientras la rama femenina mantiene una base de a\u00f1os con gran conocimiento mutuo, el masculino presenta un \u00abensamble\u00bb que apuesta a las categor\u00edas formativas, potenciado con tres incorporaciones puntuales.<\/p>\n<p style=\"text-align: center;\" data-path-to-node=\"7\"><em><strong><a href=\"https:\/\/www.noticiasradioreflejos.com.ar\/2021\/liniers-de-bahia-blanca-con-adn-serrano-rumbo-a-la-liga-federal-de-voley\/jose-y-valen\/\" rel=\"attachment wp-att-131671\"><img loading=\"lazy\" decoding=\"async\" class=\"aligncenter size-full wp-image-131671\" src=\"https:\/\/www.noticiasradioreflejos.com.ar\/2021\/wp-content\/uploads\/2026\/01\/Jose-y-valen.jpg\" alt=\"\" width=\"298\" height=\"291\" \/><\/a><a href=\"https:\/\/www.noticiasradioreflejos.com.ar\/2021\/liniers-de-bahia-blanca-con-adn-serrano-rumbo-a-la-liga-federal-de-voley\/jose-y-valen\/\" rel=\"attachment wp-att-131671\">Josefina Candal y Valentina Dorado, dos serranas en la Liga Federal<\/a><\/strong><\/em><\/p>\n<p data-path-to-node=\"7\">Como antesala al debut en San Juan, el equipo femenino viajar\u00e1 este fin de semana a Mar del Plata para disputar una triple jornada de amistosos que servir\u00e1n para definir el sexteto titular y dar rodaje a las suplentes. A partir del lunes, ambos planteles intensificar\u00e1n la preparaci\u00f3n con entrenamientos de doble turno para llegar en \u00f3ptimas condiciones f\u00edsicas y t\u00e9cnicas al torneo nacional.<\/p>\n<p data-path-to-node=\"9\">Para Campera, el esfuerzo trasciende lo estrictamente deportivo. \u00abJugar una Liga Federal implica coordinar un mill\u00f3n de cosas, desde lo laboral hasta lo familiar. Pero uno lo hace con mucha pasi\u00f3n; ver a los chicos competir en una liga as\u00ed es algo que va a quedar para el resto de nuestras vidas\u00bb, concluy\u00f3 el entrenador, reafirmando el compromiso del \u00abChivo\u00bb con el Voley regional.<\/p>\n<audio class=\"wp-audio-shortcode\" id=\"audio-131648-1\" preload=\"none\" style=\"width: 100%;\" controls=\"controls\"><source type=\"audio\/mpeg\" src=\"https:\/\/www.noticiasradioreflejos.com.ar\/2021\/wp-content\/uploads\/2026\/01\/Claudio-Campera-Rodriguez-21-01.mp3?_=1\" \/><a href=\"https:\/\/www.noticiasradioreflejos.com.ar\/2021\/wp-content\/uploads\/2026\/01\/Claudio-Campera-Rodriguez-21-01.mp3\">https:\/\/www.noticiasradioreflejos.com.ar\/2021\/wp-content\/uploads\/2026\/01\/Claudio-Campera-Rodriguez-21-01.mp3<\/a><\/audio>\n<p>&nbsp;<\/p>\n<p><a href=\"https:\/\/www.noticiasradioreflejos.com.ar\/2021\/en-rosario-dos-serranos-brillan-en-el-torneo-proyeccion-con-liniers-voley-sub-21\/juan-bautista-y-mateo\/\" rel=\"attachment wp-att-124267\"><img loading=\"lazy\" decoding=\"async\" class=\"aligncenter size-full wp-image-124267\" src=\"https:\/\/www.noticiasradioreflejos.com.ar\/2021\/wp-content\/uploads\/2025\/09\/Juan-Bautista-y-Mateo.jpg\" alt=\"\" width=\"960\" height=\"1280\" srcset=\"https:\/\/www.noticiasradioreflejos.com.ar\/2021\/wp-content\/uploads\/2025\/09\/Juan-Bautista-y-Mateo.jpg 960w, https:\/\/www.noticiasradioreflejos.com.ar\/2021\/wp-content\/uploads\/2025\/09\/Juan-Bautista-y-Mateo-225x300.jpg 225w, https:\/\/www.noticiasradioreflejos.com.ar\/2021\/wp-content\/uploads\/2025\/09\/Juan-Bautista-y-Mateo-768x1024.jpg 768w, https:\/\/www.noticiasradioreflejos.com.ar\/2021\/wp-content\/uploads\/2025\/09\/Juan-Bautista-y-Mateo-750x1000.jpg 750w\" sizes=\"auto, (max-width: 960px) 100vw, 960px\" \/><strong><em>Juan Bautista Piedrabuena y Mateo Lautaro Botto Beli rumbo a San Juan 2026<\/em><\/strong><\/a><\/p>\n","protected":false},"excerpt":{"rendered":"<p>El t\u00e9cnico Claudio \u201cCampera\u201d Rodr\u00edguez analiz\u00f3 el presente del \u201cChivo\u201d de cara al debut en San Juan el pr\u00f3ximo 4 de febrero. Con un plantel integrado por talentos de Saldungaray, Sierra de la Ventana, Tornquist y la zona, el club apuesta a la formaci\u00f3n local y al sentido de pertenencia como estandartes para el desaf\u00edo [&hellip;]<\/p>\n","protected":false},"author":3,"featured_media":131672,"comment_status":"closed","ping_status":"closed","sticky":false,"template":"","format":"standard","meta":{"footnotes":""},"categories":[27],"tags":[48],"class_list":["post-131648","post","type-post","status-publish","format-standard","has-post-thumbnail","hentry","category-deportes","tag-destacada"],"yoast_head":"<!-- This site is optimized with the Yoast SEO plugin v25.9 - https:\/\/yoast.com\/wordpress\/plugins\/seo\/ -->\n<title>Liniers de Bah\u00eda Blanca, con ADN serrano rumbo a la Liga Federal de Voley - Noticias Radio Reflejos<\/title>\n<meta name=\"robots\" content=\"index, follow, max-snippet:-1, max-image-preview:large, max-video-preview:-1\" \/>\n<link rel=\"canonical\" href=\"https:\/\/www.noticiasradioreflejos.com.ar\/2021\/liniers-de-bahia-blanca-con-adn-serrano-rumbo-a-la-liga-federal-de-voley\/\" \/>\n<meta property=\"og:locale\" content=\"es_ES\" \/>\n<meta property=\"og:type\" content=\"article\" \/>\n<meta property=\"og:title\" content=\"Liniers de Bah\u00eda Blanca, con ADN serrano rumbo a la Liga Federal de Voley - Noticias Radio Reflejos\" \/>\n<meta property=\"og:description\" content=\"El t\u00e9cnico Claudio \u201cCampera\u201d Rodr\u00edguez analiz\u00f3 el presente del \u201cChivo\u201d de cara al debut en San Juan el pr\u00f3ximo 4 de febrero. Con un plantel integrado por talentos de Saldungaray, Sierra de la Ventana, Tornquist y la zona, el club apuesta a la formaci\u00f3n local y al sentido de pertenencia como estandartes para el desaf\u00edo [&hellip;]\" \/>\n<meta property=\"og:url\" content=\"https:\/\/www.noticiasradioreflejos.com.ar\/2021\/liniers-de-bahia-blanca-con-adn-serrano-rumbo-a-la-liga-federal-de-voley\/\" \/>\n<meta property=\"og:site_name\" content=\"Noticias Radio Reflejos\" \/>\n<meta property=\"article:published_time\" content=\"2026-01-21T22:46:03+00:00\" \/>\n<meta property=\"article:modified_time\" content=\"2026-01-21T23:43:55+00:00\" \/>\n<meta property=\"og:image\" content=\"https:\/\/www.noticiasradioreflejos.com.ar\/2021\/wp-content\/uploads\/2026\/01\/Liniers-Voley.jpg\" \/>\n\t<meta property=\"og:image:width\" content=\"738\" \/>\n\t<meta property=\"og:image:height\" content=\"474\" \/>\n\t<meta property=\"og:image:type\" content=\"image\/jpeg\" \/>\n<meta name=\"author\" content=\"Arnaldo Botto\" \/>\n<meta name=\"twitter:card\" content=\"summary_large_image\" \/>\n<script type=\"application\/ld+json\" class=\"yoast-schema-graph\">{\"@context\":\"https:\/\/schema.org\",\"@graph\":[{\"@type\":\"WebPage\",\"@id\":\"https:\/\/www.noticiasradioreflejos.com.ar\/2021\/liniers-de-bahia-blanca-con-adn-serrano-rumbo-a-la-liga-federal-de-voley\/\",\"url\":\"https:\/\/www.noticiasradioreflejos.com.ar\/2021\/liniers-de-bahia-blanca-con-adn-serrano-rumbo-a-la-liga-federal-de-voley\/\",\"name\":\"Liniers de Bah\u00eda Blanca, con ADN serrano rumbo a la Liga Federal de Voley - Noticias Radio Reflejos\",\"isPartOf\":{\"@id\":\"https:\/\/www.noticiasradioreflejos.com.ar\/2021\/#website\"},\"primaryImageOfPage\":{\"@id\":\"https:\/\/www.noticiasradioreflejos.com.ar\/2021\/liniers-de-bahia-blanca-con-adn-serrano-rumbo-a-la-liga-federal-de-voley\/#primaryimage\"},\"image\":{\"@id\":\"https:\/\/www.noticiasradioreflejos.com.ar\/2021\/liniers-de-bahia-blanca-con-adn-serrano-rumbo-a-la-liga-federal-de-voley\/#primaryimage\"},\"thumbnailUrl\":\"https:\/\/www.noticiasradioreflejos.com.ar\/2021\/wp-content\/uploads\/2026\/01\/Liniers-Voley.jpg\",\"datePublished\":\"2026-01-21T22:46:03+00:00\",\"dateModified\":\"2026-01-21T23:43:55+00:00\",\"author\":{\"@id\":\"https:\/\/www.noticiasradioreflejos.com.ar\/2021\/#\/schema\/person\/ad82545263dcc5ec0996818884fd5fb1\"},\"breadcrumb\":{\"@id\":\"https:\/\/www.noticiasradioreflejos.com.ar\/2021\/liniers-de-bahia-blanca-con-adn-serrano-rumbo-a-la-liga-federal-de-voley\/#breadcrumb\"},\"inLanguage\":\"es\",\"potentialAction\":[{\"@type\":\"ReadAction\",\"target\":[\"https:\/\/www.noticiasradioreflejos.com.ar\/2021\/liniers-de-bahia-blanca-con-adn-serrano-rumbo-a-la-liga-federal-de-voley\/\"]}]},{\"@type\":\"ImageObject\",\"inLanguage\":\"es\",\"@id\":\"https:\/\/www.noticiasradioreflejos.com.ar\/2021\/liniers-de-bahia-blanca-con-adn-serrano-rumbo-a-la-liga-federal-de-voley\/#primaryimage\",\"url\":\"https:\/\/www.noticiasradioreflejos.com.ar\/2021\/wp-content\/uploads\/2026\/01\/Liniers-Voley.jpg\",\"contentUrl\":\"https:\/\/www.noticiasradioreflejos.com.ar\/2021\/wp-content\/uploads\/2026\/01\/Liniers-Voley.jpg\",\"width\":738,\"height\":474},{\"@type\":\"BreadcrumbList\",\"@id\":\"https:\/\/www.noticiasradioreflejos.com.ar\/2021\/liniers-de-bahia-blanca-con-adn-serrano-rumbo-a-la-liga-federal-de-voley\/#breadcrumb\",\"itemListElement\":[{\"@type\":\"ListItem\",\"position\":1,\"name\":\"Portada\",\"item\":\"https:\/\/www.noticiasradioreflejos.com.ar\/2021\/\"},{\"@type\":\"ListItem\",\"position\":2,\"name\":\"Liniers de Bah\u00eda Blanca, con ADN serrano rumbo a la Liga Federal de Voley\"}]},{\"@type\":\"WebSite\",\"@id\":\"https:\/\/www.noticiasradioreflejos.com.ar\/2021\/#website\",\"url\":\"https:\/\/www.noticiasradioreflejos.com.ar\/2021\/\",\"name\":\"Noticias Radio Reflejos\",\"description\":\"Las noticias de mi comarca\",\"potentialAction\":[{\"@type\":\"SearchAction\",\"target\":{\"@type\":\"EntryPoint\",\"urlTemplate\":\"https:\/\/www.noticiasradioreflejos.com.ar\/2021\/?s={search_term_string}\"},\"query-input\":{\"@type\":\"PropertyValueSpecification\",\"valueRequired\":true,\"valueName\":\"search_term_string\"}}],\"inLanguage\":\"es\"},{\"@type\":\"Person\",\"@id\":\"https:\/\/www.noticiasradioreflejos.com.ar\/2021\/#\/schema\/person\/ad82545263dcc5ec0996818884fd5fb1\",\"name\":\"Arnaldo Botto\",\"image\":{\"@type\":\"ImageObject\",\"inLanguage\":\"es\",\"@id\":\"https:\/\/www.noticiasradioreflejos.com.ar\/2021\/#\/schema\/person\/image\/\",\"url\":\"https:\/\/secure.gravatar.com\/avatar\/55cb5e37c1efa326397366e6974cb338056df65cb50e7d64d1cf314e87504837?s=96&d=mm&r=g\",\"contentUrl\":\"https:\/\/secure.gravatar.com\/avatar\/55cb5e37c1efa326397366e6974cb338056df65cb50e7d64d1cf314e87504837?s=96&d=mm&r=g\",\"caption\":\"Arnaldo Botto\"},\"url\":\"https:\/\/www.noticiasradioreflejos.com.ar\/2021\/author\/arnaldo\/\"}]}<\/script>\n<!-- \/ Yoast SEO plugin. -->","yoast_head_json":{"title":"Liniers de Bah\u00eda Blanca, con ADN serrano rumbo a la Liga Federal de Voley - Noticias Radio Reflejos","robots":{"index":"index","follow":"follow","max-snippet":"max-snippet:-1","max-image-preview":"max-image-preview:large","max-video-preview":"max-video-preview:-1"},"canonical":"https:\/\/www.noticiasradioreflejos.com.ar\/2021\/liniers-de-bahia-blanca-con-adn-serrano-rumbo-a-la-liga-federal-de-voley\/","og_locale":"es_ES","og_type":"article","og_title":"Liniers de Bah\u00eda Blanca, con ADN serrano rumbo a la Liga Federal de Voley - Noticias Radio Reflejos","og_description":"El t\u00e9cnico Claudio \u201cCampera\u201d Rodr\u00edguez analiz\u00f3 el presente del \u201cChivo\u201d de cara al debut en San Juan el pr\u00f3ximo 4 de febrero. Con un plantel integrado por talentos de Saldungaray, Sierra de la Ventana, Tornquist y la zona, el club apuesta a la formaci\u00f3n local y al sentido de pertenencia como estandartes para el desaf\u00edo [&hellip;]","og_url":"https:\/\/www.noticiasradioreflejos.com.ar\/2021\/liniers-de-bahia-blanca-con-adn-serrano-rumbo-a-la-liga-federal-de-voley\/","og_site_name":"Noticias Radio Reflejos","article_published_time":"2026-01-21T22:46:03+00:00","article_modified_time":"2026-01-21T23:43:55+00:00","og_image":[{"width":738,"height":474,"url":"https:\/\/www.noticiasradioreflejos.com.ar\/2021\/wp-content\/uploads\/2026\/01\/Liniers-Voley.jpg","type":"image\/jpeg"}],"author":"Arnaldo Botto","twitter_card":"summary_large_image","schema":{"@context":"https:\/\/schema.org","@graph":[{"@type":"WebPage","@id":"https:\/\/www.noticiasradioreflejos.com.ar\/2021\/liniers-de-bahia-blanca-con-adn-serrano-rumbo-a-la-liga-federal-de-voley\/","url":"https:\/\/www.noticiasradioreflejos.com.ar\/2021\/liniers-de-bahia-blanca-con-adn-serrano-rumbo-a-la-liga-federal-de-voley\/","name":"Liniers de Bah\u00eda Blanca, con ADN serrano rumbo a la Liga Federal de Voley - Noticias Radio Reflejos","isPartOf":{"@id":"https:\/\/www.noticiasradioreflejos.com.ar\/2021\/#website"},"primaryImageOfPage":{"@id":"https:\/\/www.noticiasradioreflejos.com.ar\/2021\/liniers-de-bahia-blanca-con-adn-serrano-rumbo-a-la-liga-federal-de-voley\/#primaryimage"},"image":{"@id":"https:\/\/www.noticiasradioreflejos.com.ar\/2021\/liniers-de-bahia-blanca-con-adn-serrano-rumbo-a-la-liga-federal-de-voley\/#primaryimage"},"thumbnailUrl":"https:\/\/www.noticiasradioreflejos.com.ar\/2021\/wp-content\/uploads\/2026\/01\/Liniers-Voley.jpg","datePublished":"2026-01-21T22:46:03+00:00","dateModified":"2026-01-21T23:43:55+00:00","author":{"@id":"https:\/\/www.noticiasradioreflejos.com.ar\/2021\/#\/schema\/person\/ad82545263dcc5ec0996818884fd5fb1"},"breadcrumb":{"@id":"https:\/\/www.noticiasradioreflejos.com.ar\/2021\/liniers-de-bahia-blanca-con-adn-serrano-rumbo-a-la-liga-federal-de-voley\/#breadcrumb"},"inLanguage":"es","potentialAction":[{"@type":"ReadAction","target":["https:\/\/www.noticiasradioreflejos.com.ar\/2021\/liniers-de-bahia-blanca-con-adn-serrano-rumbo-a-la-liga-federal-de-voley\/"]}]},{"@type":"ImageObject","inLanguage":"es","@id":"https:\/\/www.noticiasradioreflejos.com.ar\/2021\/liniers-de-bahia-blanca-con-adn-serrano-rumbo-a-la-liga-federal-de-voley\/#primaryimage","url":"https:\/\/www.noticiasradioreflejos.com.ar\/2021\/wp-content\/uploads\/2026\/01\/Liniers-Voley.jpg","contentUrl":"https:\/\/www.noticiasradioreflejos.com.ar\/2021\/wp-content\/uploads\/2026\/01\/Liniers-Voley.jpg","width":738,"height":474},{"@type":"BreadcrumbList","@id":"https:\/\/www.noticiasradioreflejos.com.ar\/2021\/liniers-de-bahia-blanca-con-adn-serrano-rumbo-a-la-liga-federal-de-voley\/#breadcrumb","itemListElement":[{"@type":"ListItem","position":1,"name":"Portada","item":"https:\/\/www.noticiasradioreflejos.com.ar\/2021\/"},{"@type":"ListItem","position":2,"name":"Liniers de Bah\u00eda Blanca, con ADN serrano rumbo a la Liga Federal de Voley"}]},{"@type":"WebSite","@id":"https:\/\/www.noticiasradioreflejos.com.ar\/2021\/#website","url":"https:\/\/www.noticiasradioreflejos.com.ar\/2021\/","name":"Noticias Radio Reflejos","description":"Las noticias de mi comarca","potentialAction":[{"@type":"SearchAction","target":{"@type":"EntryPoint","urlTemplate":"https:\/\/www.noticiasradioreflejos.com.ar\/2021\/?s={search_term_string}"},"query-input":{"@type":"PropertyValueSpecification","valueRequired":true,"valueName":"search_term_string"}}],"inLanguage":"es"},{"@type":"Person","@id":"https:\/\/www.noticiasradioreflejos.com.ar\/2021\/#\/schema\/person\/ad82545263dcc5ec0996818884fd5fb1","name":"Arnaldo Botto","image":{"@type":"ImageObject","inLanguage":"es","@id":"https:\/\/www.noticiasradioreflejos.com.ar\/2021\/#\/schema\/person\/image\/","url":"https:\/\/secure.gravatar.com\/avatar\/55cb5e37c1efa326397366e6974cb338056df65cb50e7d64d1cf314e87504837?s=96&d=mm&r=g","contentUrl":"https:\/\/secure.gravatar.com\/avatar\/55cb5e37c1efa326397366e6974cb338056df65cb50e7d64d1cf314e87504837?s=96&d=mm&r=g","caption":"Arnaldo Botto"},"url":"https:\/\/www.noticiasradioreflejos.com.ar\/2021\/author\/arnaldo\/"}]}},"_links":{"self":[{"href":"https:\/\/www.noticiasradioreflejos.com.ar\/2021\/wp-json\/wp\/v2\/posts\/131648","targetHints":{"allow":["GET"]}}],"collection":[{"href":"https:\/\/www.noticiasradioreflejos.com.ar\/2021\/wp-json\/wp\/v2\/posts"}],"about":[{"href":"https:\/\/www.noticiasradioreflejos.com.ar\/2021\/wp-json\/wp\/v2\/types\/post"}],"author":[{"embeddable":true,"href":"https:\/\/www.noticiasradioreflejos.com.ar\/2021\/wp-json\/wp\/v2\/users\/3"}],"replies":[{"embeddable":true,"href":"https:\/\/www.noticiasradioreflejos.com.ar\/2021\/wp-json\/wp\/v2\/comments?post=131648"}],"version-history":[{"count":10,"href":"https:\/\/www.noticiasradioreflejos.com.ar\/2021\/wp-json\/wp\/v2\/posts\/131648\/revisions"}],"predecessor-version":[{"id":131680,"href":"https:\/\/www.noticiasradioreflejos.com.ar\/2021\/wp-json\/wp\/v2\/posts\/131648\/revisions\/131680"}],"wp:featuredmedia":[{"embeddable":true,"href":"https:\/\/www.noticiasradioreflejos.com.ar\/2021\/wp-json\/wp\/v2\/media\/131672"}],"wp:attachment":[{"href":"https:\/\/www.noticiasradioreflejos.com.ar\/2021\/wp-json\/wp\/v2\/media?parent=131648"}],"wp:term":[{"taxonomy":"category","embeddable":true,"href":"https:\/\/www.noticiasradioreflejos.com.ar\/2021\/wp-json\/wp\/v2\/categories?post=131648"},{"taxonomy":"post_tag","embeddable":true,"href":"https:\/\/www.noticiasradioreflejos.com.ar\/2021\/wp-json\/wp\/v2\/tags?post=131648"}],"curies":[{"name":"wp","href":"https:\/\/api.w.org\/{rel}","templated":true}]}}