{"id":131644,"date":"2026-01-21T10:59:58","date_gmt":"2026-01-21T13:59:58","guid":{"rendered":"https:\/\/www.noticiasradioreflejos.com.ar\/2021\/?p=131644"},"modified":"2026-01-21T11:00:00","modified_gmt":"2026-01-21T14:00:00","slug":"villa-ventana-se-prepara-para-la-34o-fiesta-provincial-de-las-golondrinas","status":"publish","type":"post","link":"https:\/\/www.noticiasradioreflejos.com.ar\/2021\/villa-ventana-se-prepara-para-la-34o-fiesta-provincial-de-las-golondrinas\/","title":{"rendered":"Villa Ventana se prepara para la 34\u00ba Fiesta Provincial de las Golondrinas"},"content":{"rendered":"<p>Este fin de semana, Villa Ventana ser\u00e1 nuevamente escenario de la 34\u00ba Fiesta Provincial de las Golondrinas, una tradicional celebraci\u00f3n que a\u00f1o tras a\u00f1o convoca a una multitud en la Plaza Salerno de la localidad.<!--more--><\/p>\n<p>El evento, organizado por la Asociaci\u00f3n de Bomberos Voluntarios de Villa Ventana junto a Tornquist Municipio, se desarrollar\u00e1 el s\u00e1bado 24 y domingo 25, con una destacada grilla art\u00edstica que incluir\u00e1 la presentaci\u00f3n del reconocido humorista Chichilo Viale y el cierre con el show de la emblem\u00e1tica banda de rock nacional Los Rancheros.<\/p>\n<p>La fiesta contar\u00e1 con entrada libre y gratuita y ofrecer\u00e1 una propuesta integral para toda la familia, con patio gastron\u00f3mico, paseo de artesanos y emprendedores y juegos infantiles. Ambas jornadas comenzar\u00e1n a partir de las 18.30 h.<\/p>\n<p><strong>Cronograma de actividades<\/strong><\/p>\n<h3>S\u00e1bado 24<\/h3>\n<p>-Escuela Folkl\u00f3rica Municipal<br \/>\n-Rudy G\u00fcemes<br \/>\n-Talleres Folkl\u00f3ricos Municipales<br \/>\n-La Clave Tr\u00edo<br \/>\n-Chichilo Viale<br \/>\n-Media Pinta<br \/>\n-San Witzky<br \/>\n-Fondo Blanco<\/p>\n<p>&nbsp;<\/p>\n<h3>Domingo 25<\/h3>\n<p>Taller de Coreograf\u00eda del Centro de Jubilados<br \/>\nDanza para las Infancias<br \/>\nD\u00fao Paredes Molina<br \/>\nBoedo Tango<br \/>\nEl Panor\u00e1mico de Estrellas<br \/>\nLa F Etchemendy<br \/>\nLos Rancheros<\/p>\n<p>La Fiesta Provincial de las Golondrinas se ha consolidado como uno de los eventos culturales m\u00e1s importantes de la regi\u00f3n, celebrando la identidad local, la m\u00fasica y el encuentro comunitario. Desde la organizaci\u00f3n invitan a vecinos, vecinas y visitantes a disfrutar de un fin de semana cargado de espect\u00e1culos, tradici\u00f3n y diversi\u00f3n en un entorno natural \u00fanico.<\/p>\n<p>&nbsp;<br \/>\n<a href=\"https:\/\/www.noticiasradioreflejos.com.ar\/2021\/villa-ventana-se-prepara-para-la-34o-fiesta-provincial-de-las-golondrinas\/fiesta-de-las-golondrinas\/\" rel=\"attachment wp-att-131645\"><img loading=\"lazy\" decoding=\"async\" src=\"https:\/\/www.noticiasradioreflejos.com.ar\/2021\/wp-content\/uploads\/2026\/01\/Fiesta-de-las-Golondrinas.jpeg\" alt=\"\" width=\"1024\" height=\"1280\" class=\"aligncenter size-full wp-image-131645\" \/><\/a><\/p>\n","protected":false},"excerpt":{"rendered":"<p>Este fin de semana, Villa Ventana ser\u00e1 nuevamente escenario de la 34\u00ba Fiesta Provincial de las Golondrinas, una tradicional celebraci\u00f3n que a\u00f1o tras a\u00f1o convoca a una multitud en la Plaza Salerno de la localidad.<\/p>\n","protected":false},"author":3,"featured_media":82982,"comment_status":"closed","ping_status":"closed","sticky":false,"template":"","format":"standard","meta":{"footnotes":""},"categories":[28,26,33],"tags":[],"class_list":["post-131644","post","type-post","status-publish","format-standard","has-post-thumbnail","hentry","category-municipales","category-sociedad","category-turismo"],"yoast_head":"<!-- This site is optimized with the Yoast SEO plugin v25.9 - https:\/\/yoast.com\/wordpress\/plugins\/seo\/ -->\n<title>Villa Ventana se prepara para la 34\u00ba Fiesta Provincial de las Golondrinas - Noticias Radio Reflejos<\/title>\n<meta name=\"robots\" content=\"index, follow, max-snippet:-1, max-image-preview:large, max-video-preview:-1\" \/>\n<link rel=\"canonical\" href=\"https:\/\/www.noticiasradioreflejos.com.ar\/2021\/villa-ventana-se-prepara-para-la-34o-fiesta-provincial-de-las-golondrinas\/\" \/>\n<meta property=\"og:locale\" content=\"es_ES\" \/>\n<meta property=\"og:type\" content=\"article\" \/>\n<meta property=\"og:title\" content=\"Villa Ventana se prepara para la 34\u00ba Fiesta Provincial de las Golondrinas - Noticias Radio Reflejos\" \/>\n<meta property=\"og:description\" content=\"Este fin de semana, Villa Ventana ser\u00e1 nuevamente escenario de la 34\u00ba Fiesta Provincial de las Golondrinas, una tradicional celebraci\u00f3n que a\u00f1o tras a\u00f1o convoca a una multitud en la Plaza Salerno de la localidad.\" \/>\n<meta property=\"og:url\" content=\"https:\/\/www.noticiasradioreflejos.com.ar\/2021\/villa-ventana-se-prepara-para-la-34o-fiesta-provincial-de-las-golondrinas\/\" \/>\n<meta property=\"og:site_name\" content=\"Noticias Radio Reflejos\" \/>\n<meta property=\"article:published_time\" content=\"2026-01-21T13:59:58+00:00\" \/>\n<meta property=\"article:modified_time\" content=\"2026-01-21T14:00:00+00:00\" \/>\n<meta property=\"og:image\" content=\"https:\/\/www.noticiasradioreflejos.com.ar\/2021\/wp-content\/uploads\/2023\/01\/fuesta-golondrinas.jpg\" \/>\n\t<meta property=\"og:image:width\" content=\"2048\" \/>\n\t<meta property=\"og:image:height\" content=\"1152\" \/>\n\t<meta property=\"og:image:type\" content=\"image\/jpeg\" \/>\n<meta name=\"author\" content=\"Arnaldo Botto\" \/>\n<meta name=\"twitter:card\" content=\"summary_large_image\" \/>\n<script type=\"application\/ld+json\" class=\"yoast-schema-graph\">{\"@context\":\"https:\/\/schema.org\",\"@graph\":[{\"@type\":\"WebPage\",\"@id\":\"https:\/\/www.noticiasradioreflejos.com.ar\/2021\/villa-ventana-se-prepara-para-la-34o-fiesta-provincial-de-las-golondrinas\/\",\"url\":\"https:\/\/www.noticiasradioreflejos.com.ar\/2021\/villa-ventana-se-prepara-para-la-34o-fiesta-provincial-de-las-golondrinas\/\",\"name\":\"Villa Ventana se prepara para la 34\u00ba Fiesta Provincial de las Golondrinas - Noticias Radio Reflejos\",\"isPartOf\":{\"@id\":\"https:\/\/www.noticiasradioreflejos.com.ar\/2021\/#website\"},\"primaryImageOfPage\":{\"@id\":\"https:\/\/www.noticiasradioreflejos.com.ar\/2021\/villa-ventana-se-prepara-para-la-34o-fiesta-provincial-de-las-golondrinas\/#primaryimage\"},\"image\":{\"@id\":\"https:\/\/www.noticiasradioreflejos.com.ar\/2021\/villa-ventana-se-prepara-para-la-34o-fiesta-provincial-de-las-golondrinas\/#primaryimage\"},\"thumbnailUrl\":\"https:\/\/www.noticiasradioreflejos.com.ar\/2021\/wp-content\/uploads\/2023\/01\/fuesta-golondrinas.jpg\",\"datePublished\":\"2026-01-21T13:59:58+00:00\",\"dateModified\":\"2026-01-21T14:00:00+00:00\",\"author\":{\"@id\":\"https:\/\/www.noticiasradioreflejos.com.ar\/2021\/#\/schema\/person\/ad82545263dcc5ec0996818884fd5fb1\"},\"breadcrumb\":{\"@id\":\"https:\/\/www.noticiasradioreflejos.com.ar\/2021\/villa-ventana-se-prepara-para-la-34o-fiesta-provincial-de-las-golondrinas\/#breadcrumb\"},\"inLanguage\":\"es\",\"potentialAction\":[{\"@type\":\"ReadAction\",\"target\":[\"https:\/\/www.noticiasradioreflejos.com.ar\/2021\/villa-ventana-se-prepara-para-la-34o-fiesta-provincial-de-las-golondrinas\/\"]}]},{\"@type\":\"ImageObject\",\"inLanguage\":\"es\",\"@id\":\"https:\/\/www.noticiasradioreflejos.com.ar\/2021\/villa-ventana-se-prepara-para-la-34o-fiesta-provincial-de-las-golondrinas\/#primaryimage\",\"url\":\"https:\/\/www.noticiasradioreflejos.com.ar\/2021\/wp-content\/uploads\/2023\/01\/fuesta-golondrinas.jpg\",\"contentUrl\":\"https:\/\/www.noticiasradioreflejos.com.ar\/2021\/wp-content\/uploads\/2023\/01\/fuesta-golondrinas.jpg\",\"width\":2048,\"height\":1152},{\"@type\":\"BreadcrumbList\",\"@id\":\"https:\/\/www.noticiasradioreflejos.com.ar\/2021\/villa-ventana-se-prepara-para-la-34o-fiesta-provincial-de-las-golondrinas\/#breadcrumb\",\"itemListElement\":[{\"@type\":\"ListItem\",\"position\":1,\"name\":\"Portada\",\"item\":\"https:\/\/www.noticiasradioreflejos.com.ar\/2021\/\"},{\"@type\":\"ListItem\",\"position\":2,\"name\":\"Villa Ventana se prepara para la 34\u00ba Fiesta Provincial de las Golondrinas\"}]},{\"@type\":\"WebSite\",\"@id\":\"https:\/\/www.noticiasradioreflejos.com.ar\/2021\/#website\",\"url\":\"https:\/\/www.noticiasradioreflejos.com.ar\/2021\/\",\"name\":\"Noticias Radio Reflejos\",\"description\":\"Las noticias de mi comarca\",\"potentialAction\":[{\"@type\":\"SearchAction\",\"target\":{\"@type\":\"EntryPoint\",\"urlTemplate\":\"https:\/\/www.noticiasradioreflejos.com.ar\/2021\/?s={search_term_string}\"},\"query-input\":{\"@type\":\"PropertyValueSpecification\",\"valueRequired\":true,\"valueName\":\"search_term_string\"}}],\"inLanguage\":\"es\"},{\"@type\":\"Person\",\"@id\":\"https:\/\/www.noticiasradioreflejos.com.ar\/2021\/#\/schema\/person\/ad82545263dcc5ec0996818884fd5fb1\",\"name\":\"Arnaldo Botto\",\"image\":{\"@type\":\"ImageObject\",\"inLanguage\":\"es\",\"@id\":\"https:\/\/www.noticiasradioreflejos.com.ar\/2021\/#\/schema\/person\/image\/\",\"url\":\"https:\/\/secure.gravatar.com\/avatar\/55cb5e37c1efa326397366e6974cb338056df65cb50e7d64d1cf314e87504837?s=96&d=mm&r=g\",\"contentUrl\":\"https:\/\/secure.gravatar.com\/avatar\/55cb5e37c1efa326397366e6974cb338056df65cb50e7d64d1cf314e87504837?s=96&d=mm&r=g\",\"caption\":\"Arnaldo Botto\"},\"url\":\"https:\/\/www.noticiasradioreflejos.com.ar\/2021\/author\/arnaldo\/\"}]}<\/script>\n<!-- \/ Yoast SEO plugin. -->","yoast_head_json":{"title":"Villa Ventana se prepara para la 34\u00ba Fiesta Provincial de las Golondrinas - Noticias Radio Reflejos","robots":{"index":"index","follow":"follow","max-snippet":"max-snippet:-1","max-image-preview":"max-image-preview:large","max-video-preview":"max-video-preview:-1"},"canonical":"https:\/\/www.noticiasradioreflejos.com.ar\/2021\/villa-ventana-se-prepara-para-la-34o-fiesta-provincial-de-las-golondrinas\/","og_locale":"es_ES","og_type":"article","og_title":"Villa Ventana se prepara para la 34\u00ba Fiesta Provincial de las Golondrinas - Noticias Radio Reflejos","og_description":"Este fin de semana, Villa Ventana ser\u00e1 nuevamente escenario de la 34\u00ba Fiesta Provincial de las Golondrinas, una tradicional celebraci\u00f3n que a\u00f1o tras a\u00f1o convoca a una multitud en la Plaza Salerno de la localidad.","og_url":"https:\/\/www.noticiasradioreflejos.com.ar\/2021\/villa-ventana-se-prepara-para-la-34o-fiesta-provincial-de-las-golondrinas\/","og_site_name":"Noticias Radio Reflejos","article_published_time":"2026-01-21T13:59:58+00:00","article_modified_time":"2026-01-21T14:00:00+00:00","og_image":[{"width":2048,"height":1152,"url":"https:\/\/www.noticiasradioreflejos.com.ar\/2021\/wp-content\/uploads\/2023\/01\/fuesta-golondrinas.jpg","type":"image\/jpeg"}],"author":"Arnaldo Botto","twitter_card":"summary_large_image","schema":{"@context":"https:\/\/schema.org","@graph":[{"@type":"WebPage","@id":"https:\/\/www.noticiasradioreflejos.com.ar\/2021\/villa-ventana-se-prepara-para-la-34o-fiesta-provincial-de-las-golondrinas\/","url":"https:\/\/www.noticiasradioreflejos.com.ar\/2021\/villa-ventana-se-prepara-para-la-34o-fiesta-provincial-de-las-golondrinas\/","name":"Villa Ventana se prepara para la 34\u00ba Fiesta Provincial de las Golondrinas - Noticias Radio Reflejos","isPartOf":{"@id":"https:\/\/www.noticiasradioreflejos.com.ar\/2021\/#website"},"primaryImageOfPage":{"@id":"https:\/\/www.noticiasradioreflejos.com.ar\/2021\/villa-ventana-se-prepara-para-la-34o-fiesta-provincial-de-las-golondrinas\/#primaryimage"},"image":{"@id":"https:\/\/www.noticiasradioreflejos.com.ar\/2021\/villa-ventana-se-prepara-para-la-34o-fiesta-provincial-de-las-golondrinas\/#primaryimage"},"thumbnailUrl":"https:\/\/www.noticiasradioreflejos.com.ar\/2021\/wp-content\/uploads\/2023\/01\/fuesta-golondrinas.jpg","datePublished":"2026-01-21T13:59:58+00:00","dateModified":"2026-01-21T14:00:00+00:00","author":{"@id":"https:\/\/www.noticiasradioreflejos.com.ar\/2021\/#\/schema\/person\/ad82545263dcc5ec0996818884fd5fb1"},"breadcrumb":{"@id":"https:\/\/www.noticiasradioreflejos.com.ar\/2021\/villa-ventana-se-prepara-para-la-34o-fiesta-provincial-de-las-golondrinas\/#breadcrumb"},"inLanguage":"es","potentialAction":[{"@type":"ReadAction","target":["https:\/\/www.noticiasradioreflejos.com.ar\/2021\/villa-ventana-se-prepara-para-la-34o-fiesta-provincial-de-las-golondrinas\/"]}]},{"@type":"ImageObject","inLanguage":"es","@id":"https:\/\/www.noticiasradioreflejos.com.ar\/2021\/villa-ventana-se-prepara-para-la-34o-fiesta-provincial-de-las-golondrinas\/#primaryimage","url":"https:\/\/www.noticiasradioreflejos.com.ar\/2021\/wp-content\/uploads\/2023\/01\/fuesta-golondrinas.jpg","contentUrl":"https:\/\/www.noticiasradioreflejos.com.ar\/2021\/wp-content\/uploads\/2023\/01\/fuesta-golondrinas.jpg","width":2048,"height":1152},{"@type":"BreadcrumbList","@id":"https:\/\/www.noticiasradioreflejos.com.ar\/2021\/villa-ventana-se-prepara-para-la-34o-fiesta-provincial-de-las-golondrinas\/#breadcrumb","itemListElement":[{"@type":"ListItem","position":1,"name":"Portada","item":"https:\/\/www.noticiasradioreflejos.com.ar\/2021\/"},{"@type":"ListItem","position":2,"name":"Villa Ventana se prepara para la 34\u00ba Fiesta Provincial de las Golondrinas"}]},{"@type":"WebSite","@id":"https:\/\/www.noticiasradioreflejos.com.ar\/2021\/#website","url":"https:\/\/www.noticiasradioreflejos.com.ar\/2021\/","name":"Noticias Radio Reflejos","description":"Las noticias de mi comarca","potentialAction":[{"@type":"SearchAction","target":{"@type":"EntryPoint","urlTemplate":"https:\/\/www.noticiasradioreflejos.com.ar\/2021\/?s={search_term_string}"},"query-input":{"@type":"PropertyValueSpecification","valueRequired":true,"valueName":"search_term_string"}}],"inLanguage":"es"},{"@type":"Person","@id":"https:\/\/www.noticiasradioreflejos.com.ar\/2021\/#\/schema\/person\/ad82545263dcc5ec0996818884fd5fb1","name":"Arnaldo Botto","image":{"@type":"ImageObject","inLanguage":"es","@id":"https:\/\/www.noticiasradioreflejos.com.ar\/2021\/#\/schema\/person\/image\/","url":"https:\/\/secure.gravatar.com\/avatar\/55cb5e37c1efa326397366e6974cb338056df65cb50e7d64d1cf314e87504837?s=96&d=mm&r=g","contentUrl":"https:\/\/secure.gravatar.com\/avatar\/55cb5e37c1efa326397366e6974cb338056df65cb50e7d64d1cf314e87504837?s=96&d=mm&r=g","caption":"Arnaldo Botto"},"url":"https:\/\/www.noticiasradioreflejos.com.ar\/2021\/author\/arnaldo\/"}]}},"_links":{"self":[{"href":"https:\/\/www.noticiasradioreflejos.com.ar\/2021\/wp-json\/wp\/v2\/posts\/131644","targetHints":{"allow":["GET"]}}],"collection":[{"href":"https:\/\/www.noticiasradioreflejos.com.ar\/2021\/wp-json\/wp\/v2\/posts"}],"about":[{"href":"https:\/\/www.noticiasradioreflejos.com.ar\/2021\/wp-json\/wp\/v2\/types\/post"}],"author":[{"embeddable":true,"href":"https:\/\/www.noticiasradioreflejos.com.ar\/2021\/wp-json\/wp\/v2\/users\/3"}],"replies":[{"embeddable":true,"href":"https:\/\/www.noticiasradioreflejos.com.ar\/2021\/wp-json\/wp\/v2\/comments?post=131644"}],"version-history":[{"count":2,"href":"https:\/\/www.noticiasradioreflejos.com.ar\/2021\/wp-json\/wp\/v2\/posts\/131644\/revisions"}],"predecessor-version":[{"id":131647,"href":"https:\/\/www.noticiasradioreflejos.com.ar\/2021\/wp-json\/wp\/v2\/posts\/131644\/revisions\/131647"}],"wp:featuredmedia":[{"embeddable":true,"href":"https:\/\/www.noticiasradioreflejos.com.ar\/2021\/wp-json\/wp\/v2\/media\/82982"}],"wp:attachment":[{"href":"https:\/\/www.noticiasradioreflejos.com.ar\/2021\/wp-json\/wp\/v2\/media?parent=131644"}],"wp:term":[{"taxonomy":"category","embeddable":true,"href":"https:\/\/www.noticiasradioreflejos.com.ar\/2021\/wp-json\/wp\/v2\/categories?post=131644"},{"taxonomy":"post_tag","embeddable":true,"href":"https:\/\/www.noticiasradioreflejos.com.ar\/2021\/wp-json\/wp\/v2\/tags?post=131644"}],"curies":[{"name":"wp","href":"https:\/\/api.w.org\/{rel}","templated":true}]}}