{"id":131633,"date":"2026-01-21T07:57:49","date_gmt":"2026-01-21T10:57:49","guid":{"rendered":"https:\/\/www.noticiasradioreflejos.com.ar\/2021\/?p=131633"},"modified":"2026-01-21T07:57:49","modified_gmt":"2026-01-21T10:57:49","slug":"dia-internacional-del-abrazo-por-que-se-celebra-hoy","status":"publish","type":"post","link":"https:\/\/www.noticiasradioreflejos.com.ar\/2021\/dia-internacional-del-abrazo-por-que-se-celebra-hoy\/","title":{"rendered":"D\u00eda Internacional del Abrazo: \u00bfpor qu\u00e9 se celebra hoy?"},"content":{"rendered":"<p>Se conmemora desde 1986 por iniciativa de Kevin Zaborney de la Universidad de Michigan, Estados Unidos<!--more--><\/p>\n<div class=\"columns\" data-tadevel-template=\"web\/article-columns\">\n<div class=\"column-main\">\n<div class=\"article-body\" data-tadevel-template=\"web\/article-body\">\n<div class=\"article-body-content\">\n<p>El\u00a0<strong>D\u00eda Internacional del Abrazo<\/strong>\u00a0se celebra cada 21 de enero y se trata de un evento creado por\u00a0<strong>Kevin Zaborney<\/strong>, un estadounidense que estaba preocupado por las pocas muestras de afecto que realizaba la gente en p\u00fablico, incluso, con los miembros de su familia.<\/p>\n<p>Seg\u00fan un informe, \u00a0este d\u00eda se conmemora desde 1986 por iniciativa de Zaborney de la Universidad de Michigan, Estados Unidos y\u00a0<strong>su misi\u00f3n es promover la expresi\u00f3n de afecto<\/strong>\u00a0y apoyo entre las personas aportando m\u00faltiples beneficios para la salud f\u00edsica, emocional y psicol\u00f3gica.<\/p>\n<p>Los abrazos son importantes para ayudar a comunicarse y transmitir emociones sin utilizar palabras, adem\u00e1s favorecen la regulaci\u00f3n emocional y ense\u00f1an habilidades sociales, disminuyen el dolor y la tristeza, recargan la energ\u00eda, estimulan el sistema inmunol\u00f3gico y equilibran nuestro sistema nervioso cuando estamos alterados.<\/p>\n<p>Adem\u00e1s, entre las principales ventajas del abraso est\u00e1n las siguientes:<\/p>\n<ul>\n<li><strong>Aportan seguridad:<\/strong>\u00a0una buena dosis de abrazos nos ayuda a sentirnos seguros y confiados.<\/li>\n<li><strong>Provoca placer:<\/strong>\u00a0cada vez que abrazamos a alguien o nos abrazan nuestro cerebro segrega dos sustancias que son la dopamina y la serotonina, ambas reducen el estr\u00e9s y juntas proporcionan calma, tranquilidad y sosiego.<\/li>\n<li><strong>Cubre nuestras necesidades afectivas:<\/strong>\u00a0una persona necesita diariamente 14 abrazos para sentirse plenamente querida y quienes que no muestran afecto sufren de algo que en psicolog\u00eda se conoce como hambre de piel y no es m\u00e1s que la necesidad de contacto humano.<\/li>\n<li><strong>Permiten funcionar de mejor manera:<\/strong>\u00a0cada abrazo nos ayuda a centrarnos y mantenernos felices y funcionales cada d\u00eda.<\/li>\n<li><strong>La mejor cura contra la timidez:\u00a0<\/strong>permite a las personas t\u00edmidas entrar en confianza, ser m\u00e1s abiertos, espont\u00e1neos y seguros de s\u00ed mismos.<\/li>\n<li><strong>Disminuye la presi\u00f3n arterial:<\/strong>\u00a0las personas que no tienen mucho contacto f\u00edsico poseen una frecuencia cardiaca y una presi\u00f3n arterial mucho m\u00e1s alta que las personas que reciben abrazos de manera frecuente.<\/li>\n<\/ul>\n<p><a href=\"https:\/\/noticiasargentinas.com\/-agenciana_t6916e70a4551e78eb9423f59\">#AgenciaNA<\/a><\/p>\n<\/div>\n<\/div>\n<\/div>\n<\/div>\n","protected":false},"excerpt":{"rendered":"<p>Se conmemora desde 1986 por iniciativa de Kevin Zaborney de la Universidad de Michigan, Estados Unidos<\/p>\n","protected":false},"author":3,"featured_media":131634,"comment_status":"closed","ping_status":"closed","sticky":false,"template":"","format":"standard","meta":{"footnotes":""},"categories":[26],"tags":[],"class_list":["post-131633","post","type-post","status-publish","format-standard","has-post-thumbnail","hentry","category-sociedad"],"yoast_head":"<!-- This site is optimized with the Yoast SEO plugin v25.9 - https:\/\/yoast.com\/wordpress\/plugins\/seo\/ -->\n<title>D\u00eda Internacional del Abrazo: \u00bfpor qu\u00e9 se celebra hoy? - Noticias Radio Reflejos<\/title>\n<meta name=\"robots\" content=\"index, follow, max-snippet:-1, max-image-preview:large, max-video-preview:-1\" \/>\n<link rel=\"canonical\" href=\"https:\/\/www.noticiasradioreflejos.com.ar\/2021\/dia-internacional-del-abrazo-por-que-se-celebra-hoy\/\" \/>\n<meta property=\"og:locale\" content=\"es_ES\" \/>\n<meta property=\"og:type\" content=\"article\" \/>\n<meta property=\"og:title\" content=\"D\u00eda Internacional del Abrazo: \u00bfpor qu\u00e9 se celebra hoy? - Noticias Radio Reflejos\" \/>\n<meta property=\"og:description\" content=\"Se conmemora desde 1986 por iniciativa de Kevin Zaborney de la Universidad de Michigan, Estados Unidos\" \/>\n<meta property=\"og:url\" content=\"https:\/\/www.noticiasradioreflejos.com.ar\/2021\/dia-internacional-del-abrazo-por-que-se-celebra-hoy\/\" \/>\n<meta property=\"og:site_name\" content=\"Noticias Radio Reflejos\" \/>\n<meta property=\"article:published_time\" content=\"2026-01-21T10:57:49+00:00\" \/>\n<meta property=\"og:image\" content=\"https:\/\/www.noticiasradioreflejos.com.ar\/2021\/wp-content\/uploads\/2026\/01\/abrazo.webp\" \/>\n\t<meta property=\"og:image:width\" content=\"540\" \/>\n\t<meta property=\"og:image:height\" content=\"360\" \/>\n\t<meta property=\"og:image:type\" content=\"image\/webp\" \/>\n<meta name=\"author\" content=\"Arnaldo Botto\" \/>\n<meta name=\"twitter:card\" content=\"summary_large_image\" \/>\n<script type=\"application\/ld+json\" class=\"yoast-schema-graph\">{\"@context\":\"https:\/\/schema.org\",\"@graph\":[{\"@type\":\"WebPage\",\"@id\":\"https:\/\/www.noticiasradioreflejos.com.ar\/2021\/dia-internacional-del-abrazo-por-que-se-celebra-hoy\/\",\"url\":\"https:\/\/www.noticiasradioreflejos.com.ar\/2021\/dia-internacional-del-abrazo-por-que-se-celebra-hoy\/\",\"name\":\"D\u00eda Internacional del Abrazo: \u00bfpor qu\u00e9 se celebra hoy? - Noticias Radio Reflejos\",\"isPartOf\":{\"@id\":\"https:\/\/www.noticiasradioreflejos.com.ar\/2021\/#website\"},\"primaryImageOfPage\":{\"@id\":\"https:\/\/www.noticiasradioreflejos.com.ar\/2021\/dia-internacional-del-abrazo-por-que-se-celebra-hoy\/#primaryimage\"},\"image\":{\"@id\":\"https:\/\/www.noticiasradioreflejos.com.ar\/2021\/dia-internacional-del-abrazo-por-que-se-celebra-hoy\/#primaryimage\"},\"thumbnailUrl\":\"https:\/\/www.noticiasradioreflejos.com.ar\/2021\/wp-content\/uploads\/2026\/01\/abrazo.webp\",\"datePublished\":\"2026-01-21T10:57:49+00:00\",\"author\":{\"@id\":\"https:\/\/www.noticiasradioreflejos.com.ar\/2021\/#\/schema\/person\/ad82545263dcc5ec0996818884fd5fb1\"},\"breadcrumb\":{\"@id\":\"https:\/\/www.noticiasradioreflejos.com.ar\/2021\/dia-internacional-del-abrazo-por-que-se-celebra-hoy\/#breadcrumb\"},\"inLanguage\":\"es\",\"potentialAction\":[{\"@type\":\"ReadAction\",\"target\":[\"https:\/\/www.noticiasradioreflejos.com.ar\/2021\/dia-internacional-del-abrazo-por-que-se-celebra-hoy\/\"]}]},{\"@type\":\"ImageObject\",\"inLanguage\":\"es\",\"@id\":\"https:\/\/www.noticiasradioreflejos.com.ar\/2021\/dia-internacional-del-abrazo-por-que-se-celebra-hoy\/#primaryimage\",\"url\":\"https:\/\/www.noticiasradioreflejos.com.ar\/2021\/wp-content\/uploads\/2026\/01\/abrazo.webp\",\"contentUrl\":\"https:\/\/www.noticiasradioreflejos.com.ar\/2021\/wp-content\/uploads\/2026\/01\/abrazo.webp\",\"width\":540,\"height\":360},{\"@type\":\"BreadcrumbList\",\"@id\":\"https:\/\/www.noticiasradioreflejos.com.ar\/2021\/dia-internacional-del-abrazo-por-que-se-celebra-hoy\/#breadcrumb\",\"itemListElement\":[{\"@type\":\"ListItem\",\"position\":1,\"name\":\"Portada\",\"item\":\"https:\/\/www.noticiasradioreflejos.com.ar\/2021\/\"},{\"@type\":\"ListItem\",\"position\":2,\"name\":\"D\u00eda Internacional del Abrazo: \u00bfpor qu\u00e9 se celebra hoy?\"}]},{\"@type\":\"WebSite\",\"@id\":\"https:\/\/www.noticiasradioreflejos.com.ar\/2021\/#website\",\"url\":\"https:\/\/www.noticiasradioreflejos.com.ar\/2021\/\",\"name\":\"Noticias Radio Reflejos\",\"description\":\"Las noticias de mi comarca\",\"potentialAction\":[{\"@type\":\"SearchAction\",\"target\":{\"@type\":\"EntryPoint\",\"urlTemplate\":\"https:\/\/www.noticiasradioreflejos.com.ar\/2021\/?s={search_term_string}\"},\"query-input\":{\"@type\":\"PropertyValueSpecification\",\"valueRequired\":true,\"valueName\":\"search_term_string\"}}],\"inLanguage\":\"es\"},{\"@type\":\"Person\",\"@id\":\"https:\/\/www.noticiasradioreflejos.com.ar\/2021\/#\/schema\/person\/ad82545263dcc5ec0996818884fd5fb1\",\"name\":\"Arnaldo Botto\",\"image\":{\"@type\":\"ImageObject\",\"inLanguage\":\"es\",\"@id\":\"https:\/\/www.noticiasradioreflejos.com.ar\/2021\/#\/schema\/person\/image\/\",\"url\":\"https:\/\/secure.gravatar.com\/avatar\/55cb5e37c1efa326397366e6974cb338056df65cb50e7d64d1cf314e87504837?s=96&d=mm&r=g\",\"contentUrl\":\"https:\/\/secure.gravatar.com\/avatar\/55cb5e37c1efa326397366e6974cb338056df65cb50e7d64d1cf314e87504837?s=96&d=mm&r=g\",\"caption\":\"Arnaldo Botto\"},\"url\":\"https:\/\/www.noticiasradioreflejos.com.ar\/2021\/author\/arnaldo\/\"}]}<\/script>\n<!-- \/ Yoast SEO plugin. -->","yoast_head_json":{"title":"D\u00eda Internacional del Abrazo: \u00bfpor qu\u00e9 se celebra hoy? - Noticias Radio Reflejos","robots":{"index":"index","follow":"follow","max-snippet":"max-snippet:-1","max-image-preview":"max-image-preview:large","max-video-preview":"max-video-preview:-1"},"canonical":"https:\/\/www.noticiasradioreflejos.com.ar\/2021\/dia-internacional-del-abrazo-por-que-se-celebra-hoy\/","og_locale":"es_ES","og_type":"article","og_title":"D\u00eda Internacional del Abrazo: \u00bfpor qu\u00e9 se celebra hoy? - Noticias Radio Reflejos","og_description":"Se conmemora desde 1986 por iniciativa de Kevin Zaborney de la Universidad de Michigan, Estados Unidos","og_url":"https:\/\/www.noticiasradioreflejos.com.ar\/2021\/dia-internacional-del-abrazo-por-que-se-celebra-hoy\/","og_site_name":"Noticias Radio Reflejos","article_published_time":"2026-01-21T10:57:49+00:00","og_image":[{"width":540,"height":360,"url":"https:\/\/www.noticiasradioreflejos.com.ar\/2021\/wp-content\/uploads\/2026\/01\/abrazo.webp","type":"image\/webp"}],"author":"Arnaldo Botto","twitter_card":"summary_large_image","schema":{"@context":"https:\/\/schema.org","@graph":[{"@type":"WebPage","@id":"https:\/\/www.noticiasradioreflejos.com.ar\/2021\/dia-internacional-del-abrazo-por-que-se-celebra-hoy\/","url":"https:\/\/www.noticiasradioreflejos.com.ar\/2021\/dia-internacional-del-abrazo-por-que-se-celebra-hoy\/","name":"D\u00eda Internacional del Abrazo: \u00bfpor qu\u00e9 se celebra hoy? - Noticias Radio Reflejos","isPartOf":{"@id":"https:\/\/www.noticiasradioreflejos.com.ar\/2021\/#website"},"primaryImageOfPage":{"@id":"https:\/\/www.noticiasradioreflejos.com.ar\/2021\/dia-internacional-del-abrazo-por-que-se-celebra-hoy\/#primaryimage"},"image":{"@id":"https:\/\/www.noticiasradioreflejos.com.ar\/2021\/dia-internacional-del-abrazo-por-que-se-celebra-hoy\/#primaryimage"},"thumbnailUrl":"https:\/\/www.noticiasradioreflejos.com.ar\/2021\/wp-content\/uploads\/2026\/01\/abrazo.webp","datePublished":"2026-01-21T10:57:49+00:00","author":{"@id":"https:\/\/www.noticiasradioreflejos.com.ar\/2021\/#\/schema\/person\/ad82545263dcc5ec0996818884fd5fb1"},"breadcrumb":{"@id":"https:\/\/www.noticiasradioreflejos.com.ar\/2021\/dia-internacional-del-abrazo-por-que-se-celebra-hoy\/#breadcrumb"},"inLanguage":"es","potentialAction":[{"@type":"ReadAction","target":["https:\/\/www.noticiasradioreflejos.com.ar\/2021\/dia-internacional-del-abrazo-por-que-se-celebra-hoy\/"]}]},{"@type":"ImageObject","inLanguage":"es","@id":"https:\/\/www.noticiasradioreflejos.com.ar\/2021\/dia-internacional-del-abrazo-por-que-se-celebra-hoy\/#primaryimage","url":"https:\/\/www.noticiasradioreflejos.com.ar\/2021\/wp-content\/uploads\/2026\/01\/abrazo.webp","contentUrl":"https:\/\/www.noticiasradioreflejos.com.ar\/2021\/wp-content\/uploads\/2026\/01\/abrazo.webp","width":540,"height":360},{"@type":"BreadcrumbList","@id":"https:\/\/www.noticiasradioreflejos.com.ar\/2021\/dia-internacional-del-abrazo-por-que-se-celebra-hoy\/#breadcrumb","itemListElement":[{"@type":"ListItem","position":1,"name":"Portada","item":"https:\/\/www.noticiasradioreflejos.com.ar\/2021\/"},{"@type":"ListItem","position":2,"name":"D\u00eda Internacional del Abrazo: \u00bfpor qu\u00e9 se celebra hoy?"}]},{"@type":"WebSite","@id":"https:\/\/www.noticiasradioreflejos.com.ar\/2021\/#website","url":"https:\/\/www.noticiasradioreflejos.com.ar\/2021\/","name":"Noticias Radio Reflejos","description":"Las noticias de mi comarca","potentialAction":[{"@type":"SearchAction","target":{"@type":"EntryPoint","urlTemplate":"https:\/\/www.noticiasradioreflejos.com.ar\/2021\/?s={search_term_string}"},"query-input":{"@type":"PropertyValueSpecification","valueRequired":true,"valueName":"search_term_string"}}],"inLanguage":"es"},{"@type":"Person","@id":"https:\/\/www.noticiasradioreflejos.com.ar\/2021\/#\/schema\/person\/ad82545263dcc5ec0996818884fd5fb1","name":"Arnaldo Botto","image":{"@type":"ImageObject","inLanguage":"es","@id":"https:\/\/www.noticiasradioreflejos.com.ar\/2021\/#\/schema\/person\/image\/","url":"https:\/\/secure.gravatar.com\/avatar\/55cb5e37c1efa326397366e6974cb338056df65cb50e7d64d1cf314e87504837?s=96&d=mm&r=g","contentUrl":"https:\/\/secure.gravatar.com\/avatar\/55cb5e37c1efa326397366e6974cb338056df65cb50e7d64d1cf314e87504837?s=96&d=mm&r=g","caption":"Arnaldo Botto"},"url":"https:\/\/www.noticiasradioreflejos.com.ar\/2021\/author\/arnaldo\/"}]}},"_links":{"self":[{"href":"https:\/\/www.noticiasradioreflejos.com.ar\/2021\/wp-json\/wp\/v2\/posts\/131633","targetHints":{"allow":["GET"]}}],"collection":[{"href":"https:\/\/www.noticiasradioreflejos.com.ar\/2021\/wp-json\/wp\/v2\/posts"}],"about":[{"href":"https:\/\/www.noticiasradioreflejos.com.ar\/2021\/wp-json\/wp\/v2\/types\/post"}],"author":[{"embeddable":true,"href":"https:\/\/www.noticiasradioreflejos.com.ar\/2021\/wp-json\/wp\/v2\/users\/3"}],"replies":[{"embeddable":true,"href":"https:\/\/www.noticiasradioreflejos.com.ar\/2021\/wp-json\/wp\/v2\/comments?post=131633"}],"version-history":[{"count":1,"href":"https:\/\/www.noticiasradioreflejos.com.ar\/2021\/wp-json\/wp\/v2\/posts\/131633\/revisions"}],"predecessor-version":[{"id":131635,"href":"https:\/\/www.noticiasradioreflejos.com.ar\/2021\/wp-json\/wp\/v2\/posts\/131633\/revisions\/131635"}],"wp:featuredmedia":[{"embeddable":true,"href":"https:\/\/www.noticiasradioreflejos.com.ar\/2021\/wp-json\/wp\/v2\/media\/131634"}],"wp:attachment":[{"href":"https:\/\/www.noticiasradioreflejos.com.ar\/2021\/wp-json\/wp\/v2\/media?parent=131633"}],"wp:term":[{"taxonomy":"category","embeddable":true,"href":"https:\/\/www.noticiasradioreflejos.com.ar\/2021\/wp-json\/wp\/v2\/categories?post=131633"},{"taxonomy":"post_tag","embeddable":true,"href":"https:\/\/www.noticiasradioreflejos.com.ar\/2021\/wp-json\/wp\/v2\/tags?post=131633"}],"curies":[{"name":"wp","href":"https:\/\/api.w.org\/{rel}","templated":true}]}}