{"id":131630,"date":"2026-01-21T07:35:03","date_gmt":"2026-01-21T10:35:03","guid":{"rendered":"https:\/\/www.noticiasradioreflejos.com.ar\/2021\/?p=131630"},"modified":"2026-01-21T07:35:03","modified_gmt":"2026-01-21T10:35:03","slug":"alerta-en-chubut-se-reactivaron-los-incendios-forestales-por-los-vientos-y-las-altas-temperaturas","status":"publish","type":"post","link":"https:\/\/www.noticiasradioreflejos.com.ar\/2021\/alerta-en-chubut-se-reactivaron-los-incendios-forestales-por-los-vientos-y-las-altas-temperaturas\/","title":{"rendered":"Alerta en Chubut: se reactivaron los incendios forestales por los vientos y las altas temperaturas"},"content":{"rendered":"<p>Las condiciones clim\u00e1ticas adversas favorecen la propagaci\u00f3n de las llamas que ya estaban activas y la iniciaci\u00f3n de nuevos focos \u00edgneos.<!--more--><\/p>\n<div class=\"columns\" data-tadevel-template=\"web\/article-columns\">\n<div class=\"column-main\">\n<figure class=\"multimedia\" data-tadevel-template=\"web\/multimedia\" data-type=\"photo\"><figcaption class=\"caption\"><\/figcaption><\/figure>\n<div class=\"article-body\" data-tadevel-template=\"web\/article-body\">\n<div class=\"article-body-content\">\n<p>\u00a0Las<strong>\u00a0altas temperaturas combinadas con las fuertes r\u00e1fagas de vientos<\/strong>\u00a0provocaron en las \u00faltimas horas\u00a0<strong>el recrudecimiento de los incendios forestales en Chubut.<\/strong><\/p>\n<p>Esta situaci\u00f3n agrav\u00f3 la situaci\u00f3n en el sur argentino y provoc\u00f3 que las autoridades provinciales y<strong>\u00a0los equipos de bomberos refuercen las tareas de combate en varias zonas rurales y forestales.\u00a0<\/strong><\/p>\n<p>El\u00a0<strong>Servicio Meteorol\u00f3gico Nacional (SMN)\u00a0<\/strong>emiti\u00f3\u00a0<strong>alertas amarillas y naranjas<\/strong>\u00a0para diferentes sectores de Chubut, por lo que las condiciones clim\u00e1ticas adversas<strong>\u00a0favorecen la propagaci\u00f3n de las llamas que ya estaban activas y la iniciaci\u00f3n de nuevos focos \u00edgneos.<\/strong><\/p>\n<p><strong>Brigadistas, aviones hidrantes y bomberos voluntarios<\/strong>\u00a0trabajaban de manera coordinada para contener los frentes de incendio, mientras\u00a0<strong>se eval\u00faa la necesidad de solicitar apoyo a provincias vecinas o a la Naci\u00f3n para reforzar los operativos en sectores m\u00e1s complejos.<\/strong><\/p>\n<p>La reactivaci\u00f3n de las llamas gener\u00f3 que\u00a0<strong>se intensifiquen las medidas de prevenci\u00f3n<\/strong>\u00a0y las advertencias en comunidades rurales y en \u00e1reas boscosas.<\/p>\n<p>En ese sentido,<strong>\u00a0se recomend\u00f3 a la poblaci\u00f3n extremar los cuidados y evitar cualquier acci\u00f3n que pueda generar nuevos focos, como uso de fuego al aire libre o chispas provenientes de maquinarias.\u00a0<\/strong><\/p>\n<p>Asimismo,\u00a0 se realiza un seguimiento constante de los cambios meteorol\u00f3gicos para ajustar los operativos de combate y prevenci\u00f3n.<\/p>\n<p><a href=\"https:\/\/noticiasargentinas.com\/-agenciana_t6916e70a4551e78eb9423f59\"><strong>#AgenciaNA<\/strong><\/a><strong>\u00a0<\/strong><\/p>\n<\/div>\n<\/div>\n<\/div>\n<\/div>\n","protected":false},"excerpt":{"rendered":"<p>Las condiciones clim\u00e1ticas adversas favorecen la propagaci\u00f3n de las llamas que ya estaban activas y la iniciaci\u00f3n de nuevos focos \u00edgneos.<\/p>\n","protected":false},"author":3,"featured_media":131631,"comment_status":"closed","ping_status":"closed","sticky":false,"template":"","format":"standard","meta":{"footnotes":""},"categories":[26],"tags":[],"class_list":["post-131630","post","type-post","status-publish","format-standard","has-post-thumbnail","hentry","category-sociedad"],"yoast_head":"<!-- This site is optimized with the Yoast SEO plugin v25.9 - https:\/\/yoast.com\/wordpress\/plugins\/seo\/ -->\n<title>Alerta en Chubut: se reactivaron los incendios forestales por los vientos y las altas temperaturas - Noticias Radio Reflejos<\/title>\n<meta name=\"robots\" content=\"index, follow, max-snippet:-1, max-image-preview:large, max-video-preview:-1\" \/>\n<link rel=\"canonical\" href=\"https:\/\/www.noticiasradioreflejos.com.ar\/2021\/alerta-en-chubut-se-reactivaron-los-incendios-forestales-por-los-vientos-y-las-altas-temperaturas\/\" \/>\n<meta property=\"og:locale\" content=\"es_ES\" \/>\n<meta property=\"og:type\" content=\"article\" \/>\n<meta property=\"og:title\" content=\"Alerta en Chubut: se reactivaron los incendios forestales por los vientos y las altas temperaturas - Noticias Radio Reflejos\" \/>\n<meta property=\"og:description\" content=\"Las condiciones clim\u00e1ticas adversas favorecen la propagaci\u00f3n de las llamas que ya estaban activas y la iniciaci\u00f3n de nuevos focos \u00edgneos.\" \/>\n<meta property=\"og:url\" content=\"https:\/\/www.noticiasradioreflejos.com.ar\/2021\/alerta-en-chubut-se-reactivaron-los-incendios-forestales-por-los-vientos-y-las-altas-temperaturas\/\" \/>\n<meta property=\"og:site_name\" content=\"Noticias Radio Reflejos\" \/>\n<meta property=\"article:published_time\" content=\"2026-01-21T10:35:03+00:00\" \/>\n<meta property=\"og:image\" content=\"https:\/\/www.noticiasradioreflejos.com.ar\/2021\/wp-content\/uploads\/2026\/01\/chubut.jpg\" \/>\n\t<meta property=\"og:image:width\" content=\"703\" \/>\n\t<meta property=\"og:image:height\" content=\"404\" \/>\n\t<meta property=\"og:image:type\" content=\"image\/jpeg\" \/>\n<meta name=\"author\" content=\"Arnaldo Botto\" \/>\n<meta name=\"twitter:card\" content=\"summary_large_image\" \/>\n<script type=\"application\/ld+json\" class=\"yoast-schema-graph\">{\"@context\":\"https:\/\/schema.org\",\"@graph\":[{\"@type\":\"WebPage\",\"@id\":\"https:\/\/www.noticiasradioreflejos.com.ar\/2021\/alerta-en-chubut-se-reactivaron-los-incendios-forestales-por-los-vientos-y-las-altas-temperaturas\/\",\"url\":\"https:\/\/www.noticiasradioreflejos.com.ar\/2021\/alerta-en-chubut-se-reactivaron-los-incendios-forestales-por-los-vientos-y-las-altas-temperaturas\/\",\"name\":\"Alerta en Chubut: se reactivaron los incendios forestales por los vientos y las altas temperaturas - Noticias Radio Reflejos\",\"isPartOf\":{\"@id\":\"https:\/\/www.noticiasradioreflejos.com.ar\/2021\/#website\"},\"primaryImageOfPage\":{\"@id\":\"https:\/\/www.noticiasradioreflejos.com.ar\/2021\/alerta-en-chubut-se-reactivaron-los-incendios-forestales-por-los-vientos-y-las-altas-temperaturas\/#primaryimage\"},\"image\":{\"@id\":\"https:\/\/www.noticiasradioreflejos.com.ar\/2021\/alerta-en-chubut-se-reactivaron-los-incendios-forestales-por-los-vientos-y-las-altas-temperaturas\/#primaryimage\"},\"thumbnailUrl\":\"https:\/\/www.noticiasradioreflejos.com.ar\/2021\/wp-content\/uploads\/2026\/01\/chubut.jpg\",\"datePublished\":\"2026-01-21T10:35:03+00:00\",\"author\":{\"@id\":\"https:\/\/www.noticiasradioreflejos.com.ar\/2021\/#\/schema\/person\/ad82545263dcc5ec0996818884fd5fb1\"},\"breadcrumb\":{\"@id\":\"https:\/\/www.noticiasradioreflejos.com.ar\/2021\/alerta-en-chubut-se-reactivaron-los-incendios-forestales-por-los-vientos-y-las-altas-temperaturas\/#breadcrumb\"},\"inLanguage\":\"es\",\"potentialAction\":[{\"@type\":\"ReadAction\",\"target\":[\"https:\/\/www.noticiasradioreflejos.com.ar\/2021\/alerta-en-chubut-se-reactivaron-los-incendios-forestales-por-los-vientos-y-las-altas-temperaturas\/\"]}]},{\"@type\":\"ImageObject\",\"inLanguage\":\"es\",\"@id\":\"https:\/\/www.noticiasradioreflejos.com.ar\/2021\/alerta-en-chubut-se-reactivaron-los-incendios-forestales-por-los-vientos-y-las-altas-temperaturas\/#primaryimage\",\"url\":\"https:\/\/www.noticiasradioreflejos.com.ar\/2021\/wp-content\/uploads\/2026\/01\/chubut.jpg\",\"contentUrl\":\"https:\/\/www.noticiasradioreflejos.com.ar\/2021\/wp-content\/uploads\/2026\/01\/chubut.jpg\",\"width\":703,\"height\":404},{\"@type\":\"BreadcrumbList\",\"@id\":\"https:\/\/www.noticiasradioreflejos.com.ar\/2021\/alerta-en-chubut-se-reactivaron-los-incendios-forestales-por-los-vientos-y-las-altas-temperaturas\/#breadcrumb\",\"itemListElement\":[{\"@type\":\"ListItem\",\"position\":1,\"name\":\"Portada\",\"item\":\"https:\/\/www.noticiasradioreflejos.com.ar\/2021\/\"},{\"@type\":\"ListItem\",\"position\":2,\"name\":\"Alerta en Chubut: se reactivaron los incendios forestales por los vientos y las altas temperaturas\"}]},{\"@type\":\"WebSite\",\"@id\":\"https:\/\/www.noticiasradioreflejos.com.ar\/2021\/#website\",\"url\":\"https:\/\/www.noticiasradioreflejos.com.ar\/2021\/\",\"name\":\"Noticias Radio Reflejos\",\"description\":\"Las noticias de mi comarca\",\"potentialAction\":[{\"@type\":\"SearchAction\",\"target\":{\"@type\":\"EntryPoint\",\"urlTemplate\":\"https:\/\/www.noticiasradioreflejos.com.ar\/2021\/?s={search_term_string}\"},\"query-input\":{\"@type\":\"PropertyValueSpecification\",\"valueRequired\":true,\"valueName\":\"search_term_string\"}}],\"inLanguage\":\"es\"},{\"@type\":\"Person\",\"@id\":\"https:\/\/www.noticiasradioreflejos.com.ar\/2021\/#\/schema\/person\/ad82545263dcc5ec0996818884fd5fb1\",\"name\":\"Arnaldo Botto\",\"image\":{\"@type\":\"ImageObject\",\"inLanguage\":\"es\",\"@id\":\"https:\/\/www.noticiasradioreflejos.com.ar\/2021\/#\/schema\/person\/image\/\",\"url\":\"https:\/\/secure.gravatar.com\/avatar\/55cb5e37c1efa326397366e6974cb338056df65cb50e7d64d1cf314e87504837?s=96&d=mm&r=g\",\"contentUrl\":\"https:\/\/secure.gravatar.com\/avatar\/55cb5e37c1efa326397366e6974cb338056df65cb50e7d64d1cf314e87504837?s=96&d=mm&r=g\",\"caption\":\"Arnaldo Botto\"},\"url\":\"https:\/\/www.noticiasradioreflejos.com.ar\/2021\/author\/arnaldo\/\"}]}<\/script>\n<!-- \/ Yoast SEO plugin. -->","yoast_head_json":{"title":"Alerta en Chubut: se reactivaron los incendios forestales por los vientos y las altas temperaturas - Noticias Radio Reflejos","robots":{"index":"index","follow":"follow","max-snippet":"max-snippet:-1","max-image-preview":"max-image-preview:large","max-video-preview":"max-video-preview:-1"},"canonical":"https:\/\/www.noticiasradioreflejos.com.ar\/2021\/alerta-en-chubut-se-reactivaron-los-incendios-forestales-por-los-vientos-y-las-altas-temperaturas\/","og_locale":"es_ES","og_type":"article","og_title":"Alerta en Chubut: se reactivaron los incendios forestales por los vientos y las altas temperaturas - Noticias Radio Reflejos","og_description":"Las condiciones clim\u00e1ticas adversas favorecen la propagaci\u00f3n de las llamas que ya estaban activas y la iniciaci\u00f3n de nuevos focos \u00edgneos.","og_url":"https:\/\/www.noticiasradioreflejos.com.ar\/2021\/alerta-en-chubut-se-reactivaron-los-incendios-forestales-por-los-vientos-y-las-altas-temperaturas\/","og_site_name":"Noticias Radio Reflejos","article_published_time":"2026-01-21T10:35:03+00:00","og_image":[{"width":703,"height":404,"url":"https:\/\/www.noticiasradioreflejos.com.ar\/2021\/wp-content\/uploads\/2026\/01\/chubut.jpg","type":"image\/jpeg"}],"author":"Arnaldo Botto","twitter_card":"summary_large_image","schema":{"@context":"https:\/\/schema.org","@graph":[{"@type":"WebPage","@id":"https:\/\/www.noticiasradioreflejos.com.ar\/2021\/alerta-en-chubut-se-reactivaron-los-incendios-forestales-por-los-vientos-y-las-altas-temperaturas\/","url":"https:\/\/www.noticiasradioreflejos.com.ar\/2021\/alerta-en-chubut-se-reactivaron-los-incendios-forestales-por-los-vientos-y-las-altas-temperaturas\/","name":"Alerta en Chubut: se reactivaron los incendios forestales por los vientos y las altas temperaturas - Noticias Radio Reflejos","isPartOf":{"@id":"https:\/\/www.noticiasradioreflejos.com.ar\/2021\/#website"},"primaryImageOfPage":{"@id":"https:\/\/www.noticiasradioreflejos.com.ar\/2021\/alerta-en-chubut-se-reactivaron-los-incendios-forestales-por-los-vientos-y-las-altas-temperaturas\/#primaryimage"},"image":{"@id":"https:\/\/www.noticiasradioreflejos.com.ar\/2021\/alerta-en-chubut-se-reactivaron-los-incendios-forestales-por-los-vientos-y-las-altas-temperaturas\/#primaryimage"},"thumbnailUrl":"https:\/\/www.noticiasradioreflejos.com.ar\/2021\/wp-content\/uploads\/2026\/01\/chubut.jpg","datePublished":"2026-01-21T10:35:03+00:00","author":{"@id":"https:\/\/www.noticiasradioreflejos.com.ar\/2021\/#\/schema\/person\/ad82545263dcc5ec0996818884fd5fb1"},"breadcrumb":{"@id":"https:\/\/www.noticiasradioreflejos.com.ar\/2021\/alerta-en-chubut-se-reactivaron-los-incendios-forestales-por-los-vientos-y-las-altas-temperaturas\/#breadcrumb"},"inLanguage":"es","potentialAction":[{"@type":"ReadAction","target":["https:\/\/www.noticiasradioreflejos.com.ar\/2021\/alerta-en-chubut-se-reactivaron-los-incendios-forestales-por-los-vientos-y-las-altas-temperaturas\/"]}]},{"@type":"ImageObject","inLanguage":"es","@id":"https:\/\/www.noticiasradioreflejos.com.ar\/2021\/alerta-en-chubut-se-reactivaron-los-incendios-forestales-por-los-vientos-y-las-altas-temperaturas\/#primaryimage","url":"https:\/\/www.noticiasradioreflejos.com.ar\/2021\/wp-content\/uploads\/2026\/01\/chubut.jpg","contentUrl":"https:\/\/www.noticiasradioreflejos.com.ar\/2021\/wp-content\/uploads\/2026\/01\/chubut.jpg","width":703,"height":404},{"@type":"BreadcrumbList","@id":"https:\/\/www.noticiasradioreflejos.com.ar\/2021\/alerta-en-chubut-se-reactivaron-los-incendios-forestales-por-los-vientos-y-las-altas-temperaturas\/#breadcrumb","itemListElement":[{"@type":"ListItem","position":1,"name":"Portada","item":"https:\/\/www.noticiasradioreflejos.com.ar\/2021\/"},{"@type":"ListItem","position":2,"name":"Alerta en Chubut: se reactivaron los incendios forestales por los vientos y las altas temperaturas"}]},{"@type":"WebSite","@id":"https:\/\/www.noticiasradioreflejos.com.ar\/2021\/#website","url":"https:\/\/www.noticiasradioreflejos.com.ar\/2021\/","name":"Noticias Radio Reflejos","description":"Las noticias de mi comarca","potentialAction":[{"@type":"SearchAction","target":{"@type":"EntryPoint","urlTemplate":"https:\/\/www.noticiasradioreflejos.com.ar\/2021\/?s={search_term_string}"},"query-input":{"@type":"PropertyValueSpecification","valueRequired":true,"valueName":"search_term_string"}}],"inLanguage":"es"},{"@type":"Person","@id":"https:\/\/www.noticiasradioreflejos.com.ar\/2021\/#\/schema\/person\/ad82545263dcc5ec0996818884fd5fb1","name":"Arnaldo Botto","image":{"@type":"ImageObject","inLanguage":"es","@id":"https:\/\/www.noticiasradioreflejos.com.ar\/2021\/#\/schema\/person\/image\/","url":"https:\/\/secure.gravatar.com\/avatar\/55cb5e37c1efa326397366e6974cb338056df65cb50e7d64d1cf314e87504837?s=96&d=mm&r=g","contentUrl":"https:\/\/secure.gravatar.com\/avatar\/55cb5e37c1efa326397366e6974cb338056df65cb50e7d64d1cf314e87504837?s=96&d=mm&r=g","caption":"Arnaldo Botto"},"url":"https:\/\/www.noticiasradioreflejos.com.ar\/2021\/author\/arnaldo\/"}]}},"_links":{"self":[{"href":"https:\/\/www.noticiasradioreflejos.com.ar\/2021\/wp-json\/wp\/v2\/posts\/131630","targetHints":{"allow":["GET"]}}],"collection":[{"href":"https:\/\/www.noticiasradioreflejos.com.ar\/2021\/wp-json\/wp\/v2\/posts"}],"about":[{"href":"https:\/\/www.noticiasradioreflejos.com.ar\/2021\/wp-json\/wp\/v2\/types\/post"}],"author":[{"embeddable":true,"href":"https:\/\/www.noticiasradioreflejos.com.ar\/2021\/wp-json\/wp\/v2\/users\/3"}],"replies":[{"embeddable":true,"href":"https:\/\/www.noticiasradioreflejos.com.ar\/2021\/wp-json\/wp\/v2\/comments?post=131630"}],"version-history":[{"count":1,"href":"https:\/\/www.noticiasradioreflejos.com.ar\/2021\/wp-json\/wp\/v2\/posts\/131630\/revisions"}],"predecessor-version":[{"id":131632,"href":"https:\/\/www.noticiasradioreflejos.com.ar\/2021\/wp-json\/wp\/v2\/posts\/131630\/revisions\/131632"}],"wp:featuredmedia":[{"embeddable":true,"href":"https:\/\/www.noticiasradioreflejos.com.ar\/2021\/wp-json\/wp\/v2\/media\/131631"}],"wp:attachment":[{"href":"https:\/\/www.noticiasradioreflejos.com.ar\/2021\/wp-json\/wp\/v2\/media?parent=131630"}],"wp:term":[{"taxonomy":"category","embeddable":true,"href":"https:\/\/www.noticiasradioreflejos.com.ar\/2021\/wp-json\/wp\/v2\/categories?post=131630"},{"taxonomy":"post_tag","embeddable":true,"href":"https:\/\/www.noticiasradioreflejos.com.ar\/2021\/wp-json\/wp\/v2\/tags?post=131630"}],"curies":[{"name":"wp","href":"https:\/\/api.w.org\/{rel}","templated":true}]}}