{"id":131623,"date":"2026-01-21T06:54:18","date_gmt":"2026-01-21T09:54:18","guid":{"rendered":"https:\/\/www.noticiasradioreflejos.com.ar\/2021\/?p=131623"},"modified":"2026-01-21T06:54:19","modified_gmt":"2026-01-21T09:54:19","slug":"a-32-anos-de-la-tragedia-de-los-bomberitos-de-puerto-madryn-un-legado-de-valor-y-memoria","status":"publish","type":"post","link":"https:\/\/www.noticiasradioreflejos.com.ar\/2021\/a-32-anos-de-la-tragedia-de-los-bomberitos-de-puerto-madryn-un-legado-de-valor-y-memoria\/","title":{"rendered":"A 32 a\u00f1os de la tragedia de los \u00abBomberitos\u00bb de Puerto Madryn: Un legado de valor y memoria"},"content":{"rendered":"<p data-path-to-node=\"5\">Cada 21 de enero, la comunidad de Puerto Madryn y el Sistema Nacional de Bomberos Voluntarios se sumergen en un profundo silencio para honrar la memoria de los <b data-path-to-node=\"5\" data-index-in-node=\"184\">25 bomberos voluntarios<\/b> que perdieron la vida en 1994, en lo que representa la mayor tragedia en la historia de los cuerpos de socorro de la Rep\u00fablica Argentina.<!--more--><\/p>\n<p data-path-to-node=\"7\">Aquel fat\u00eddico 21 de enero de 1994, una dotaci\u00f3n de bomberos acudi\u00f3 a combatir un incendio de campos de gran magnitud a pocos kil\u00f3metros de la ciudad. Lo que comenz\u00f3 como un operativo de rutina se transform\u00f3 en una emboscada mortal cuando un violento y repentino cambio en la direcci\u00f3n y velocidad de los vientos gener\u00f3 un <b data-path-to-node=\"7\" data-index-in-node=\"323\">\u00abatrapamiento\u00bb<\/b> por las llamas.<\/p>\n<p data-path-to-node=\"7\"><a href=\"https:\/\/www.noticiasradioreflejos.com.ar\/2021\/a-32-anos-de-la-tragedia-de-los-bomberitos-de-puerto-madryn-un-legado-de-valor-y-memoria\/bomberitos-tragedia-pm\/\" rel=\"attachment wp-att-131626\"><img loading=\"lazy\" decoding=\"async\" class=\"aligncenter size-full wp-image-131626\" src=\"https:\/\/www.noticiasradioreflejos.com.ar\/2021\/wp-content\/uploads\/2026\/01\/bomberitos-tragedia-pm.jpg\" alt=\"\" width=\"992\" height=\"661\" srcset=\"https:\/\/www.noticiasradioreflejos.com.ar\/2021\/wp-content\/uploads\/2026\/01\/bomberitos-tragedia-pm.jpg 992w, https:\/\/www.noticiasradioreflejos.com.ar\/2021\/wp-content\/uploads\/2026\/01\/bomberitos-tragedia-pm-300x200.jpg 300w, https:\/\/www.noticiasradioreflejos.com.ar\/2021\/wp-content\/uploads\/2026\/01\/bomberitos-tragedia-pm-768x512.jpg 768w, https:\/\/www.noticiasradioreflejos.com.ar\/2021\/wp-content\/uploads\/2026\/01\/bomberitos-tragedia-pm-750x500.jpg 750w\" sizes=\"auto, (max-width: 992px) 100vw, 992px\" \/><\/a><\/p>\n<p data-path-to-node=\"8\">Entre las v\u00edctimas se encontraban 25 efectivos, muchos de ellos <b data-path-to-node=\"8\" data-index-in-node=\"64\">cadetes de entre 11 y 23 a\u00f1os<\/b>, cuya vocaci\u00f3n de servicio los llev\u00f3 a estar en la primera l\u00ednea de defensa de su comunidad.<\/p>\n<p data-path-to-node=\"10\">Como cada a\u00f1o, se llevar\u00e1n a cabo los actos centrales en el Monumento a los Bomberos (ubicado en la Plaza San Mart\u00edn) y en el Pante\u00f3n que guarda sus restos en el cementerio local.<\/p>\n<ul data-path-to-node=\"11\">\n<li>\n<p data-path-to-node=\"11,0,0\"><b data-path-to-node=\"11,0,0\" data-index-in-node=\"0\">Ofrenda floral:<\/b> Se realizar\u00e1 el tradicional toque de sirena a las 9:00 hs.<\/p>\n<\/li>\n<li>\n<p data-path-to-node=\"11,1,0\"><b data-path-to-node=\"11,1,0\" data-index-in-node=\"0\">Consigna:<\/b> \u00abHonor, Valor y Sacrificio\u00bb, los pilares que hoy sostienen la capacitaci\u00f3n y seguridad de los nuevos cuerpos de bomberos para que una tragedia de esta magnitud nunca vuelva a repetirse.<\/p>\n<\/li>\n<\/ul>\n<p><a href=\"https:\/\/www.noticiasradioreflejos.com.ar\/2021\/a-32-anos-de-la-tragedia-de-los-bomberitos-de-puerto-madryn-un-legado-de-valor-y-memoria\/bomberitos-tragedia\/\" rel=\"attachment wp-att-131625\"><img loading=\"lazy\" decoding=\"async\" class=\"aligncenter size-full wp-image-131625\" src=\"https:\/\/www.noticiasradioreflejos.com.ar\/2021\/wp-content\/uploads\/2026\/01\/bomberitos-tragedia.jpg\" alt=\"\" width=\"992\" height=\"667\" srcset=\"https:\/\/www.noticiasradioreflejos.com.ar\/2021\/wp-content\/uploads\/2026\/01\/bomberitos-tragedia.jpg 992w, https:\/\/www.noticiasradioreflejos.com.ar\/2021\/wp-content\/uploads\/2026\/01\/bomberitos-tragedia-300x202.jpg 300w, https:\/\/www.noticiasradioreflejos.com.ar\/2021\/wp-content\/uploads\/2026\/01\/bomberitos-tragedia-768x516.jpg 768w, https:\/\/www.noticiasradioreflejos.com.ar\/2021\/wp-content\/uploads\/2026\/01\/bomberitos-tragedia-750x504.jpg 750w\" sizes=\"auto, (max-width: 992px) 100vw, 992px\" \/><\/a><\/p>\n<h4 data-path-to-node=\"12\"><b data-path-to-node=\"12\" data-index-in-node=\"0\">Un cambio en la historia<\/b><\/h4>\n<p data-path-to-node=\"13\">La tragedia de los \u00abBomberitos\u00bb marc\u00f3 un antes y un despu\u00e9s en la legislaci\u00f3n y los protocolos de seguridad para menores en los cuarteles de todo el pa\u00eds. Hoy, su recuerdo es el motor que impulsa la profesionalizaci\u00f3n y el equipamiento de los m\u00e1s de 43.000 bomberos voluntarios que prestan servicio en Argentina.<\/p>\n<blockquote data-path-to-node=\"14\">\n<p data-path-to-node=\"14,0\"><i data-path-to-node=\"14,0\" data-index-in-node=\"0\">\u00abNo los olvidamos porque su sacrificio es la llama que mantiene encendida nuestra vocaci\u00f3n de servicio.\u00bb<\/i><\/p>\n<\/blockquote>\n<p data-path-to-node=\"14,0\">\n<p data-path-to-node=\"14,0\"><a href=\"https:\/\/www.noticiasradioreflejos.com.ar\/2021\/a-32-anos-de-la-tragedia-de-los-bomberitos-de-puerto-madryn-un-legado-de-valor-y-memoria\/bomberitos\/\" rel=\"attachment wp-att-131627\"><img loading=\"lazy\" decoding=\"async\" class=\"aligncenter size-full wp-image-131627\" src=\"https:\/\/www.noticiasradioreflejos.com.ar\/2021\/wp-content\/uploads\/2026\/01\/bomberitos.jpg\" alt=\"\" width=\"992\" height=\"1304\" srcset=\"https:\/\/www.noticiasradioreflejos.com.ar\/2021\/wp-content\/uploads\/2026\/01\/bomberitos.jpg 992w, https:\/\/www.noticiasradioreflejos.com.ar\/2021\/wp-content\/uploads\/2026\/01\/bomberitos-228x300.jpg 228w, https:\/\/www.noticiasradioreflejos.com.ar\/2021\/wp-content\/uploads\/2026\/01\/bomberitos-779x1024.jpg 779w, https:\/\/www.noticiasradioreflejos.com.ar\/2021\/wp-content\/uploads\/2026\/01\/bomberitos-768x1010.jpg 768w, https:\/\/www.noticiasradioreflejos.com.ar\/2021\/wp-content\/uploads\/2026\/01\/bomberitos-750x986.jpg 750w\" sizes=\"auto, (max-width: 992px) 100vw, 992px\" \/><\/a><\/p>\n<p data-path-to-node=\"15\"><b data-path-to-node=\"15\" data-index-in-node=\"0\">Contacto de Prensa:<\/b> Cuerpo de Bomberos Voluntarios de Puerto Madryn<\/p>\n","protected":false},"excerpt":{"rendered":"<p>Cada 21 de enero, la comunidad de Puerto Madryn y el Sistema Nacional de Bomberos Voluntarios se sumergen en un profundo silencio para honrar la memoria de los 25 bomberos voluntarios que perdieron la vida en 1994, en lo que representa la mayor tragedia en la historia de los cuerpos de socorro de la Rep\u00fablica [&hellip;]<\/p>\n","protected":false},"author":3,"featured_media":131624,"comment_status":"closed","ping_status":"closed","sticky":false,"template":"","format":"standard","meta":{"footnotes":""},"categories":[26],"tags":[],"class_list":["post-131623","post","type-post","status-publish","format-standard","has-post-thumbnail","hentry","category-sociedad"],"yoast_head":"<!-- This site is optimized with the Yoast SEO plugin v25.9 - https:\/\/yoast.com\/wordpress\/plugins\/seo\/ -->\n<title>A 32 a\u00f1os de la tragedia de los &quot;Bomberitos&quot; de Puerto Madryn: Un legado de valor y memoria - Noticias Radio Reflejos<\/title>\n<meta name=\"robots\" content=\"index, follow, max-snippet:-1, max-image-preview:large, max-video-preview:-1\" \/>\n<link rel=\"canonical\" href=\"https:\/\/www.noticiasradioreflejos.com.ar\/2021\/a-32-anos-de-la-tragedia-de-los-bomberitos-de-puerto-madryn-un-legado-de-valor-y-memoria\/\" \/>\n<meta property=\"og:locale\" content=\"es_ES\" \/>\n<meta property=\"og:type\" content=\"article\" \/>\n<meta property=\"og:title\" content=\"A 32 a\u00f1os de la tragedia de los &quot;Bomberitos&quot; de Puerto Madryn: Un legado de valor y memoria - Noticias Radio Reflejos\" \/>\n<meta property=\"og:description\" content=\"Cada 21 de enero, la comunidad de Puerto Madryn y el Sistema Nacional de Bomberos Voluntarios se sumergen en un profundo silencio para honrar la memoria de los 25 bomberos voluntarios que perdieron la vida en 1994, en lo que representa la mayor tragedia en la historia de los cuerpos de socorro de la Rep\u00fablica [&hellip;]\" \/>\n<meta property=\"og:url\" content=\"https:\/\/www.noticiasradioreflejos.com.ar\/2021\/a-32-anos-de-la-tragedia-de-los-bomberitos-de-puerto-madryn-un-legado-de-valor-y-memoria\/\" \/>\n<meta property=\"og:site_name\" content=\"Noticias Radio Reflejos\" \/>\n<meta property=\"article:published_time\" content=\"2026-01-21T09:54:18+00:00\" \/>\n<meta property=\"article:modified_time\" content=\"2026-01-21T09:54:19+00:00\" \/>\n<meta property=\"og:image\" content=\"https:\/\/www.noticiasradioreflejos.com.ar\/2021\/wp-content\/uploads\/2026\/01\/bomberitos-mopnumento.jpg\" \/>\n\t<meta property=\"og:image:width\" content=\"992\" \/>\n\t<meta property=\"og:image:height\" content=\"559\" \/>\n\t<meta property=\"og:image:type\" content=\"image\/jpeg\" \/>\n<meta name=\"author\" content=\"Arnaldo Botto\" \/>\n<meta name=\"twitter:card\" content=\"summary_large_image\" \/>\n<script type=\"application\/ld+json\" class=\"yoast-schema-graph\">{\"@context\":\"https:\/\/schema.org\",\"@graph\":[{\"@type\":\"WebPage\",\"@id\":\"https:\/\/www.noticiasradioreflejos.com.ar\/2021\/a-32-anos-de-la-tragedia-de-los-bomberitos-de-puerto-madryn-un-legado-de-valor-y-memoria\/\",\"url\":\"https:\/\/www.noticiasradioreflejos.com.ar\/2021\/a-32-anos-de-la-tragedia-de-los-bomberitos-de-puerto-madryn-un-legado-de-valor-y-memoria\/\",\"name\":\"A 32 a\u00f1os de la tragedia de los \\\"Bomberitos\\\" de Puerto Madryn: Un legado de valor y memoria - Noticias Radio Reflejos\",\"isPartOf\":{\"@id\":\"https:\/\/www.noticiasradioreflejos.com.ar\/2021\/#website\"},\"primaryImageOfPage\":{\"@id\":\"https:\/\/www.noticiasradioreflejos.com.ar\/2021\/a-32-anos-de-la-tragedia-de-los-bomberitos-de-puerto-madryn-un-legado-de-valor-y-memoria\/#primaryimage\"},\"image\":{\"@id\":\"https:\/\/www.noticiasradioreflejos.com.ar\/2021\/a-32-anos-de-la-tragedia-de-los-bomberitos-de-puerto-madryn-un-legado-de-valor-y-memoria\/#primaryimage\"},\"thumbnailUrl\":\"https:\/\/www.noticiasradioreflejos.com.ar\/2021\/wp-content\/uploads\/2026\/01\/bomberitos-mopnumento.jpg\",\"datePublished\":\"2026-01-21T09:54:18+00:00\",\"dateModified\":\"2026-01-21T09:54:19+00:00\",\"author\":{\"@id\":\"https:\/\/www.noticiasradioreflejos.com.ar\/2021\/#\/schema\/person\/ad82545263dcc5ec0996818884fd5fb1\"},\"breadcrumb\":{\"@id\":\"https:\/\/www.noticiasradioreflejos.com.ar\/2021\/a-32-anos-de-la-tragedia-de-los-bomberitos-de-puerto-madryn-un-legado-de-valor-y-memoria\/#breadcrumb\"},\"inLanguage\":\"es\",\"potentialAction\":[{\"@type\":\"ReadAction\",\"target\":[\"https:\/\/www.noticiasradioreflejos.com.ar\/2021\/a-32-anos-de-la-tragedia-de-los-bomberitos-de-puerto-madryn-un-legado-de-valor-y-memoria\/\"]}]},{\"@type\":\"ImageObject\",\"inLanguage\":\"es\",\"@id\":\"https:\/\/www.noticiasradioreflejos.com.ar\/2021\/a-32-anos-de-la-tragedia-de-los-bomberitos-de-puerto-madryn-un-legado-de-valor-y-memoria\/#primaryimage\",\"url\":\"https:\/\/www.noticiasradioreflejos.com.ar\/2021\/wp-content\/uploads\/2026\/01\/bomberitos-mopnumento.jpg\",\"contentUrl\":\"https:\/\/www.noticiasradioreflejos.com.ar\/2021\/wp-content\/uploads\/2026\/01\/bomberitos-mopnumento.jpg\",\"width\":992,\"height\":559},{\"@type\":\"BreadcrumbList\",\"@id\":\"https:\/\/www.noticiasradioreflejos.com.ar\/2021\/a-32-anos-de-la-tragedia-de-los-bomberitos-de-puerto-madryn-un-legado-de-valor-y-memoria\/#breadcrumb\",\"itemListElement\":[{\"@type\":\"ListItem\",\"position\":1,\"name\":\"Portada\",\"item\":\"https:\/\/www.noticiasradioreflejos.com.ar\/2021\/\"},{\"@type\":\"ListItem\",\"position\":2,\"name\":\"A 32 a\u00f1os de la tragedia de los \u00abBomberitos\u00bb de Puerto Madryn: Un legado de valor y memoria\"}]},{\"@type\":\"WebSite\",\"@id\":\"https:\/\/www.noticiasradioreflejos.com.ar\/2021\/#website\",\"url\":\"https:\/\/www.noticiasradioreflejos.com.ar\/2021\/\",\"name\":\"Noticias Radio Reflejos\",\"description\":\"Las noticias de mi comarca\",\"potentialAction\":[{\"@type\":\"SearchAction\",\"target\":{\"@type\":\"EntryPoint\",\"urlTemplate\":\"https:\/\/www.noticiasradioreflejos.com.ar\/2021\/?s={search_term_string}\"},\"query-input\":{\"@type\":\"PropertyValueSpecification\",\"valueRequired\":true,\"valueName\":\"search_term_string\"}}],\"inLanguage\":\"es\"},{\"@type\":\"Person\",\"@id\":\"https:\/\/www.noticiasradioreflejos.com.ar\/2021\/#\/schema\/person\/ad82545263dcc5ec0996818884fd5fb1\",\"name\":\"Arnaldo Botto\",\"image\":{\"@type\":\"ImageObject\",\"inLanguage\":\"es\",\"@id\":\"https:\/\/www.noticiasradioreflejos.com.ar\/2021\/#\/schema\/person\/image\/\",\"url\":\"https:\/\/secure.gravatar.com\/avatar\/55cb5e37c1efa326397366e6974cb338056df65cb50e7d64d1cf314e87504837?s=96&d=mm&r=g\",\"contentUrl\":\"https:\/\/secure.gravatar.com\/avatar\/55cb5e37c1efa326397366e6974cb338056df65cb50e7d64d1cf314e87504837?s=96&d=mm&r=g\",\"caption\":\"Arnaldo Botto\"},\"url\":\"https:\/\/www.noticiasradioreflejos.com.ar\/2021\/author\/arnaldo\/\"}]}<\/script>\n<!-- \/ Yoast SEO plugin. -->","yoast_head_json":{"title":"A 32 a\u00f1os de la tragedia de los \"Bomberitos\" de Puerto Madryn: Un legado de valor y memoria - Noticias Radio Reflejos","robots":{"index":"index","follow":"follow","max-snippet":"max-snippet:-1","max-image-preview":"max-image-preview:large","max-video-preview":"max-video-preview:-1"},"canonical":"https:\/\/www.noticiasradioreflejos.com.ar\/2021\/a-32-anos-de-la-tragedia-de-los-bomberitos-de-puerto-madryn-un-legado-de-valor-y-memoria\/","og_locale":"es_ES","og_type":"article","og_title":"A 32 a\u00f1os de la tragedia de los \"Bomberitos\" de Puerto Madryn: Un legado de valor y memoria - Noticias Radio Reflejos","og_description":"Cada 21 de enero, la comunidad de Puerto Madryn y el Sistema Nacional de Bomberos Voluntarios se sumergen en un profundo silencio para honrar la memoria de los 25 bomberos voluntarios que perdieron la vida en 1994, en lo que representa la mayor tragedia en la historia de los cuerpos de socorro de la Rep\u00fablica [&hellip;]","og_url":"https:\/\/www.noticiasradioreflejos.com.ar\/2021\/a-32-anos-de-la-tragedia-de-los-bomberitos-de-puerto-madryn-un-legado-de-valor-y-memoria\/","og_site_name":"Noticias Radio Reflejos","article_published_time":"2026-01-21T09:54:18+00:00","article_modified_time":"2026-01-21T09:54:19+00:00","og_image":[{"width":992,"height":559,"url":"https:\/\/www.noticiasradioreflejos.com.ar\/2021\/wp-content\/uploads\/2026\/01\/bomberitos-mopnumento.jpg","type":"image\/jpeg"}],"author":"Arnaldo Botto","twitter_card":"summary_large_image","schema":{"@context":"https:\/\/schema.org","@graph":[{"@type":"WebPage","@id":"https:\/\/www.noticiasradioreflejos.com.ar\/2021\/a-32-anos-de-la-tragedia-de-los-bomberitos-de-puerto-madryn-un-legado-de-valor-y-memoria\/","url":"https:\/\/www.noticiasradioreflejos.com.ar\/2021\/a-32-anos-de-la-tragedia-de-los-bomberitos-de-puerto-madryn-un-legado-de-valor-y-memoria\/","name":"A 32 a\u00f1os de la tragedia de los \"Bomberitos\" de Puerto Madryn: Un legado de valor y memoria - Noticias Radio Reflejos","isPartOf":{"@id":"https:\/\/www.noticiasradioreflejos.com.ar\/2021\/#website"},"primaryImageOfPage":{"@id":"https:\/\/www.noticiasradioreflejos.com.ar\/2021\/a-32-anos-de-la-tragedia-de-los-bomberitos-de-puerto-madryn-un-legado-de-valor-y-memoria\/#primaryimage"},"image":{"@id":"https:\/\/www.noticiasradioreflejos.com.ar\/2021\/a-32-anos-de-la-tragedia-de-los-bomberitos-de-puerto-madryn-un-legado-de-valor-y-memoria\/#primaryimage"},"thumbnailUrl":"https:\/\/www.noticiasradioreflejos.com.ar\/2021\/wp-content\/uploads\/2026\/01\/bomberitos-mopnumento.jpg","datePublished":"2026-01-21T09:54:18+00:00","dateModified":"2026-01-21T09:54:19+00:00","author":{"@id":"https:\/\/www.noticiasradioreflejos.com.ar\/2021\/#\/schema\/person\/ad82545263dcc5ec0996818884fd5fb1"},"breadcrumb":{"@id":"https:\/\/www.noticiasradioreflejos.com.ar\/2021\/a-32-anos-de-la-tragedia-de-los-bomberitos-de-puerto-madryn-un-legado-de-valor-y-memoria\/#breadcrumb"},"inLanguage":"es","potentialAction":[{"@type":"ReadAction","target":["https:\/\/www.noticiasradioreflejos.com.ar\/2021\/a-32-anos-de-la-tragedia-de-los-bomberitos-de-puerto-madryn-un-legado-de-valor-y-memoria\/"]}]},{"@type":"ImageObject","inLanguage":"es","@id":"https:\/\/www.noticiasradioreflejos.com.ar\/2021\/a-32-anos-de-la-tragedia-de-los-bomberitos-de-puerto-madryn-un-legado-de-valor-y-memoria\/#primaryimage","url":"https:\/\/www.noticiasradioreflejos.com.ar\/2021\/wp-content\/uploads\/2026\/01\/bomberitos-mopnumento.jpg","contentUrl":"https:\/\/www.noticiasradioreflejos.com.ar\/2021\/wp-content\/uploads\/2026\/01\/bomberitos-mopnumento.jpg","width":992,"height":559},{"@type":"BreadcrumbList","@id":"https:\/\/www.noticiasradioreflejos.com.ar\/2021\/a-32-anos-de-la-tragedia-de-los-bomberitos-de-puerto-madryn-un-legado-de-valor-y-memoria\/#breadcrumb","itemListElement":[{"@type":"ListItem","position":1,"name":"Portada","item":"https:\/\/www.noticiasradioreflejos.com.ar\/2021\/"},{"@type":"ListItem","position":2,"name":"A 32 a\u00f1os de la tragedia de los \u00abBomberitos\u00bb de Puerto Madryn: Un legado de valor y memoria"}]},{"@type":"WebSite","@id":"https:\/\/www.noticiasradioreflejos.com.ar\/2021\/#website","url":"https:\/\/www.noticiasradioreflejos.com.ar\/2021\/","name":"Noticias Radio Reflejos","description":"Las noticias de mi comarca","potentialAction":[{"@type":"SearchAction","target":{"@type":"EntryPoint","urlTemplate":"https:\/\/www.noticiasradioreflejos.com.ar\/2021\/?s={search_term_string}"},"query-input":{"@type":"PropertyValueSpecification","valueRequired":true,"valueName":"search_term_string"}}],"inLanguage":"es"},{"@type":"Person","@id":"https:\/\/www.noticiasradioreflejos.com.ar\/2021\/#\/schema\/person\/ad82545263dcc5ec0996818884fd5fb1","name":"Arnaldo Botto","image":{"@type":"ImageObject","inLanguage":"es","@id":"https:\/\/www.noticiasradioreflejos.com.ar\/2021\/#\/schema\/person\/image\/","url":"https:\/\/secure.gravatar.com\/avatar\/55cb5e37c1efa326397366e6974cb338056df65cb50e7d64d1cf314e87504837?s=96&d=mm&r=g","contentUrl":"https:\/\/secure.gravatar.com\/avatar\/55cb5e37c1efa326397366e6974cb338056df65cb50e7d64d1cf314e87504837?s=96&d=mm&r=g","caption":"Arnaldo Botto"},"url":"https:\/\/www.noticiasradioreflejos.com.ar\/2021\/author\/arnaldo\/"}]}},"_links":{"self":[{"href":"https:\/\/www.noticiasradioreflejos.com.ar\/2021\/wp-json\/wp\/v2\/posts\/131623","targetHints":{"allow":["GET"]}}],"collection":[{"href":"https:\/\/www.noticiasradioreflejos.com.ar\/2021\/wp-json\/wp\/v2\/posts"}],"about":[{"href":"https:\/\/www.noticiasradioreflejos.com.ar\/2021\/wp-json\/wp\/v2\/types\/post"}],"author":[{"embeddable":true,"href":"https:\/\/www.noticiasradioreflejos.com.ar\/2021\/wp-json\/wp\/v2\/users\/3"}],"replies":[{"embeddable":true,"href":"https:\/\/www.noticiasradioreflejos.com.ar\/2021\/wp-json\/wp\/v2\/comments?post=131623"}],"version-history":[{"count":2,"href":"https:\/\/www.noticiasradioreflejos.com.ar\/2021\/wp-json\/wp\/v2\/posts\/131623\/revisions"}],"predecessor-version":[{"id":131629,"href":"https:\/\/www.noticiasradioreflejos.com.ar\/2021\/wp-json\/wp\/v2\/posts\/131623\/revisions\/131629"}],"wp:featuredmedia":[{"embeddable":true,"href":"https:\/\/www.noticiasradioreflejos.com.ar\/2021\/wp-json\/wp\/v2\/media\/131624"}],"wp:attachment":[{"href":"https:\/\/www.noticiasradioreflejos.com.ar\/2021\/wp-json\/wp\/v2\/media?parent=131623"}],"wp:term":[{"taxonomy":"category","embeddable":true,"href":"https:\/\/www.noticiasradioreflejos.com.ar\/2021\/wp-json\/wp\/v2\/categories?post=131623"},{"taxonomy":"post_tag","embeddable":true,"href":"https:\/\/www.noticiasradioreflejos.com.ar\/2021\/wp-json\/wp\/v2\/tags?post=131623"}],"curies":[{"name":"wp","href":"https:\/\/api.w.org\/{rel}","templated":true}]}}