{"id":131620,"date":"2026-01-21T06:47:30","date_gmt":"2026-01-21T09:47:30","guid":{"rendered":"https:\/\/www.noticiasradioreflejos.com.ar\/2021\/?p=131620"},"modified":"2026-01-21T06:47:30","modified_gmt":"2026-01-21T09:47:30","slug":"la-justicia-acepto-a-la-arca-como-querellante-en-una-causa-contra-la-afa-por-presunta-apropiacion-indebida-de-mas-de-19-000-millones","status":"publish","type":"post","link":"https:\/\/www.noticiasradioreflejos.com.ar\/2021\/la-justicia-acepto-a-la-arca-como-querellante-en-una-causa-contra-la-afa-por-presunta-apropiacion-indebida-de-mas-de-19-000-millones\/","title":{"rendered":"La Justicia acept\u00f3 a la ARCA como querellante en una causa contra la AFA por presunta apropiaci\u00f3n indebida de m\u00e1s de $19.000 millones"},"content":{"rendered":"<p>El fiscal en lo Penal Econ\u00f3mico\u00a0Claudio Navas Rial\u00a0avanz\u00f3 con la apertura de la investigaci\u00f3n contra la c\u00fapula de la AFA por el presunto delito de evasi\u00f3n agravada. Seg\u00fan los abogados de ARCA, Vanina Mariel Vidal y Mat\u00edas Alejo Gentile Brezigar,\u00a0el perjuicio denunciado asciende a la suma de $19.353.546.843,85.&lt;<!--more--><\/p>\n<div class=\"c-content\">\n<div class=\"partner-wrapper opening\" data-mrf-recirculation=\"Apertura\">\n<div class=\"news-info\" data-mrf-recirculation=\"firma\">\n<div class=\"twitter-wrapper\">La Agencia de Recaudaci\u00f3n y Control Aduanero (ARCA) fue aceptada como querellante en <strong>la causa que investiga a la Asociaci\u00f3n del F\u00fatbol Argentino (AFA)<\/strong> por supuesta \u201cevasi\u00f3n agravada\u201d.<\/div>\n<\/div>\n<\/div>\n<div class=\"partner-wrapper article-page__body-row\">\n<div class=\"second-col\">\n<p class=\"article-text\">De acuerdo a este expediente, el ente rector del f\u00fatbol argentino habr\u00eda incurrido en una presunta apropiaci\u00f3n indebida de m\u00e1s de 19.000 millones de pesos que deb\u00eda girar al Estado.<\/p>\n<p class=\"article-text\">Con la reciente decisi\u00f3n del juez en lo Penal Econ\u00f3mico Diego Amarante,\u00a0<strong>los abogados del organismo estatal tendr\u00e1n acceso total al expediente, podr\u00e1n solicitar medidas de prueba y apelar resoluciones,\u00a0<\/strong>convirti\u00e9ndose en querellantes contra la administraci\u00f3n de Claudio \u201cChiqui\u201d Tapia.<\/p>\n<p class=\"article-text\"><strong>Esta causa surgi\u00f3 de una denuncia presentada por la propia ARCA<\/strong>\u00a0el pasado 12 de diciembre.\u00a0En esa presentaci\u00f3n, el ente recaudador alert\u00f3 a la Justicia que la AFA estaba reteniendo dinero de los clubes, pero no lo giraba al Estado.<\/p>\n<p class=\"article-text\">Recibida la denuncia, el fiscal en lo Penal Econ\u00f3mico\u00a0<strong>Claudio Navas Rial<\/strong>\u00a0avanz\u00f3 con la apertura de la investigaci\u00f3n contra la c\u00fapula de la AFA por el presunto delito de evasi\u00f3n agravada.<\/p>\n<p class=\"article-text\">Seg\u00fan los abogados de ARCA,\u00a0<strong>Vanina Mariel Vidal y Mat\u00edas Alejo Gentile Brezigar<\/strong>,\u00a0<strong>el perjuicio fiscal denunciado asciende a la suma exacta de $19.353.546.843,85.<\/strong><\/p>\n<p class=\"article-text\">El organismo asegura haber detectado irregularidades en el ingreso de IVA, Impuesto a las Ganancias y Contribuciones a la Seguridad Social en el per\u00edodo marzo de 2024-septiembre de 2025.<\/p>\n<\/div>\n<\/div>\n<\/div>\n<p>&nbsp;<\/p>\n<p>fuente: elDiarioAR<\/p>\n","protected":false},"excerpt":{"rendered":"<p>El fiscal en lo Penal Econ\u00f3mico\u00a0Claudio Navas Rial\u00a0avanz\u00f3 con la apertura de la investigaci\u00f3n contra la c\u00fapula de la AFA por el presunto delito de evasi\u00f3n agravada. Seg\u00fan los abogados de ARCA, Vanina Mariel Vidal y Mat\u00edas Alejo Gentile Brezigar,\u00a0el perjuicio denunciado asciende a la suma de $19.353.546.843,85.&lt;<\/p>\n","protected":false},"author":3,"featured_media":131621,"comment_status":"closed","ping_status":"closed","sticky":false,"template":"","format":"standard","meta":{"footnotes":""},"categories":[57],"tags":[],"class_list":["post-131620","post","type-post","status-publish","format-standard","has-post-thumbnail","hentry","category-judiciales"],"yoast_head":"<!-- This site is optimized with the Yoast SEO plugin v25.9 - https:\/\/yoast.com\/wordpress\/plugins\/seo\/ -->\n<title>La Justicia acept\u00f3 a la ARCA como querellante en una causa contra la AFA por presunta apropiaci\u00f3n indebida de m\u00e1s de $19.000 millones - Noticias Radio Reflejos<\/title>\n<meta name=\"robots\" content=\"index, follow, max-snippet:-1, max-image-preview:large, max-video-preview:-1\" \/>\n<link rel=\"canonical\" href=\"https:\/\/www.noticiasradioreflejos.com.ar\/2021\/la-justicia-acepto-a-la-arca-como-querellante-en-una-causa-contra-la-afa-por-presunta-apropiacion-indebida-de-mas-de-19-000-millones\/\" \/>\n<meta property=\"og:locale\" content=\"es_ES\" \/>\n<meta property=\"og:type\" content=\"article\" \/>\n<meta property=\"og:title\" content=\"La Justicia acept\u00f3 a la ARCA como querellante en una causa contra la AFA por presunta apropiaci\u00f3n indebida de m\u00e1s de $19.000 millones - Noticias Radio Reflejos\" \/>\n<meta property=\"og:description\" content=\"El fiscal en lo Penal Econ\u00f3mico\u00a0Claudio Navas Rial\u00a0avanz\u00f3 con la apertura de la investigaci\u00f3n contra la c\u00fapula de la AFA por el presunto delito de evasi\u00f3n agravada. Seg\u00fan los abogados de ARCA, Vanina Mariel Vidal y Mat\u00edas Alejo Gentile Brezigar,\u00a0el perjuicio denunciado asciende a la suma de $19.353.546.843,85.&lt;\" \/>\n<meta property=\"og:url\" content=\"https:\/\/www.noticiasradioreflejos.com.ar\/2021\/la-justicia-acepto-a-la-arca-como-querellante-en-una-causa-contra-la-afa-por-presunta-apropiacion-indebida-de-mas-de-19-000-millones\/\" \/>\n<meta property=\"og:site_name\" content=\"Noticias Radio Reflejos\" \/>\n<meta property=\"article:published_time\" content=\"2026-01-21T09:47:30+00:00\" \/>\n<meta property=\"og:image\" content=\"https:\/\/www.noticiasradioreflejos.com.ar\/2021\/wp-content\/uploads\/2026\/01\/tapia.webp\" \/>\n\t<meta property=\"og:image:width\" content=\"1200\" \/>\n\t<meta property=\"og:image:height\" content=\"675\" \/>\n\t<meta property=\"og:image:type\" content=\"image\/webp\" \/>\n<meta name=\"author\" content=\"Arnaldo Botto\" \/>\n<meta name=\"twitter:card\" content=\"summary_large_image\" \/>\n<script type=\"application\/ld+json\" class=\"yoast-schema-graph\">{\"@context\":\"https:\/\/schema.org\",\"@graph\":[{\"@type\":\"WebPage\",\"@id\":\"https:\/\/www.noticiasradioreflejos.com.ar\/2021\/la-justicia-acepto-a-la-arca-como-querellante-en-una-causa-contra-la-afa-por-presunta-apropiacion-indebida-de-mas-de-19-000-millones\/\",\"url\":\"https:\/\/www.noticiasradioreflejos.com.ar\/2021\/la-justicia-acepto-a-la-arca-como-querellante-en-una-causa-contra-la-afa-por-presunta-apropiacion-indebida-de-mas-de-19-000-millones\/\",\"name\":\"La Justicia acept\u00f3 a la ARCA como querellante en una causa contra la AFA por presunta apropiaci\u00f3n indebida de m\u00e1s de $19.000 millones - Noticias Radio Reflejos\",\"isPartOf\":{\"@id\":\"https:\/\/www.noticiasradioreflejos.com.ar\/2021\/#website\"},\"primaryImageOfPage\":{\"@id\":\"https:\/\/www.noticiasradioreflejos.com.ar\/2021\/la-justicia-acepto-a-la-arca-como-querellante-en-una-causa-contra-la-afa-por-presunta-apropiacion-indebida-de-mas-de-19-000-millones\/#primaryimage\"},\"image\":{\"@id\":\"https:\/\/www.noticiasradioreflejos.com.ar\/2021\/la-justicia-acepto-a-la-arca-como-querellante-en-una-causa-contra-la-afa-por-presunta-apropiacion-indebida-de-mas-de-19-000-millones\/#primaryimage\"},\"thumbnailUrl\":\"https:\/\/www.noticiasradioreflejos.com.ar\/2021\/wp-content\/uploads\/2026\/01\/tapia.webp\",\"datePublished\":\"2026-01-21T09:47:30+00:00\",\"author\":{\"@id\":\"https:\/\/www.noticiasradioreflejos.com.ar\/2021\/#\/schema\/person\/ad82545263dcc5ec0996818884fd5fb1\"},\"breadcrumb\":{\"@id\":\"https:\/\/www.noticiasradioreflejos.com.ar\/2021\/la-justicia-acepto-a-la-arca-como-querellante-en-una-causa-contra-la-afa-por-presunta-apropiacion-indebida-de-mas-de-19-000-millones\/#breadcrumb\"},\"inLanguage\":\"es\",\"potentialAction\":[{\"@type\":\"ReadAction\",\"target\":[\"https:\/\/www.noticiasradioreflejos.com.ar\/2021\/la-justicia-acepto-a-la-arca-como-querellante-en-una-causa-contra-la-afa-por-presunta-apropiacion-indebida-de-mas-de-19-000-millones\/\"]}]},{\"@type\":\"ImageObject\",\"inLanguage\":\"es\",\"@id\":\"https:\/\/www.noticiasradioreflejos.com.ar\/2021\/la-justicia-acepto-a-la-arca-como-querellante-en-una-causa-contra-la-afa-por-presunta-apropiacion-indebida-de-mas-de-19-000-millones\/#primaryimage\",\"url\":\"https:\/\/www.noticiasradioreflejos.com.ar\/2021\/wp-content\/uploads\/2026\/01\/tapia.webp\",\"contentUrl\":\"https:\/\/www.noticiasradioreflejos.com.ar\/2021\/wp-content\/uploads\/2026\/01\/tapia.webp\",\"width\":1200,\"height\":675},{\"@type\":\"BreadcrumbList\",\"@id\":\"https:\/\/www.noticiasradioreflejos.com.ar\/2021\/la-justicia-acepto-a-la-arca-como-querellante-en-una-causa-contra-la-afa-por-presunta-apropiacion-indebida-de-mas-de-19-000-millones\/#breadcrumb\",\"itemListElement\":[{\"@type\":\"ListItem\",\"position\":1,\"name\":\"Portada\",\"item\":\"https:\/\/www.noticiasradioreflejos.com.ar\/2021\/\"},{\"@type\":\"ListItem\",\"position\":2,\"name\":\"La Justicia acept\u00f3 a la ARCA como querellante en una causa contra la AFA por presunta apropiaci\u00f3n indebida de m\u00e1s de $19.000 millones\"}]},{\"@type\":\"WebSite\",\"@id\":\"https:\/\/www.noticiasradioreflejos.com.ar\/2021\/#website\",\"url\":\"https:\/\/www.noticiasradioreflejos.com.ar\/2021\/\",\"name\":\"Noticias Radio Reflejos\",\"description\":\"Las noticias de mi comarca\",\"potentialAction\":[{\"@type\":\"SearchAction\",\"target\":{\"@type\":\"EntryPoint\",\"urlTemplate\":\"https:\/\/www.noticiasradioreflejos.com.ar\/2021\/?s={search_term_string}\"},\"query-input\":{\"@type\":\"PropertyValueSpecification\",\"valueRequired\":true,\"valueName\":\"search_term_string\"}}],\"inLanguage\":\"es\"},{\"@type\":\"Person\",\"@id\":\"https:\/\/www.noticiasradioreflejos.com.ar\/2021\/#\/schema\/person\/ad82545263dcc5ec0996818884fd5fb1\",\"name\":\"Arnaldo Botto\",\"image\":{\"@type\":\"ImageObject\",\"inLanguage\":\"es\",\"@id\":\"https:\/\/www.noticiasradioreflejos.com.ar\/2021\/#\/schema\/person\/image\/\",\"url\":\"https:\/\/secure.gravatar.com\/avatar\/55cb5e37c1efa326397366e6974cb338056df65cb50e7d64d1cf314e87504837?s=96&d=mm&r=g\",\"contentUrl\":\"https:\/\/secure.gravatar.com\/avatar\/55cb5e37c1efa326397366e6974cb338056df65cb50e7d64d1cf314e87504837?s=96&d=mm&r=g\",\"caption\":\"Arnaldo Botto\"},\"url\":\"https:\/\/www.noticiasradioreflejos.com.ar\/2021\/author\/arnaldo\/\"}]}<\/script>\n<!-- \/ Yoast SEO plugin. -->","yoast_head_json":{"title":"La Justicia acept\u00f3 a la ARCA como querellante en una causa contra la AFA por presunta apropiaci\u00f3n indebida de m\u00e1s de $19.000 millones - Noticias Radio Reflejos","robots":{"index":"index","follow":"follow","max-snippet":"max-snippet:-1","max-image-preview":"max-image-preview:large","max-video-preview":"max-video-preview:-1"},"canonical":"https:\/\/www.noticiasradioreflejos.com.ar\/2021\/la-justicia-acepto-a-la-arca-como-querellante-en-una-causa-contra-la-afa-por-presunta-apropiacion-indebida-de-mas-de-19-000-millones\/","og_locale":"es_ES","og_type":"article","og_title":"La Justicia acept\u00f3 a la ARCA como querellante en una causa contra la AFA por presunta apropiaci\u00f3n indebida de m\u00e1s de $19.000 millones - Noticias Radio Reflejos","og_description":"El fiscal en lo Penal Econ\u00f3mico\u00a0Claudio Navas Rial\u00a0avanz\u00f3 con la apertura de la investigaci\u00f3n contra la c\u00fapula de la AFA por el presunto delito de evasi\u00f3n agravada. Seg\u00fan los abogados de ARCA, Vanina Mariel Vidal y Mat\u00edas Alejo Gentile Brezigar,\u00a0el perjuicio denunciado asciende a la suma de $19.353.546.843,85.&lt;","og_url":"https:\/\/www.noticiasradioreflejos.com.ar\/2021\/la-justicia-acepto-a-la-arca-como-querellante-en-una-causa-contra-la-afa-por-presunta-apropiacion-indebida-de-mas-de-19-000-millones\/","og_site_name":"Noticias Radio Reflejos","article_published_time":"2026-01-21T09:47:30+00:00","og_image":[{"width":1200,"height":675,"url":"https:\/\/www.noticiasradioreflejos.com.ar\/2021\/wp-content\/uploads\/2026\/01\/tapia.webp","type":"image\/webp"}],"author":"Arnaldo Botto","twitter_card":"summary_large_image","schema":{"@context":"https:\/\/schema.org","@graph":[{"@type":"WebPage","@id":"https:\/\/www.noticiasradioreflejos.com.ar\/2021\/la-justicia-acepto-a-la-arca-como-querellante-en-una-causa-contra-la-afa-por-presunta-apropiacion-indebida-de-mas-de-19-000-millones\/","url":"https:\/\/www.noticiasradioreflejos.com.ar\/2021\/la-justicia-acepto-a-la-arca-como-querellante-en-una-causa-contra-la-afa-por-presunta-apropiacion-indebida-de-mas-de-19-000-millones\/","name":"La Justicia acept\u00f3 a la ARCA como querellante en una causa contra la AFA por presunta apropiaci\u00f3n indebida de m\u00e1s de $19.000 millones - Noticias Radio Reflejos","isPartOf":{"@id":"https:\/\/www.noticiasradioreflejos.com.ar\/2021\/#website"},"primaryImageOfPage":{"@id":"https:\/\/www.noticiasradioreflejos.com.ar\/2021\/la-justicia-acepto-a-la-arca-como-querellante-en-una-causa-contra-la-afa-por-presunta-apropiacion-indebida-de-mas-de-19-000-millones\/#primaryimage"},"image":{"@id":"https:\/\/www.noticiasradioreflejos.com.ar\/2021\/la-justicia-acepto-a-la-arca-como-querellante-en-una-causa-contra-la-afa-por-presunta-apropiacion-indebida-de-mas-de-19-000-millones\/#primaryimage"},"thumbnailUrl":"https:\/\/www.noticiasradioreflejos.com.ar\/2021\/wp-content\/uploads\/2026\/01\/tapia.webp","datePublished":"2026-01-21T09:47:30+00:00","author":{"@id":"https:\/\/www.noticiasradioreflejos.com.ar\/2021\/#\/schema\/person\/ad82545263dcc5ec0996818884fd5fb1"},"breadcrumb":{"@id":"https:\/\/www.noticiasradioreflejos.com.ar\/2021\/la-justicia-acepto-a-la-arca-como-querellante-en-una-causa-contra-la-afa-por-presunta-apropiacion-indebida-de-mas-de-19-000-millones\/#breadcrumb"},"inLanguage":"es","potentialAction":[{"@type":"ReadAction","target":["https:\/\/www.noticiasradioreflejos.com.ar\/2021\/la-justicia-acepto-a-la-arca-como-querellante-en-una-causa-contra-la-afa-por-presunta-apropiacion-indebida-de-mas-de-19-000-millones\/"]}]},{"@type":"ImageObject","inLanguage":"es","@id":"https:\/\/www.noticiasradioreflejos.com.ar\/2021\/la-justicia-acepto-a-la-arca-como-querellante-en-una-causa-contra-la-afa-por-presunta-apropiacion-indebida-de-mas-de-19-000-millones\/#primaryimage","url":"https:\/\/www.noticiasradioreflejos.com.ar\/2021\/wp-content\/uploads\/2026\/01\/tapia.webp","contentUrl":"https:\/\/www.noticiasradioreflejos.com.ar\/2021\/wp-content\/uploads\/2026\/01\/tapia.webp","width":1200,"height":675},{"@type":"BreadcrumbList","@id":"https:\/\/www.noticiasradioreflejos.com.ar\/2021\/la-justicia-acepto-a-la-arca-como-querellante-en-una-causa-contra-la-afa-por-presunta-apropiacion-indebida-de-mas-de-19-000-millones\/#breadcrumb","itemListElement":[{"@type":"ListItem","position":1,"name":"Portada","item":"https:\/\/www.noticiasradioreflejos.com.ar\/2021\/"},{"@type":"ListItem","position":2,"name":"La Justicia acept\u00f3 a la ARCA como querellante en una causa contra la AFA por presunta apropiaci\u00f3n indebida de m\u00e1s de $19.000 millones"}]},{"@type":"WebSite","@id":"https:\/\/www.noticiasradioreflejos.com.ar\/2021\/#website","url":"https:\/\/www.noticiasradioreflejos.com.ar\/2021\/","name":"Noticias Radio Reflejos","description":"Las noticias de mi comarca","potentialAction":[{"@type":"SearchAction","target":{"@type":"EntryPoint","urlTemplate":"https:\/\/www.noticiasradioreflejos.com.ar\/2021\/?s={search_term_string}"},"query-input":{"@type":"PropertyValueSpecification","valueRequired":true,"valueName":"search_term_string"}}],"inLanguage":"es"},{"@type":"Person","@id":"https:\/\/www.noticiasradioreflejos.com.ar\/2021\/#\/schema\/person\/ad82545263dcc5ec0996818884fd5fb1","name":"Arnaldo Botto","image":{"@type":"ImageObject","inLanguage":"es","@id":"https:\/\/www.noticiasradioreflejos.com.ar\/2021\/#\/schema\/person\/image\/","url":"https:\/\/secure.gravatar.com\/avatar\/55cb5e37c1efa326397366e6974cb338056df65cb50e7d64d1cf314e87504837?s=96&d=mm&r=g","contentUrl":"https:\/\/secure.gravatar.com\/avatar\/55cb5e37c1efa326397366e6974cb338056df65cb50e7d64d1cf314e87504837?s=96&d=mm&r=g","caption":"Arnaldo Botto"},"url":"https:\/\/www.noticiasradioreflejos.com.ar\/2021\/author\/arnaldo\/"}]}},"_links":{"self":[{"href":"https:\/\/www.noticiasradioreflejos.com.ar\/2021\/wp-json\/wp\/v2\/posts\/131620","targetHints":{"allow":["GET"]}}],"collection":[{"href":"https:\/\/www.noticiasradioreflejos.com.ar\/2021\/wp-json\/wp\/v2\/posts"}],"about":[{"href":"https:\/\/www.noticiasradioreflejos.com.ar\/2021\/wp-json\/wp\/v2\/types\/post"}],"author":[{"embeddable":true,"href":"https:\/\/www.noticiasradioreflejos.com.ar\/2021\/wp-json\/wp\/v2\/users\/3"}],"replies":[{"embeddable":true,"href":"https:\/\/www.noticiasradioreflejos.com.ar\/2021\/wp-json\/wp\/v2\/comments?post=131620"}],"version-history":[{"count":1,"href":"https:\/\/www.noticiasradioreflejos.com.ar\/2021\/wp-json\/wp\/v2\/posts\/131620\/revisions"}],"predecessor-version":[{"id":131622,"href":"https:\/\/www.noticiasradioreflejos.com.ar\/2021\/wp-json\/wp\/v2\/posts\/131620\/revisions\/131622"}],"wp:featuredmedia":[{"embeddable":true,"href":"https:\/\/www.noticiasradioreflejos.com.ar\/2021\/wp-json\/wp\/v2\/media\/131621"}],"wp:attachment":[{"href":"https:\/\/www.noticiasradioreflejos.com.ar\/2021\/wp-json\/wp\/v2\/media?parent=131620"}],"wp:term":[{"taxonomy":"category","embeddable":true,"href":"https:\/\/www.noticiasradioreflejos.com.ar\/2021\/wp-json\/wp\/v2\/categories?post=131620"},{"taxonomy":"post_tag","embeddable":true,"href":"https:\/\/www.noticiasradioreflejos.com.ar\/2021\/wp-json\/wp\/v2\/tags?post=131620"}],"curies":[{"name":"wp","href":"https:\/\/api.w.org\/{rel}","templated":true}]}}