{"id":131615,"date":"2026-01-21T06:39:47","date_gmt":"2026-01-21T09:39:47","guid":{"rendered":"https:\/\/www.noticiasradioreflejos.com.ar\/2021\/?p=131615"},"modified":"2026-01-21T10:29:42","modified_gmt":"2026-01-21T13:29:42","slug":"cultura-talleres-y-musica-en-la-biblioteca-popular-macedonio-fernandez-de-villa-ventana","status":"publish","type":"post","link":"https:\/\/www.noticiasradioreflejos.com.ar\/2021\/cultura-talleres-y-musica-en-la-biblioteca-popular-macedonio-fernandez-de-villa-ventana\/","title":{"rendered":"Cultura, Talleres y M\u00fasica en la Biblioteca Popular Macedonio Fern\u00e1ndez de Villa Ventana"},"content":{"rendered":"<p data-path-to-node=\"4\">La Biblioteca Popular Macedonio Fern\u00e1ndez invita a residentes y turistas a participar de una variada agenda cultural para esta semana, que incluye actividades para las infancias y una noche a pura m\u00fasica en vivo.<!--more--><\/p>\n<p data-path-to-node=\"5\">Todas las actividades se realizar\u00e1n en la sede de la biblioteca, ubicada en <b data-path-to-node=\"5\" data-index-in-node=\"76\">Calle Pillahuinco (entre Cabecita Negra y Churrinche), Villa Ventana.<\/b><\/p>\n<h3 data-path-to-node=\"7\"><b data-path-to-node=\"7\" data-index-in-node=\"0\">1. Taller \u00abPan y Poes\u00eda\u00bb: Un encuentro para las infancias<\/b><\/h3>\n<p data-path-to-node=\"8\">De la mano de <b data-path-to-node=\"8\" data-index-in-node=\"14\">Irene y Roberta<\/b>, llega una propuesta que combina el arte de amasar con la sensibilidad de la palabra. Este taller est\u00e1 dise\u00f1ado especialmente para ni\u00f1os y ni\u00f1as, buscando fomentar la creatividad en un ambiente l\u00fadico y comunitario.<\/p>\n<ul data-path-to-node=\"9\">\n<li>\n<p data-path-to-node=\"9,0,0\"><b data-path-to-node=\"9,0,0\" data-index-in-node=\"0\">Fecha:<\/b> Mi\u00e9rcoles 21 de enero.<\/p>\n<\/li>\n<li>\n<p data-path-to-node=\"9,1,0\"><b data-path-to-node=\"9,1,0\" data-index-in-node=\"0\">Hora:<\/b> 18:00 hs.<\/p>\n<\/li>\n<li>\n<p data-path-to-node=\"9,2,0\"><b data-path-to-node=\"9,2,0\" data-index-in-node=\"0\">Entrada:<\/b> A colaboraci\u00f3n voluntaria.<\/p>\n<\/li>\n<\/ul>\n<h3 data-path-to-node=\"10\"><b data-path-to-node=\"10\" data-index-in-node=\"0\">2. \u00abMacedonia de Verano\u00bb: Ciclo de M\u00fasica en Vivo<\/b><\/h3>\n<p data-path-to-node=\"11\">Para cerrar la semana con ritmo, la Biblioteca se transforma en un escenario musical con una nueva edici\u00f3n de \u00abMacedonia de Verano\u00bb. La noche contar\u00e1 con presentaciones en vivo, sesiones de DJ y servicio de cantina.<\/p>\n<p data-path-to-node=\"12\"><b data-path-to-node=\"12\" data-index-in-node=\"0\">Line-up de la noche:<\/b><\/p>\n<ul data-path-to-node=\"13\">\n<li>\n<p data-path-to-node=\"13,0,0\">The Forms Session<\/p>\n<\/li>\n<li>\n<p data-path-to-node=\"13,1,0\">Vuelo Nocturno<\/p>\n<\/li>\n<li>\n<p data-path-to-node=\"13,2,0\">Pielcitta (Live DJ Set)<\/p>\n<\/li>\n<li>\n<p data-path-to-node=\"13,3,0\">Frikifrankiee y la Eurisima<\/p>\n<\/li>\n<li>\n<p data-path-to-node=\"13,4,0\"><b data-path-to-node=\"13,4,0\" data-index-in-node=\"0\">Fecha:<\/b> viernes 23 de enero.<\/p>\n<\/li>\n<li>\n<p data-path-to-node=\"13,5,0\"><b data-path-to-node=\"13,5,0\" data-index-in-node=\"0\">Hora:<\/b> 21:00 hs.<\/p>\n<\/li>\n<li>\n<p data-path-to-node=\"13,6,0\"><b data-path-to-node=\"13,6,0\" data-index-in-node=\"0\">Colaboraci\u00f3n sugerida (no obligatoria):<\/b> $5.000.<\/p>\n<\/li>\n<li>\n<p data-path-to-node=\"13,7,0\"><b data-path-to-node=\"13,7,0\" data-index-in-node=\"0\">Servicios:<\/b> M\u00fasica en vivo y servicio de cantina.<\/p>\n<\/li>\n<\/ul>\n<hr data-path-to-node=\"14\" \/>\n<p data-path-to-node=\"15\"><b data-path-to-node=\"15\" data-index-in-node=\"0\">Contacto e Informaci\u00f3n:<\/b><\/p>\n<ul data-path-to-node=\"16\">\n<li>\n<p data-path-to-node=\"16,0,0\"><b data-path-to-node=\"16,0,0\" data-index-in-node=\"0\">Tel\u00e9fono:<\/b> (0291) 4910-334<\/p>\n<\/li>\n<li>\n<p data-path-to-node=\"16,1,0\"><b data-path-to-node=\"16,1,0\" data-index-in-node=\"0\">Email:<\/b> bpmacedonio@gmail.com<\/p>\n<\/li>\n<li>\n<p data-path-to-node=\"16,2,0\"><b data-path-to-node=\"16,2,0\" data-index-in-node=\"0\">Instagram:<\/b> <a class=\"ng-star-inserted\" href=\"https:\/\/www.google.com\/search?q=https:\/\/www.instagram.com\/biblio.macedonio\" target=\"_blank\" rel=\"noopener\" data-hveid=\"0\" data-ved=\"0CAAQ_4QMahgKEwj9k_XcppySAxUAAAAAHQAAAAAQqQE\">@biblio.macedonio<\/a><\/p>\n<\/li>\n<li>\n<p data-path-to-node=\"16,3,0\"><b data-path-to-node=\"16,3,0\" data-index-in-node=\"0\">Facebook:<\/b> Biblioteca Popular Macedonio Fern\u00e1ndez<\/p>\n<\/li>\n<\/ul>\n<p data-path-to-node=\"17\"><i data-path-to-node=\"17\" data-index-in-node=\"0\">Acompa\u00f1a: Municipio de Tornquist.<\/i><\/p>\n<p data-path-to-node=\"17\"><a href=\"https:\/\/www.noticiasradioreflejos.com.ar\/2021\/cultura-talleres-y-musica-en-la-biblioteca-popular-macedonio-fernandez-de-villa-ventana\/biblio-2\/\" rel=\"attachment wp-att-131616\"><img loading=\"lazy\" decoding=\"async\" class=\"aligncenter size-full wp-image-131616\" src=\"https:\/\/www.noticiasradioreflejos.com.ar\/2021\/wp-content\/uploads\/2026\/01\/biblio-2.jpg\" alt=\"\" width=\"1080\" height=\"1350\" \/><\/a> <a href=\"https:\/\/www.noticiasradioreflejos.com.ar\/2021\/cultura-talleres-y-musica-en-la-biblioteca-popular-macedonio-fernandez-de-villa-ventana\/biblio-1\/\" rel=\"attachment wp-att-131617\"><img loading=\"lazy\" decoding=\"async\" class=\"aligncenter size-full wp-image-131617\" src=\"https:\/\/www.noticiasradioreflejos.com.ar\/2021\/wp-content\/uploads\/2026\/01\/biblio-1.jpg\" alt=\"\" width=\"526\" height=\"526\" \/><\/a><\/p>\n","protected":false},"excerpt":{"rendered":"<p>La Biblioteca Popular Macedonio Fern\u00e1ndez invita a residentes y turistas a participar de una variada agenda cultural para esta semana, que incluye actividades para las infancias y una noche a pura m\u00fasica en vivo.<\/p>\n","protected":false},"author":3,"featured_media":0,"comment_status":"closed","ping_status":"closed","sticky":false,"template":"","format":"standard","meta":{"footnotes":""},"categories":[35],"tags":[],"class_list":["post-131615","post","type-post","status-publish","format-standard","hentry","category-cultura"],"yoast_head":"<!-- This site is optimized with the Yoast SEO plugin v25.9 - https:\/\/yoast.com\/wordpress\/plugins\/seo\/ -->\n<title>Cultura, Talleres y M\u00fasica en la Biblioteca Popular Macedonio Fern\u00e1ndez de Villa Ventana - Noticias Radio Reflejos<\/title>\n<meta name=\"robots\" content=\"index, follow, max-snippet:-1, max-image-preview:large, max-video-preview:-1\" \/>\n<link rel=\"canonical\" href=\"https:\/\/www.noticiasradioreflejos.com.ar\/2021\/cultura-talleres-y-musica-en-la-biblioteca-popular-macedonio-fernandez-de-villa-ventana\/\" \/>\n<meta property=\"og:locale\" content=\"es_ES\" \/>\n<meta property=\"og:type\" content=\"article\" \/>\n<meta property=\"og:title\" content=\"Cultura, Talleres y M\u00fasica en la Biblioteca Popular Macedonio Fern\u00e1ndez de Villa Ventana - Noticias Radio Reflejos\" \/>\n<meta property=\"og:description\" content=\"La Biblioteca Popular Macedonio Fern\u00e1ndez invita a residentes y turistas a participar de una variada agenda cultural para esta semana, que incluye actividades para las infancias y una noche a pura m\u00fasica en vivo.\" \/>\n<meta property=\"og:url\" content=\"https:\/\/www.noticiasradioreflejos.com.ar\/2021\/cultura-talleres-y-musica-en-la-biblioteca-popular-macedonio-fernandez-de-villa-ventana\/\" \/>\n<meta property=\"og:site_name\" content=\"Noticias Radio Reflejos\" \/>\n<meta property=\"article:published_time\" content=\"2026-01-21T09:39:47+00:00\" \/>\n<meta property=\"article:modified_time\" content=\"2026-01-21T13:29:42+00:00\" \/>\n<meta property=\"og:image\" content=\"https:\/\/www.noticiasradioreflejos.com.ar\/2021\/wp-content\/uploads\/2026\/01\/biblio-1.jpg\" \/>\n\t<meta property=\"og:image:width\" content=\"526\" \/>\n\t<meta property=\"og:image:height\" content=\"526\" \/>\n\t<meta property=\"og:image:type\" content=\"image\/jpeg\" \/>\n<meta name=\"author\" content=\"Arnaldo Botto\" \/>\n<meta name=\"twitter:card\" content=\"summary_large_image\" \/>\n<script type=\"application\/ld+json\" class=\"yoast-schema-graph\">{\"@context\":\"https:\/\/schema.org\",\"@graph\":[{\"@type\":\"WebPage\",\"@id\":\"https:\/\/www.noticiasradioreflejos.com.ar\/2021\/cultura-talleres-y-musica-en-la-biblioteca-popular-macedonio-fernandez-de-villa-ventana\/\",\"url\":\"https:\/\/www.noticiasradioreflejos.com.ar\/2021\/cultura-talleres-y-musica-en-la-biblioteca-popular-macedonio-fernandez-de-villa-ventana\/\",\"name\":\"Cultura, Talleres y M\u00fasica en la Biblioteca Popular Macedonio Fern\u00e1ndez de Villa Ventana - Noticias Radio Reflejos\",\"isPartOf\":{\"@id\":\"https:\/\/www.noticiasradioreflejos.com.ar\/2021\/#website\"},\"primaryImageOfPage\":{\"@id\":\"https:\/\/www.noticiasradioreflejos.com.ar\/2021\/cultura-talleres-y-musica-en-la-biblioteca-popular-macedonio-fernandez-de-villa-ventana\/#primaryimage\"},\"image\":{\"@id\":\"https:\/\/www.noticiasradioreflejos.com.ar\/2021\/cultura-talleres-y-musica-en-la-biblioteca-popular-macedonio-fernandez-de-villa-ventana\/#primaryimage\"},\"thumbnailUrl\":\"https:\/\/www.noticiasradioreflejos.com.ar\/2021\/wp-content\/uploads\/2026\/01\/biblio-2.jpg\",\"datePublished\":\"2026-01-21T09:39:47+00:00\",\"dateModified\":\"2026-01-21T13:29:42+00:00\",\"author\":{\"@id\":\"https:\/\/www.noticiasradioreflejos.com.ar\/2021\/#\/schema\/person\/ad82545263dcc5ec0996818884fd5fb1\"},\"breadcrumb\":{\"@id\":\"https:\/\/www.noticiasradioreflejos.com.ar\/2021\/cultura-talleres-y-musica-en-la-biblioteca-popular-macedonio-fernandez-de-villa-ventana\/#breadcrumb\"},\"inLanguage\":\"es\",\"potentialAction\":[{\"@type\":\"ReadAction\",\"target\":[\"https:\/\/www.noticiasradioreflejos.com.ar\/2021\/cultura-talleres-y-musica-en-la-biblioteca-popular-macedonio-fernandez-de-villa-ventana\/\"]}]},{\"@type\":\"ImageObject\",\"inLanguage\":\"es\",\"@id\":\"https:\/\/www.noticiasradioreflejos.com.ar\/2021\/cultura-talleres-y-musica-en-la-biblioteca-popular-macedonio-fernandez-de-villa-ventana\/#primaryimage\",\"url\":\"\",\"contentUrl\":\"\"},{\"@type\":\"BreadcrumbList\",\"@id\":\"https:\/\/www.noticiasradioreflejos.com.ar\/2021\/cultura-talleres-y-musica-en-la-biblioteca-popular-macedonio-fernandez-de-villa-ventana\/#breadcrumb\",\"itemListElement\":[{\"@type\":\"ListItem\",\"position\":1,\"name\":\"Portada\",\"item\":\"https:\/\/www.noticiasradioreflejos.com.ar\/2021\/\"},{\"@type\":\"ListItem\",\"position\":2,\"name\":\"Cultura, Talleres y M\u00fasica en la Biblioteca Popular Macedonio Fern\u00e1ndez de Villa Ventana\"}]},{\"@type\":\"WebSite\",\"@id\":\"https:\/\/www.noticiasradioreflejos.com.ar\/2021\/#website\",\"url\":\"https:\/\/www.noticiasradioreflejos.com.ar\/2021\/\",\"name\":\"Noticias Radio Reflejos\",\"description\":\"Las noticias de mi comarca\",\"potentialAction\":[{\"@type\":\"SearchAction\",\"target\":{\"@type\":\"EntryPoint\",\"urlTemplate\":\"https:\/\/www.noticiasradioreflejos.com.ar\/2021\/?s={search_term_string}\"},\"query-input\":{\"@type\":\"PropertyValueSpecification\",\"valueRequired\":true,\"valueName\":\"search_term_string\"}}],\"inLanguage\":\"es\"},{\"@type\":\"Person\",\"@id\":\"https:\/\/www.noticiasradioreflejos.com.ar\/2021\/#\/schema\/person\/ad82545263dcc5ec0996818884fd5fb1\",\"name\":\"Arnaldo Botto\",\"image\":{\"@type\":\"ImageObject\",\"inLanguage\":\"es\",\"@id\":\"https:\/\/www.noticiasradioreflejos.com.ar\/2021\/#\/schema\/person\/image\/\",\"url\":\"https:\/\/secure.gravatar.com\/avatar\/55cb5e37c1efa326397366e6974cb338056df65cb50e7d64d1cf314e87504837?s=96&d=mm&r=g\",\"contentUrl\":\"https:\/\/secure.gravatar.com\/avatar\/55cb5e37c1efa326397366e6974cb338056df65cb50e7d64d1cf314e87504837?s=96&d=mm&r=g\",\"caption\":\"Arnaldo Botto\"},\"url\":\"https:\/\/www.noticiasradioreflejos.com.ar\/2021\/author\/arnaldo\/\"}]}<\/script>\n<!-- \/ Yoast SEO plugin. -->","yoast_head_json":{"title":"Cultura, Talleres y M\u00fasica en la Biblioteca Popular Macedonio Fern\u00e1ndez de Villa Ventana - Noticias Radio Reflejos","robots":{"index":"index","follow":"follow","max-snippet":"max-snippet:-1","max-image-preview":"max-image-preview:large","max-video-preview":"max-video-preview:-1"},"canonical":"https:\/\/www.noticiasradioreflejos.com.ar\/2021\/cultura-talleres-y-musica-en-la-biblioteca-popular-macedonio-fernandez-de-villa-ventana\/","og_locale":"es_ES","og_type":"article","og_title":"Cultura, Talleres y M\u00fasica en la Biblioteca Popular Macedonio Fern\u00e1ndez de Villa Ventana - Noticias Radio Reflejos","og_description":"La Biblioteca Popular Macedonio Fern\u00e1ndez invita a residentes y turistas a participar de una variada agenda cultural para esta semana, que incluye actividades para las infancias y una noche a pura m\u00fasica en vivo.","og_url":"https:\/\/www.noticiasradioreflejos.com.ar\/2021\/cultura-talleres-y-musica-en-la-biblioteca-popular-macedonio-fernandez-de-villa-ventana\/","og_site_name":"Noticias Radio Reflejos","article_published_time":"2026-01-21T09:39:47+00:00","article_modified_time":"2026-01-21T13:29:42+00:00","og_image":[{"width":526,"height":526,"url":"https:\/\/www.noticiasradioreflejos.com.ar\/2021\/wp-content\/uploads\/2026\/01\/biblio-1.jpg","type":"image\/jpeg"}],"author":"Arnaldo Botto","twitter_card":"summary_large_image","schema":{"@context":"https:\/\/schema.org","@graph":[{"@type":"WebPage","@id":"https:\/\/www.noticiasradioreflejos.com.ar\/2021\/cultura-talleres-y-musica-en-la-biblioteca-popular-macedonio-fernandez-de-villa-ventana\/","url":"https:\/\/www.noticiasradioreflejos.com.ar\/2021\/cultura-talleres-y-musica-en-la-biblioteca-popular-macedonio-fernandez-de-villa-ventana\/","name":"Cultura, Talleres y M\u00fasica en la Biblioteca Popular Macedonio Fern\u00e1ndez de Villa Ventana - Noticias Radio Reflejos","isPartOf":{"@id":"https:\/\/www.noticiasradioreflejos.com.ar\/2021\/#website"},"primaryImageOfPage":{"@id":"https:\/\/www.noticiasradioreflejos.com.ar\/2021\/cultura-talleres-y-musica-en-la-biblioteca-popular-macedonio-fernandez-de-villa-ventana\/#primaryimage"},"image":{"@id":"https:\/\/www.noticiasradioreflejos.com.ar\/2021\/cultura-talleres-y-musica-en-la-biblioteca-popular-macedonio-fernandez-de-villa-ventana\/#primaryimage"},"thumbnailUrl":"https:\/\/www.noticiasradioreflejos.com.ar\/2021\/wp-content\/uploads\/2026\/01\/biblio-2.jpg","datePublished":"2026-01-21T09:39:47+00:00","dateModified":"2026-01-21T13:29:42+00:00","author":{"@id":"https:\/\/www.noticiasradioreflejos.com.ar\/2021\/#\/schema\/person\/ad82545263dcc5ec0996818884fd5fb1"},"breadcrumb":{"@id":"https:\/\/www.noticiasradioreflejos.com.ar\/2021\/cultura-talleres-y-musica-en-la-biblioteca-popular-macedonio-fernandez-de-villa-ventana\/#breadcrumb"},"inLanguage":"es","potentialAction":[{"@type":"ReadAction","target":["https:\/\/www.noticiasradioreflejos.com.ar\/2021\/cultura-talleres-y-musica-en-la-biblioteca-popular-macedonio-fernandez-de-villa-ventana\/"]}]},{"@type":"ImageObject","inLanguage":"es","@id":"https:\/\/www.noticiasradioreflejos.com.ar\/2021\/cultura-talleres-y-musica-en-la-biblioteca-popular-macedonio-fernandez-de-villa-ventana\/#primaryimage","url":"","contentUrl":""},{"@type":"BreadcrumbList","@id":"https:\/\/www.noticiasradioreflejos.com.ar\/2021\/cultura-talleres-y-musica-en-la-biblioteca-popular-macedonio-fernandez-de-villa-ventana\/#breadcrumb","itemListElement":[{"@type":"ListItem","position":1,"name":"Portada","item":"https:\/\/www.noticiasradioreflejos.com.ar\/2021\/"},{"@type":"ListItem","position":2,"name":"Cultura, Talleres y M\u00fasica en la Biblioteca Popular Macedonio Fern\u00e1ndez de Villa Ventana"}]},{"@type":"WebSite","@id":"https:\/\/www.noticiasradioreflejos.com.ar\/2021\/#website","url":"https:\/\/www.noticiasradioreflejos.com.ar\/2021\/","name":"Noticias Radio Reflejos","description":"Las noticias de mi comarca","potentialAction":[{"@type":"SearchAction","target":{"@type":"EntryPoint","urlTemplate":"https:\/\/www.noticiasradioreflejos.com.ar\/2021\/?s={search_term_string}"},"query-input":{"@type":"PropertyValueSpecification","valueRequired":true,"valueName":"search_term_string"}}],"inLanguage":"es"},{"@type":"Person","@id":"https:\/\/www.noticiasradioreflejos.com.ar\/2021\/#\/schema\/person\/ad82545263dcc5ec0996818884fd5fb1","name":"Arnaldo Botto","image":{"@type":"ImageObject","inLanguage":"es","@id":"https:\/\/www.noticiasradioreflejos.com.ar\/2021\/#\/schema\/person\/image\/","url":"https:\/\/secure.gravatar.com\/avatar\/55cb5e37c1efa326397366e6974cb338056df65cb50e7d64d1cf314e87504837?s=96&d=mm&r=g","contentUrl":"https:\/\/secure.gravatar.com\/avatar\/55cb5e37c1efa326397366e6974cb338056df65cb50e7d64d1cf314e87504837?s=96&d=mm&r=g","caption":"Arnaldo Botto"},"url":"https:\/\/www.noticiasradioreflejos.com.ar\/2021\/author\/arnaldo\/"}]}},"_links":{"self":[{"href":"https:\/\/www.noticiasradioreflejos.com.ar\/2021\/wp-json\/wp\/v2\/posts\/131615","targetHints":{"allow":["GET"]}}],"collection":[{"href":"https:\/\/www.noticiasradioreflejos.com.ar\/2021\/wp-json\/wp\/v2\/posts"}],"about":[{"href":"https:\/\/www.noticiasradioreflejos.com.ar\/2021\/wp-json\/wp\/v2\/types\/post"}],"author":[{"embeddable":true,"href":"https:\/\/www.noticiasradioreflejos.com.ar\/2021\/wp-json\/wp\/v2\/users\/3"}],"replies":[{"embeddable":true,"href":"https:\/\/www.noticiasradioreflejos.com.ar\/2021\/wp-json\/wp\/v2\/comments?post=131615"}],"version-history":[{"count":3,"href":"https:\/\/www.noticiasradioreflejos.com.ar\/2021\/wp-json\/wp\/v2\/posts\/131615\/revisions"}],"predecessor-version":[{"id":131637,"href":"https:\/\/www.noticiasradioreflejos.com.ar\/2021\/wp-json\/wp\/v2\/posts\/131615\/revisions\/131637"}],"wp:attachment":[{"href":"https:\/\/www.noticiasradioreflejos.com.ar\/2021\/wp-json\/wp\/v2\/media?parent=131615"}],"wp:term":[{"taxonomy":"category","embeddable":true,"href":"https:\/\/www.noticiasradioreflejos.com.ar\/2021\/wp-json\/wp\/v2\/categories?post=131615"},{"taxonomy":"post_tag","embeddable":true,"href":"https:\/\/www.noticiasradioreflejos.com.ar\/2021\/wp-json\/wp\/v2\/tags?post=131615"}],"curies":[{"name":"wp","href":"https:\/\/api.w.org\/{rel}","templated":true}]}}