{"id":131613,"date":"2026-01-21T06:34:50","date_gmt":"2026-01-21T09:34:50","guid":{"rendered":"https:\/\/www.noticiasradioreflejos.com.ar\/2021\/?p=131613"},"modified":"2026-01-21T06:34:50","modified_gmt":"2026-01-21T09:34:50","slug":"alerta-amarilla-y-amplitud-termica-el-clima-en-la-comarca-bajo-vigilancia","status":"publish","type":"post","link":"https:\/\/www.noticiasradioreflejos.com.ar\/2021\/alerta-amarilla-y-amplitud-termica-el-clima-en-la-comarca-bajo-vigilancia\/","title":{"rendered":"Alerta Amarilla y Amplitud T\u00e9rmica: El clima en la Comarca bajo vigilancia"},"content":{"rendered":"<p>El Servicio Meteorol\u00f3gico Nacional emiti\u00f3 un aviso para Sierra de la Ventana y el sudoeste bonaerense por tormentas fuertes hacia la noche de este mi\u00e9rcoles. Sin embargo, la jornada previa estar\u00e1 marcada por un calor intenso, vientos fuertes del norte y una marcada amplitud t\u00e9rmica, condiciones que preceder\u00e1n a un jueves de inestabilidad y altas temperaturas.<!--more--><\/p>\n<p data-path-to-node=\"6\">La jornada de hoy se presenta con cielos inicialmente soleados, pero bajo condiciones atmosf\u00e9ricas que ir\u00e1n cambiando dr\u00e1sticamente. Se registrar\u00e1 una marca m\u00ednima de <b data-path-to-node=\"7,0,0\" data-index-in-node=\"67\">17\u00b0C<\/b> y una m\u00e1xima que trepar\u00e1 hasta los <b data-path-to-node=\"7,0,0\" data-index-in-node=\"107\">33\u00b0C<\/b>. Esta notable diferencia de temperatura entre el amanecer y la tarde es caracter\u00edstica de nuestra regi\u00f3n serrana.<\/p>\n<p data-path-to-node=\"7,1,0\">El viento proveniente del sector <b data-path-to-node=\"7,1,0\" data-index-in-node=\"53\">Norte<\/b> ir\u00e1 incrementando su fuerza. Se espera que hacia el mediod\u00eda las r\u00e1fagas alcancen intensidades de entre <b data-path-to-node=\"7,1,0\" data-index-in-node=\"163\">50 y 53 km\/h<\/b>, aportando aire c\u00e1lido y seco. \u00a0Con la llegada de la tarde, la nubosidad comenzar\u00e1 a aumentar paulatinamente, preparando el terreno para la inestabilidad nocturna.<\/p>\n<h3 data-path-to-node=\"8\"><b data-path-to-node=\"8\" data-index-in-node=\"0\">Alerta Amarilla: Tormentas para la noche<\/b><\/h3>\n<p data-path-to-node=\"9\">Hacia el final del d\u00eda, el informe del SMN advierte sobre el desarrollo de lluvias y tormentas aisladas donde se producir\u00edan \u00a0fen\u00f3menos localmente fuertes, actividad el\u00e9ctrica frecuente, ocasional ca\u00edda de granizo y r\u00e1fagas intensas. Se prev\u00e9n acumulados de entre <b data-path-to-node=\"10,1,0\" data-index-in-node=\"45\">15 y 30 mm<\/b>.<\/p>\n<h3 data-path-to-node=\"12\"><b data-path-to-node=\"12\" data-index-in-node=\"0\">Extendido: Jueves 22 de enero<\/b><\/h3>\n<p data-path-to-node=\"13\">Ma\u00f1ana continuar\u00e1 la inestabilidad en todo el distrito de Tornquist. La Jornada se mostrar\u00e1 inestable con cielos mayormente nublados a cubiertos y probabilidad de precipitaciones aisladas durante todo el d\u00eda.<\/p>\n<p data-path-to-node=\"14,1,0\">\u00a0El viento fuerte del norte persistir\u00e1, lo que impedir\u00e1 el descenso de las marcas t\u00e9rmicas. Se espera una <b data-path-to-node=\"14,1,0\" data-index-in-node=\"121\">m\u00ednima de 20\u00b0C<\/b> y una <b data-path-to-node=\"14,1,0\" data-index-in-node=\"142\">m\u00e1xima de 34\u00b0C<\/b>, manteniendo un ambiente caluroso y h\u00famedo.<\/p>\n","protected":false},"excerpt":{"rendered":"<p>El Servicio Meteorol\u00f3gico Nacional emiti\u00f3 un aviso para Sierra de la Ventana y el sudoeste bonaerense por tormentas fuertes hacia la noche de este mi\u00e9rcoles. Sin embargo, la jornada previa estar\u00e1 marcada por un calor intenso, vientos fuertes del norte y una marcada amplitud t\u00e9rmica, condiciones que preceder\u00e1n a un jueves de inestabilidad y altas [&hellip;]<\/p>\n","protected":false},"author":3,"featured_media":126992,"comment_status":"closed","ping_status":"closed","sticky":false,"template":"","format":"standard","meta":{"footnotes":""},"categories":[46],"tags":[48],"class_list":["post-131613","post","type-post","status-publish","format-standard","has-post-thumbnail","hentry","category-ciencia-y-tecnologia","tag-destacada"],"yoast_head":"<!-- This site is optimized with the Yoast SEO plugin v25.9 - https:\/\/yoast.com\/wordpress\/plugins\/seo\/ -->\n<title>Alerta Amarilla y Amplitud T\u00e9rmica: El clima en la Comarca bajo vigilancia - Noticias Radio Reflejos<\/title>\n<meta name=\"robots\" content=\"index, follow, max-snippet:-1, max-image-preview:large, max-video-preview:-1\" \/>\n<link rel=\"canonical\" href=\"https:\/\/www.noticiasradioreflejos.com.ar\/2021\/alerta-amarilla-y-amplitud-termica-el-clima-en-la-comarca-bajo-vigilancia\/\" \/>\n<meta property=\"og:locale\" content=\"es_ES\" \/>\n<meta property=\"og:type\" content=\"article\" \/>\n<meta property=\"og:title\" content=\"Alerta Amarilla y Amplitud T\u00e9rmica: El clima en la Comarca bajo vigilancia - Noticias Radio Reflejos\" \/>\n<meta property=\"og:description\" content=\"El Servicio Meteorol\u00f3gico Nacional emiti\u00f3 un aviso para Sierra de la Ventana y el sudoeste bonaerense por tormentas fuertes hacia la noche de este mi\u00e9rcoles. Sin embargo, la jornada previa estar\u00e1 marcada por un calor intenso, vientos fuertes del norte y una marcada amplitud t\u00e9rmica, condiciones que preceder\u00e1n a un jueves de inestabilidad y altas [&hellip;]\" \/>\n<meta property=\"og:url\" content=\"https:\/\/www.noticiasradioreflejos.com.ar\/2021\/alerta-amarilla-y-amplitud-termica-el-clima-en-la-comarca-bajo-vigilancia\/\" \/>\n<meta property=\"og:site_name\" content=\"Noticias Radio Reflejos\" \/>\n<meta property=\"article:published_time\" content=\"2026-01-21T09:34:50+00:00\" \/>\n<meta property=\"og:image\" content=\"https:\/\/www.noticiasradioreflejos.com.ar\/2021\/wp-content\/uploads\/2025\/10\/Sierra-de-la-Ventana-ventoso-y-tormentoso.jpg\" \/>\n\t<meta property=\"og:image:width\" content=\"1024\" \/>\n\t<meta property=\"og:image:height\" content=\"490\" \/>\n\t<meta property=\"og:image:type\" content=\"image\/jpeg\" \/>\n<meta name=\"author\" content=\"Arnaldo Botto\" \/>\n<meta name=\"twitter:card\" content=\"summary_large_image\" \/>\n<script type=\"application\/ld+json\" class=\"yoast-schema-graph\">{\"@context\":\"https:\/\/schema.org\",\"@graph\":[{\"@type\":\"WebPage\",\"@id\":\"https:\/\/www.noticiasradioreflejos.com.ar\/2021\/alerta-amarilla-y-amplitud-termica-el-clima-en-la-comarca-bajo-vigilancia\/\",\"url\":\"https:\/\/www.noticiasradioreflejos.com.ar\/2021\/alerta-amarilla-y-amplitud-termica-el-clima-en-la-comarca-bajo-vigilancia\/\",\"name\":\"Alerta Amarilla y Amplitud T\u00e9rmica: El clima en la Comarca bajo vigilancia - Noticias Radio Reflejos\",\"isPartOf\":{\"@id\":\"https:\/\/www.noticiasradioreflejos.com.ar\/2021\/#website\"},\"primaryImageOfPage\":{\"@id\":\"https:\/\/www.noticiasradioreflejos.com.ar\/2021\/alerta-amarilla-y-amplitud-termica-el-clima-en-la-comarca-bajo-vigilancia\/#primaryimage\"},\"image\":{\"@id\":\"https:\/\/www.noticiasradioreflejos.com.ar\/2021\/alerta-amarilla-y-amplitud-termica-el-clima-en-la-comarca-bajo-vigilancia\/#primaryimage\"},\"thumbnailUrl\":\"https:\/\/www.noticiasradioreflejos.com.ar\/2021\/wp-content\/uploads\/2025\/10\/Sierra-de-la-Ventana-ventoso-y-tormentoso.jpg\",\"datePublished\":\"2026-01-21T09:34:50+00:00\",\"author\":{\"@id\":\"https:\/\/www.noticiasradioreflejos.com.ar\/2021\/#\/schema\/person\/ad82545263dcc5ec0996818884fd5fb1\"},\"breadcrumb\":{\"@id\":\"https:\/\/www.noticiasradioreflejos.com.ar\/2021\/alerta-amarilla-y-amplitud-termica-el-clima-en-la-comarca-bajo-vigilancia\/#breadcrumb\"},\"inLanguage\":\"es\",\"potentialAction\":[{\"@type\":\"ReadAction\",\"target\":[\"https:\/\/www.noticiasradioreflejos.com.ar\/2021\/alerta-amarilla-y-amplitud-termica-el-clima-en-la-comarca-bajo-vigilancia\/\"]}]},{\"@type\":\"ImageObject\",\"inLanguage\":\"es\",\"@id\":\"https:\/\/www.noticiasradioreflejos.com.ar\/2021\/alerta-amarilla-y-amplitud-termica-el-clima-en-la-comarca-bajo-vigilancia\/#primaryimage\",\"url\":\"https:\/\/www.noticiasradioreflejos.com.ar\/2021\/wp-content\/uploads\/2025\/10\/Sierra-de-la-Ventana-ventoso-y-tormentoso.jpg\",\"contentUrl\":\"https:\/\/www.noticiasradioreflejos.com.ar\/2021\/wp-content\/uploads\/2025\/10\/Sierra-de-la-Ventana-ventoso-y-tormentoso.jpg\",\"width\":1024,\"height\":490},{\"@type\":\"BreadcrumbList\",\"@id\":\"https:\/\/www.noticiasradioreflejos.com.ar\/2021\/alerta-amarilla-y-amplitud-termica-el-clima-en-la-comarca-bajo-vigilancia\/#breadcrumb\",\"itemListElement\":[{\"@type\":\"ListItem\",\"position\":1,\"name\":\"Portada\",\"item\":\"https:\/\/www.noticiasradioreflejos.com.ar\/2021\/\"},{\"@type\":\"ListItem\",\"position\":2,\"name\":\"Alerta Amarilla y Amplitud T\u00e9rmica: El clima en la Comarca bajo vigilancia\"}]},{\"@type\":\"WebSite\",\"@id\":\"https:\/\/www.noticiasradioreflejos.com.ar\/2021\/#website\",\"url\":\"https:\/\/www.noticiasradioreflejos.com.ar\/2021\/\",\"name\":\"Noticias Radio Reflejos\",\"description\":\"Las noticias de mi comarca\",\"potentialAction\":[{\"@type\":\"SearchAction\",\"target\":{\"@type\":\"EntryPoint\",\"urlTemplate\":\"https:\/\/www.noticiasradioreflejos.com.ar\/2021\/?s={search_term_string}\"},\"query-input\":{\"@type\":\"PropertyValueSpecification\",\"valueRequired\":true,\"valueName\":\"search_term_string\"}}],\"inLanguage\":\"es\"},{\"@type\":\"Person\",\"@id\":\"https:\/\/www.noticiasradioreflejos.com.ar\/2021\/#\/schema\/person\/ad82545263dcc5ec0996818884fd5fb1\",\"name\":\"Arnaldo Botto\",\"image\":{\"@type\":\"ImageObject\",\"inLanguage\":\"es\",\"@id\":\"https:\/\/www.noticiasradioreflejos.com.ar\/2021\/#\/schema\/person\/image\/\",\"url\":\"https:\/\/secure.gravatar.com\/avatar\/55cb5e37c1efa326397366e6974cb338056df65cb50e7d64d1cf314e87504837?s=96&d=mm&r=g\",\"contentUrl\":\"https:\/\/secure.gravatar.com\/avatar\/55cb5e37c1efa326397366e6974cb338056df65cb50e7d64d1cf314e87504837?s=96&d=mm&r=g\",\"caption\":\"Arnaldo Botto\"},\"url\":\"https:\/\/www.noticiasradioreflejos.com.ar\/2021\/author\/arnaldo\/\"}]}<\/script>\n<!-- \/ Yoast SEO plugin. -->","yoast_head_json":{"title":"Alerta Amarilla y Amplitud T\u00e9rmica: El clima en la Comarca bajo vigilancia - Noticias Radio Reflejos","robots":{"index":"index","follow":"follow","max-snippet":"max-snippet:-1","max-image-preview":"max-image-preview:large","max-video-preview":"max-video-preview:-1"},"canonical":"https:\/\/www.noticiasradioreflejos.com.ar\/2021\/alerta-amarilla-y-amplitud-termica-el-clima-en-la-comarca-bajo-vigilancia\/","og_locale":"es_ES","og_type":"article","og_title":"Alerta Amarilla y Amplitud T\u00e9rmica: El clima en la Comarca bajo vigilancia - Noticias Radio Reflejos","og_description":"El Servicio Meteorol\u00f3gico Nacional emiti\u00f3 un aviso para Sierra de la Ventana y el sudoeste bonaerense por tormentas fuertes hacia la noche de este mi\u00e9rcoles. Sin embargo, la jornada previa estar\u00e1 marcada por un calor intenso, vientos fuertes del norte y una marcada amplitud t\u00e9rmica, condiciones que preceder\u00e1n a un jueves de inestabilidad y altas [&hellip;]","og_url":"https:\/\/www.noticiasradioreflejos.com.ar\/2021\/alerta-amarilla-y-amplitud-termica-el-clima-en-la-comarca-bajo-vigilancia\/","og_site_name":"Noticias Radio Reflejos","article_published_time":"2026-01-21T09:34:50+00:00","og_image":[{"width":1024,"height":490,"url":"https:\/\/www.noticiasradioreflejos.com.ar\/2021\/wp-content\/uploads\/2025\/10\/Sierra-de-la-Ventana-ventoso-y-tormentoso.jpg","type":"image\/jpeg"}],"author":"Arnaldo Botto","twitter_card":"summary_large_image","schema":{"@context":"https:\/\/schema.org","@graph":[{"@type":"WebPage","@id":"https:\/\/www.noticiasradioreflejos.com.ar\/2021\/alerta-amarilla-y-amplitud-termica-el-clima-en-la-comarca-bajo-vigilancia\/","url":"https:\/\/www.noticiasradioreflejos.com.ar\/2021\/alerta-amarilla-y-amplitud-termica-el-clima-en-la-comarca-bajo-vigilancia\/","name":"Alerta Amarilla y Amplitud T\u00e9rmica: El clima en la Comarca bajo vigilancia - Noticias Radio Reflejos","isPartOf":{"@id":"https:\/\/www.noticiasradioreflejos.com.ar\/2021\/#website"},"primaryImageOfPage":{"@id":"https:\/\/www.noticiasradioreflejos.com.ar\/2021\/alerta-amarilla-y-amplitud-termica-el-clima-en-la-comarca-bajo-vigilancia\/#primaryimage"},"image":{"@id":"https:\/\/www.noticiasradioreflejos.com.ar\/2021\/alerta-amarilla-y-amplitud-termica-el-clima-en-la-comarca-bajo-vigilancia\/#primaryimage"},"thumbnailUrl":"https:\/\/www.noticiasradioreflejos.com.ar\/2021\/wp-content\/uploads\/2025\/10\/Sierra-de-la-Ventana-ventoso-y-tormentoso.jpg","datePublished":"2026-01-21T09:34:50+00:00","author":{"@id":"https:\/\/www.noticiasradioreflejos.com.ar\/2021\/#\/schema\/person\/ad82545263dcc5ec0996818884fd5fb1"},"breadcrumb":{"@id":"https:\/\/www.noticiasradioreflejos.com.ar\/2021\/alerta-amarilla-y-amplitud-termica-el-clima-en-la-comarca-bajo-vigilancia\/#breadcrumb"},"inLanguage":"es","potentialAction":[{"@type":"ReadAction","target":["https:\/\/www.noticiasradioreflejos.com.ar\/2021\/alerta-amarilla-y-amplitud-termica-el-clima-en-la-comarca-bajo-vigilancia\/"]}]},{"@type":"ImageObject","inLanguage":"es","@id":"https:\/\/www.noticiasradioreflejos.com.ar\/2021\/alerta-amarilla-y-amplitud-termica-el-clima-en-la-comarca-bajo-vigilancia\/#primaryimage","url":"https:\/\/www.noticiasradioreflejos.com.ar\/2021\/wp-content\/uploads\/2025\/10\/Sierra-de-la-Ventana-ventoso-y-tormentoso.jpg","contentUrl":"https:\/\/www.noticiasradioreflejos.com.ar\/2021\/wp-content\/uploads\/2025\/10\/Sierra-de-la-Ventana-ventoso-y-tormentoso.jpg","width":1024,"height":490},{"@type":"BreadcrumbList","@id":"https:\/\/www.noticiasradioreflejos.com.ar\/2021\/alerta-amarilla-y-amplitud-termica-el-clima-en-la-comarca-bajo-vigilancia\/#breadcrumb","itemListElement":[{"@type":"ListItem","position":1,"name":"Portada","item":"https:\/\/www.noticiasradioreflejos.com.ar\/2021\/"},{"@type":"ListItem","position":2,"name":"Alerta Amarilla y Amplitud T\u00e9rmica: El clima en la Comarca bajo vigilancia"}]},{"@type":"WebSite","@id":"https:\/\/www.noticiasradioreflejos.com.ar\/2021\/#website","url":"https:\/\/www.noticiasradioreflejos.com.ar\/2021\/","name":"Noticias Radio Reflejos","description":"Las noticias de mi comarca","potentialAction":[{"@type":"SearchAction","target":{"@type":"EntryPoint","urlTemplate":"https:\/\/www.noticiasradioreflejos.com.ar\/2021\/?s={search_term_string}"},"query-input":{"@type":"PropertyValueSpecification","valueRequired":true,"valueName":"search_term_string"}}],"inLanguage":"es"},{"@type":"Person","@id":"https:\/\/www.noticiasradioreflejos.com.ar\/2021\/#\/schema\/person\/ad82545263dcc5ec0996818884fd5fb1","name":"Arnaldo Botto","image":{"@type":"ImageObject","inLanguage":"es","@id":"https:\/\/www.noticiasradioreflejos.com.ar\/2021\/#\/schema\/person\/image\/","url":"https:\/\/secure.gravatar.com\/avatar\/55cb5e37c1efa326397366e6974cb338056df65cb50e7d64d1cf314e87504837?s=96&d=mm&r=g","contentUrl":"https:\/\/secure.gravatar.com\/avatar\/55cb5e37c1efa326397366e6974cb338056df65cb50e7d64d1cf314e87504837?s=96&d=mm&r=g","caption":"Arnaldo Botto"},"url":"https:\/\/www.noticiasradioreflejos.com.ar\/2021\/author\/arnaldo\/"}]}},"_links":{"self":[{"href":"https:\/\/www.noticiasradioreflejos.com.ar\/2021\/wp-json\/wp\/v2\/posts\/131613","targetHints":{"allow":["GET"]}}],"collection":[{"href":"https:\/\/www.noticiasradioreflejos.com.ar\/2021\/wp-json\/wp\/v2\/posts"}],"about":[{"href":"https:\/\/www.noticiasradioreflejos.com.ar\/2021\/wp-json\/wp\/v2\/types\/post"}],"author":[{"embeddable":true,"href":"https:\/\/www.noticiasradioreflejos.com.ar\/2021\/wp-json\/wp\/v2\/users\/3"}],"replies":[{"embeddable":true,"href":"https:\/\/www.noticiasradioreflejos.com.ar\/2021\/wp-json\/wp\/v2\/comments?post=131613"}],"version-history":[{"count":1,"href":"https:\/\/www.noticiasradioreflejos.com.ar\/2021\/wp-json\/wp\/v2\/posts\/131613\/revisions"}],"predecessor-version":[{"id":131614,"href":"https:\/\/www.noticiasradioreflejos.com.ar\/2021\/wp-json\/wp\/v2\/posts\/131613\/revisions\/131614"}],"wp:featuredmedia":[{"embeddable":true,"href":"https:\/\/www.noticiasradioreflejos.com.ar\/2021\/wp-json\/wp\/v2\/media\/126992"}],"wp:attachment":[{"href":"https:\/\/www.noticiasradioreflejos.com.ar\/2021\/wp-json\/wp\/v2\/media?parent=131613"}],"wp:term":[{"taxonomy":"category","embeddable":true,"href":"https:\/\/www.noticiasradioreflejos.com.ar\/2021\/wp-json\/wp\/v2\/categories?post=131613"},{"taxonomy":"post_tag","embeddable":true,"href":"https:\/\/www.noticiasradioreflejos.com.ar\/2021\/wp-json\/wp\/v2\/tags?post=131613"}],"curies":[{"name":"wp","href":"https:\/\/api.w.org\/{rel}","templated":true}]}}