{"id":131600,"date":"2026-01-20T11:49:31","date_gmt":"2026-01-20T14:49:31","guid":{"rendered":"https:\/\/www.noticiasradioreflejos.com.ar\/2021\/?p=131600"},"modified":"2026-01-20T11:50:15","modified_gmt":"2026-01-20T14:50:15","slug":"dia-de-la-concientizacion-por-los-pinguinos-por-que-se-celebra-el-20-de-enero","status":"publish","type":"post","link":"https:\/\/www.noticiasradioreflejos.com.ar\/2021\/dia-de-la-concientizacion-por-los-pinguinos-por-que-se-celebra-el-20-de-enero\/","title":{"rendered":"D\u00eda de la Concientizaci\u00f3n por los Ping\u00fcinos: \u00bfpor qu\u00e9 se celebra el 20 de enero?"},"content":{"rendered":"<p>La fecha busca visibilizar la importancia de estas aves marinas, su rol clave en los ecosistemas del sur del planeta y las amenazas que ponen en riesgo su supervivencia, desde el cambio clim\u00e1tico hasta la actividad humana.<!--more--><\/p>\n<p>Cada <strong>20 de enero<\/strong>\u00a0se celebra el\u00a0<strong>D\u00eda de Concienciaci\u00f3n por los Ping\u00fcinos,<\/strong> una efem\u00e9ride dedicada a promover el cuidado y la protecci\u00f3n de una de las especies m\u00e1s emblem\u00e1ticas de las regiones australes. Los ping\u00fcinos no solo despiertan fascinaci\u00f3n por su apariencia y comportamiento, sino que cumplen un papel fundamental en el equilibrio de los ecosistemas marinos.<\/p>\n<div class=\"partner-wrapper article-page__body-row\">\n<div class=\"second-col\">\n<p class=\"article-text\">Existen 18 especies de ping\u00fcinos distribuidas casi exclusivamente en el hemisferio sur, desde la Ant\u00e1rtida hasta las costas de Sudam\u00e9rica, \u00c1frica, Australia y Nueva Zelanda.\u00a0<strong>En Argentina, el ping\u00fcino de Magallanes es el m\u00e1s conocido<\/strong>\u00a0y uno de los principales atractivos de la fauna patag\u00f3nica, con colonias que cada a\u00f1o re\u00fanen a miles de ejemplares para reproducirse.<\/p>\n<p class=\"article-text\">La fecha tiene como objetivo alertar sobre las m\u00faltiples amenazas que enfrentan estas aves: el calentamiento global que modifica sus h\u00e1bitats, la disminuci\u00f3n de peces por la sobrepesca, la contaminaci\u00f3n por pl\u00e1sticos y derrames de petr\u00f3leo, y el impacto del turismo no regulado en zonas de nidificaci\u00f3n. Muchas especies se encuentran actualmente en categor\u00edas de riesgo o vulnerabilidad seg\u00fan organismos internacionales de conservaci\u00f3n.<\/p>\n<figure><picture class=\"news-image\"><source srcset=\"https:\/\/static.eldiario.es\/clip\/7431e43a-d841-45e7-b3bf-6fe4ade37e82_16-9-discover-aspect-ratio_50p_0.webp\" type=\"image\/webp\" media=\"(max-width: 576px)\" \/><source srcset=\"https:\/\/static.eldiario.es\/clip\/7431e43a-d841-45e7-b3bf-6fe4ade37e82_16-9-discover-aspect-ratio_50p_0.jpg\" type=\"image\/jpg\" media=\"(max-width: 576px)\" \/><source srcset=\"https:\/\/static.eldiario.es\/clip\/7431e43a-d841-45e7-b3bf-6fe4ade37e82_16-9-discover-aspect-ratio_75p_0.webp\" type=\"image\/webp\" media=\"(max-width: 767px)\" \/><source srcset=\"https:\/\/static.eldiario.es\/clip\/7431e43a-d841-45e7-b3bf-6fe4ade37e82_16-9-discover-aspect-ratio_75p_0.jpg\" type=\"image\/jpg\" media=\"(max-width: 767px)\" \/><source srcset=\"https:\/\/static.eldiario.es\/clip\/7431e43a-d841-45e7-b3bf-6fe4ade37e82_16-9-discover-aspect-ratio_default_0.webp\" type=\"image\/webp\" media=\"(min-width: 768px)\" \/><source srcset=\"https:\/\/static.eldiario.es\/clip\/7431e43a-d841-45e7-b3bf-6fe4ade37e82_16-9-discover-aspect-ratio_default_0.jpg\" type=\"image\/jpg\" media=\"(min-width: 768px)\" \/><source srcset=\"https:\/\/static.eldiario.es\/clip\/7431e43a-d841-45e7-b3bf-6fe4ade37e82_16-9-discover-aspect-ratio_default_0.webp\" type=\"image\/webp\" \/><img decoding=\"async\" class=\"lazy entered loaded\" src=\"https:\/\/static.eldiario.es\/clip\/7431e43a-d841-45e7-b3bf-6fe4ade37e82_16-9-discover-aspect-ratio_default_0.jpg\" alt=\"Ping\u00fcinos de Magallanes (Spheniscus magellanicus), en Argentina.\" data-src=\"https:\/\/static.eldiario.es\/clip\/7431e43a-d841-45e7-b3bf-6fe4ade37e82_16-9-discover-aspect-ratio_default_0.jpg\" data-ll-status=\"loaded\" \/><\/picture><\/figure>\n<\/div>\n<\/div>\n<p><em><span class=\"title\">Ping\u00fcinos de Magallanes (Spheniscus magellanicus), en Argentina.\u00a0<span class=\"author\">Gentileza Grupo de Aves Marinas de la Universidad Nacional de la Patagonia Austral<\/span><\/span><\/em><\/p>\n<p>&nbsp;<\/p>\n<p class=\"article-text\">Adem\u00e1s de su valor ambiental, los ping\u00fcinos funcionan como indicadores de la salud de los oc\u00e9anos. Su estado poblacional refleja cambios en las cadenas alimenticias y en las condiciones del mar, por lo que su protecci\u00f3n resulta clave para comprender el impacto humano en el planeta.<\/p>\n<div id=\"container-after-news-outlook\"><\/div>\n<p class=\"article-text\">En el D\u00eda de Concienciaci\u00f3n por los Ping\u00fcinos, organizaciones ambientales y cient\u00edficas llaman a reforzar las pol\u00edticas de conservaci\u00f3n, promover pr\u00e1cticas responsables y fortalecer la educaci\u00f3n ambiental. Cuidar a estas aves es tambi\u00e9n proteger los mares y garantizar el equilibrio de los ecosistemas de los que depende la vida en la Tierra.<\/p>\n<p>&nbsp;<\/p>\n<p class=\"article-text\"><strong><em>NB &#8211; elDiarioAR<\/em><\/strong><\/p>\n","protected":false},"excerpt":{"rendered":"<p>La fecha busca visibilizar la importancia de estas aves marinas, su rol clave en los ecosistemas del sur del planeta y las amenazas que ponen en riesgo su supervivencia, desde el cambio clim\u00e1tico hasta la actividad humana.<\/p>\n","protected":false},"author":3,"featured_media":92465,"comment_status":"closed","ping_status":"closed","sticky":false,"template":"","format":"standard","meta":{"footnotes":""},"categories":[46,26],"tags":[],"class_list":["post-131600","post","type-post","status-publish","format-standard","has-post-thumbnail","hentry","category-ciencia-y-tecnologia","category-sociedad"],"yoast_head":"<!-- This site is optimized with the Yoast SEO plugin v25.9 - https:\/\/yoast.com\/wordpress\/plugins\/seo\/ -->\n<title>D\u00eda de la Concientizaci\u00f3n por los Ping\u00fcinos: \u00bfpor qu\u00e9 se celebra el 20 de enero? - Noticias Radio Reflejos<\/title>\n<meta name=\"robots\" content=\"index, follow, max-snippet:-1, max-image-preview:large, max-video-preview:-1\" \/>\n<link rel=\"canonical\" href=\"https:\/\/www.noticiasradioreflejos.com.ar\/2021\/dia-de-la-concientizacion-por-los-pinguinos-por-que-se-celebra-el-20-de-enero\/\" \/>\n<meta property=\"og:locale\" content=\"es_ES\" \/>\n<meta property=\"og:type\" content=\"article\" \/>\n<meta property=\"og:title\" content=\"D\u00eda de la Concientizaci\u00f3n por los Ping\u00fcinos: \u00bfpor qu\u00e9 se celebra el 20 de enero? - Noticias Radio Reflejos\" \/>\n<meta property=\"og:description\" content=\"La fecha busca visibilizar la importancia de estas aves marinas, su rol clave en los ecosistemas del sur del planeta y las amenazas que ponen en riesgo su supervivencia, desde el cambio clim\u00e1tico hasta la actividad humana.\" \/>\n<meta property=\"og:url\" content=\"https:\/\/www.noticiasradioreflejos.com.ar\/2021\/dia-de-la-concientizacion-por-los-pinguinos-por-que-se-celebra-el-20-de-enero\/\" \/>\n<meta property=\"og:site_name\" content=\"Noticias Radio Reflejos\" \/>\n<meta property=\"article:published_time\" content=\"2026-01-20T14:49:31+00:00\" \/>\n<meta property=\"article:modified_time\" content=\"2026-01-20T14:50:15+00:00\" \/>\n<meta property=\"og:image\" content=\"https:\/\/www.noticiasradioreflejos.com.ar\/2021\/wp-content\/uploads\/2023\/09\/pinguinos.jpg\" \/>\n\t<meta property=\"og:image:width\" content=\"1079\" \/>\n\t<meta property=\"og:image:height\" content=\"583\" \/>\n\t<meta property=\"og:image:type\" content=\"image\/jpeg\" \/>\n<meta name=\"author\" content=\"Arnaldo Botto\" \/>\n<meta name=\"twitter:card\" content=\"summary_large_image\" \/>\n<script type=\"application\/ld+json\" class=\"yoast-schema-graph\">{\"@context\":\"https:\/\/schema.org\",\"@graph\":[{\"@type\":\"WebPage\",\"@id\":\"https:\/\/www.noticiasradioreflejos.com.ar\/2021\/dia-de-la-concientizacion-por-los-pinguinos-por-que-se-celebra-el-20-de-enero\/\",\"url\":\"https:\/\/www.noticiasradioreflejos.com.ar\/2021\/dia-de-la-concientizacion-por-los-pinguinos-por-que-se-celebra-el-20-de-enero\/\",\"name\":\"D\u00eda de la Concientizaci\u00f3n por los Ping\u00fcinos: \u00bfpor qu\u00e9 se celebra el 20 de enero? - Noticias Radio Reflejos\",\"isPartOf\":{\"@id\":\"https:\/\/www.noticiasradioreflejos.com.ar\/2021\/#website\"},\"primaryImageOfPage\":{\"@id\":\"https:\/\/www.noticiasradioreflejos.com.ar\/2021\/dia-de-la-concientizacion-por-los-pinguinos-por-que-se-celebra-el-20-de-enero\/#primaryimage\"},\"image\":{\"@id\":\"https:\/\/www.noticiasradioreflejos.com.ar\/2021\/dia-de-la-concientizacion-por-los-pinguinos-por-que-se-celebra-el-20-de-enero\/#primaryimage\"},\"thumbnailUrl\":\"https:\/\/www.noticiasradioreflejos.com.ar\/2021\/wp-content\/uploads\/2023\/09\/pinguinos.jpg\",\"datePublished\":\"2026-01-20T14:49:31+00:00\",\"dateModified\":\"2026-01-20T14:50:15+00:00\",\"author\":{\"@id\":\"https:\/\/www.noticiasradioreflejos.com.ar\/2021\/#\/schema\/person\/ad82545263dcc5ec0996818884fd5fb1\"},\"breadcrumb\":{\"@id\":\"https:\/\/www.noticiasradioreflejos.com.ar\/2021\/dia-de-la-concientizacion-por-los-pinguinos-por-que-se-celebra-el-20-de-enero\/#breadcrumb\"},\"inLanguage\":\"es\",\"potentialAction\":[{\"@type\":\"ReadAction\",\"target\":[\"https:\/\/www.noticiasradioreflejos.com.ar\/2021\/dia-de-la-concientizacion-por-los-pinguinos-por-que-se-celebra-el-20-de-enero\/\"]}]},{\"@type\":\"ImageObject\",\"inLanguage\":\"es\",\"@id\":\"https:\/\/www.noticiasradioreflejos.com.ar\/2021\/dia-de-la-concientizacion-por-los-pinguinos-por-que-se-celebra-el-20-de-enero\/#primaryimage\",\"url\":\"https:\/\/www.noticiasradioreflejos.com.ar\/2021\/wp-content\/uploads\/2023\/09\/pinguinos.jpg\",\"contentUrl\":\"https:\/\/www.noticiasradioreflejos.com.ar\/2021\/wp-content\/uploads\/2023\/09\/pinguinos.jpg\",\"width\":1079,\"height\":583},{\"@type\":\"BreadcrumbList\",\"@id\":\"https:\/\/www.noticiasradioreflejos.com.ar\/2021\/dia-de-la-concientizacion-por-los-pinguinos-por-que-se-celebra-el-20-de-enero\/#breadcrumb\",\"itemListElement\":[{\"@type\":\"ListItem\",\"position\":1,\"name\":\"Portada\",\"item\":\"https:\/\/www.noticiasradioreflejos.com.ar\/2021\/\"},{\"@type\":\"ListItem\",\"position\":2,\"name\":\"D\u00eda de la Concientizaci\u00f3n por los Ping\u00fcinos: \u00bfpor qu\u00e9 se celebra el 20 de enero?\"}]},{\"@type\":\"WebSite\",\"@id\":\"https:\/\/www.noticiasradioreflejos.com.ar\/2021\/#website\",\"url\":\"https:\/\/www.noticiasradioreflejos.com.ar\/2021\/\",\"name\":\"Noticias Radio Reflejos\",\"description\":\"Las noticias de mi comarca\",\"potentialAction\":[{\"@type\":\"SearchAction\",\"target\":{\"@type\":\"EntryPoint\",\"urlTemplate\":\"https:\/\/www.noticiasradioreflejos.com.ar\/2021\/?s={search_term_string}\"},\"query-input\":{\"@type\":\"PropertyValueSpecification\",\"valueRequired\":true,\"valueName\":\"search_term_string\"}}],\"inLanguage\":\"es\"},{\"@type\":\"Person\",\"@id\":\"https:\/\/www.noticiasradioreflejos.com.ar\/2021\/#\/schema\/person\/ad82545263dcc5ec0996818884fd5fb1\",\"name\":\"Arnaldo Botto\",\"image\":{\"@type\":\"ImageObject\",\"inLanguage\":\"es\",\"@id\":\"https:\/\/www.noticiasradioreflejos.com.ar\/2021\/#\/schema\/person\/image\/\",\"url\":\"https:\/\/secure.gravatar.com\/avatar\/55cb5e37c1efa326397366e6974cb338056df65cb50e7d64d1cf314e87504837?s=96&d=mm&r=g\",\"contentUrl\":\"https:\/\/secure.gravatar.com\/avatar\/55cb5e37c1efa326397366e6974cb338056df65cb50e7d64d1cf314e87504837?s=96&d=mm&r=g\",\"caption\":\"Arnaldo Botto\"},\"url\":\"https:\/\/www.noticiasradioreflejos.com.ar\/2021\/author\/arnaldo\/\"}]}<\/script>\n<!-- \/ Yoast SEO plugin. -->","yoast_head_json":{"title":"D\u00eda de la Concientizaci\u00f3n por los Ping\u00fcinos: \u00bfpor qu\u00e9 se celebra el 20 de enero? - Noticias Radio Reflejos","robots":{"index":"index","follow":"follow","max-snippet":"max-snippet:-1","max-image-preview":"max-image-preview:large","max-video-preview":"max-video-preview:-1"},"canonical":"https:\/\/www.noticiasradioreflejos.com.ar\/2021\/dia-de-la-concientizacion-por-los-pinguinos-por-que-se-celebra-el-20-de-enero\/","og_locale":"es_ES","og_type":"article","og_title":"D\u00eda de la Concientizaci\u00f3n por los Ping\u00fcinos: \u00bfpor qu\u00e9 se celebra el 20 de enero? - Noticias Radio Reflejos","og_description":"La fecha busca visibilizar la importancia de estas aves marinas, su rol clave en los ecosistemas del sur del planeta y las amenazas que ponen en riesgo su supervivencia, desde el cambio clim\u00e1tico hasta la actividad humana.","og_url":"https:\/\/www.noticiasradioreflejos.com.ar\/2021\/dia-de-la-concientizacion-por-los-pinguinos-por-que-se-celebra-el-20-de-enero\/","og_site_name":"Noticias Radio Reflejos","article_published_time":"2026-01-20T14:49:31+00:00","article_modified_time":"2026-01-20T14:50:15+00:00","og_image":[{"width":1079,"height":583,"url":"https:\/\/www.noticiasradioreflejos.com.ar\/2021\/wp-content\/uploads\/2023\/09\/pinguinos.jpg","type":"image\/jpeg"}],"author":"Arnaldo Botto","twitter_card":"summary_large_image","schema":{"@context":"https:\/\/schema.org","@graph":[{"@type":"WebPage","@id":"https:\/\/www.noticiasradioreflejos.com.ar\/2021\/dia-de-la-concientizacion-por-los-pinguinos-por-que-se-celebra-el-20-de-enero\/","url":"https:\/\/www.noticiasradioreflejos.com.ar\/2021\/dia-de-la-concientizacion-por-los-pinguinos-por-que-se-celebra-el-20-de-enero\/","name":"D\u00eda de la Concientizaci\u00f3n por los Ping\u00fcinos: \u00bfpor qu\u00e9 se celebra el 20 de enero? - Noticias Radio Reflejos","isPartOf":{"@id":"https:\/\/www.noticiasradioreflejos.com.ar\/2021\/#website"},"primaryImageOfPage":{"@id":"https:\/\/www.noticiasradioreflejos.com.ar\/2021\/dia-de-la-concientizacion-por-los-pinguinos-por-que-se-celebra-el-20-de-enero\/#primaryimage"},"image":{"@id":"https:\/\/www.noticiasradioreflejos.com.ar\/2021\/dia-de-la-concientizacion-por-los-pinguinos-por-que-se-celebra-el-20-de-enero\/#primaryimage"},"thumbnailUrl":"https:\/\/www.noticiasradioreflejos.com.ar\/2021\/wp-content\/uploads\/2023\/09\/pinguinos.jpg","datePublished":"2026-01-20T14:49:31+00:00","dateModified":"2026-01-20T14:50:15+00:00","author":{"@id":"https:\/\/www.noticiasradioreflejos.com.ar\/2021\/#\/schema\/person\/ad82545263dcc5ec0996818884fd5fb1"},"breadcrumb":{"@id":"https:\/\/www.noticiasradioreflejos.com.ar\/2021\/dia-de-la-concientizacion-por-los-pinguinos-por-que-se-celebra-el-20-de-enero\/#breadcrumb"},"inLanguage":"es","potentialAction":[{"@type":"ReadAction","target":["https:\/\/www.noticiasradioreflejos.com.ar\/2021\/dia-de-la-concientizacion-por-los-pinguinos-por-que-se-celebra-el-20-de-enero\/"]}]},{"@type":"ImageObject","inLanguage":"es","@id":"https:\/\/www.noticiasradioreflejos.com.ar\/2021\/dia-de-la-concientizacion-por-los-pinguinos-por-que-se-celebra-el-20-de-enero\/#primaryimage","url":"https:\/\/www.noticiasradioreflejos.com.ar\/2021\/wp-content\/uploads\/2023\/09\/pinguinos.jpg","contentUrl":"https:\/\/www.noticiasradioreflejos.com.ar\/2021\/wp-content\/uploads\/2023\/09\/pinguinos.jpg","width":1079,"height":583},{"@type":"BreadcrumbList","@id":"https:\/\/www.noticiasradioreflejos.com.ar\/2021\/dia-de-la-concientizacion-por-los-pinguinos-por-que-se-celebra-el-20-de-enero\/#breadcrumb","itemListElement":[{"@type":"ListItem","position":1,"name":"Portada","item":"https:\/\/www.noticiasradioreflejos.com.ar\/2021\/"},{"@type":"ListItem","position":2,"name":"D\u00eda de la Concientizaci\u00f3n por los Ping\u00fcinos: \u00bfpor qu\u00e9 se celebra el 20 de enero?"}]},{"@type":"WebSite","@id":"https:\/\/www.noticiasradioreflejos.com.ar\/2021\/#website","url":"https:\/\/www.noticiasradioreflejos.com.ar\/2021\/","name":"Noticias Radio Reflejos","description":"Las noticias de mi comarca","potentialAction":[{"@type":"SearchAction","target":{"@type":"EntryPoint","urlTemplate":"https:\/\/www.noticiasradioreflejos.com.ar\/2021\/?s={search_term_string}"},"query-input":{"@type":"PropertyValueSpecification","valueRequired":true,"valueName":"search_term_string"}}],"inLanguage":"es"},{"@type":"Person","@id":"https:\/\/www.noticiasradioreflejos.com.ar\/2021\/#\/schema\/person\/ad82545263dcc5ec0996818884fd5fb1","name":"Arnaldo Botto","image":{"@type":"ImageObject","inLanguage":"es","@id":"https:\/\/www.noticiasradioreflejos.com.ar\/2021\/#\/schema\/person\/image\/","url":"https:\/\/secure.gravatar.com\/avatar\/55cb5e37c1efa326397366e6974cb338056df65cb50e7d64d1cf314e87504837?s=96&d=mm&r=g","contentUrl":"https:\/\/secure.gravatar.com\/avatar\/55cb5e37c1efa326397366e6974cb338056df65cb50e7d64d1cf314e87504837?s=96&d=mm&r=g","caption":"Arnaldo Botto"},"url":"https:\/\/www.noticiasradioreflejos.com.ar\/2021\/author\/arnaldo\/"}]}},"_links":{"self":[{"href":"https:\/\/www.noticiasradioreflejos.com.ar\/2021\/wp-json\/wp\/v2\/posts\/131600","targetHints":{"allow":["GET"]}}],"collection":[{"href":"https:\/\/www.noticiasradioreflejos.com.ar\/2021\/wp-json\/wp\/v2\/posts"}],"about":[{"href":"https:\/\/www.noticiasradioreflejos.com.ar\/2021\/wp-json\/wp\/v2\/types\/post"}],"author":[{"embeddable":true,"href":"https:\/\/www.noticiasradioreflejos.com.ar\/2021\/wp-json\/wp\/v2\/users\/3"}],"replies":[{"embeddable":true,"href":"https:\/\/www.noticiasradioreflejos.com.ar\/2021\/wp-json\/wp\/v2\/comments?post=131600"}],"version-history":[{"count":2,"href":"https:\/\/www.noticiasradioreflejos.com.ar\/2021\/wp-json\/wp\/v2\/posts\/131600\/revisions"}],"predecessor-version":[{"id":131602,"href":"https:\/\/www.noticiasradioreflejos.com.ar\/2021\/wp-json\/wp\/v2\/posts\/131600\/revisions\/131602"}],"wp:featuredmedia":[{"embeddable":true,"href":"https:\/\/www.noticiasradioreflejos.com.ar\/2021\/wp-json\/wp\/v2\/media\/92465"}],"wp:attachment":[{"href":"https:\/\/www.noticiasradioreflejos.com.ar\/2021\/wp-json\/wp\/v2\/media?parent=131600"}],"wp:term":[{"taxonomy":"category","embeddable":true,"href":"https:\/\/www.noticiasradioreflejos.com.ar\/2021\/wp-json\/wp\/v2\/categories?post=131600"},{"taxonomy":"post_tag","embeddable":true,"href":"https:\/\/www.noticiasradioreflejos.com.ar\/2021\/wp-json\/wp\/v2\/tags?post=131600"}],"curies":[{"name":"wp","href":"https:\/\/api.w.org\/{rel}","templated":true}]}}