{"id":131597,"date":"2026-01-20T16:32:10","date_gmt":"2026-01-20T19:32:10","guid":{"rendered":"https:\/\/www.noticiasradioreflejos.com.ar\/2021\/?p=131597"},"modified":"2026-01-20T16:32:11","modified_gmt":"2026-01-20T19:32:11","slug":"de-las-sierras-a-la-opera-rock-de-charly-garcia-la-ascendente-carrera-de-luis-rodriguez-echeverria","status":"publish","type":"post","link":"https:\/\/www.noticiasradioreflejos.com.ar\/2021\/de-las-sierras-a-la-opera-rock-de-charly-garcia-la-ascendente-carrera-de-luis-rodriguez-echeverria\/","title":{"rendered":"De las Sierras a la \u00d3pera Rock de Charly Garc\u00eda: La ascendente carrera de Luis Rodr\u00edguez Echeverr\u00eda"},"content":{"rendered":"<p data-path-to-node=\"2\"><strong>El artista venezolano, conocido como \u00abLare<\/strong>\u00ab, brilla en la escena nacional tras protagonizar \u00abEl Principito\u00bb y prepararse para el estreno de \u00abInvasiones Inglesas\u00bb. Radicado afectivamente en Sierra de la Ventana, el actor y cantautor repasa su camino entre castings, la hermandad argentina y el lanzamiento de un \u00abmantra\u00bb musical para su tierra natal.<\/p>\n<p data-path-to-node=\"2\"><!--more--><\/p>\n<p data-path-to-node=\"3\"><strong>Luis Rodr\u00edguez Echeverr\u00eda<\/strong> , protagonista de \u00abEl Principito\u00bb y pieza clave de la nueva \u00f3pera rock de Charly Garc\u00eda, cuenta c\u00f3mo encontr\u00f3 su hogar en la Comarca Serrana. Entre castings con referentes como Fernando Dente y Juan Carlos Baglietto, el artista se prepara para un 2026 cargado de proyectos hist\u00f3ricos.<\/p>\n<p data-path-to-node=\"3\"><a href=\"https:\/\/www.noticiasradioreflejos.com.ar\/2021\/de-las-sierras-a-la-opera-rock-de-charly-garcia-la-ascendente-carrera-de-luis-rodriguez-echeverria\/lare-rodriguez-10\/\" rel=\"attachment wp-att-131607\"><img loading=\"lazy\" decoding=\"async\" class=\"aligncenter size-full wp-image-131607\" src=\"https:\/\/www.noticiasradioreflejos.com.ar\/2021\/wp-content\/uploads\/2026\/01\/Lare-Rodriguez-10.jpg\" alt=\"\" width=\"760\" height=\"507\" srcset=\"https:\/\/www.noticiasradioreflejos.com.ar\/2021\/wp-content\/uploads\/2026\/01\/Lare-Rodriguez-10.jpg 760w, https:\/\/www.noticiasradioreflejos.com.ar\/2021\/wp-content\/uploads\/2026\/01\/Lare-Rodriguez-10-300x200.jpg 300w, https:\/\/www.noticiasradioreflejos.com.ar\/2021\/wp-content\/uploads\/2026\/01\/Lare-Rodriguez-10-750x500.jpg 750w\" sizes=\"auto, (max-width: 760px) 100vw, 760px\" \/><\/a><\/p>\n<p data-path-to-node=\"4\">Para el actor y cantautor venezolano <strong>Luis Rodr\u00edguez Echeverr\u00eda<\/strong>, conocido art\u00edsticamente como <b data-path-to-node=\"4\" data-index-in-node=\"92\">\u00abLare\u00bb<\/b>, los mapas no tienen fronteras cuando se trata de encontrar el hogar. Aunque naci\u00f3 en Caracas, su conexi\u00f3n con Sierra de la Ventana es total: su madre reside all\u00ed y \u00e9l lo considera su lugar en el mundo. \u00abLa gente, la naturaleza y el pueblo me encantan. Durante la primavera, Sierra tiene un clima igual a Caracas; los r\u00edos y las sierras son puntos en com\u00fan que me hacen sentir una conexi\u00f3n muy fuerte\u00bb, relat\u00f3 con emoci\u00f3n el artista, quien destaca adem\u00e1s la calidez de los vecinos serranos.<\/p>\n<p data-path-to-node=\"5\">Lare lleg\u00f3 a la Argentina tras un paso por Estados Unidos, pa\u00eds donde no pudo establecerse por cuestiones administrativas. En cambio, en nuestro suelo encontr\u00f3 una hermandad latinoamericana que le abri\u00f3 las puertas de inmediato: \u00abArgentina ha sido un pa\u00eds que siempre nos ha acogido. Culturalmente y art\u00edsticamente, por la movida de la m\u00fasica y el teatro, fue el lugar perfecto para m\u00ed\u00bb, reconoci\u00f3 quien hoy es una de las grandes promesas de la comedia musical.<\/p>\n<p data-path-to-node=\"5\"><a href=\"https:\/\/www.noticiasradioreflejos.com.ar\/2021\/de-las-sierras-a-la-opera-rock-de-charly-garcia-la-ascendente-carrera-de-luis-rodriguez-echeverria\/lare-rodriguez-1-2\/\" rel=\"attachment wp-att-131610\"><img loading=\"lazy\" decoding=\"async\" class=\"aligncenter size-full wp-image-131610\" src=\"https:\/\/www.noticiasradioreflejos.com.ar\/2021\/wp-content\/uploads\/2026\/01\/Lare-Rodriguez-1.jpeg\" alt=\"\" width=\"1280\" height=\"720\" srcset=\"https:\/\/www.noticiasradioreflejos.com.ar\/2021\/wp-content\/uploads\/2026\/01\/Lare-Rodriguez-1.jpeg 1280w, https:\/\/www.noticiasradioreflejos.com.ar\/2021\/wp-content\/uploads\/2026\/01\/Lare-Rodriguez-1-300x169.jpeg 300w, https:\/\/www.noticiasradioreflejos.com.ar\/2021\/wp-content\/uploads\/2026\/01\/Lare-Rodriguez-1-1024x576.jpeg 1024w, https:\/\/www.noticiasradioreflejos.com.ar\/2021\/wp-content\/uploads\/2026\/01\/Lare-Rodriguez-1-768x432.jpeg 768w, https:\/\/www.noticiasradioreflejos.com.ar\/2021\/wp-content\/uploads\/2026\/01\/Lare-Rodriguez-1-750x422.jpeg 750w, https:\/\/www.noticiasradioreflejos.com.ar\/2021\/wp-content\/uploads\/2026\/01\/Lare-Rodriguez-1-1140x641.jpeg 1140w\" sizes=\"auto, (max-width: 1280px) 100vw, 1280px\" \/><\/a><\/p>\n<p data-path-to-node=\"7\">Su llegada al rol estelar de la obra musical <b data-path-to-node=\"7\" data-index-in-node=\"45\">\u00abEl Principito\u00bb<\/b>, producida por Juan Carlos Baglietto, fue el resultado de una perseverancia notable. Tras quedar a las puertas de otro proyecto dirigido por Fernando Dente, su talento no pas\u00f3 desapercibido para los productores, quienes lo convocaron espec\u00edficamente para audicionar por el personaje de Antoine de Saint-Exup\u00e9ry. \u00abDesde que llegu\u00e9, Baglietto me dijo que era yo. Eso me hizo muy contento\u00bb, record\u00f3 Lare. Para componer el personaje, el actor apel\u00f3 a su propia historia de vida: \u00abQuise crear un personaje desde mi lugar de migrante, de joven que persigue sus sue\u00f1os; vert\u00ed todo mi ni\u00f1o interior en el escenario\u00bb.<\/p>\n<p data-path-to-node=\"8\">Ese nivel de compromiso lo llev\u00f3 incluso a trabajar en simult\u00e1neo en el Teatro \u00d3pera, participando tambi\u00e9n del musical <b data-path-to-node=\"8\" data-index-in-node=\"119\">\u00abDespertar de Primavera\u00bb<\/b>. \u00abMe cercior\u00e9 de que el cuerpo fuera capaz de poder hacerlo\u00bb, coment\u00f3 sobre el desaf\u00edo de sostener dos obras de tal magnitud al mismo tiempo.<\/p>\n<p data-path-to-node=\"10\">Actualmente, Lare se encuentra inmerso en uno de los proyectos m\u00e1s ambiciosos de la temporada: <b data-path-to-node=\"10\" data-index-in-node=\"95\">\u00abInvasiones Inglesas\u00bb<\/b>. Se trata de una \u00f3pera rock protagonizada por Elena Roger, que cuenta con la m\u00fasica y letras de <b data-path-to-node=\"10\" data-index-in-node=\"213\">Charly Garc\u00eda<\/b> y el asesoramiento hist\u00f3rico de <b data-path-to-node=\"10\" data-index-in-node=\"259\">Felipe Pigna<\/b>. \u00abTuvimos un workshop con el historiador para apropiarnos de la historia de 1806 y c\u00f3mo los argentinos dieron batalla\u00bb, explic\u00f3 sobre la obra que se estrenar\u00e1 a finales de marzo en la Sala Mart\u00edn Coronado del Teatro San Mart\u00edn.<\/p>\n<p data-path-to-node=\"10\"><a href=\"https:\/\/www.noticiasradioreflejos.com.ar\/2021\/de-las-sierras-a-la-opera-rock-de-charly-garcia-la-ascendente-carrera-de-luis-rodriguez-echeverria\/lare-rodriguez-2\/\" rel=\"attachment wp-att-131608\"><img loading=\"lazy\" decoding=\"async\" class=\"aligncenter size-full wp-image-131608\" src=\"https:\/\/www.noticiasradioreflejos.com.ar\/2021\/wp-content\/uploads\/2026\/01\/Lare-Rodriguez-2.jpg\" alt=\"\" width=\"993\" height=\"499\" srcset=\"https:\/\/www.noticiasradioreflejos.com.ar\/2021\/wp-content\/uploads\/2026\/01\/Lare-Rodriguez-2.jpg 993w, https:\/\/www.noticiasradioreflejos.com.ar\/2021\/wp-content\/uploads\/2026\/01\/Lare-Rodriguez-2-300x151.jpg 300w, https:\/\/www.noticiasradioreflejos.com.ar\/2021\/wp-content\/uploads\/2026\/01\/Lare-Rodriguez-2-768x386.jpg 768w, https:\/\/www.noticiasradioreflejos.com.ar\/2021\/wp-content\/uploads\/2026\/01\/Lare-Rodriguez-2-360x180.jpg 360w, https:\/\/www.noticiasradioreflejos.com.ar\/2021\/wp-content\/uploads\/2026\/01\/Lare-Rodriguez-2-750x377.jpg 750w\" sizes=\"auto, (max-width: 993px) 100vw, 993px\" \/><\/a><\/p>\n<p data-path-to-node=\"11\">Pese a su \u00e9xito en los escenarios, Lare no olvida sus ra\u00edces ni el contexto de su tierra natal. El pasado 18 de enero lanz\u00f3 su canci\u00f3n propia titulada <b data-path-to-node=\"11\" data-index-in-node=\"151\">\u00abTodo va a estar bien\u00bb<\/b>, una pieza que define como un mantra para el pueblo venezolano. \u00abEs un regalo para mi gente en un momento de mucha incertidumbre. Creo que no hay mal que dure cien a\u00f1os y que todo lo que sucede ser\u00e1 para mejor\u00bb, concluy\u00f3 el artista, cuya voz hoy une los paisajes de Sierra de la Ventana con el coraz\u00f3n de la escena nacional.<\/p>\n<audio class=\"wp-audio-shortcode\" id=\"audio-131597-1\" preload=\"none\" style=\"width: 100%;\" controls=\"controls\"><source type=\"audio\/mpeg\" src=\"https:\/\/www.noticiasradioreflejos.com.ar\/2021\/wp-content\/uploads\/2026\/01\/Luis-Alegrandro-Rodriguez-20-01.mp3?_=1\" \/><a href=\"https:\/\/www.noticiasradioreflejos.com.ar\/2021\/wp-content\/uploads\/2026\/01\/Luis-Alegrandro-Rodriguez-20-01.mp3\">https:\/\/www.noticiasradioreflejos.com.ar\/2021\/wp-content\/uploads\/2026\/01\/Luis-Alegrandro-Rodriguez-20-01.mp3<\/a><\/audio>\n","protected":false},"excerpt":{"rendered":"<p>El artista venezolano, conocido como \u00abLare\u00ab, brilla en la escena nacional tras protagonizar \u00abEl Principito\u00bb y prepararse para el estreno de \u00abInvasiones Inglesas\u00bb. Radicado afectivamente en Sierra de la Ventana, el actor y cantautor repasa su camino entre castings, la hermandad argentina y el lanzamiento de un \u00abmantra\u00bb musical para su tierra natal.<\/p>\n","protected":false},"author":3,"featured_media":131609,"comment_status":"closed","ping_status":"closed","sticky":false,"template":"","format":"standard","meta":{"footnotes":""},"categories":[35,26],"tags":[48],"class_list":["post-131597","post","type-post","status-publish","format-standard","has-post-thumbnail","hentry","category-cultura","category-sociedad","tag-destacada"],"yoast_head":"<!-- This site is optimized with the Yoast SEO plugin v25.9 - https:\/\/yoast.com\/wordpress\/plugins\/seo\/ -->\n<title>De las Sierras a la \u00d3pera Rock de Charly Garc\u00eda: La ascendente carrera de Luis Rodr\u00edguez Echeverr\u00eda - Noticias Radio Reflejos<\/title>\n<meta name=\"robots\" content=\"index, follow, max-snippet:-1, max-image-preview:large, max-video-preview:-1\" \/>\n<link rel=\"canonical\" href=\"https:\/\/www.noticiasradioreflejos.com.ar\/2021\/de-las-sierras-a-la-opera-rock-de-charly-garcia-la-ascendente-carrera-de-luis-rodriguez-echeverria\/\" \/>\n<meta property=\"og:locale\" content=\"es_ES\" \/>\n<meta property=\"og:type\" content=\"article\" \/>\n<meta property=\"og:title\" content=\"De las Sierras a la \u00d3pera Rock de Charly Garc\u00eda: La ascendente carrera de Luis Rodr\u00edguez Echeverr\u00eda - Noticias Radio Reflejos\" \/>\n<meta property=\"og:description\" content=\"El artista venezolano, conocido como \u00abLare\u00ab, brilla en la escena nacional tras protagonizar \u00abEl Principito\u00bb y prepararse para el estreno de \u00abInvasiones Inglesas\u00bb. Radicado afectivamente en Sierra de la Ventana, el actor y cantautor repasa su camino entre castings, la hermandad argentina y el lanzamiento de un \u00abmantra\u00bb musical para su tierra natal.\" \/>\n<meta property=\"og:url\" content=\"https:\/\/www.noticiasradioreflejos.com.ar\/2021\/de-las-sierras-a-la-opera-rock-de-charly-garcia-la-ascendente-carrera-de-luis-rodriguez-echeverria\/\" \/>\n<meta property=\"og:site_name\" content=\"Noticias Radio Reflejos\" \/>\n<meta property=\"article:published_time\" content=\"2026-01-20T19:32:10+00:00\" \/>\n<meta property=\"article:modified_time\" content=\"2026-01-20T19:32:11+00:00\" \/>\n<meta property=\"og:image\" content=\"https:\/\/www.noticiasradioreflejos.com.ar\/2021\/wp-content\/uploads\/2026\/01\/Lare-Rodriguez-1.jpg\" \/>\n\t<meta property=\"og:image:width\" content=\"720\" \/>\n\t<meta property=\"og:image:height\" content=\"609\" \/>\n\t<meta property=\"og:image:type\" content=\"image\/jpeg\" \/>\n<meta name=\"author\" content=\"Arnaldo Botto\" \/>\n<meta name=\"twitter:card\" content=\"summary_large_image\" \/>\n<script type=\"application\/ld+json\" class=\"yoast-schema-graph\">{\"@context\":\"https:\/\/schema.org\",\"@graph\":[{\"@type\":\"WebPage\",\"@id\":\"https:\/\/www.noticiasradioreflejos.com.ar\/2021\/de-las-sierras-a-la-opera-rock-de-charly-garcia-la-ascendente-carrera-de-luis-rodriguez-echeverria\/\",\"url\":\"https:\/\/www.noticiasradioreflejos.com.ar\/2021\/de-las-sierras-a-la-opera-rock-de-charly-garcia-la-ascendente-carrera-de-luis-rodriguez-echeverria\/\",\"name\":\"De las Sierras a la \u00d3pera Rock de Charly Garc\u00eda: La ascendente carrera de Luis Rodr\u00edguez Echeverr\u00eda - Noticias Radio Reflejos\",\"isPartOf\":{\"@id\":\"https:\/\/www.noticiasradioreflejos.com.ar\/2021\/#website\"},\"primaryImageOfPage\":{\"@id\":\"https:\/\/www.noticiasradioreflejos.com.ar\/2021\/de-las-sierras-a-la-opera-rock-de-charly-garcia-la-ascendente-carrera-de-luis-rodriguez-echeverria\/#primaryimage\"},\"image\":{\"@id\":\"https:\/\/www.noticiasradioreflejos.com.ar\/2021\/de-las-sierras-a-la-opera-rock-de-charly-garcia-la-ascendente-carrera-de-luis-rodriguez-echeverria\/#primaryimage\"},\"thumbnailUrl\":\"https:\/\/www.noticiasradioreflejos.com.ar\/2021\/wp-content\/uploads\/2026\/01\/Lare-Rodriguez-1.jpg\",\"datePublished\":\"2026-01-20T19:32:10+00:00\",\"dateModified\":\"2026-01-20T19:32:11+00:00\",\"author\":{\"@id\":\"https:\/\/www.noticiasradioreflejos.com.ar\/2021\/#\/schema\/person\/ad82545263dcc5ec0996818884fd5fb1\"},\"breadcrumb\":{\"@id\":\"https:\/\/www.noticiasradioreflejos.com.ar\/2021\/de-las-sierras-a-la-opera-rock-de-charly-garcia-la-ascendente-carrera-de-luis-rodriguez-echeverria\/#breadcrumb\"},\"inLanguage\":\"es\",\"potentialAction\":[{\"@type\":\"ReadAction\",\"target\":[\"https:\/\/www.noticiasradioreflejos.com.ar\/2021\/de-las-sierras-a-la-opera-rock-de-charly-garcia-la-ascendente-carrera-de-luis-rodriguez-echeverria\/\"]}]},{\"@type\":\"ImageObject\",\"inLanguage\":\"es\",\"@id\":\"https:\/\/www.noticiasradioreflejos.com.ar\/2021\/de-las-sierras-a-la-opera-rock-de-charly-garcia-la-ascendente-carrera-de-luis-rodriguez-echeverria\/#primaryimage\",\"url\":\"https:\/\/www.noticiasradioreflejos.com.ar\/2021\/wp-content\/uploads\/2026\/01\/Lare-Rodriguez-1.jpg\",\"contentUrl\":\"https:\/\/www.noticiasradioreflejos.com.ar\/2021\/wp-content\/uploads\/2026\/01\/Lare-Rodriguez-1.jpg\",\"width\":720,\"height\":609},{\"@type\":\"BreadcrumbList\",\"@id\":\"https:\/\/www.noticiasradioreflejos.com.ar\/2021\/de-las-sierras-a-la-opera-rock-de-charly-garcia-la-ascendente-carrera-de-luis-rodriguez-echeverria\/#breadcrumb\",\"itemListElement\":[{\"@type\":\"ListItem\",\"position\":1,\"name\":\"Portada\",\"item\":\"https:\/\/www.noticiasradioreflejos.com.ar\/2021\/\"},{\"@type\":\"ListItem\",\"position\":2,\"name\":\"De las Sierras a la \u00d3pera Rock de Charly Garc\u00eda: La ascendente carrera de Luis Rodr\u00edguez Echeverr\u00eda\"}]},{\"@type\":\"WebSite\",\"@id\":\"https:\/\/www.noticiasradioreflejos.com.ar\/2021\/#website\",\"url\":\"https:\/\/www.noticiasradioreflejos.com.ar\/2021\/\",\"name\":\"Noticias Radio Reflejos\",\"description\":\"Las noticias de mi comarca\",\"potentialAction\":[{\"@type\":\"SearchAction\",\"target\":{\"@type\":\"EntryPoint\",\"urlTemplate\":\"https:\/\/www.noticiasradioreflejos.com.ar\/2021\/?s={search_term_string}\"},\"query-input\":{\"@type\":\"PropertyValueSpecification\",\"valueRequired\":true,\"valueName\":\"search_term_string\"}}],\"inLanguage\":\"es\"},{\"@type\":\"Person\",\"@id\":\"https:\/\/www.noticiasradioreflejos.com.ar\/2021\/#\/schema\/person\/ad82545263dcc5ec0996818884fd5fb1\",\"name\":\"Arnaldo Botto\",\"image\":{\"@type\":\"ImageObject\",\"inLanguage\":\"es\",\"@id\":\"https:\/\/www.noticiasradioreflejos.com.ar\/2021\/#\/schema\/person\/image\/\",\"url\":\"https:\/\/secure.gravatar.com\/avatar\/55cb5e37c1efa326397366e6974cb338056df65cb50e7d64d1cf314e87504837?s=96&d=mm&r=g\",\"contentUrl\":\"https:\/\/secure.gravatar.com\/avatar\/55cb5e37c1efa326397366e6974cb338056df65cb50e7d64d1cf314e87504837?s=96&d=mm&r=g\",\"caption\":\"Arnaldo Botto\"},\"url\":\"https:\/\/www.noticiasradioreflejos.com.ar\/2021\/author\/arnaldo\/\"}]}<\/script>\n<!-- \/ Yoast SEO plugin. -->","yoast_head_json":{"title":"De las Sierras a la \u00d3pera Rock de Charly Garc\u00eda: La ascendente carrera de Luis Rodr\u00edguez Echeverr\u00eda - Noticias Radio Reflejos","robots":{"index":"index","follow":"follow","max-snippet":"max-snippet:-1","max-image-preview":"max-image-preview:large","max-video-preview":"max-video-preview:-1"},"canonical":"https:\/\/www.noticiasradioreflejos.com.ar\/2021\/de-las-sierras-a-la-opera-rock-de-charly-garcia-la-ascendente-carrera-de-luis-rodriguez-echeverria\/","og_locale":"es_ES","og_type":"article","og_title":"De las Sierras a la \u00d3pera Rock de Charly Garc\u00eda: La ascendente carrera de Luis Rodr\u00edguez Echeverr\u00eda - Noticias Radio Reflejos","og_description":"El artista venezolano, conocido como \u00abLare\u00ab, brilla en la escena nacional tras protagonizar \u00abEl Principito\u00bb y prepararse para el estreno de \u00abInvasiones Inglesas\u00bb. Radicado afectivamente en Sierra de la Ventana, el actor y cantautor repasa su camino entre castings, la hermandad argentina y el lanzamiento de un \u00abmantra\u00bb musical para su tierra natal.","og_url":"https:\/\/www.noticiasradioreflejos.com.ar\/2021\/de-las-sierras-a-la-opera-rock-de-charly-garcia-la-ascendente-carrera-de-luis-rodriguez-echeverria\/","og_site_name":"Noticias Radio Reflejos","article_published_time":"2026-01-20T19:32:10+00:00","article_modified_time":"2026-01-20T19:32:11+00:00","og_image":[{"width":720,"height":609,"url":"https:\/\/www.noticiasradioreflejos.com.ar\/2021\/wp-content\/uploads\/2026\/01\/Lare-Rodriguez-1.jpg","type":"image\/jpeg"}],"author":"Arnaldo Botto","twitter_card":"summary_large_image","schema":{"@context":"https:\/\/schema.org","@graph":[{"@type":"WebPage","@id":"https:\/\/www.noticiasradioreflejos.com.ar\/2021\/de-las-sierras-a-la-opera-rock-de-charly-garcia-la-ascendente-carrera-de-luis-rodriguez-echeverria\/","url":"https:\/\/www.noticiasradioreflejos.com.ar\/2021\/de-las-sierras-a-la-opera-rock-de-charly-garcia-la-ascendente-carrera-de-luis-rodriguez-echeverria\/","name":"De las Sierras a la \u00d3pera Rock de Charly Garc\u00eda: La ascendente carrera de Luis Rodr\u00edguez Echeverr\u00eda - Noticias Radio Reflejos","isPartOf":{"@id":"https:\/\/www.noticiasradioreflejos.com.ar\/2021\/#website"},"primaryImageOfPage":{"@id":"https:\/\/www.noticiasradioreflejos.com.ar\/2021\/de-las-sierras-a-la-opera-rock-de-charly-garcia-la-ascendente-carrera-de-luis-rodriguez-echeverria\/#primaryimage"},"image":{"@id":"https:\/\/www.noticiasradioreflejos.com.ar\/2021\/de-las-sierras-a-la-opera-rock-de-charly-garcia-la-ascendente-carrera-de-luis-rodriguez-echeverria\/#primaryimage"},"thumbnailUrl":"https:\/\/www.noticiasradioreflejos.com.ar\/2021\/wp-content\/uploads\/2026\/01\/Lare-Rodriguez-1.jpg","datePublished":"2026-01-20T19:32:10+00:00","dateModified":"2026-01-20T19:32:11+00:00","author":{"@id":"https:\/\/www.noticiasradioreflejos.com.ar\/2021\/#\/schema\/person\/ad82545263dcc5ec0996818884fd5fb1"},"breadcrumb":{"@id":"https:\/\/www.noticiasradioreflejos.com.ar\/2021\/de-las-sierras-a-la-opera-rock-de-charly-garcia-la-ascendente-carrera-de-luis-rodriguez-echeverria\/#breadcrumb"},"inLanguage":"es","potentialAction":[{"@type":"ReadAction","target":["https:\/\/www.noticiasradioreflejos.com.ar\/2021\/de-las-sierras-a-la-opera-rock-de-charly-garcia-la-ascendente-carrera-de-luis-rodriguez-echeverria\/"]}]},{"@type":"ImageObject","inLanguage":"es","@id":"https:\/\/www.noticiasradioreflejos.com.ar\/2021\/de-las-sierras-a-la-opera-rock-de-charly-garcia-la-ascendente-carrera-de-luis-rodriguez-echeverria\/#primaryimage","url":"https:\/\/www.noticiasradioreflejos.com.ar\/2021\/wp-content\/uploads\/2026\/01\/Lare-Rodriguez-1.jpg","contentUrl":"https:\/\/www.noticiasradioreflejos.com.ar\/2021\/wp-content\/uploads\/2026\/01\/Lare-Rodriguez-1.jpg","width":720,"height":609},{"@type":"BreadcrumbList","@id":"https:\/\/www.noticiasradioreflejos.com.ar\/2021\/de-las-sierras-a-la-opera-rock-de-charly-garcia-la-ascendente-carrera-de-luis-rodriguez-echeverria\/#breadcrumb","itemListElement":[{"@type":"ListItem","position":1,"name":"Portada","item":"https:\/\/www.noticiasradioreflejos.com.ar\/2021\/"},{"@type":"ListItem","position":2,"name":"De las Sierras a la \u00d3pera Rock de Charly Garc\u00eda: La ascendente carrera de Luis Rodr\u00edguez Echeverr\u00eda"}]},{"@type":"WebSite","@id":"https:\/\/www.noticiasradioreflejos.com.ar\/2021\/#website","url":"https:\/\/www.noticiasradioreflejos.com.ar\/2021\/","name":"Noticias Radio Reflejos","description":"Las noticias de mi comarca","potentialAction":[{"@type":"SearchAction","target":{"@type":"EntryPoint","urlTemplate":"https:\/\/www.noticiasradioreflejos.com.ar\/2021\/?s={search_term_string}"},"query-input":{"@type":"PropertyValueSpecification","valueRequired":true,"valueName":"search_term_string"}}],"inLanguage":"es"},{"@type":"Person","@id":"https:\/\/www.noticiasradioreflejos.com.ar\/2021\/#\/schema\/person\/ad82545263dcc5ec0996818884fd5fb1","name":"Arnaldo Botto","image":{"@type":"ImageObject","inLanguage":"es","@id":"https:\/\/www.noticiasradioreflejos.com.ar\/2021\/#\/schema\/person\/image\/","url":"https:\/\/secure.gravatar.com\/avatar\/55cb5e37c1efa326397366e6974cb338056df65cb50e7d64d1cf314e87504837?s=96&d=mm&r=g","contentUrl":"https:\/\/secure.gravatar.com\/avatar\/55cb5e37c1efa326397366e6974cb338056df65cb50e7d64d1cf314e87504837?s=96&d=mm&r=g","caption":"Arnaldo Botto"},"url":"https:\/\/www.noticiasradioreflejos.com.ar\/2021\/author\/arnaldo\/"}]}},"_links":{"self":[{"href":"https:\/\/www.noticiasradioreflejos.com.ar\/2021\/wp-json\/wp\/v2\/posts\/131597","targetHints":{"allow":["GET"]}}],"collection":[{"href":"https:\/\/www.noticiasradioreflejos.com.ar\/2021\/wp-json\/wp\/v2\/posts"}],"about":[{"href":"https:\/\/www.noticiasradioreflejos.com.ar\/2021\/wp-json\/wp\/v2\/types\/post"}],"author":[{"embeddable":true,"href":"https:\/\/www.noticiasradioreflejos.com.ar\/2021\/wp-json\/wp\/v2\/users\/3"}],"replies":[{"embeddable":true,"href":"https:\/\/www.noticiasradioreflejos.com.ar\/2021\/wp-json\/wp\/v2\/comments?post=131597"}],"version-history":[{"count":4,"href":"https:\/\/www.noticiasradioreflejos.com.ar\/2021\/wp-json\/wp\/v2\/posts\/131597\/revisions"}],"predecessor-version":[{"id":131612,"href":"https:\/\/www.noticiasradioreflejos.com.ar\/2021\/wp-json\/wp\/v2\/posts\/131597\/revisions\/131612"}],"wp:featuredmedia":[{"embeddable":true,"href":"https:\/\/www.noticiasradioreflejos.com.ar\/2021\/wp-json\/wp\/v2\/media\/131609"}],"wp:attachment":[{"href":"https:\/\/www.noticiasradioreflejos.com.ar\/2021\/wp-json\/wp\/v2\/media?parent=131597"}],"wp:term":[{"taxonomy":"category","embeddable":true,"href":"https:\/\/www.noticiasradioreflejos.com.ar\/2021\/wp-json\/wp\/v2\/categories?post=131597"},{"taxonomy":"post_tag","embeddable":true,"href":"https:\/\/www.noticiasradioreflejos.com.ar\/2021\/wp-json\/wp\/v2\/tags?post=131597"}],"curies":[{"name":"wp","href":"https:\/\/api.w.org\/{rel}","templated":true}]}}