{"id":131590,"date":"2026-01-20T16:20:40","date_gmt":"2026-01-20T19:20:40","guid":{"rendered":"https:\/\/www.noticiasradioreflejos.com.ar\/2021\/?p=131590"},"modified":"2026-01-20T16:20:40","modified_gmt":"2026-01-20T19:20:40","slug":"operativo-retorno-el-dt-campeon-regresa-a-sierra-de-la-ventana-para-elevar-la-vara-en-la-liga-de-dorrego","status":"publish","type":"post","link":"https:\/\/www.noticiasradioreflejos.com.ar\/2021\/operativo-retorno-el-dt-campeon-regresa-a-sierra-de-la-ventana-para-elevar-la-vara-en-la-liga-de-dorrego\/","title":{"rendered":"Operativo Retorno: El DT campe\u00f3n regresa a Sierra de la Ventana para elevar la vara en la Liga de Dorrego"},"content":{"rendered":"<p data-path-to-node=\"3\"><strong>\u00a0Jorge Brunet asume la direcci\u00f3n t\u00e9cnica de Atl\u00e9tico Ventana<\/strong> con un plan integral que combina el sentido de pertenencia local con refuerzos regionales. El DT busca revertir la falta de experiencia del a\u00f1o pasado y estructurar un club m\u00e1s competitivo desde la base.<!--more--><\/p>\n<p data-path-to-node=\"3\">El director t\u00e9cnico que llev\u00f3 al \u00abTricolor\u00bb a la gloria en 2018 regresa con el objetivo de consolidar al equipo en la competitiva Liga de Coronel Dorrego. Con un enfoque puesto en la disciplina, la competencia interna y el trabajo integral, el entrenador busca dejar atr\u00e1s los resultados del 2025 y asentar una estructura s\u00f3lida para el futuro.<\/p>\n<p data-path-to-node=\"4\">El Club Atl\u00e9tico Ventana apuesta por un viejo conocido para dar un salto de calidad en este 2026. <b data-path-to-node=\"4\" data-index-in-node=\"98\">Jorge Brunet<\/b>, el entrenador que condujo al club al campeonato en 2018, asume nuevamente la direcci\u00f3n t\u00e9cnica con una mirada renovada y ambiciosa. \u00abVolver al club es lindo; ver que est\u00e1 creciendo y que hay nuevos horizontes con esta liga, que es mucho m\u00e1s competitiva que la que est\u00e1bamos antes\u00bb, expres\u00f3 Brunet, destacando el desaf\u00edo que representa competir en el \u00e1mbito de Coronel Dorrego.<\/p>\n<p data-path-to-node=\"5\">El DT se mostr\u00f3 gratamente sorprendido por el respaldo de la actual dirigencia y el compromiso de los jugadores. Seg\u00fan detall\u00f3, se encontr\u00f3 con una comisi\u00f3n directiva con una predisposici\u00f3n in\u00e9dita y muchas ganas de ampliar la visi\u00f3n institucional. En cuanto al plantel, la respuesta fue inmediata: \u00abSe sumaron jugadores del club que no estaban jugando y me escribi\u00f3 mucha gente para venir sin ninguna pretensi\u00f3n m\u00e1s que sumarse\u00bb, se\u00f1al\u00f3, valorando el sentido de pertenencia que genera la \u00fanica instituci\u00f3n deportiva del pueblo.<\/p>\n<p data-path-to-node=\"7\">Aunque el f\u00fatbol regional mantiene su esencia amateur, la premisa de Brunet es clara: elevar el nivel de exigencia. El entrenador enfatiz\u00f3 la importancia de la disciplina y el cambio en la preparaci\u00f3n f\u00edsica como pilares para este a\u00f1o. \u00abEl objetivo principal es llevar a los chicos a entender que hay que ser disciplinado y estar cuando el club lo necesita\u00bb, afirm\u00f3. Para el t\u00e9cnico, la falta de experiencia fue el gran obst\u00e1culo del 2025, un costo que se pag\u00f3 ante clubes de mayor trayectoria, y que ahora pretenden revertir con una \u00abcabeza diferente\u00bb.<\/p>\n<p data-path-to-node=\"8\">Una de las claves de este nuevo ciclo ser\u00e1 la llegada de refuerzos provenientes de las ligas de Bah\u00eda Blanca y Coronel Su\u00e1rez, con el fin de generar algo que, seg\u00fan el DT, el equipo nunca tuvo: competencia interna. \u00abCreo que eso es lo que te hace crecer; saber que atr\u00e1s tuyo hay uno que quiere tu puesto. Eso va a elevar la vara y lo vamos a sentir positivamente adentro del equipo\u00bb, analiz\u00f3.<\/p>\n<p data-path-to-node=\"10\">La pretemporada dar\u00e1 inicio formal este <b data-path-to-node=\"10\" data-index-in-node=\"40\">23 de enero a las 19:30 hs<\/b> en el predio Galileo Galilei. Brunet estar\u00e1 acompa\u00f1ado por un equipo de trabajo ampliado que incluye a Marcelo (\u2026), Franco Cuenco y Emilio Ar\u00e9valo, con la intenci\u00f3n de sumar tambi\u00e9n profesionales en kinesiolog\u00eda. Asimismo, el proyecto contempla un trabajo integral con las categor\u00edas menores: \u00abLa idea es alinear el trabajo y proyectar a los chicos para poder subirlos y que sigan creciendo\u00bb.<\/p>\n<p data-path-to-node=\"11\">De cara a lo que viene, el flamante DT prefiere la cautela antes que las promesas de resultados inmediatos. \u00abEl objetivo de este a\u00f1o es asentar un club m\u00e1s estructurado; lo que venga tiene que ser consecuente de lo que se haya trabajado\u00bb, concluy\u00f3 Brunet, sentando las bases de lo que espera sea una etapa hist\u00f3rica para Atl\u00e9tico Ventana.<\/p>\n<audio class=\"wp-audio-shortcode\" id=\"audio-131590-1\" preload=\"none\" style=\"width: 100%;\" controls=\"controls\"><source type=\"audio\/mpeg\" src=\"https:\/\/www.noticiasradioreflejos.com.ar\/2021\/wp-content\/uploads\/2026\/01\/Jorge-Brunet-20-01.mp3?_=1\" \/><a href=\"https:\/\/www.noticiasradioreflejos.com.ar\/2021\/wp-content\/uploads\/2026\/01\/Jorge-Brunet-20-01.mp3\">https:\/\/www.noticiasradioreflejos.com.ar\/2021\/wp-content\/uploads\/2026\/01\/Jorge-Brunet-20-01.mp3<\/a><\/audio>\n","protected":false},"excerpt":{"rendered":"<p>\u00a0Jorge Brunet asume la direcci\u00f3n t\u00e9cnica de Atl\u00e9tico Ventana con un plan integral que combina el sentido de pertenencia local con refuerzos regionales. El DT busca revertir la falta de experiencia del a\u00f1o pasado y estructurar un club m\u00e1s competitivo desde la base.<\/p>\n","protected":false},"author":3,"featured_media":131605,"comment_status":"closed","ping_status":"closed","sticky":false,"template":"","format":"standard","meta":{"footnotes":""},"categories":[27],"tags":[48],"class_list":["post-131590","post","type-post","status-publish","format-standard","has-post-thumbnail","hentry","category-deportes","tag-destacada"],"yoast_head":"<!-- This site is optimized with the Yoast SEO plugin v25.9 - https:\/\/yoast.com\/wordpress\/plugins\/seo\/ -->\n<title>Operativo Retorno: El DT campe\u00f3n regresa a Sierra de la Ventana para elevar la vara en la Liga de Dorrego - Noticias Radio Reflejos<\/title>\n<meta name=\"robots\" content=\"index, follow, max-snippet:-1, max-image-preview:large, max-video-preview:-1\" \/>\n<link rel=\"canonical\" href=\"https:\/\/www.noticiasradioreflejos.com.ar\/2021\/operativo-retorno-el-dt-campeon-regresa-a-sierra-de-la-ventana-para-elevar-la-vara-en-la-liga-de-dorrego\/\" \/>\n<meta property=\"og:locale\" content=\"es_ES\" \/>\n<meta property=\"og:type\" content=\"article\" \/>\n<meta property=\"og:title\" content=\"Operativo Retorno: El DT campe\u00f3n regresa a Sierra de la Ventana para elevar la vara en la Liga de Dorrego - Noticias Radio Reflejos\" \/>\n<meta property=\"og:description\" content=\"\u00a0Jorge Brunet asume la direcci\u00f3n t\u00e9cnica de Atl\u00e9tico Ventana con un plan integral que combina el sentido de pertenencia local con refuerzos regionales. El DT busca revertir la falta de experiencia del a\u00f1o pasado y estructurar un club m\u00e1s competitivo desde la base.\" \/>\n<meta property=\"og:url\" content=\"https:\/\/www.noticiasradioreflejos.com.ar\/2021\/operativo-retorno-el-dt-campeon-regresa-a-sierra-de-la-ventana-para-elevar-la-vara-en-la-liga-de-dorrego\/\" \/>\n<meta property=\"og:site_name\" content=\"Noticias Radio Reflejos\" \/>\n<meta property=\"article:published_time\" content=\"2026-01-20T19:20:40+00:00\" \/>\n<meta property=\"og:image\" content=\"https:\/\/www.noticiasradioreflejos.com.ar\/2021\/wp-content\/uploads\/2026\/01\/jorge-Brunet.jpg\" \/>\n\t<meta property=\"og:image:width\" content=\"466\" \/>\n\t<meta property=\"og:image:height\" content=\"451\" \/>\n\t<meta property=\"og:image:type\" content=\"image\/jpeg\" \/>\n<meta name=\"author\" content=\"Arnaldo Botto\" \/>\n<meta name=\"twitter:card\" content=\"summary_large_image\" \/>\n<script type=\"application\/ld+json\" class=\"yoast-schema-graph\">{\"@context\":\"https:\/\/schema.org\",\"@graph\":[{\"@type\":\"WebPage\",\"@id\":\"https:\/\/www.noticiasradioreflejos.com.ar\/2021\/operativo-retorno-el-dt-campeon-regresa-a-sierra-de-la-ventana-para-elevar-la-vara-en-la-liga-de-dorrego\/\",\"url\":\"https:\/\/www.noticiasradioreflejos.com.ar\/2021\/operativo-retorno-el-dt-campeon-regresa-a-sierra-de-la-ventana-para-elevar-la-vara-en-la-liga-de-dorrego\/\",\"name\":\"Operativo Retorno: El DT campe\u00f3n regresa a Sierra de la Ventana para elevar la vara en la Liga de Dorrego - Noticias Radio Reflejos\",\"isPartOf\":{\"@id\":\"https:\/\/www.noticiasradioreflejos.com.ar\/2021\/#website\"},\"primaryImageOfPage\":{\"@id\":\"https:\/\/www.noticiasradioreflejos.com.ar\/2021\/operativo-retorno-el-dt-campeon-regresa-a-sierra-de-la-ventana-para-elevar-la-vara-en-la-liga-de-dorrego\/#primaryimage\"},\"image\":{\"@id\":\"https:\/\/www.noticiasradioreflejos.com.ar\/2021\/operativo-retorno-el-dt-campeon-regresa-a-sierra-de-la-ventana-para-elevar-la-vara-en-la-liga-de-dorrego\/#primaryimage\"},\"thumbnailUrl\":\"https:\/\/www.noticiasradioreflejos.com.ar\/2021\/wp-content\/uploads\/2026\/01\/jorge-Brunet.jpg\",\"datePublished\":\"2026-01-20T19:20:40+00:00\",\"author\":{\"@id\":\"https:\/\/www.noticiasradioreflejos.com.ar\/2021\/#\/schema\/person\/ad82545263dcc5ec0996818884fd5fb1\"},\"breadcrumb\":{\"@id\":\"https:\/\/www.noticiasradioreflejos.com.ar\/2021\/operativo-retorno-el-dt-campeon-regresa-a-sierra-de-la-ventana-para-elevar-la-vara-en-la-liga-de-dorrego\/#breadcrumb\"},\"inLanguage\":\"es\",\"potentialAction\":[{\"@type\":\"ReadAction\",\"target\":[\"https:\/\/www.noticiasradioreflejos.com.ar\/2021\/operativo-retorno-el-dt-campeon-regresa-a-sierra-de-la-ventana-para-elevar-la-vara-en-la-liga-de-dorrego\/\"]}]},{\"@type\":\"ImageObject\",\"inLanguage\":\"es\",\"@id\":\"https:\/\/www.noticiasradioreflejos.com.ar\/2021\/operativo-retorno-el-dt-campeon-regresa-a-sierra-de-la-ventana-para-elevar-la-vara-en-la-liga-de-dorrego\/#primaryimage\",\"url\":\"https:\/\/www.noticiasradioreflejos.com.ar\/2021\/wp-content\/uploads\/2026\/01\/jorge-Brunet.jpg\",\"contentUrl\":\"https:\/\/www.noticiasradioreflejos.com.ar\/2021\/wp-content\/uploads\/2026\/01\/jorge-Brunet.jpg\",\"width\":466,\"height\":451},{\"@type\":\"BreadcrumbList\",\"@id\":\"https:\/\/www.noticiasradioreflejos.com.ar\/2021\/operativo-retorno-el-dt-campeon-regresa-a-sierra-de-la-ventana-para-elevar-la-vara-en-la-liga-de-dorrego\/#breadcrumb\",\"itemListElement\":[{\"@type\":\"ListItem\",\"position\":1,\"name\":\"Portada\",\"item\":\"https:\/\/www.noticiasradioreflejos.com.ar\/2021\/\"},{\"@type\":\"ListItem\",\"position\":2,\"name\":\"Operativo Retorno: El DT campe\u00f3n regresa a Sierra de la Ventana para elevar la vara en la Liga de Dorrego\"}]},{\"@type\":\"WebSite\",\"@id\":\"https:\/\/www.noticiasradioreflejos.com.ar\/2021\/#website\",\"url\":\"https:\/\/www.noticiasradioreflejos.com.ar\/2021\/\",\"name\":\"Noticias Radio Reflejos\",\"description\":\"Las noticias de mi comarca\",\"potentialAction\":[{\"@type\":\"SearchAction\",\"target\":{\"@type\":\"EntryPoint\",\"urlTemplate\":\"https:\/\/www.noticiasradioreflejos.com.ar\/2021\/?s={search_term_string}\"},\"query-input\":{\"@type\":\"PropertyValueSpecification\",\"valueRequired\":true,\"valueName\":\"search_term_string\"}}],\"inLanguage\":\"es\"},{\"@type\":\"Person\",\"@id\":\"https:\/\/www.noticiasradioreflejos.com.ar\/2021\/#\/schema\/person\/ad82545263dcc5ec0996818884fd5fb1\",\"name\":\"Arnaldo Botto\",\"image\":{\"@type\":\"ImageObject\",\"inLanguage\":\"es\",\"@id\":\"https:\/\/www.noticiasradioreflejos.com.ar\/2021\/#\/schema\/person\/image\/\",\"url\":\"https:\/\/secure.gravatar.com\/avatar\/55cb5e37c1efa326397366e6974cb338056df65cb50e7d64d1cf314e87504837?s=96&d=mm&r=g\",\"contentUrl\":\"https:\/\/secure.gravatar.com\/avatar\/55cb5e37c1efa326397366e6974cb338056df65cb50e7d64d1cf314e87504837?s=96&d=mm&r=g\",\"caption\":\"Arnaldo Botto\"},\"url\":\"https:\/\/www.noticiasradioreflejos.com.ar\/2021\/author\/arnaldo\/\"}]}<\/script>\n<!-- \/ Yoast SEO plugin. -->","yoast_head_json":{"title":"Operativo Retorno: El DT campe\u00f3n regresa a Sierra de la Ventana para elevar la vara en la Liga de Dorrego - Noticias Radio Reflejos","robots":{"index":"index","follow":"follow","max-snippet":"max-snippet:-1","max-image-preview":"max-image-preview:large","max-video-preview":"max-video-preview:-1"},"canonical":"https:\/\/www.noticiasradioreflejos.com.ar\/2021\/operativo-retorno-el-dt-campeon-regresa-a-sierra-de-la-ventana-para-elevar-la-vara-en-la-liga-de-dorrego\/","og_locale":"es_ES","og_type":"article","og_title":"Operativo Retorno: El DT campe\u00f3n regresa a Sierra de la Ventana para elevar la vara en la Liga de Dorrego - Noticias Radio Reflejos","og_description":"\u00a0Jorge Brunet asume la direcci\u00f3n t\u00e9cnica de Atl\u00e9tico Ventana con un plan integral que combina el sentido de pertenencia local con refuerzos regionales. El DT busca revertir la falta de experiencia del a\u00f1o pasado y estructurar un club m\u00e1s competitivo desde la base.","og_url":"https:\/\/www.noticiasradioreflejos.com.ar\/2021\/operativo-retorno-el-dt-campeon-regresa-a-sierra-de-la-ventana-para-elevar-la-vara-en-la-liga-de-dorrego\/","og_site_name":"Noticias Radio Reflejos","article_published_time":"2026-01-20T19:20:40+00:00","og_image":[{"width":466,"height":451,"url":"https:\/\/www.noticiasradioreflejos.com.ar\/2021\/wp-content\/uploads\/2026\/01\/jorge-Brunet.jpg","type":"image\/jpeg"}],"author":"Arnaldo Botto","twitter_card":"summary_large_image","schema":{"@context":"https:\/\/schema.org","@graph":[{"@type":"WebPage","@id":"https:\/\/www.noticiasradioreflejos.com.ar\/2021\/operativo-retorno-el-dt-campeon-regresa-a-sierra-de-la-ventana-para-elevar-la-vara-en-la-liga-de-dorrego\/","url":"https:\/\/www.noticiasradioreflejos.com.ar\/2021\/operativo-retorno-el-dt-campeon-regresa-a-sierra-de-la-ventana-para-elevar-la-vara-en-la-liga-de-dorrego\/","name":"Operativo Retorno: El DT campe\u00f3n regresa a Sierra de la Ventana para elevar la vara en la Liga de Dorrego - Noticias Radio Reflejos","isPartOf":{"@id":"https:\/\/www.noticiasradioreflejos.com.ar\/2021\/#website"},"primaryImageOfPage":{"@id":"https:\/\/www.noticiasradioreflejos.com.ar\/2021\/operativo-retorno-el-dt-campeon-regresa-a-sierra-de-la-ventana-para-elevar-la-vara-en-la-liga-de-dorrego\/#primaryimage"},"image":{"@id":"https:\/\/www.noticiasradioreflejos.com.ar\/2021\/operativo-retorno-el-dt-campeon-regresa-a-sierra-de-la-ventana-para-elevar-la-vara-en-la-liga-de-dorrego\/#primaryimage"},"thumbnailUrl":"https:\/\/www.noticiasradioreflejos.com.ar\/2021\/wp-content\/uploads\/2026\/01\/jorge-Brunet.jpg","datePublished":"2026-01-20T19:20:40+00:00","author":{"@id":"https:\/\/www.noticiasradioreflejos.com.ar\/2021\/#\/schema\/person\/ad82545263dcc5ec0996818884fd5fb1"},"breadcrumb":{"@id":"https:\/\/www.noticiasradioreflejos.com.ar\/2021\/operativo-retorno-el-dt-campeon-regresa-a-sierra-de-la-ventana-para-elevar-la-vara-en-la-liga-de-dorrego\/#breadcrumb"},"inLanguage":"es","potentialAction":[{"@type":"ReadAction","target":["https:\/\/www.noticiasradioreflejos.com.ar\/2021\/operativo-retorno-el-dt-campeon-regresa-a-sierra-de-la-ventana-para-elevar-la-vara-en-la-liga-de-dorrego\/"]}]},{"@type":"ImageObject","inLanguage":"es","@id":"https:\/\/www.noticiasradioreflejos.com.ar\/2021\/operativo-retorno-el-dt-campeon-regresa-a-sierra-de-la-ventana-para-elevar-la-vara-en-la-liga-de-dorrego\/#primaryimage","url":"https:\/\/www.noticiasradioreflejos.com.ar\/2021\/wp-content\/uploads\/2026\/01\/jorge-Brunet.jpg","contentUrl":"https:\/\/www.noticiasradioreflejos.com.ar\/2021\/wp-content\/uploads\/2026\/01\/jorge-Brunet.jpg","width":466,"height":451},{"@type":"BreadcrumbList","@id":"https:\/\/www.noticiasradioreflejos.com.ar\/2021\/operativo-retorno-el-dt-campeon-regresa-a-sierra-de-la-ventana-para-elevar-la-vara-en-la-liga-de-dorrego\/#breadcrumb","itemListElement":[{"@type":"ListItem","position":1,"name":"Portada","item":"https:\/\/www.noticiasradioreflejos.com.ar\/2021\/"},{"@type":"ListItem","position":2,"name":"Operativo Retorno: El DT campe\u00f3n regresa a Sierra de la Ventana para elevar la vara en la Liga de Dorrego"}]},{"@type":"WebSite","@id":"https:\/\/www.noticiasradioreflejos.com.ar\/2021\/#website","url":"https:\/\/www.noticiasradioreflejos.com.ar\/2021\/","name":"Noticias Radio Reflejos","description":"Las noticias de mi comarca","potentialAction":[{"@type":"SearchAction","target":{"@type":"EntryPoint","urlTemplate":"https:\/\/www.noticiasradioreflejos.com.ar\/2021\/?s={search_term_string}"},"query-input":{"@type":"PropertyValueSpecification","valueRequired":true,"valueName":"search_term_string"}}],"inLanguage":"es"},{"@type":"Person","@id":"https:\/\/www.noticiasradioreflejos.com.ar\/2021\/#\/schema\/person\/ad82545263dcc5ec0996818884fd5fb1","name":"Arnaldo Botto","image":{"@type":"ImageObject","inLanguage":"es","@id":"https:\/\/www.noticiasradioreflejos.com.ar\/2021\/#\/schema\/person\/image\/","url":"https:\/\/secure.gravatar.com\/avatar\/55cb5e37c1efa326397366e6974cb338056df65cb50e7d64d1cf314e87504837?s=96&d=mm&r=g","contentUrl":"https:\/\/secure.gravatar.com\/avatar\/55cb5e37c1efa326397366e6974cb338056df65cb50e7d64d1cf314e87504837?s=96&d=mm&r=g","caption":"Arnaldo Botto"},"url":"https:\/\/www.noticiasradioreflejos.com.ar\/2021\/author\/arnaldo\/"}]}},"_links":{"self":[{"href":"https:\/\/www.noticiasradioreflejos.com.ar\/2021\/wp-json\/wp\/v2\/posts\/131590","targetHints":{"allow":["GET"]}}],"collection":[{"href":"https:\/\/www.noticiasradioreflejos.com.ar\/2021\/wp-json\/wp\/v2\/posts"}],"about":[{"href":"https:\/\/www.noticiasradioreflejos.com.ar\/2021\/wp-json\/wp\/v2\/types\/post"}],"author":[{"embeddable":true,"href":"https:\/\/www.noticiasradioreflejos.com.ar\/2021\/wp-json\/wp\/v2\/users\/3"}],"replies":[{"embeddable":true,"href":"https:\/\/www.noticiasradioreflejos.com.ar\/2021\/wp-json\/wp\/v2\/comments?post=131590"}],"version-history":[{"count":3,"href":"https:\/\/www.noticiasradioreflejos.com.ar\/2021\/wp-json\/wp\/v2\/posts\/131590\/revisions"}],"predecessor-version":[{"id":131606,"href":"https:\/\/www.noticiasradioreflejos.com.ar\/2021\/wp-json\/wp\/v2\/posts\/131590\/revisions\/131606"}],"wp:featuredmedia":[{"embeddable":true,"href":"https:\/\/www.noticiasradioreflejos.com.ar\/2021\/wp-json\/wp\/v2\/media\/131605"}],"wp:attachment":[{"href":"https:\/\/www.noticiasradioreflejos.com.ar\/2021\/wp-json\/wp\/v2\/media?parent=131590"}],"wp:term":[{"taxonomy":"category","embeddable":true,"href":"https:\/\/www.noticiasradioreflejos.com.ar\/2021\/wp-json\/wp\/v2\/categories?post=131590"},{"taxonomy":"post_tag","embeddable":true,"href":"https:\/\/www.noticiasradioreflejos.com.ar\/2021\/wp-json\/wp\/v2\/tags?post=131590"}],"curies":[{"name":"wp","href":"https:\/\/api.w.org\/{rel}","templated":true}]}}