{"id":131582,"date":"2026-01-20T09:39:46","date_gmt":"2026-01-20T12:39:46","guid":{"rendered":"https:\/\/www.noticiasradioreflejos.com.ar\/2021\/?p=131582"},"modified":"2026-01-20T10:04:26","modified_gmt":"2026-01-20T13:04:26","slug":"vialidad-nacional-realizara-una-prueba-de-cargas-en-la-ruta-3-habra-transito-asistido-este-jueves","status":"publish","type":"post","link":"https:\/\/www.noticiasradioreflejos.com.ar\/2021\/vialidad-nacional-realizara-una-prueba-de-cargas-en-la-ruta-3-habra-transito-asistido-este-jueves\/","title":{"rendered":"Vialidad Nacional realizar\u00e1 una prueba de cargas en la Ruta 3: habr\u00e1 tr\u00e1nsito asistido este jueves"},"content":{"rendered":"<p>Las tareas se llevar\u00e1n a cabo en el puente Bailey ubicado sobre el Arroyo Maldonado, a la altura del kil\u00f3metro 692. El objetivo es evaluar el estado de las bases de la estructura existente. El operativo contar\u00e1 con la colaboraci\u00f3n del Municipio de Bah\u00eda Blanca para el ordenamiento del sector.<!--more--><\/p>\n<p>&nbsp;<\/p>\n<p data-path-to-node=\"6\">Vialidad Nacional, a trav\u00e9s del 19\u00ba Distrito Bah\u00eda Blanca, inform\u00f3 que el pr\u00f3ximo <b data-path-to-node=\"6\" data-index-in-node=\"82\">jueves 22 de enero<\/b> se ejecutar\u00e1 una prueba de cargas t\u00e9cnica en el puente Bailey de la <b data-path-to-node=\"6\" data-index-in-node=\"169\">Ruta Nacional 3<\/b>. Los trabajos dar\u00e1n inicio a partir de las <b data-path-to-node=\"6\" data-index-in-node=\"228\">7:00 hs<\/b> y se extender\u00e1n durante toda la jornada.<\/p>\n<p data-path-to-node=\"8\">Debido a la magnitud de las tareas, el tr\u00e1nsito se ver\u00e1 afectado de la siguiente manera:<\/p>\n<ul data-path-to-node=\"9\">\n<li>\n<p data-path-to-node=\"9,0,0\">Se habilitar\u00e1 la circulaci\u00f3n \u00fanicamente sobre el puente Bailey en <b data-path-to-node=\"9,0,0\" data-index-in-node=\"66\">sentido ascendente<\/b>.<\/p>\n<\/li>\n<li>\n<p data-path-to-node=\"9,1,0\">El paso ser\u00e1 <b data-path-to-node=\"9,1,0\" data-index-in-node=\"13\">asistido mediante operativos de seguridad<\/b> en ambos extremos de la estructura para garantizar la fluidez y evitar accidentes.<\/p>\n<\/li>\n<li>\n<p data-path-to-node=\"9,2,0\">Las tareas son fundamentales para conocer fehacientemente el estado de las bases de las columnas del puente.<\/p>\n<\/li>\n<\/ul>\n","protected":false},"excerpt":{"rendered":"<p>Las tareas se llevar\u00e1n a cabo en el puente Bailey ubicado sobre el Arroyo Maldonado, a la altura del kil\u00f3metro 692. El objetivo es evaluar el estado de las bases de la estructura existente. El operativo contar\u00e1 con la colaboraci\u00f3n del Municipio de Bah\u00eda Blanca para el ordenamiento del sector.<\/p>\n","protected":false},"author":3,"featured_media":131583,"comment_status":"closed","ping_status":"closed","sticky":false,"template":"","format":"standard","meta":{"footnotes":""},"categories":[26],"tags":[48],"class_list":["post-131582","post","type-post","status-publish","format-standard","has-post-thumbnail","hentry","category-sociedad","tag-destacada"],"yoast_head":"<!-- This site is optimized with the Yoast SEO plugin v25.9 - https:\/\/yoast.com\/wordpress\/plugins\/seo\/ -->\n<title>Vialidad Nacional realizar\u00e1 una prueba de cargas en la Ruta 3: habr\u00e1 tr\u00e1nsito asistido este jueves - Noticias Radio Reflejos<\/title>\n<meta name=\"robots\" content=\"index, follow, max-snippet:-1, max-image-preview:large, max-video-preview:-1\" \/>\n<link rel=\"canonical\" href=\"https:\/\/www.noticiasradioreflejos.com.ar\/2021\/vialidad-nacional-realizara-una-prueba-de-cargas-en-la-ruta-3-habra-transito-asistido-este-jueves\/\" \/>\n<meta property=\"og:locale\" content=\"es_ES\" \/>\n<meta property=\"og:type\" content=\"article\" \/>\n<meta property=\"og:title\" content=\"Vialidad Nacional realizar\u00e1 una prueba de cargas en la Ruta 3: habr\u00e1 tr\u00e1nsito asistido este jueves - Noticias Radio Reflejos\" \/>\n<meta property=\"og:description\" content=\"Las tareas se llevar\u00e1n a cabo en el puente Bailey ubicado sobre el Arroyo Maldonado, a la altura del kil\u00f3metro 692. El objetivo es evaluar el estado de las bases de la estructura existente. El operativo contar\u00e1 con la colaboraci\u00f3n del Municipio de Bah\u00eda Blanca para el ordenamiento del sector.\" \/>\n<meta property=\"og:url\" content=\"https:\/\/www.noticiasradioreflejos.com.ar\/2021\/vialidad-nacional-realizara-una-prueba-de-cargas-en-la-ruta-3-habra-transito-asistido-este-jueves\/\" \/>\n<meta property=\"og:site_name\" content=\"Noticias Radio Reflejos\" \/>\n<meta property=\"article:published_time\" content=\"2026-01-20T12:39:46+00:00\" \/>\n<meta property=\"article:modified_time\" content=\"2026-01-20T13:04:26+00:00\" \/>\n<meta property=\"og:image\" content=\"https:\/\/www.noticiasradioreflejos.com.ar\/2021\/wp-content\/uploads\/2026\/01\/puentes.jpg\" \/>\n\t<meta property=\"og:image:width\" content=\"300\" \/>\n\t<meta property=\"og:image:height\" content=\"168\" \/>\n\t<meta property=\"og:image:type\" content=\"image\/jpeg\" \/>\n<meta name=\"author\" content=\"Arnaldo Botto\" \/>\n<meta name=\"twitter:card\" content=\"summary_large_image\" \/>\n<script type=\"application\/ld+json\" class=\"yoast-schema-graph\">{\"@context\":\"https:\/\/schema.org\",\"@graph\":[{\"@type\":\"WebPage\",\"@id\":\"https:\/\/www.noticiasradioreflejos.com.ar\/2021\/vialidad-nacional-realizara-una-prueba-de-cargas-en-la-ruta-3-habra-transito-asistido-este-jueves\/\",\"url\":\"https:\/\/www.noticiasradioreflejos.com.ar\/2021\/vialidad-nacional-realizara-una-prueba-de-cargas-en-la-ruta-3-habra-transito-asistido-este-jueves\/\",\"name\":\"Vialidad Nacional realizar\u00e1 una prueba de cargas en la Ruta 3: habr\u00e1 tr\u00e1nsito asistido este jueves - Noticias Radio Reflejos\",\"isPartOf\":{\"@id\":\"https:\/\/www.noticiasradioreflejos.com.ar\/2021\/#website\"},\"primaryImageOfPage\":{\"@id\":\"https:\/\/www.noticiasradioreflejos.com.ar\/2021\/vialidad-nacional-realizara-una-prueba-de-cargas-en-la-ruta-3-habra-transito-asistido-este-jueves\/#primaryimage\"},\"image\":{\"@id\":\"https:\/\/www.noticiasradioreflejos.com.ar\/2021\/vialidad-nacional-realizara-una-prueba-de-cargas-en-la-ruta-3-habra-transito-asistido-este-jueves\/#primaryimage\"},\"thumbnailUrl\":\"https:\/\/www.noticiasradioreflejos.com.ar\/2021\/wp-content\/uploads\/2026\/01\/puentes.jpg\",\"datePublished\":\"2026-01-20T12:39:46+00:00\",\"dateModified\":\"2026-01-20T13:04:26+00:00\",\"author\":{\"@id\":\"https:\/\/www.noticiasradioreflejos.com.ar\/2021\/#\/schema\/person\/ad82545263dcc5ec0996818884fd5fb1\"},\"breadcrumb\":{\"@id\":\"https:\/\/www.noticiasradioreflejos.com.ar\/2021\/vialidad-nacional-realizara-una-prueba-de-cargas-en-la-ruta-3-habra-transito-asistido-este-jueves\/#breadcrumb\"},\"inLanguage\":\"es\",\"potentialAction\":[{\"@type\":\"ReadAction\",\"target\":[\"https:\/\/www.noticiasradioreflejos.com.ar\/2021\/vialidad-nacional-realizara-una-prueba-de-cargas-en-la-ruta-3-habra-transito-asistido-este-jueves\/\"]}]},{\"@type\":\"ImageObject\",\"inLanguage\":\"es\",\"@id\":\"https:\/\/www.noticiasradioreflejos.com.ar\/2021\/vialidad-nacional-realizara-una-prueba-de-cargas-en-la-ruta-3-habra-transito-asistido-este-jueves\/#primaryimage\",\"url\":\"https:\/\/www.noticiasradioreflejos.com.ar\/2021\/wp-content\/uploads\/2026\/01\/puentes.jpg\",\"contentUrl\":\"https:\/\/www.noticiasradioreflejos.com.ar\/2021\/wp-content\/uploads\/2026\/01\/puentes.jpg\",\"width\":300,\"height\":168},{\"@type\":\"BreadcrumbList\",\"@id\":\"https:\/\/www.noticiasradioreflejos.com.ar\/2021\/vialidad-nacional-realizara-una-prueba-de-cargas-en-la-ruta-3-habra-transito-asistido-este-jueves\/#breadcrumb\",\"itemListElement\":[{\"@type\":\"ListItem\",\"position\":1,\"name\":\"Portada\",\"item\":\"https:\/\/www.noticiasradioreflejos.com.ar\/2021\/\"},{\"@type\":\"ListItem\",\"position\":2,\"name\":\"Vialidad Nacional realizar\u00e1 una prueba de cargas en la Ruta 3: habr\u00e1 tr\u00e1nsito asistido este jueves\"}]},{\"@type\":\"WebSite\",\"@id\":\"https:\/\/www.noticiasradioreflejos.com.ar\/2021\/#website\",\"url\":\"https:\/\/www.noticiasradioreflejos.com.ar\/2021\/\",\"name\":\"Noticias Radio Reflejos\",\"description\":\"Las noticias de mi comarca\",\"potentialAction\":[{\"@type\":\"SearchAction\",\"target\":{\"@type\":\"EntryPoint\",\"urlTemplate\":\"https:\/\/www.noticiasradioreflejos.com.ar\/2021\/?s={search_term_string}\"},\"query-input\":{\"@type\":\"PropertyValueSpecification\",\"valueRequired\":true,\"valueName\":\"search_term_string\"}}],\"inLanguage\":\"es\"},{\"@type\":\"Person\",\"@id\":\"https:\/\/www.noticiasradioreflejos.com.ar\/2021\/#\/schema\/person\/ad82545263dcc5ec0996818884fd5fb1\",\"name\":\"Arnaldo Botto\",\"image\":{\"@type\":\"ImageObject\",\"inLanguage\":\"es\",\"@id\":\"https:\/\/www.noticiasradioreflejos.com.ar\/2021\/#\/schema\/person\/image\/\",\"url\":\"https:\/\/secure.gravatar.com\/avatar\/55cb5e37c1efa326397366e6974cb338056df65cb50e7d64d1cf314e87504837?s=96&d=mm&r=g\",\"contentUrl\":\"https:\/\/secure.gravatar.com\/avatar\/55cb5e37c1efa326397366e6974cb338056df65cb50e7d64d1cf314e87504837?s=96&d=mm&r=g\",\"caption\":\"Arnaldo Botto\"},\"url\":\"https:\/\/www.noticiasradioreflejos.com.ar\/2021\/author\/arnaldo\/\"}]}<\/script>\n<!-- \/ Yoast SEO plugin. -->","yoast_head_json":{"title":"Vialidad Nacional realizar\u00e1 una prueba de cargas en la Ruta 3: habr\u00e1 tr\u00e1nsito asistido este jueves - Noticias Radio Reflejos","robots":{"index":"index","follow":"follow","max-snippet":"max-snippet:-1","max-image-preview":"max-image-preview:large","max-video-preview":"max-video-preview:-1"},"canonical":"https:\/\/www.noticiasradioreflejos.com.ar\/2021\/vialidad-nacional-realizara-una-prueba-de-cargas-en-la-ruta-3-habra-transito-asistido-este-jueves\/","og_locale":"es_ES","og_type":"article","og_title":"Vialidad Nacional realizar\u00e1 una prueba de cargas en la Ruta 3: habr\u00e1 tr\u00e1nsito asistido este jueves - Noticias Radio Reflejos","og_description":"Las tareas se llevar\u00e1n a cabo en el puente Bailey ubicado sobre el Arroyo Maldonado, a la altura del kil\u00f3metro 692. El objetivo es evaluar el estado de las bases de la estructura existente. El operativo contar\u00e1 con la colaboraci\u00f3n del Municipio de Bah\u00eda Blanca para el ordenamiento del sector.","og_url":"https:\/\/www.noticiasradioreflejos.com.ar\/2021\/vialidad-nacional-realizara-una-prueba-de-cargas-en-la-ruta-3-habra-transito-asistido-este-jueves\/","og_site_name":"Noticias Radio Reflejos","article_published_time":"2026-01-20T12:39:46+00:00","article_modified_time":"2026-01-20T13:04:26+00:00","og_image":[{"width":300,"height":168,"url":"https:\/\/www.noticiasradioreflejos.com.ar\/2021\/wp-content\/uploads\/2026\/01\/puentes.jpg","type":"image\/jpeg"}],"author":"Arnaldo Botto","twitter_card":"summary_large_image","schema":{"@context":"https:\/\/schema.org","@graph":[{"@type":"WebPage","@id":"https:\/\/www.noticiasradioreflejos.com.ar\/2021\/vialidad-nacional-realizara-una-prueba-de-cargas-en-la-ruta-3-habra-transito-asistido-este-jueves\/","url":"https:\/\/www.noticiasradioreflejos.com.ar\/2021\/vialidad-nacional-realizara-una-prueba-de-cargas-en-la-ruta-3-habra-transito-asistido-este-jueves\/","name":"Vialidad Nacional realizar\u00e1 una prueba de cargas en la Ruta 3: habr\u00e1 tr\u00e1nsito asistido este jueves - Noticias Radio Reflejos","isPartOf":{"@id":"https:\/\/www.noticiasradioreflejos.com.ar\/2021\/#website"},"primaryImageOfPage":{"@id":"https:\/\/www.noticiasradioreflejos.com.ar\/2021\/vialidad-nacional-realizara-una-prueba-de-cargas-en-la-ruta-3-habra-transito-asistido-este-jueves\/#primaryimage"},"image":{"@id":"https:\/\/www.noticiasradioreflejos.com.ar\/2021\/vialidad-nacional-realizara-una-prueba-de-cargas-en-la-ruta-3-habra-transito-asistido-este-jueves\/#primaryimage"},"thumbnailUrl":"https:\/\/www.noticiasradioreflejos.com.ar\/2021\/wp-content\/uploads\/2026\/01\/puentes.jpg","datePublished":"2026-01-20T12:39:46+00:00","dateModified":"2026-01-20T13:04:26+00:00","author":{"@id":"https:\/\/www.noticiasradioreflejos.com.ar\/2021\/#\/schema\/person\/ad82545263dcc5ec0996818884fd5fb1"},"breadcrumb":{"@id":"https:\/\/www.noticiasradioreflejos.com.ar\/2021\/vialidad-nacional-realizara-una-prueba-de-cargas-en-la-ruta-3-habra-transito-asistido-este-jueves\/#breadcrumb"},"inLanguage":"es","potentialAction":[{"@type":"ReadAction","target":["https:\/\/www.noticiasradioreflejos.com.ar\/2021\/vialidad-nacional-realizara-una-prueba-de-cargas-en-la-ruta-3-habra-transito-asistido-este-jueves\/"]}]},{"@type":"ImageObject","inLanguage":"es","@id":"https:\/\/www.noticiasradioreflejos.com.ar\/2021\/vialidad-nacional-realizara-una-prueba-de-cargas-en-la-ruta-3-habra-transito-asistido-este-jueves\/#primaryimage","url":"https:\/\/www.noticiasradioreflejos.com.ar\/2021\/wp-content\/uploads\/2026\/01\/puentes.jpg","contentUrl":"https:\/\/www.noticiasradioreflejos.com.ar\/2021\/wp-content\/uploads\/2026\/01\/puentes.jpg","width":300,"height":168},{"@type":"BreadcrumbList","@id":"https:\/\/www.noticiasradioreflejos.com.ar\/2021\/vialidad-nacional-realizara-una-prueba-de-cargas-en-la-ruta-3-habra-transito-asistido-este-jueves\/#breadcrumb","itemListElement":[{"@type":"ListItem","position":1,"name":"Portada","item":"https:\/\/www.noticiasradioreflejos.com.ar\/2021\/"},{"@type":"ListItem","position":2,"name":"Vialidad Nacional realizar\u00e1 una prueba de cargas en la Ruta 3: habr\u00e1 tr\u00e1nsito asistido este jueves"}]},{"@type":"WebSite","@id":"https:\/\/www.noticiasradioreflejos.com.ar\/2021\/#website","url":"https:\/\/www.noticiasradioreflejos.com.ar\/2021\/","name":"Noticias Radio Reflejos","description":"Las noticias de mi comarca","potentialAction":[{"@type":"SearchAction","target":{"@type":"EntryPoint","urlTemplate":"https:\/\/www.noticiasradioreflejos.com.ar\/2021\/?s={search_term_string}"},"query-input":{"@type":"PropertyValueSpecification","valueRequired":true,"valueName":"search_term_string"}}],"inLanguage":"es"},{"@type":"Person","@id":"https:\/\/www.noticiasradioreflejos.com.ar\/2021\/#\/schema\/person\/ad82545263dcc5ec0996818884fd5fb1","name":"Arnaldo Botto","image":{"@type":"ImageObject","inLanguage":"es","@id":"https:\/\/www.noticiasradioreflejos.com.ar\/2021\/#\/schema\/person\/image\/","url":"https:\/\/secure.gravatar.com\/avatar\/55cb5e37c1efa326397366e6974cb338056df65cb50e7d64d1cf314e87504837?s=96&d=mm&r=g","contentUrl":"https:\/\/secure.gravatar.com\/avatar\/55cb5e37c1efa326397366e6974cb338056df65cb50e7d64d1cf314e87504837?s=96&d=mm&r=g","caption":"Arnaldo Botto"},"url":"https:\/\/www.noticiasradioreflejos.com.ar\/2021\/author\/arnaldo\/"}]}},"_links":{"self":[{"href":"https:\/\/www.noticiasradioreflejos.com.ar\/2021\/wp-json\/wp\/v2\/posts\/131582","targetHints":{"allow":["GET"]}}],"collection":[{"href":"https:\/\/www.noticiasradioreflejos.com.ar\/2021\/wp-json\/wp\/v2\/posts"}],"about":[{"href":"https:\/\/www.noticiasradioreflejos.com.ar\/2021\/wp-json\/wp\/v2\/types\/post"}],"author":[{"embeddable":true,"href":"https:\/\/www.noticiasradioreflejos.com.ar\/2021\/wp-json\/wp\/v2\/users\/3"}],"replies":[{"embeddable":true,"href":"https:\/\/www.noticiasradioreflejos.com.ar\/2021\/wp-json\/wp\/v2\/comments?post=131582"}],"version-history":[{"count":1,"href":"https:\/\/www.noticiasradioreflejos.com.ar\/2021\/wp-json\/wp\/v2\/posts\/131582\/revisions"}],"predecessor-version":[{"id":131584,"href":"https:\/\/www.noticiasradioreflejos.com.ar\/2021\/wp-json\/wp\/v2\/posts\/131582\/revisions\/131584"}],"wp:featuredmedia":[{"embeddable":true,"href":"https:\/\/www.noticiasradioreflejos.com.ar\/2021\/wp-json\/wp\/v2\/media\/131583"}],"wp:attachment":[{"href":"https:\/\/www.noticiasradioreflejos.com.ar\/2021\/wp-json\/wp\/v2\/media?parent=131582"}],"wp:term":[{"taxonomy":"category","embeddable":true,"href":"https:\/\/www.noticiasradioreflejos.com.ar\/2021\/wp-json\/wp\/v2\/categories?post=131582"},{"taxonomy":"post_tag","embeddable":true,"href":"https:\/\/www.noticiasradioreflejos.com.ar\/2021\/wp-json\/wp\/v2\/tags?post=131582"}],"curies":[{"name":"wp","href":"https:\/\/api.w.org\/{rel}","templated":true}]}}