{"id":131579,"date":"2026-01-20T08:40:11","date_gmt":"2026-01-20T11:40:11","guid":{"rendered":"https:\/\/www.noticiasradioreflejos.com.ar\/2021\/?p=131579"},"modified":"2026-01-20T08:40:11","modified_gmt":"2026-01-20T11:40:11","slug":"trump-publico-una-imagen-suya-poniendo-la-bandera-de-ee-uu-en-groenlandia-como-los-astronautas-en-la-luna","status":"publish","type":"post","link":"https:\/\/www.noticiasradioreflejos.com.ar\/2021\/trump-publico-una-imagen-suya-poniendo-la-bandera-de-ee-uu-en-groenlandia-como-los-astronautas-en-la-luna\/","title":{"rendered":"Trump public\u00f3 una imagen suya poniendo la bandera de EE.UU. en Groenlandia como los astronautas en la Luna"},"content":{"rendered":"<p>En la foto, el mandatario aparece acompa\u00f1ado por el vicepresidente estadounidense, JD Vance, y el secretario de Estado, Marco Rubio, y se ve un cartel que dice \u201cGROENLANDIA &#8211; TERRITORIO DE ESTADOS UNIDOS EST. 2026\u201d.<br \/>\n<!--more--><\/p>\n<p>El presidente de Estados Unidos, Donald Trump, public\u00f3 este martes en su cuenta de Truth Social una imagen en la que aparece poniendo la bandera estadounidense en el territorio de Groenlandia.<\/p>\n<div class=\"partner-wrapper article-page__body-row\">\n<div class=\"second-col\">\n<p class=\"article-text\">En la foto, el mandatario aparece acompa\u00f1ado por el vicepresidente estadounidense, JD Vance, y el secretario de Estado, Marco Rubio, y se ve un cartel que dice \u201cGROENLANDIA &#8211; TERRITORIO DE ESTADOS UNIDOS EST. 2026\u201d.<\/p>\n<figure class=\"embed-container embed-container--type-twitter \">\n<div class=\"twitter-tweet twitter-tweet-rendered\"><iframe id=\"twitter-widget-0\" class=\"\" title=\"X Post\" src=\"https:\/\/platform.twitter.com\/embed\/Tweet.html?dnt=false&amp;embedId=twitter-widget-0&amp;features=eyJ0ZndfdGltZWxpbmVfbGlzdCI6eyJidWNrZXQiOltdLCJ2ZXJzaW9uIjpudWxsfSwidGZ3X2ZvbGxvd2VyX2NvdW50X3N1bnNldCI6eyJidWNrZXQiOnRydWUsInZlcnNpb24iOm51bGx9LCJ0ZndfdHdlZXRfZWRpdF9iYWNrZW5kIjp7ImJ1Y2tldCI6Im9uIiwidmVyc2lvbiI6bnVsbH0sInRmd19yZWZzcmNfc2Vzc2lvbiI6eyJidWNrZXQiOiJvbiIsInZlcnNpb24iOm51bGx9LCJ0ZndfZm9zbnJfc29mdF9pbnRlcnZlbnRpb25zX2VuYWJsZWQiOnsiYnVja2V0Ijoib24iLCJ2ZXJzaW9uIjpudWxsfSwidGZ3X21peGVkX21lZGlhXzE1ODk3Ijp7ImJ1Y2tldCI6InRyZWF0bWVudCIsInZlcnNpb24iOm51bGx9LCJ0ZndfZXhwZXJpbWVudHNfY29va2llX2V4cGlyYXRpb24iOnsiYnVja2V0IjoxMjA5NjAwLCJ2ZXJzaW9uIjpudWxsfSwidGZ3X3Nob3dfYmlyZHdhdGNoX3Bpdm90c19lbmFibGVkIjp7ImJ1Y2tldCI6Im9uIiwidmVyc2lvbiI6bnVsbH0sInRmd19kdXBsaWNhdGVfc2NyaWJlc190b19zZXR0aW5ncyI6eyJidWNrZXQiOiJvbiIsInZlcnNpb24iOm51bGx9LCJ0ZndfdXNlX3Byb2ZpbGVfaW1hZ2Vfc2hhcGVfZW5hYmxlZCI6eyJidWNrZXQiOiJvbiIsInZlcnNpb24iOm51bGx9LCJ0ZndfdmlkZW9faGxzX2R5bmFtaWNfbWFuaWZlc3RzXzE1MDgyIjp7ImJ1Y2tldCI6InRydWVfYml0cmF0ZSIsInZlcnNpb24iOm51bGx9LCJ0ZndfbGVnYWN5X3RpbWVsaW5lX3N1bnNldCI6eyJidWNrZXQiOnRydWUsInZlcnNpb24iOm51bGx9LCJ0ZndfdHdlZXRfZWRpdF9mcm9udGVuZCI6eyJidWNrZXQiOiJvbiIsInZlcnNpb24iOm51bGx9fQ%3D%3D&amp;frame=false&amp;hideCard=false&amp;hideThread=false&amp;id=2013514450574135678&amp;lang=es&amp;origin=https%3A%2F%2Fwww.eldiarioar.com%2Fmundo%2Ftrump-publico-imagen-poniendo-bandera-ee-uu-groenlandia-astronautas-luna_1_12920946.html&amp;sessionId=11056b3873538b67266a7261bb0d4f58b8d37fda&amp;theme=light&amp;widgetsVersion=2615f7e52b7e0%3A1702314776716&amp;width=550px\" frameborder=\"0\" scrolling=\"no\" allowfullscreen=\"allowfullscreen\" data-gtm-yt-inspected-34399851_303=\"true\" data-gtm-yt-inspected-34399851_396=\"true\" data-gtm-yt-inspected-41=\"true\" data-tweet-id=\"2013514450574135678\" data-mce-fragment=\"1\"><\/iframe><\/div>\n<\/figure>\n<p class=\"article-text\">Por otro lado, Trump difundi\u00f3 otra imagen en la que se lo ve reunido con l\u00edderes europeos en el Despacho Oval, donde se ve un mapa detr\u00e1s que muestra a Estados Unidos, Canad\u00e1, Groenlandia y Venezuela bajo la bandera estadounidense.<\/p>\n<figure><picture class=\"news-image\"><source srcset=\"https:\/\/static.eldiario.es\/clip\/d40c81f7-655a-430c-8377-9ee74cf07dd7_16-9-discover-aspect-ratio_50p_0.webp\" type=\"image\/webp\" media=\"(max-width: 576px)\" \/><source srcset=\"https:\/\/static.eldiario.es\/clip\/d40c81f7-655a-430c-8377-9ee74cf07dd7_16-9-discover-aspect-ratio_50p_0.jpg\" type=\"image\/jpg\" media=\"(max-width: 576px)\" \/><source srcset=\"https:\/\/static.eldiario.es\/clip\/d40c81f7-655a-430c-8377-9ee74cf07dd7_16-9-discover-aspect-ratio_75p_0.webp\" type=\"image\/webp\" media=\"(max-width: 767px)\" \/><source srcset=\"https:\/\/static.eldiario.es\/clip\/d40c81f7-655a-430c-8377-9ee74cf07dd7_16-9-discover-aspect-ratio_75p_0.jpg\" type=\"image\/jpg\" media=\"(max-width: 767px)\" \/><source srcset=\"https:\/\/static.eldiario.es\/clip\/d40c81f7-655a-430c-8377-9ee74cf07dd7_16-9-discover-aspect-ratio_default_0.webp\" type=\"image\/webp\" media=\"(min-width: 768px)\" \/><source srcset=\"https:\/\/static.eldiario.es\/clip\/d40c81f7-655a-430c-8377-9ee74cf07dd7_16-9-discover-aspect-ratio_default_0.jpg\" type=\"image\/jpg\" media=\"(min-width: 768px)\" \/><source srcset=\"https:\/\/static.eldiario.es\/clip\/d40c81f7-655a-430c-8377-9ee74cf07dd7_16-9-discover-aspect-ratio_default_0.webp\" type=\"image\/webp\" \/><img decoding=\"async\" class=\"lazy entered loaded\" src=\"https:\/\/static.eldiario.es\/clip\/d40c81f7-655a-430c-8377-9ee74cf07dd7_16-9-discover-aspect-ratio_default_0.jpg\" alt=\"Trump difundi\u00f3 una imagen con IA en la que se lo ve reunido con l\u00edderes europeos en el Despacho Oval con un mapa detr\u00e1s que muestra a Canad\u00e1, Groenlandia y Venezuela bajo la bandera estadounidense.\" data-src=\"https:\/\/static.eldiario.es\/clip\/d40c81f7-655a-430c-8377-9ee74cf07dd7_16-9-discover-aspect-ratio_default_0.jpg\" data-ll-status=\"loaded\" \/><\/picture><figcaption class=\"image-footer\"><em><span class=\"title\">Trump difundi\u00f3 una imagen con IA en la que se lo ve reunido con l\u00edderes europeos en el Despacho Oval con un mapa detr\u00e1s que muestra a Canad\u00e1, Groenlandia y Venezuela bajo la bandera estadounidense.\u00a0<span class=\"author\">NA<\/span><\/span><\/em><\/figcaption><\/figure>\n<p>&nbsp;<\/p>\n<p class=\"article-text\">Adem\u00e1s, Trump inform\u00f3 hoy en Truth Social que mantuvo una conversaci\u00f3n telef\u00f3nica con Mark Rutte, secretario general de la Organizaci\u00f3n del Tratado del Atl\u00e1ntico Norte (OTAN), sobre Groenlandia.\u00a0<strong>\u201cComo \u00e9l expres\u00f3 a todo el mundo, de manera muy clara, Groenlandia es imprescindible para la seguridad nacional y mundial. No hay vuelta atr\u00e1s, \u00a1en eso todos estamos de acuerdo!\u201d<\/strong>, escribi\u00f3.<\/p>\n<h2 class=\"article-text\">A Davos, con Groenlandia en el centro de su agenda<\/h2>\n<p class=\"article-text\">El l\u00edder republicano inici\u00f3 hace justo un a\u00f1o su segundo mandato y en las \u00faltimas semanas centr\u00f3 su agenda en \u201cliberar\u201d a la isla danesa de la supuesta amenaza que presentan sobre la misma China y Rusia.<\/p>\n<p class=\"article-text\">Su discurso en Davos est\u00e1 previsto para este mi\u00e9rcoles a las 10.30, pero el mandatario adelant\u00f3 que en ese foro mantendr\u00e1 una reuni\u00f3n con las \u201cdistintas partes\u201d sobre Groenlandia.<\/p>\n<p class=\"article-text\">As\u00ed lo dijo al se\u00f1alar de nuevo en Truth Social que hab\u00eda mantenido una \u201cmuy buena conversaci\u00f3n telef\u00f3nica\u201d al respecto con el secretario general de la OTAN, el holand\u00e9s Mark Rutte. Groenlandia \u201ces imperativa\u201d para la seguridad estadounidense y mundial, apunta Trump, seg\u00fan el cual \u201cno hay vuelta atr\u00e1s\u201d.<\/p>\n<p class=\"article-text\">En esa misma plataforma filtr\u00f3 la captura de un mensaje atribuido a Rutte en el que este \u00faltimo le dice estar comprometido a encontrar \u201cuna soluci\u00f3n\u201d y le asegura que utilizar\u00e1 tambi\u00e9n sus distintos compromisos medi\u00e1ticos para ensalzar su labor en Ucrania o Gaza.<\/p>\n<p class=\"article-text\">Menos comprensivo parece mostrarse el presidente franc\u00e9s, Emmanuel Macron. \u201cNo entiendo qu\u00e9 est\u00e1s haciendo en Groenlandia\u201d, le comenta en un mensaje privado filtrado tambi\u00e9n por Trump en su red y del que el El\u00edseo ha confirmado su veracidad.<\/p>\n<figure><picture class=\"news-image\"><source srcset=\"https:\/\/static.eldiario.es\/clip\/7885acd1-1f9c-47f1-80a8-0e75866c6637_source-aspect-ratio_50p_0.webp\" type=\"image\/webp\" media=\"(max-width: 576px)\" \/><source srcset=\"https:\/\/static.eldiario.es\/clip\/7885acd1-1f9c-47f1-80a8-0e75866c6637_source-aspect-ratio_50p_0.jpg\" type=\"image\/jpg\" media=\"(max-width: 576px)\" \/><source srcset=\"https:\/\/static.eldiario.es\/clip\/7885acd1-1f9c-47f1-80a8-0e75866c6637_source-aspect-ratio_75p_0.webp\" type=\"image\/webp\" media=\"(max-width: 767px)\" \/><source srcset=\"https:\/\/static.eldiario.es\/clip\/7885acd1-1f9c-47f1-80a8-0e75866c6637_source-aspect-ratio_75p_0.jpg\" type=\"image\/jpg\" media=\"(max-width: 767px)\" \/><source srcset=\"https:\/\/static.eldiario.es\/clip\/7885acd1-1f9c-47f1-80a8-0e75866c6637_source-aspect-ratio_default_0.webp\" type=\"image\/webp\" media=\"(min-width: 768px)\" \/><source srcset=\"https:\/\/static.eldiario.es\/clip\/7885acd1-1f9c-47f1-80a8-0e75866c6637_source-aspect-ratio_default_0.jpg\" type=\"image\/jpg\" media=\"(min-width: 768px)\" \/><source srcset=\"https:\/\/static.eldiario.es\/clip\/7885acd1-1f9c-47f1-80a8-0e75866c6637_source-aspect-ratio_default_0.webp\" type=\"image\/webp\" \/><img decoding=\"async\" class=\"lazy entered loaded\" src=\"https:\/\/static.eldiario.es\/clip\/7885acd1-1f9c-47f1-80a8-0e75866c6637_source-aspect-ratio_default_0.jpg\" alt=\"Captura del mensaje publicado por el presidente de EE.UU. en su red social Truth en el que filtra el contenido del mensaje privado que le envi\u00f3 el secretario general de la OTAN, Mark Rutte.\" data-src=\"https:\/\/static.eldiario.es\/clip\/7885acd1-1f9c-47f1-80a8-0e75866c6637_source-aspect-ratio_default_0.jpg\" data-ll-status=\"loaded\" \/><\/picture><figcaption class=\"image-footer\"><span class=\"title\">Captura del mensaje publicado por el presidente de EE.UU. en su red social Truth en el que filtra el contenido del mensaje privado que le envi\u00f3 el secretario general de la OTAN, Mark Rutte.\u00a0<span class=\"author\">EFE\/ Red Social Truth<\/span><\/span><\/figcaption><\/figure>\n<p class=\"article-text\">En ese intercambio Macron le propone celebrar el jueves en Par\u00eds una cumbre del G7, a la que podr\u00eda invitar a Rusia, cuando est\u00e1n a punto de cumplirse cuatro a\u00f1os de su guerra en Ucrania, as\u00ed como a ucranianos y daneses.<\/p>\n<p class=\"article-text\">Ese eventual encuentro llegar\u00eda precedido de un nuevo foco de tensi\u00f3n entre ambos mandatarios: Trump acaba de amenazar con aranceles del 200 % al vino y al champagne franc\u00e9s si Macron mantiene su rechazo a formar parte de su Junta de la Paz para Gaza.<\/p>\n<p class=\"article-text\">El l\u00edder estadounidense carg\u00f3 hoy tambi\u00e9n contra el Reino Unido, calificando de \u201cGRAN ESTUPIDEZ\u201d que el Gobierno brit\u00e1nico haya acordado entregar la soberan\u00eda de las islas Chagos a Mauricio, algo que en su opini\u00f3n refuerza la necesidad de que Washington se haga con Groenlandia.<\/p>\n<p class=\"article-text\">Trump no olvid\u00f3 tampoco este martes al otro gran protagonista de su pol\u00edtica internacional reciente: Venezuela.<\/p>\n<p class=\"article-text\">En otra imagen generada por inteligencia artificial, aprovecha la foto de una reuni\u00f3n real que celebr\u00f3 en agosto en la Casa Blanca con algunos de los principales l\u00edderes europeos para incluir en esa cita en el Despacho Oval un mapa en el que el territorio estadounidense se extiende a Canad\u00e1 y Venezuela.<\/p>\n<div id=\"container-after-news-outlook\"><\/div>\n<p class=\"article-text\">\u201cPong\u00e1moslo de esta manera: va a ser un Davos muy interesante\u201d, ha dicho esta semana a la prensa sobre esa cumbre pol\u00edtica y econ\u00f3mica en Suiza que se extiende hasta el 23 de enero, pero que tiene puestas todas las miradas en su presencia y palabras.<\/p>\n<p>&nbsp;<\/p>\n<p class=\"article-text\"><em><strong>Con informaci\u00f3n de EFE. elDiarioAR<\/strong><\/em><\/p>\n<\/div>\n<\/div>\n","protected":false},"excerpt":{"rendered":"<p>En la foto, el mandatario aparece acompa\u00f1ado por el vicepresidente estadounidense, JD Vance, y el secretario de Estado, Marco Rubio, y se ve un cartel que dice \u201cGROENLANDIA &#8211; TERRITORIO DE ESTADOS UNIDOS EST. 2026\u201d.<\/p>\n","protected":false},"author":3,"featured_media":131580,"comment_status":"closed","ping_status":"closed","sticky":false,"template":"","format":"standard","meta":{"footnotes":""},"categories":[24],"tags":[],"class_list":["post-131579","post","type-post","status-publish","format-standard","has-post-thumbnail","hentry","category-politica"],"yoast_head":"<!-- This site is optimized with the Yoast SEO plugin v25.9 - https:\/\/yoast.com\/wordpress\/plugins\/seo\/ -->\n<title>Trump public\u00f3 una imagen suya poniendo la bandera de EE.UU. en Groenlandia como los astronautas en la Luna - Noticias Radio Reflejos<\/title>\n<meta name=\"robots\" content=\"index, follow, max-snippet:-1, max-image-preview:large, max-video-preview:-1\" \/>\n<link rel=\"canonical\" href=\"https:\/\/www.noticiasradioreflejos.com.ar\/2021\/trump-publico-una-imagen-suya-poniendo-la-bandera-de-ee-uu-en-groenlandia-como-los-astronautas-en-la-luna\/\" \/>\n<meta property=\"og:locale\" content=\"es_ES\" \/>\n<meta property=\"og:type\" content=\"article\" \/>\n<meta property=\"og:title\" content=\"Trump public\u00f3 una imagen suya poniendo la bandera de EE.UU. en Groenlandia como los astronautas en la Luna - Noticias Radio Reflejos\" \/>\n<meta property=\"og:description\" content=\"En la foto, el mandatario aparece acompa\u00f1ado por el vicepresidente estadounidense, JD Vance, y el secretario de Estado, Marco Rubio, y se ve un cartel que dice \u201cGROENLANDIA &#8211; TERRITORIO DE ESTADOS UNIDOS EST. 2026\u201d.\" \/>\n<meta property=\"og:url\" content=\"https:\/\/www.noticiasradioreflejos.com.ar\/2021\/trump-publico-una-imagen-suya-poniendo-la-bandera-de-ee-uu-en-groenlandia-como-los-astronautas-en-la-luna\/\" \/>\n<meta property=\"og:site_name\" content=\"Noticias Radio Reflejos\" \/>\n<meta property=\"article:published_time\" content=\"2026-01-20T11:40:11+00:00\" \/>\n<meta property=\"og:image\" content=\"https:\/\/www.noticiasradioreflejos.com.ar\/2021\/wp-content\/uploads\/2026\/01\/trump.webp\" \/>\n\t<meta property=\"og:image:width\" content=\"1200\" \/>\n\t<meta property=\"og:image:height\" content=\"675\" \/>\n\t<meta property=\"og:image:type\" content=\"image\/webp\" \/>\n<meta name=\"author\" content=\"Arnaldo Botto\" \/>\n<meta name=\"twitter:card\" content=\"summary_large_image\" \/>\n<script type=\"application\/ld+json\" class=\"yoast-schema-graph\">{\"@context\":\"https:\/\/schema.org\",\"@graph\":[{\"@type\":\"WebPage\",\"@id\":\"https:\/\/www.noticiasradioreflejos.com.ar\/2021\/trump-publico-una-imagen-suya-poniendo-la-bandera-de-ee-uu-en-groenlandia-como-los-astronautas-en-la-luna\/\",\"url\":\"https:\/\/www.noticiasradioreflejos.com.ar\/2021\/trump-publico-una-imagen-suya-poniendo-la-bandera-de-ee-uu-en-groenlandia-como-los-astronautas-en-la-luna\/\",\"name\":\"Trump public\u00f3 una imagen suya poniendo la bandera de EE.UU. en Groenlandia como los astronautas en la Luna - Noticias Radio Reflejos\",\"isPartOf\":{\"@id\":\"https:\/\/www.noticiasradioreflejos.com.ar\/2021\/#website\"},\"primaryImageOfPage\":{\"@id\":\"https:\/\/www.noticiasradioreflejos.com.ar\/2021\/trump-publico-una-imagen-suya-poniendo-la-bandera-de-ee-uu-en-groenlandia-como-los-astronautas-en-la-luna\/#primaryimage\"},\"image\":{\"@id\":\"https:\/\/www.noticiasradioreflejos.com.ar\/2021\/trump-publico-una-imagen-suya-poniendo-la-bandera-de-ee-uu-en-groenlandia-como-los-astronautas-en-la-luna\/#primaryimage\"},\"thumbnailUrl\":\"https:\/\/www.noticiasradioreflejos.com.ar\/2021\/wp-content\/uploads\/2026\/01\/trump.webp\",\"datePublished\":\"2026-01-20T11:40:11+00:00\",\"author\":{\"@id\":\"https:\/\/www.noticiasradioreflejos.com.ar\/2021\/#\/schema\/person\/ad82545263dcc5ec0996818884fd5fb1\"},\"breadcrumb\":{\"@id\":\"https:\/\/www.noticiasradioreflejos.com.ar\/2021\/trump-publico-una-imagen-suya-poniendo-la-bandera-de-ee-uu-en-groenlandia-como-los-astronautas-en-la-luna\/#breadcrumb\"},\"inLanguage\":\"es\",\"potentialAction\":[{\"@type\":\"ReadAction\",\"target\":[\"https:\/\/www.noticiasradioreflejos.com.ar\/2021\/trump-publico-una-imagen-suya-poniendo-la-bandera-de-ee-uu-en-groenlandia-como-los-astronautas-en-la-luna\/\"]}]},{\"@type\":\"ImageObject\",\"inLanguage\":\"es\",\"@id\":\"https:\/\/www.noticiasradioreflejos.com.ar\/2021\/trump-publico-una-imagen-suya-poniendo-la-bandera-de-ee-uu-en-groenlandia-como-los-astronautas-en-la-luna\/#primaryimage\",\"url\":\"https:\/\/www.noticiasradioreflejos.com.ar\/2021\/wp-content\/uploads\/2026\/01\/trump.webp\",\"contentUrl\":\"https:\/\/www.noticiasradioreflejos.com.ar\/2021\/wp-content\/uploads\/2026\/01\/trump.webp\",\"width\":1200,\"height\":675},{\"@type\":\"BreadcrumbList\",\"@id\":\"https:\/\/www.noticiasradioreflejos.com.ar\/2021\/trump-publico-una-imagen-suya-poniendo-la-bandera-de-ee-uu-en-groenlandia-como-los-astronautas-en-la-luna\/#breadcrumb\",\"itemListElement\":[{\"@type\":\"ListItem\",\"position\":1,\"name\":\"Portada\",\"item\":\"https:\/\/www.noticiasradioreflejos.com.ar\/2021\/\"},{\"@type\":\"ListItem\",\"position\":2,\"name\":\"Trump public\u00f3 una imagen suya poniendo la bandera de EE.UU. en Groenlandia como los astronautas en la Luna\"}]},{\"@type\":\"WebSite\",\"@id\":\"https:\/\/www.noticiasradioreflejos.com.ar\/2021\/#website\",\"url\":\"https:\/\/www.noticiasradioreflejos.com.ar\/2021\/\",\"name\":\"Noticias Radio Reflejos\",\"description\":\"Las noticias de mi comarca\",\"potentialAction\":[{\"@type\":\"SearchAction\",\"target\":{\"@type\":\"EntryPoint\",\"urlTemplate\":\"https:\/\/www.noticiasradioreflejos.com.ar\/2021\/?s={search_term_string}\"},\"query-input\":{\"@type\":\"PropertyValueSpecification\",\"valueRequired\":true,\"valueName\":\"search_term_string\"}}],\"inLanguage\":\"es\"},{\"@type\":\"Person\",\"@id\":\"https:\/\/www.noticiasradioreflejos.com.ar\/2021\/#\/schema\/person\/ad82545263dcc5ec0996818884fd5fb1\",\"name\":\"Arnaldo Botto\",\"image\":{\"@type\":\"ImageObject\",\"inLanguage\":\"es\",\"@id\":\"https:\/\/www.noticiasradioreflejos.com.ar\/2021\/#\/schema\/person\/image\/\",\"url\":\"https:\/\/secure.gravatar.com\/avatar\/55cb5e37c1efa326397366e6974cb338056df65cb50e7d64d1cf314e87504837?s=96&d=mm&r=g\",\"contentUrl\":\"https:\/\/secure.gravatar.com\/avatar\/55cb5e37c1efa326397366e6974cb338056df65cb50e7d64d1cf314e87504837?s=96&d=mm&r=g\",\"caption\":\"Arnaldo Botto\"},\"url\":\"https:\/\/www.noticiasradioreflejos.com.ar\/2021\/author\/arnaldo\/\"}]}<\/script>\n<!-- \/ Yoast SEO plugin. -->","yoast_head_json":{"title":"Trump public\u00f3 una imagen suya poniendo la bandera de EE.UU. en Groenlandia como los astronautas en la Luna - Noticias Radio Reflejos","robots":{"index":"index","follow":"follow","max-snippet":"max-snippet:-1","max-image-preview":"max-image-preview:large","max-video-preview":"max-video-preview:-1"},"canonical":"https:\/\/www.noticiasradioreflejos.com.ar\/2021\/trump-publico-una-imagen-suya-poniendo-la-bandera-de-ee-uu-en-groenlandia-como-los-astronautas-en-la-luna\/","og_locale":"es_ES","og_type":"article","og_title":"Trump public\u00f3 una imagen suya poniendo la bandera de EE.UU. en Groenlandia como los astronautas en la Luna - Noticias Radio Reflejos","og_description":"En la foto, el mandatario aparece acompa\u00f1ado por el vicepresidente estadounidense, JD Vance, y el secretario de Estado, Marco Rubio, y se ve un cartel que dice \u201cGROENLANDIA &#8211; TERRITORIO DE ESTADOS UNIDOS EST. 2026\u201d.","og_url":"https:\/\/www.noticiasradioreflejos.com.ar\/2021\/trump-publico-una-imagen-suya-poniendo-la-bandera-de-ee-uu-en-groenlandia-como-los-astronautas-en-la-luna\/","og_site_name":"Noticias Radio Reflejos","article_published_time":"2026-01-20T11:40:11+00:00","og_image":[{"width":1200,"height":675,"url":"https:\/\/www.noticiasradioreflejos.com.ar\/2021\/wp-content\/uploads\/2026\/01\/trump.webp","type":"image\/webp"}],"author":"Arnaldo Botto","twitter_card":"summary_large_image","schema":{"@context":"https:\/\/schema.org","@graph":[{"@type":"WebPage","@id":"https:\/\/www.noticiasradioreflejos.com.ar\/2021\/trump-publico-una-imagen-suya-poniendo-la-bandera-de-ee-uu-en-groenlandia-como-los-astronautas-en-la-luna\/","url":"https:\/\/www.noticiasradioreflejos.com.ar\/2021\/trump-publico-una-imagen-suya-poniendo-la-bandera-de-ee-uu-en-groenlandia-como-los-astronautas-en-la-luna\/","name":"Trump public\u00f3 una imagen suya poniendo la bandera de EE.UU. en Groenlandia como los astronautas en la Luna - Noticias Radio Reflejos","isPartOf":{"@id":"https:\/\/www.noticiasradioreflejos.com.ar\/2021\/#website"},"primaryImageOfPage":{"@id":"https:\/\/www.noticiasradioreflejos.com.ar\/2021\/trump-publico-una-imagen-suya-poniendo-la-bandera-de-ee-uu-en-groenlandia-como-los-astronautas-en-la-luna\/#primaryimage"},"image":{"@id":"https:\/\/www.noticiasradioreflejos.com.ar\/2021\/trump-publico-una-imagen-suya-poniendo-la-bandera-de-ee-uu-en-groenlandia-como-los-astronautas-en-la-luna\/#primaryimage"},"thumbnailUrl":"https:\/\/www.noticiasradioreflejos.com.ar\/2021\/wp-content\/uploads\/2026\/01\/trump.webp","datePublished":"2026-01-20T11:40:11+00:00","author":{"@id":"https:\/\/www.noticiasradioreflejos.com.ar\/2021\/#\/schema\/person\/ad82545263dcc5ec0996818884fd5fb1"},"breadcrumb":{"@id":"https:\/\/www.noticiasradioreflejos.com.ar\/2021\/trump-publico-una-imagen-suya-poniendo-la-bandera-de-ee-uu-en-groenlandia-como-los-astronautas-en-la-luna\/#breadcrumb"},"inLanguage":"es","potentialAction":[{"@type":"ReadAction","target":["https:\/\/www.noticiasradioreflejos.com.ar\/2021\/trump-publico-una-imagen-suya-poniendo-la-bandera-de-ee-uu-en-groenlandia-como-los-astronautas-en-la-luna\/"]}]},{"@type":"ImageObject","inLanguage":"es","@id":"https:\/\/www.noticiasradioreflejos.com.ar\/2021\/trump-publico-una-imagen-suya-poniendo-la-bandera-de-ee-uu-en-groenlandia-como-los-astronautas-en-la-luna\/#primaryimage","url":"https:\/\/www.noticiasradioreflejos.com.ar\/2021\/wp-content\/uploads\/2026\/01\/trump.webp","contentUrl":"https:\/\/www.noticiasradioreflejos.com.ar\/2021\/wp-content\/uploads\/2026\/01\/trump.webp","width":1200,"height":675},{"@type":"BreadcrumbList","@id":"https:\/\/www.noticiasradioreflejos.com.ar\/2021\/trump-publico-una-imagen-suya-poniendo-la-bandera-de-ee-uu-en-groenlandia-como-los-astronautas-en-la-luna\/#breadcrumb","itemListElement":[{"@type":"ListItem","position":1,"name":"Portada","item":"https:\/\/www.noticiasradioreflejos.com.ar\/2021\/"},{"@type":"ListItem","position":2,"name":"Trump public\u00f3 una imagen suya poniendo la bandera de EE.UU. en Groenlandia como los astronautas en la Luna"}]},{"@type":"WebSite","@id":"https:\/\/www.noticiasradioreflejos.com.ar\/2021\/#website","url":"https:\/\/www.noticiasradioreflejos.com.ar\/2021\/","name":"Noticias Radio Reflejos","description":"Las noticias de mi comarca","potentialAction":[{"@type":"SearchAction","target":{"@type":"EntryPoint","urlTemplate":"https:\/\/www.noticiasradioreflejos.com.ar\/2021\/?s={search_term_string}"},"query-input":{"@type":"PropertyValueSpecification","valueRequired":true,"valueName":"search_term_string"}}],"inLanguage":"es"},{"@type":"Person","@id":"https:\/\/www.noticiasradioreflejos.com.ar\/2021\/#\/schema\/person\/ad82545263dcc5ec0996818884fd5fb1","name":"Arnaldo Botto","image":{"@type":"ImageObject","inLanguage":"es","@id":"https:\/\/www.noticiasradioreflejos.com.ar\/2021\/#\/schema\/person\/image\/","url":"https:\/\/secure.gravatar.com\/avatar\/55cb5e37c1efa326397366e6974cb338056df65cb50e7d64d1cf314e87504837?s=96&d=mm&r=g","contentUrl":"https:\/\/secure.gravatar.com\/avatar\/55cb5e37c1efa326397366e6974cb338056df65cb50e7d64d1cf314e87504837?s=96&d=mm&r=g","caption":"Arnaldo Botto"},"url":"https:\/\/www.noticiasradioreflejos.com.ar\/2021\/author\/arnaldo\/"}]}},"_links":{"self":[{"href":"https:\/\/www.noticiasradioreflejos.com.ar\/2021\/wp-json\/wp\/v2\/posts\/131579","targetHints":{"allow":["GET"]}}],"collection":[{"href":"https:\/\/www.noticiasradioreflejos.com.ar\/2021\/wp-json\/wp\/v2\/posts"}],"about":[{"href":"https:\/\/www.noticiasradioreflejos.com.ar\/2021\/wp-json\/wp\/v2\/types\/post"}],"author":[{"embeddable":true,"href":"https:\/\/www.noticiasradioreflejos.com.ar\/2021\/wp-json\/wp\/v2\/users\/3"}],"replies":[{"embeddable":true,"href":"https:\/\/www.noticiasradioreflejos.com.ar\/2021\/wp-json\/wp\/v2\/comments?post=131579"}],"version-history":[{"count":1,"href":"https:\/\/www.noticiasradioreflejos.com.ar\/2021\/wp-json\/wp\/v2\/posts\/131579\/revisions"}],"predecessor-version":[{"id":131581,"href":"https:\/\/www.noticiasradioreflejos.com.ar\/2021\/wp-json\/wp\/v2\/posts\/131579\/revisions\/131581"}],"wp:featuredmedia":[{"embeddable":true,"href":"https:\/\/www.noticiasradioreflejos.com.ar\/2021\/wp-json\/wp\/v2\/media\/131580"}],"wp:attachment":[{"href":"https:\/\/www.noticiasradioreflejos.com.ar\/2021\/wp-json\/wp\/v2\/media?parent=131579"}],"wp:term":[{"taxonomy":"category","embeddable":true,"href":"https:\/\/www.noticiasradioreflejos.com.ar\/2021\/wp-json\/wp\/v2\/categories?post=131579"},{"taxonomy":"post_tag","embeddable":true,"href":"https:\/\/www.noticiasradioreflejos.com.ar\/2021\/wp-json\/wp\/v2\/tags?post=131579"}],"curies":[{"name":"wp","href":"https:\/\/api.w.org\/{rel}","templated":true}]}}