{"id":131575,"date":"2026-01-20T08:34:33","date_gmt":"2026-01-20T11:34:33","guid":{"rendered":"https:\/\/www.noticiasradioreflejos.com.ar\/2021\/?p=131575"},"modified":"2026-01-20T08:34:36","modified_gmt":"2026-01-20T11:34:36","slug":"el-camion-de-la-cooperativa-alimencoop-llega-al-distrito-de-tornquist","status":"publish","type":"post","link":"https:\/\/www.noticiasradioreflejos.com.ar\/2021\/el-camion-de-la-cooperativa-alimencoop-llega-al-distrito-de-tornquist\/","title":{"rendered":"El Cami\u00f3n de la Cooperativa Alimencoop llega al Distrito de Tornquist"},"content":{"rendered":"<p>El Partido Justicialista local anunci\u00f3 el cronograma de visitas del cami\u00f3n de Alimencoop para esta semana. El operativo, que ofrece productos de la canasta b\u00e1sica a precios cooperativos, recorrer\u00e1 Tornquist, La Gruta, Saldungaray, Villa Ventana y Sierra de la Ventana entre el jueves 22 y el s\u00e1bado 24 de enero.<\/p>\n<p>&nbsp;<\/p>\n<p><!--more--><\/p>\n<p data-path-to-node=\"6\">El cami\u00f3n de la econom\u00eda popular estar\u00e1 presente en las siguientes localidades y horarios:<\/p>\n<p data-path-to-node=\"7\"><b data-path-to-node=\"7\" data-index-in-node=\"0\">Jueves 22 de enero<\/b><\/p>\n<ul data-path-to-node=\"8\">\n<li>\n<p data-path-to-node=\"8,0,0\"><b data-path-to-node=\"8,0,0\" data-index-in-node=\"0\">Tornquist:<\/b> De 09:00 a 13:00 hs en la sede del <b data-path-to-node=\"8,0,0\" data-index-in-node=\"46\">Partido Justicialista<\/b>.<\/p>\n<\/li>\n<li>\n<p data-path-to-node=\"8,1,0\"><b data-path-to-node=\"8,1,0\" data-index-in-node=\"0\">La Gruta:<\/b> De 15:00 a 18:00 hs frente a la <b data-path-to-node=\"8,1,0\" data-index-in-node=\"42\">Oficina de Turismo<\/b>.<\/p>\n<\/li>\n<\/ul>\n<p data-path-to-node=\"9\"><b data-path-to-node=\"9\" data-index-in-node=\"0\">Viernes 23 de enero<\/b><\/p>\n<ul data-path-to-node=\"10\">\n<li>\n<p data-path-to-node=\"10,0,0\"><b data-path-to-node=\"10,0,0\" data-index-in-node=\"0\">Saldungaray:<\/b> De 09:00 a 14:00 hs en la <b data-path-to-node=\"10,0,0\" data-index-in-node=\"39\">Plaza Independencia<\/b>.<\/p>\n<\/li>\n<li>\n<p data-path-to-node=\"10,1,0\"><b data-path-to-node=\"10,1,0\" data-index-in-node=\"0\">Villa Ventana:<\/b> De 15:30 a 18:00 hs en la <b data-path-to-node=\"10,1,0\" data-index-in-node=\"41\">Plaza Salerno<\/b>.<\/p>\n<\/li>\n<\/ul>\n<p data-path-to-node=\"11\"><b data-path-to-node=\"11\" data-index-in-node=\"0\">S\u00e1bado 24 de enero<\/b><\/p>\n<ul data-path-to-node=\"12\">\n<li>\n<p data-path-to-node=\"12,0,0\"><b data-path-to-node=\"12,0,0\" data-index-in-node=\"0\">Sierra de la Ventana:<\/b> De 09:00 a 14:00 hs en el <b data-path-to-node=\"12,0,0\" data-index-in-node=\"48\">Centro Cultural<\/b>.<\/p>\n<\/li>\n<\/ul>\n<h3 data-path-to-node=\"13\"><b data-path-to-node=\"13\" data-index-in-node=\"0\">Productos y precios<\/b><\/h3>\n<p data-path-to-node=\"14\">El operativo Alimencoop se caracteriza por ofrecer productos directos de productores y cooperativas, destac\u00e1ndose la oferta en l\u00e1cteos (leche y yogures), embutidos y quesos. El objetivo de esta iniciativa es facilitar el acceso a alimentos de calidad a precios m\u00e1s accesibles para las familias del distrito y para los turistas que visitan la regi\u00f3n.<\/p>\n<p data-path-to-node=\"14\"><a href=\"https:\/\/www.noticiasradioreflejos.com.ar\/2021\/el-camion-de-la-cooperativa-alimencoop-llega-al-distrito-de-tornquist\/whatsapp-image-2026-01-20-at-08-02-25\/\" rel=\"attachment wp-att-131576\"><img loading=\"lazy\" decoding=\"async\" class=\"aligncenter size-full wp-image-131576\" src=\"https:\/\/www.noticiasradioreflejos.com.ar\/2021\/wp-content\/uploads\/2026\/01\/WhatsApp-Image-2026-01-20-at-08.02.25.jpeg\" alt=\"\" width=\"1200\" height=\"1599\" srcset=\"https:\/\/www.noticiasradioreflejos.com.ar\/2021\/wp-content\/uploads\/2026\/01\/WhatsApp-Image-2026-01-20-at-08.02.25.jpeg 1200w, https:\/\/www.noticiasradioreflejos.com.ar\/2021\/wp-content\/uploads\/2026\/01\/WhatsApp-Image-2026-01-20-at-08.02.25-225x300.jpeg 225w, https:\/\/www.noticiasradioreflejos.com.ar\/2021\/wp-content\/uploads\/2026\/01\/WhatsApp-Image-2026-01-20-at-08.02.25-768x1023.jpeg 768w, https:\/\/www.noticiasradioreflejos.com.ar\/2021\/wp-content\/uploads\/2026\/01\/WhatsApp-Image-2026-01-20-at-08.02.25-1153x1536.jpeg 1153w, https:\/\/www.noticiasradioreflejos.com.ar\/2021\/wp-content\/uploads\/2026\/01\/WhatsApp-Image-2026-01-20-at-08.02.25-750x999.jpeg 750w, https:\/\/www.noticiasradioreflejos.com.ar\/2021\/wp-content\/uploads\/2026\/01\/WhatsApp-Image-2026-01-20-at-08.02.25-1140x1519.jpeg 1140w\" sizes=\"auto, (max-width: 1200px) 100vw, 1200px\" \/><\/a><\/p>\n","protected":false},"excerpt":{"rendered":"<p>El Partido Justicialista local anunci\u00f3 el cronograma de visitas del cami\u00f3n de Alimencoop para esta semana. El operativo, que ofrece productos de la canasta b\u00e1sica a precios cooperativos, recorrer\u00e1 Tornquist, La Gruta, Saldungaray, Villa Ventana y Sierra de la Ventana entre el jueves 22 y el s\u00e1bado 24 de enero. &nbsp;<\/p>\n","protected":false},"author":3,"featured_media":85724,"comment_status":"closed","ping_status":"closed","sticky":false,"template":"","format":"standard","meta":{"footnotes":""},"categories":[26],"tags":[],"class_list":["post-131575","post","type-post","status-publish","format-standard","has-post-thumbnail","hentry","category-sociedad"],"yoast_head":"<!-- This site is optimized with the Yoast SEO plugin v25.9 - https:\/\/yoast.com\/wordpress\/plugins\/seo\/ -->\n<title>El Cami\u00f3n de la Cooperativa Alimencoop llega al Distrito de Tornquist - Noticias Radio Reflejos<\/title>\n<meta name=\"robots\" content=\"index, follow, max-snippet:-1, max-image-preview:large, max-video-preview:-1\" \/>\n<link rel=\"canonical\" href=\"https:\/\/www.noticiasradioreflejos.com.ar\/2021\/el-camion-de-la-cooperativa-alimencoop-llega-al-distrito-de-tornquist\/\" \/>\n<meta property=\"og:locale\" content=\"es_ES\" \/>\n<meta property=\"og:type\" content=\"article\" \/>\n<meta property=\"og:title\" content=\"El Cami\u00f3n de la Cooperativa Alimencoop llega al Distrito de Tornquist - Noticias Radio Reflejos\" \/>\n<meta property=\"og:description\" content=\"El Partido Justicialista local anunci\u00f3 el cronograma de visitas del cami\u00f3n de Alimencoop para esta semana. El operativo, que ofrece productos de la canasta b\u00e1sica a precios cooperativos, recorrer\u00e1 Tornquist, La Gruta, Saldungaray, Villa Ventana y Sierra de la Ventana entre el jueves 22 y el s\u00e1bado 24 de enero. &nbsp;\" \/>\n<meta property=\"og:url\" content=\"https:\/\/www.noticiasradioreflejos.com.ar\/2021\/el-camion-de-la-cooperativa-alimencoop-llega-al-distrito-de-tornquist\/\" \/>\n<meta property=\"og:site_name\" content=\"Noticias Radio Reflejos\" \/>\n<meta property=\"article:published_time\" content=\"2026-01-20T11:34:33+00:00\" \/>\n<meta property=\"article:modified_time\" content=\"2026-01-20T11:34:36+00:00\" \/>\n<meta property=\"og:image\" content=\"https:\/\/www.noticiasradioreflejos.com.ar\/2021\/wp-content\/uploads\/2023\/03\/Camion-popular.jpg\" \/>\n\t<meta property=\"og:image:width\" content=\"1200\" \/>\n\t<meta property=\"og:image:height\" content=\"900\" \/>\n\t<meta property=\"og:image:type\" content=\"image\/jpeg\" \/>\n<meta name=\"author\" content=\"Arnaldo Botto\" \/>\n<meta name=\"twitter:card\" content=\"summary_large_image\" \/>\n<script type=\"application\/ld+json\" class=\"yoast-schema-graph\">{\"@context\":\"https:\/\/schema.org\",\"@graph\":[{\"@type\":\"WebPage\",\"@id\":\"https:\/\/www.noticiasradioreflejos.com.ar\/2021\/el-camion-de-la-cooperativa-alimencoop-llega-al-distrito-de-tornquist\/\",\"url\":\"https:\/\/www.noticiasradioreflejos.com.ar\/2021\/el-camion-de-la-cooperativa-alimencoop-llega-al-distrito-de-tornquist\/\",\"name\":\"El Cami\u00f3n de la Cooperativa Alimencoop llega al Distrito de Tornquist - Noticias Radio Reflejos\",\"isPartOf\":{\"@id\":\"https:\/\/www.noticiasradioreflejos.com.ar\/2021\/#website\"},\"primaryImageOfPage\":{\"@id\":\"https:\/\/www.noticiasradioreflejos.com.ar\/2021\/el-camion-de-la-cooperativa-alimencoop-llega-al-distrito-de-tornquist\/#primaryimage\"},\"image\":{\"@id\":\"https:\/\/www.noticiasradioreflejos.com.ar\/2021\/el-camion-de-la-cooperativa-alimencoop-llega-al-distrito-de-tornquist\/#primaryimage\"},\"thumbnailUrl\":\"https:\/\/www.noticiasradioreflejos.com.ar\/2021\/wp-content\/uploads\/2023\/03\/Camion-popular.jpg\",\"datePublished\":\"2026-01-20T11:34:33+00:00\",\"dateModified\":\"2026-01-20T11:34:36+00:00\",\"author\":{\"@id\":\"https:\/\/www.noticiasradioreflejos.com.ar\/2021\/#\/schema\/person\/ad82545263dcc5ec0996818884fd5fb1\"},\"breadcrumb\":{\"@id\":\"https:\/\/www.noticiasradioreflejos.com.ar\/2021\/el-camion-de-la-cooperativa-alimencoop-llega-al-distrito-de-tornquist\/#breadcrumb\"},\"inLanguage\":\"es\",\"potentialAction\":[{\"@type\":\"ReadAction\",\"target\":[\"https:\/\/www.noticiasradioreflejos.com.ar\/2021\/el-camion-de-la-cooperativa-alimencoop-llega-al-distrito-de-tornquist\/\"]}]},{\"@type\":\"ImageObject\",\"inLanguage\":\"es\",\"@id\":\"https:\/\/www.noticiasradioreflejos.com.ar\/2021\/el-camion-de-la-cooperativa-alimencoop-llega-al-distrito-de-tornquist\/#primaryimage\",\"url\":\"https:\/\/www.noticiasradioreflejos.com.ar\/2021\/wp-content\/uploads\/2023\/03\/Camion-popular.jpg\",\"contentUrl\":\"https:\/\/www.noticiasradioreflejos.com.ar\/2021\/wp-content\/uploads\/2023\/03\/Camion-popular.jpg\",\"width\":1200,\"height\":900},{\"@type\":\"BreadcrumbList\",\"@id\":\"https:\/\/www.noticiasradioreflejos.com.ar\/2021\/el-camion-de-la-cooperativa-alimencoop-llega-al-distrito-de-tornquist\/#breadcrumb\",\"itemListElement\":[{\"@type\":\"ListItem\",\"position\":1,\"name\":\"Portada\",\"item\":\"https:\/\/www.noticiasradioreflejos.com.ar\/2021\/\"},{\"@type\":\"ListItem\",\"position\":2,\"name\":\"El Cami\u00f3n de la Cooperativa Alimencoop llega al Distrito de Tornquist\"}]},{\"@type\":\"WebSite\",\"@id\":\"https:\/\/www.noticiasradioreflejos.com.ar\/2021\/#website\",\"url\":\"https:\/\/www.noticiasradioreflejos.com.ar\/2021\/\",\"name\":\"Noticias Radio Reflejos\",\"description\":\"Las noticias de mi comarca\",\"potentialAction\":[{\"@type\":\"SearchAction\",\"target\":{\"@type\":\"EntryPoint\",\"urlTemplate\":\"https:\/\/www.noticiasradioreflejos.com.ar\/2021\/?s={search_term_string}\"},\"query-input\":{\"@type\":\"PropertyValueSpecification\",\"valueRequired\":true,\"valueName\":\"search_term_string\"}}],\"inLanguage\":\"es\"},{\"@type\":\"Person\",\"@id\":\"https:\/\/www.noticiasradioreflejos.com.ar\/2021\/#\/schema\/person\/ad82545263dcc5ec0996818884fd5fb1\",\"name\":\"Arnaldo Botto\",\"image\":{\"@type\":\"ImageObject\",\"inLanguage\":\"es\",\"@id\":\"https:\/\/www.noticiasradioreflejos.com.ar\/2021\/#\/schema\/person\/image\/\",\"url\":\"https:\/\/secure.gravatar.com\/avatar\/55cb5e37c1efa326397366e6974cb338056df65cb50e7d64d1cf314e87504837?s=96&d=mm&r=g\",\"contentUrl\":\"https:\/\/secure.gravatar.com\/avatar\/55cb5e37c1efa326397366e6974cb338056df65cb50e7d64d1cf314e87504837?s=96&d=mm&r=g\",\"caption\":\"Arnaldo Botto\"},\"url\":\"https:\/\/www.noticiasradioreflejos.com.ar\/2021\/author\/arnaldo\/\"}]}<\/script>\n<!-- \/ Yoast SEO plugin. -->","yoast_head_json":{"title":"El Cami\u00f3n de la Cooperativa Alimencoop llega al Distrito de Tornquist - Noticias Radio Reflejos","robots":{"index":"index","follow":"follow","max-snippet":"max-snippet:-1","max-image-preview":"max-image-preview:large","max-video-preview":"max-video-preview:-1"},"canonical":"https:\/\/www.noticiasradioreflejos.com.ar\/2021\/el-camion-de-la-cooperativa-alimencoop-llega-al-distrito-de-tornquist\/","og_locale":"es_ES","og_type":"article","og_title":"El Cami\u00f3n de la Cooperativa Alimencoop llega al Distrito de Tornquist - Noticias Radio Reflejos","og_description":"El Partido Justicialista local anunci\u00f3 el cronograma de visitas del cami\u00f3n de Alimencoop para esta semana. El operativo, que ofrece productos de la canasta b\u00e1sica a precios cooperativos, recorrer\u00e1 Tornquist, La Gruta, Saldungaray, Villa Ventana y Sierra de la Ventana entre el jueves 22 y el s\u00e1bado 24 de enero. &nbsp;","og_url":"https:\/\/www.noticiasradioreflejos.com.ar\/2021\/el-camion-de-la-cooperativa-alimencoop-llega-al-distrito-de-tornquist\/","og_site_name":"Noticias Radio Reflejos","article_published_time":"2026-01-20T11:34:33+00:00","article_modified_time":"2026-01-20T11:34:36+00:00","og_image":[{"width":1200,"height":900,"url":"https:\/\/www.noticiasradioreflejos.com.ar\/2021\/wp-content\/uploads\/2023\/03\/Camion-popular.jpg","type":"image\/jpeg"}],"author":"Arnaldo Botto","twitter_card":"summary_large_image","schema":{"@context":"https:\/\/schema.org","@graph":[{"@type":"WebPage","@id":"https:\/\/www.noticiasradioreflejos.com.ar\/2021\/el-camion-de-la-cooperativa-alimencoop-llega-al-distrito-de-tornquist\/","url":"https:\/\/www.noticiasradioreflejos.com.ar\/2021\/el-camion-de-la-cooperativa-alimencoop-llega-al-distrito-de-tornquist\/","name":"El Cami\u00f3n de la Cooperativa Alimencoop llega al Distrito de Tornquist - Noticias Radio Reflejos","isPartOf":{"@id":"https:\/\/www.noticiasradioreflejos.com.ar\/2021\/#website"},"primaryImageOfPage":{"@id":"https:\/\/www.noticiasradioreflejos.com.ar\/2021\/el-camion-de-la-cooperativa-alimencoop-llega-al-distrito-de-tornquist\/#primaryimage"},"image":{"@id":"https:\/\/www.noticiasradioreflejos.com.ar\/2021\/el-camion-de-la-cooperativa-alimencoop-llega-al-distrito-de-tornquist\/#primaryimage"},"thumbnailUrl":"https:\/\/www.noticiasradioreflejos.com.ar\/2021\/wp-content\/uploads\/2023\/03\/Camion-popular.jpg","datePublished":"2026-01-20T11:34:33+00:00","dateModified":"2026-01-20T11:34:36+00:00","author":{"@id":"https:\/\/www.noticiasradioreflejos.com.ar\/2021\/#\/schema\/person\/ad82545263dcc5ec0996818884fd5fb1"},"breadcrumb":{"@id":"https:\/\/www.noticiasradioreflejos.com.ar\/2021\/el-camion-de-la-cooperativa-alimencoop-llega-al-distrito-de-tornquist\/#breadcrumb"},"inLanguage":"es","potentialAction":[{"@type":"ReadAction","target":["https:\/\/www.noticiasradioreflejos.com.ar\/2021\/el-camion-de-la-cooperativa-alimencoop-llega-al-distrito-de-tornquist\/"]}]},{"@type":"ImageObject","inLanguage":"es","@id":"https:\/\/www.noticiasradioreflejos.com.ar\/2021\/el-camion-de-la-cooperativa-alimencoop-llega-al-distrito-de-tornquist\/#primaryimage","url":"https:\/\/www.noticiasradioreflejos.com.ar\/2021\/wp-content\/uploads\/2023\/03\/Camion-popular.jpg","contentUrl":"https:\/\/www.noticiasradioreflejos.com.ar\/2021\/wp-content\/uploads\/2023\/03\/Camion-popular.jpg","width":1200,"height":900},{"@type":"BreadcrumbList","@id":"https:\/\/www.noticiasradioreflejos.com.ar\/2021\/el-camion-de-la-cooperativa-alimencoop-llega-al-distrito-de-tornquist\/#breadcrumb","itemListElement":[{"@type":"ListItem","position":1,"name":"Portada","item":"https:\/\/www.noticiasradioreflejos.com.ar\/2021\/"},{"@type":"ListItem","position":2,"name":"El Cami\u00f3n de la Cooperativa Alimencoop llega al Distrito de Tornquist"}]},{"@type":"WebSite","@id":"https:\/\/www.noticiasradioreflejos.com.ar\/2021\/#website","url":"https:\/\/www.noticiasradioreflejos.com.ar\/2021\/","name":"Noticias Radio Reflejos","description":"Las noticias de mi comarca","potentialAction":[{"@type":"SearchAction","target":{"@type":"EntryPoint","urlTemplate":"https:\/\/www.noticiasradioreflejos.com.ar\/2021\/?s={search_term_string}"},"query-input":{"@type":"PropertyValueSpecification","valueRequired":true,"valueName":"search_term_string"}}],"inLanguage":"es"},{"@type":"Person","@id":"https:\/\/www.noticiasradioreflejos.com.ar\/2021\/#\/schema\/person\/ad82545263dcc5ec0996818884fd5fb1","name":"Arnaldo Botto","image":{"@type":"ImageObject","inLanguage":"es","@id":"https:\/\/www.noticiasradioreflejos.com.ar\/2021\/#\/schema\/person\/image\/","url":"https:\/\/secure.gravatar.com\/avatar\/55cb5e37c1efa326397366e6974cb338056df65cb50e7d64d1cf314e87504837?s=96&d=mm&r=g","contentUrl":"https:\/\/secure.gravatar.com\/avatar\/55cb5e37c1efa326397366e6974cb338056df65cb50e7d64d1cf314e87504837?s=96&d=mm&r=g","caption":"Arnaldo Botto"},"url":"https:\/\/www.noticiasradioreflejos.com.ar\/2021\/author\/arnaldo\/"}]}},"_links":{"self":[{"href":"https:\/\/www.noticiasradioreflejos.com.ar\/2021\/wp-json\/wp\/v2\/posts\/131575","targetHints":{"allow":["GET"]}}],"collection":[{"href":"https:\/\/www.noticiasradioreflejos.com.ar\/2021\/wp-json\/wp\/v2\/posts"}],"about":[{"href":"https:\/\/www.noticiasradioreflejos.com.ar\/2021\/wp-json\/wp\/v2\/types\/post"}],"author":[{"embeddable":true,"href":"https:\/\/www.noticiasradioreflejos.com.ar\/2021\/wp-json\/wp\/v2\/users\/3"}],"replies":[{"embeddable":true,"href":"https:\/\/www.noticiasradioreflejos.com.ar\/2021\/wp-json\/wp\/v2\/comments?post=131575"}],"version-history":[{"count":2,"href":"https:\/\/www.noticiasradioreflejos.com.ar\/2021\/wp-json\/wp\/v2\/posts\/131575\/revisions"}],"predecessor-version":[{"id":131578,"href":"https:\/\/www.noticiasradioreflejos.com.ar\/2021\/wp-json\/wp\/v2\/posts\/131575\/revisions\/131578"}],"wp:featuredmedia":[{"embeddable":true,"href":"https:\/\/www.noticiasradioreflejos.com.ar\/2021\/wp-json\/wp\/v2\/media\/85724"}],"wp:attachment":[{"href":"https:\/\/www.noticiasradioreflejos.com.ar\/2021\/wp-json\/wp\/v2\/media?parent=131575"}],"wp:term":[{"taxonomy":"category","embeddable":true,"href":"https:\/\/www.noticiasradioreflejos.com.ar\/2021\/wp-json\/wp\/v2\/categories?post=131575"},{"taxonomy":"post_tag","embeddable":true,"href":"https:\/\/www.noticiasradioreflejos.com.ar\/2021\/wp-json\/wp\/v2\/tags?post=131575"}],"curies":[{"name":"wp","href":"https:\/\/api.w.org\/{rel}","templated":true}]}}