{"id":131573,"date":"2026-01-20T07:47:55","date_gmt":"2026-01-20T10:47:55","guid":{"rendered":"https:\/\/www.noticiasradioreflejos.com.ar\/2021\/?p=131573"},"modified":"2026-01-20T07:47:55","modified_gmt":"2026-01-20T10:47:55","slug":"dengue-asi-esta-la-situacion-epidemiologica-en-el-pais","status":"publish","type":"post","link":"https:\/\/www.noticiasradioreflejos.com.ar\/2021\/dengue-asi-esta-la-situacion-epidemiologica-en-el-pais\/","title":{"rendered":"Dengue: as\u00ed est\u00e1 la situaci\u00f3n epidemiol\u00f3gica en el pa\u00eds"},"content":{"rendered":"<p>Se confirm\u00f3 un nuevo caso en la provincia de Entre R\u00edos, con antecedente de viaje a Brasil.<!--more--><\/p>\n<div class=\"columns\" data-tadevel-template=\"web\/article-columns\">\n<div class=\"column-main\">\n<figure class=\"multimedia\" data-tadevel-template=\"web\/multimedia\" data-type=\"photo\">\n<div class=\"content\">\n<div class=\"sizer\" data-sizer=\"aspect-ratio\" data-tadevel-template=\"web\/aspect-ratio\"><\/div>\n<\/div><figcaption class=\"caption\"><\/figcaption><\/figure>\n<div class=\"article-body\" data-tadevel-template=\"web\/article-body\">\n<div class=\"article-body-content\">\n<p>\u00a0<strong>Un nuevo caso de dengue se confirm\u00f3 en la provincia de Entre R\u00edos, con antecedente de viaje a Brasil<\/strong>, el total de afectados por esta enfermedad asciende a 14, detect\u00e1ndose la circulaci\u00f3n de las cepas DENV 1, DENV 2 y DENV 3 y el 67% manifest\u00f3 antecedentes de viaje a Paraguay, M\u00e9xico, Indonesia, Brasil, Sri Lanka, Pakist\u00e1n y Cuba.<\/p>\n<p>As\u00ed lo indic\u00f3\u00a0<strong>un informe del Bolet\u00edn Epidemiol\u00f3gico Nacional (BEN)<\/strong><a href=\"https:\/\/es.wikipedia.org\/wiki\/Noticias_Argentinas\" target=\"_blank\" rel=\"noopener nofollow\"><strong>\u00a0<\/strong><\/a>en referencia a esta enfermedad viral transmitida por la picadura del mosquito Aedes aegypti el cual se caracteriza por ser de color negro con franjas blancas en sus patas y abdomen.<\/p>\n<p>Tras un per\u00edodo de incubaci\u00f3n de entre 4 y 10 d\u00edas, el dengue suele comenzar con<strong>\u00a0fiebre alta de aparici\u00f3n repentina, dolor de cabeza intenso, dolores musculares y articulares, molestias detr\u00e1s de los ojos, n\u00e1useas y malestar general.<\/strong><\/p>\n<p>En algunos casos, entre el tercer y el s\u00e9ptimo d\u00eda, puede presentarse una fase cr\u00edtica que coincide con la baja de la fiebre y aumenta el riesgo de complicaciones.<\/p>\n<p><i>\u201cEs fundamental reconocer los signos de alarma que requieren consulta m\u00e9dica inmediata, como dolor abdominal intenso y persistente, v\u00f3mitos reiterados, sangrados, somnolencia excesiva o irritabilidad marcada\u201d<\/i>, advirti\u00f3 la Dra. Valeria El Haj.<\/p>\n<p>Ante la sospecha de dengue,<strong>\u00a0los especialistas desaconsejan la automedicaci\u00f3n y alertan especialmente sobre el uso de antiinflamatorios<\/strong>\u00a0como ibuprofeno o \u00e1cido acetilsalic\u00edlico, ya que aumentan el riesgo de sangrado.<\/p>\n<p><i>\u201cNo existe un tratamiento antiviral espec\u00edfico para el dengue. El abordaje es sintom\u00e1tico y de soporte, con especial \u00e9nfasis en la hidrataci\u00f3n y el control cl\u00ednico. En los cuadros m\u00e1s graves puede ser necesaria la internaci\u00f3n y el monitoreo estrecho del paciente\u201d<\/i>, explic\u00f3 la directora m\u00e9dica nacional de Ospedyc.<\/p>\n<h3>Acciones que ayudan a frenar la circulaci\u00f3n del dengue<\/h3>\n<p><strong>El Aedes aegypti se reproduce en cualquier objeto que acumule agua limpia, incluso en peque\u00f1as cantidades<\/strong>, sus huevos pueden sobrevivir m\u00e1s de un a\u00f1o en condiciones adversas y eclosionar cuando vuelven a entrar en contacto con el agua, por lo que la eliminaci\u00f3n de criaderos debe realizarse de forma constante durante todo el a\u00f1o.<\/p>\n<p>Reducir recipientes con agua acumulada en hogares, patios y espacios comunes es la medida m\u00e1s eficaz para cortar el ciclo de transmisi\u00f3n.<\/p>\n<p><i>\u201cA nivel personal, el uso de repelentes es una herramienta central de protecci\u00f3n. Es importante conocer su concentraci\u00f3n, ya que de ella depende el tiempo de acci\u00f3n\u201d<\/i>, se\u00f1al\u00f3 El Haj, ya que, por ejemplo, un repelente con 10% de DEET protege entre 2 y 3 horas, mientras que uno con 25% puede alcanzar unas 6 horas de protecci\u00f3n.<\/p>\n<p>En cuanto a la prevenci\u00f3n mediante vacunaci\u00f3n,\u00a0<strong>en Argentina se encuentra disponible una vacuna contra el dengue para personas mayores de 4 a\u00f1os\u00a0<\/strong>que se aplica en dos dosis con un intervalo de tres meses y brinda protecci\u00f3n frente a los cuatro serotipos del virus.<\/p>\n<p>Aunque no forma parte del Calendario Nacional de Vacunaci\u00f3n, est\u00e1 disponible en el sector privado y en algunas jurisdicciones, por lo que se recomienda consultar con el m\u00e9dico para evaluar cada caso.<\/p>\n<p><i>\u201cLa prevenci\u00f3n del dengue requiere informaci\u00f3n clara, compromiso comunitario y acciones sostenidas. Es una responsabilidad compartida y la principal herramienta para reducir el impacto de la enfermedad\u201d<\/i>, concluy\u00f3 la m\u00e9dica.<\/p>\n<p>&nbsp;<\/p>\n<p><a href=\"https:\/\/noticiasargentinas.com\/-agenciana_t6916e70a4551e78eb9423f59\">Fuente: #AgenciaNA<\/a><\/p>\n<\/div>\n<\/div>\n<\/div>\n<\/div>\n","protected":false},"excerpt":{"rendered":"<p>Se confirm\u00f3 un nuevo caso en la provincia de Entre R\u00edos, con antecedente de viaje a Brasil.<\/p>\n","protected":false},"author":3,"featured_media":100432,"comment_status":"closed","ping_status":"closed","sticky":false,"template":"","format":"standard","meta":{"footnotes":""},"categories":[30],"tags":[],"class_list":["post-131573","post","type-post","status-publish","format-standard","has-post-thumbnail","hentry","category-salud"],"yoast_head":"<!-- This site is optimized with the Yoast SEO plugin v25.9 - https:\/\/yoast.com\/wordpress\/plugins\/seo\/ -->\n<title>Dengue: as\u00ed est\u00e1 la situaci\u00f3n epidemiol\u00f3gica en el pa\u00eds - Noticias Radio Reflejos<\/title>\n<meta name=\"robots\" content=\"index, follow, max-snippet:-1, max-image-preview:large, max-video-preview:-1\" \/>\n<link rel=\"canonical\" href=\"https:\/\/www.noticiasradioreflejos.com.ar\/2021\/dengue-asi-esta-la-situacion-epidemiologica-en-el-pais\/\" \/>\n<meta property=\"og:locale\" content=\"es_ES\" \/>\n<meta property=\"og:type\" content=\"article\" \/>\n<meta property=\"og:title\" content=\"Dengue: as\u00ed est\u00e1 la situaci\u00f3n epidemiol\u00f3gica en el pa\u00eds - Noticias Radio Reflejos\" \/>\n<meta property=\"og:description\" content=\"Se confirm\u00f3 un nuevo caso en la provincia de Entre R\u00edos, con antecedente de viaje a Brasil.\" \/>\n<meta property=\"og:url\" content=\"https:\/\/www.noticiasradioreflejos.com.ar\/2021\/dengue-asi-esta-la-situacion-epidemiologica-en-el-pais\/\" \/>\n<meta property=\"og:site_name\" content=\"Noticias Radio Reflejos\" \/>\n<meta property=\"article:published_time\" content=\"2026-01-20T10:47:55+00:00\" \/>\n<meta property=\"og:image\" content=\"https:\/\/www.noticiasradioreflejos.com.ar\/2021\/wp-content\/uploads\/2024\/03\/dengue.jpg\" \/>\n\t<meta property=\"og:image:width\" content=\"1200\" \/>\n\t<meta property=\"og:image:height\" content=\"674\" \/>\n\t<meta property=\"og:image:type\" content=\"image\/jpeg\" \/>\n<meta name=\"author\" content=\"Arnaldo Botto\" \/>\n<meta name=\"twitter:card\" content=\"summary_large_image\" \/>\n<script type=\"application\/ld+json\" class=\"yoast-schema-graph\">{\"@context\":\"https:\/\/schema.org\",\"@graph\":[{\"@type\":\"WebPage\",\"@id\":\"https:\/\/www.noticiasradioreflejos.com.ar\/2021\/dengue-asi-esta-la-situacion-epidemiologica-en-el-pais\/\",\"url\":\"https:\/\/www.noticiasradioreflejos.com.ar\/2021\/dengue-asi-esta-la-situacion-epidemiologica-en-el-pais\/\",\"name\":\"Dengue: as\u00ed est\u00e1 la situaci\u00f3n epidemiol\u00f3gica en el pa\u00eds - Noticias Radio Reflejos\",\"isPartOf\":{\"@id\":\"https:\/\/www.noticiasradioreflejos.com.ar\/2021\/#website\"},\"primaryImageOfPage\":{\"@id\":\"https:\/\/www.noticiasradioreflejos.com.ar\/2021\/dengue-asi-esta-la-situacion-epidemiologica-en-el-pais\/#primaryimage\"},\"image\":{\"@id\":\"https:\/\/www.noticiasradioreflejos.com.ar\/2021\/dengue-asi-esta-la-situacion-epidemiologica-en-el-pais\/#primaryimage\"},\"thumbnailUrl\":\"https:\/\/www.noticiasradioreflejos.com.ar\/2021\/wp-content\/uploads\/2024\/03\/dengue.jpg\",\"datePublished\":\"2026-01-20T10:47:55+00:00\",\"author\":{\"@id\":\"https:\/\/www.noticiasradioreflejos.com.ar\/2021\/#\/schema\/person\/ad82545263dcc5ec0996818884fd5fb1\"},\"breadcrumb\":{\"@id\":\"https:\/\/www.noticiasradioreflejos.com.ar\/2021\/dengue-asi-esta-la-situacion-epidemiologica-en-el-pais\/#breadcrumb\"},\"inLanguage\":\"es\",\"potentialAction\":[{\"@type\":\"ReadAction\",\"target\":[\"https:\/\/www.noticiasradioreflejos.com.ar\/2021\/dengue-asi-esta-la-situacion-epidemiologica-en-el-pais\/\"]}]},{\"@type\":\"ImageObject\",\"inLanguage\":\"es\",\"@id\":\"https:\/\/www.noticiasradioreflejos.com.ar\/2021\/dengue-asi-esta-la-situacion-epidemiologica-en-el-pais\/#primaryimage\",\"url\":\"https:\/\/www.noticiasradioreflejos.com.ar\/2021\/wp-content\/uploads\/2024\/03\/dengue.jpg\",\"contentUrl\":\"https:\/\/www.noticiasradioreflejos.com.ar\/2021\/wp-content\/uploads\/2024\/03\/dengue.jpg\",\"width\":1200,\"height\":674},{\"@type\":\"BreadcrumbList\",\"@id\":\"https:\/\/www.noticiasradioreflejos.com.ar\/2021\/dengue-asi-esta-la-situacion-epidemiologica-en-el-pais\/#breadcrumb\",\"itemListElement\":[{\"@type\":\"ListItem\",\"position\":1,\"name\":\"Portada\",\"item\":\"https:\/\/www.noticiasradioreflejos.com.ar\/2021\/\"},{\"@type\":\"ListItem\",\"position\":2,\"name\":\"Dengue: as\u00ed est\u00e1 la situaci\u00f3n epidemiol\u00f3gica en el pa\u00eds\"}]},{\"@type\":\"WebSite\",\"@id\":\"https:\/\/www.noticiasradioreflejos.com.ar\/2021\/#website\",\"url\":\"https:\/\/www.noticiasradioreflejos.com.ar\/2021\/\",\"name\":\"Noticias Radio Reflejos\",\"description\":\"Las noticias de mi comarca\",\"potentialAction\":[{\"@type\":\"SearchAction\",\"target\":{\"@type\":\"EntryPoint\",\"urlTemplate\":\"https:\/\/www.noticiasradioreflejos.com.ar\/2021\/?s={search_term_string}\"},\"query-input\":{\"@type\":\"PropertyValueSpecification\",\"valueRequired\":true,\"valueName\":\"search_term_string\"}}],\"inLanguage\":\"es\"},{\"@type\":\"Person\",\"@id\":\"https:\/\/www.noticiasradioreflejos.com.ar\/2021\/#\/schema\/person\/ad82545263dcc5ec0996818884fd5fb1\",\"name\":\"Arnaldo Botto\",\"image\":{\"@type\":\"ImageObject\",\"inLanguage\":\"es\",\"@id\":\"https:\/\/www.noticiasradioreflejos.com.ar\/2021\/#\/schema\/person\/image\/\",\"url\":\"https:\/\/secure.gravatar.com\/avatar\/55cb5e37c1efa326397366e6974cb338056df65cb50e7d64d1cf314e87504837?s=96&d=mm&r=g\",\"contentUrl\":\"https:\/\/secure.gravatar.com\/avatar\/55cb5e37c1efa326397366e6974cb338056df65cb50e7d64d1cf314e87504837?s=96&d=mm&r=g\",\"caption\":\"Arnaldo Botto\"},\"url\":\"https:\/\/www.noticiasradioreflejos.com.ar\/2021\/author\/arnaldo\/\"}]}<\/script>\n<!-- \/ Yoast SEO plugin. -->","yoast_head_json":{"title":"Dengue: as\u00ed est\u00e1 la situaci\u00f3n epidemiol\u00f3gica en el pa\u00eds - Noticias Radio Reflejos","robots":{"index":"index","follow":"follow","max-snippet":"max-snippet:-1","max-image-preview":"max-image-preview:large","max-video-preview":"max-video-preview:-1"},"canonical":"https:\/\/www.noticiasradioreflejos.com.ar\/2021\/dengue-asi-esta-la-situacion-epidemiologica-en-el-pais\/","og_locale":"es_ES","og_type":"article","og_title":"Dengue: as\u00ed est\u00e1 la situaci\u00f3n epidemiol\u00f3gica en el pa\u00eds - Noticias Radio Reflejos","og_description":"Se confirm\u00f3 un nuevo caso en la provincia de Entre R\u00edos, con antecedente de viaje a Brasil.","og_url":"https:\/\/www.noticiasradioreflejos.com.ar\/2021\/dengue-asi-esta-la-situacion-epidemiologica-en-el-pais\/","og_site_name":"Noticias Radio Reflejos","article_published_time":"2026-01-20T10:47:55+00:00","og_image":[{"width":1200,"height":674,"url":"https:\/\/www.noticiasradioreflejos.com.ar\/2021\/wp-content\/uploads\/2024\/03\/dengue.jpg","type":"image\/jpeg"}],"author":"Arnaldo Botto","twitter_card":"summary_large_image","schema":{"@context":"https:\/\/schema.org","@graph":[{"@type":"WebPage","@id":"https:\/\/www.noticiasradioreflejos.com.ar\/2021\/dengue-asi-esta-la-situacion-epidemiologica-en-el-pais\/","url":"https:\/\/www.noticiasradioreflejos.com.ar\/2021\/dengue-asi-esta-la-situacion-epidemiologica-en-el-pais\/","name":"Dengue: as\u00ed est\u00e1 la situaci\u00f3n epidemiol\u00f3gica en el pa\u00eds - Noticias Radio Reflejos","isPartOf":{"@id":"https:\/\/www.noticiasradioreflejos.com.ar\/2021\/#website"},"primaryImageOfPage":{"@id":"https:\/\/www.noticiasradioreflejos.com.ar\/2021\/dengue-asi-esta-la-situacion-epidemiologica-en-el-pais\/#primaryimage"},"image":{"@id":"https:\/\/www.noticiasradioreflejos.com.ar\/2021\/dengue-asi-esta-la-situacion-epidemiologica-en-el-pais\/#primaryimage"},"thumbnailUrl":"https:\/\/www.noticiasradioreflejos.com.ar\/2021\/wp-content\/uploads\/2024\/03\/dengue.jpg","datePublished":"2026-01-20T10:47:55+00:00","author":{"@id":"https:\/\/www.noticiasradioreflejos.com.ar\/2021\/#\/schema\/person\/ad82545263dcc5ec0996818884fd5fb1"},"breadcrumb":{"@id":"https:\/\/www.noticiasradioreflejos.com.ar\/2021\/dengue-asi-esta-la-situacion-epidemiologica-en-el-pais\/#breadcrumb"},"inLanguage":"es","potentialAction":[{"@type":"ReadAction","target":["https:\/\/www.noticiasradioreflejos.com.ar\/2021\/dengue-asi-esta-la-situacion-epidemiologica-en-el-pais\/"]}]},{"@type":"ImageObject","inLanguage":"es","@id":"https:\/\/www.noticiasradioreflejos.com.ar\/2021\/dengue-asi-esta-la-situacion-epidemiologica-en-el-pais\/#primaryimage","url":"https:\/\/www.noticiasradioreflejos.com.ar\/2021\/wp-content\/uploads\/2024\/03\/dengue.jpg","contentUrl":"https:\/\/www.noticiasradioreflejos.com.ar\/2021\/wp-content\/uploads\/2024\/03\/dengue.jpg","width":1200,"height":674},{"@type":"BreadcrumbList","@id":"https:\/\/www.noticiasradioreflejos.com.ar\/2021\/dengue-asi-esta-la-situacion-epidemiologica-en-el-pais\/#breadcrumb","itemListElement":[{"@type":"ListItem","position":1,"name":"Portada","item":"https:\/\/www.noticiasradioreflejos.com.ar\/2021\/"},{"@type":"ListItem","position":2,"name":"Dengue: as\u00ed est\u00e1 la situaci\u00f3n epidemiol\u00f3gica en el pa\u00eds"}]},{"@type":"WebSite","@id":"https:\/\/www.noticiasradioreflejos.com.ar\/2021\/#website","url":"https:\/\/www.noticiasradioreflejos.com.ar\/2021\/","name":"Noticias Radio Reflejos","description":"Las noticias de mi comarca","potentialAction":[{"@type":"SearchAction","target":{"@type":"EntryPoint","urlTemplate":"https:\/\/www.noticiasradioreflejos.com.ar\/2021\/?s={search_term_string}"},"query-input":{"@type":"PropertyValueSpecification","valueRequired":true,"valueName":"search_term_string"}}],"inLanguage":"es"},{"@type":"Person","@id":"https:\/\/www.noticiasradioreflejos.com.ar\/2021\/#\/schema\/person\/ad82545263dcc5ec0996818884fd5fb1","name":"Arnaldo Botto","image":{"@type":"ImageObject","inLanguage":"es","@id":"https:\/\/www.noticiasradioreflejos.com.ar\/2021\/#\/schema\/person\/image\/","url":"https:\/\/secure.gravatar.com\/avatar\/55cb5e37c1efa326397366e6974cb338056df65cb50e7d64d1cf314e87504837?s=96&d=mm&r=g","contentUrl":"https:\/\/secure.gravatar.com\/avatar\/55cb5e37c1efa326397366e6974cb338056df65cb50e7d64d1cf314e87504837?s=96&d=mm&r=g","caption":"Arnaldo Botto"},"url":"https:\/\/www.noticiasradioreflejos.com.ar\/2021\/author\/arnaldo\/"}]}},"_links":{"self":[{"href":"https:\/\/www.noticiasradioreflejos.com.ar\/2021\/wp-json\/wp\/v2\/posts\/131573","targetHints":{"allow":["GET"]}}],"collection":[{"href":"https:\/\/www.noticiasradioreflejos.com.ar\/2021\/wp-json\/wp\/v2\/posts"}],"about":[{"href":"https:\/\/www.noticiasradioreflejos.com.ar\/2021\/wp-json\/wp\/v2\/types\/post"}],"author":[{"embeddable":true,"href":"https:\/\/www.noticiasradioreflejos.com.ar\/2021\/wp-json\/wp\/v2\/users\/3"}],"replies":[{"embeddable":true,"href":"https:\/\/www.noticiasradioreflejos.com.ar\/2021\/wp-json\/wp\/v2\/comments?post=131573"}],"version-history":[{"count":1,"href":"https:\/\/www.noticiasradioreflejos.com.ar\/2021\/wp-json\/wp\/v2\/posts\/131573\/revisions"}],"predecessor-version":[{"id":131574,"href":"https:\/\/www.noticiasradioreflejos.com.ar\/2021\/wp-json\/wp\/v2\/posts\/131573\/revisions\/131574"}],"wp:featuredmedia":[{"embeddable":true,"href":"https:\/\/www.noticiasradioreflejos.com.ar\/2021\/wp-json\/wp\/v2\/media\/100432"}],"wp:attachment":[{"href":"https:\/\/www.noticiasradioreflejos.com.ar\/2021\/wp-json\/wp\/v2\/media?parent=131573"}],"wp:term":[{"taxonomy":"category","embeddable":true,"href":"https:\/\/www.noticiasradioreflejos.com.ar\/2021\/wp-json\/wp\/v2\/categories?post=131573"},{"taxonomy":"post_tag","embeddable":true,"href":"https:\/\/www.noticiasradioreflejos.com.ar\/2021\/wp-json\/wp\/v2\/tags?post=131573"}],"curies":[{"name":"wp","href":"https:\/\/api.w.org\/{rel}","templated":true}]}}