{"id":131571,"date":"2026-01-20T07:45:07","date_gmt":"2026-01-20T10:45:07","guid":{"rendered":"https:\/\/www.noticiasradioreflejos.com.ar\/2021\/?p=131571"},"modified":"2026-01-20T07:45:07","modified_gmt":"2026-01-20T10:45:07","slug":"politica-exterior-de-trump-aislamiento-de-eeuu-o-guerra-nuclear","status":"publish","type":"post","link":"https:\/\/www.noticiasradioreflejos.com.ar\/2021\/politica-exterior-de-trump-aislamiento-de-eeuu-o-guerra-nuclear\/","title":{"rendered":"POL\u00cdTICA EXTERIOR DE TRUMP: AISLAMIENTO DE EEUU O GUERRA NUCLEAR*"},"content":{"rendered":"<p><strong>Donald Trump implementa una pol\u00edtica exterior expansionista, seg\u00fan expertos de EEUU, es neo Guillermiana e indefectiblemente lleva al aislamiento y quiz\u00e1s a una guerra con consecuencias imprevisible para EEUU<\/strong><\/p>\n<p><!--more--><\/p>\n<p>En 1890 el Kaiser de Alemania Guillermo II decide destituir al canciller Otto von Bismarck para adoptar una expansi\u00f3n territorial a sangre y fuego, con el objeto de construir un Imperio m\u00e1s grande y ampliar la influencia alemana en el Mundo.<br \/>\nLa actitud del Kaiser, aunque llev\u00f3 tiempo, hizo que muchos pa\u00edses que no ten\u00edan las mejores relaciones, se junten para enfrentar el mal mayor que era Alemania.<br \/>\nLa pol\u00edtica exterior err\u00e1tica de Guillermo II llev\u00f3 a la primera guerra Mundial y al aislamiento y derrota alemana en 1917.<br \/>\nTrump viol\u00f3 reglas internacionales, para, en nombre del cartel de los soles y de la restauraci\u00f3n democr\u00e1tica, secuestrar al dictador Nicol\u00e1s Maduro de Venezuela, hoy la justicia Norteam\u00e9rica expresa que dicho cartel no existe y dejaron gobernando al chavismo despu\u00e9s de negociar la explotaci\u00f3n del petr\u00f3leo para empresas Norteam\u00e9ricas.<br \/>\nAhora en nombre de la seguridad de EEUU quiere anexar a Groenlandia, territorio que pertenece al Reino de Dinamarca y muy importante por sus riquezas minerales.<br \/>\nDinamarca tambi\u00e9n es miembro de la OTAN, alianza liderada por EEUU, esta ambici\u00f3n de Trump no s\u00f3lo viola reglas internacionales, sino tambi\u00e9n el Tratado de Washington de 1949 donde en su art\u00edculo 5 establece la defensa colectiva de los miembros de la OTAN.<br \/>\nTambi\u00e9n dijo que le gustar\u00eda que Canad\u00e1 sea un Estado m\u00e1s de EEUU.<br \/>\nTrump tambi\u00e9n se burl\u00f3, del presidente de Francia Emmanuel Macron, mostrando un gran desprecio por la diplomacia, haciendo abuso de su fuerza militar y su verborragia ordinaria.<br \/>\nEuropa no se hizo esperar, solidariz\u00e1ndose con Dinamarca y mandando tropas a Groenlandia, sino que el rearme que ven\u00edan desarrollando pensando en Rusia, hoy lo redireccionan pensando en EEUU, no son pocos los gobiernos europeos que en estos d\u00edas establecieron contactos con Vladimir Putin y con Xi Jinping presidentes de Rusia y China respectivamente, para poner un freno al proyecto imperial de Trump.<br \/>\nLa inteligencia europea est\u00e1 trabajando contra reloj para saber si este proyecto imperial esta circunscripto a Trump o podr\u00eda tener sucesores dentro de 3 a\u00f1os. De eso tambi\u00e9n depende como enfrentarlo.<br \/>\nSi bien muchos parlamentarios europeos sostienen que sus pa\u00edses tienen que salir de la OTAN, por ahora prima la prudencia, especulando que lo de Trump sea solo parte de los shows diarios que suele dar.<br \/>\nLa diferencia entre Guillermo II y Hitler con Trump es que este \u00faltimo posee armas nucleares y si se usar\u00e1n podr\u00eda ser el fin del mundo.<br \/>\nHoy el mundo, en mayor medida Occidente, asiste con espantosa temeridad, no solo a la locura de un supuesto l\u00edder como Trump, sino al quiebre de los valores que tanto cost\u00f3 conseguir para vivir en Democracia, (a la que los experimentos de derecha jaquean) y en paz a pesar de las dificultades.<br \/>\nPor si fuera poco, las nuevas tecnolog\u00edas se aplican m\u00e1s para dividir, en la puja armamentista, que para paliar la pobreza existente. La crisis de los misiles de 1962, fue sorteada por la existencia de l\u00edderes m\u00e1s humanos y con sentido com\u00fan. Ese equilibrio sin duda, se est\u00e1 rompiendo no s\u00f3lo por las locuras de Trump, sino por la desmedida puja por el control de los recursos a trav\u00e9s de modelos econ\u00f3micos que se inclinan en beneficiar a unos pocos, cuando las urgencias de la contaminaci\u00f3n, el cambio clim\u00e1tico, etc. imponen pol\u00edticas consensuadas que equilibren nuestro mundo, lo que, en rigor, deber\u00edan buscar las nuevas alianzas. Ese mundo que se asemeja al hundimiento del Titanic \u00a0mientras en la cubierta tocaba la orquesta.<\/p>\n<p>&nbsp;<\/p>\n<p><em>FABIO ABRAHAM<\/em><br \/>\n<em>Ex secretario de Gobierno<\/em><br \/>\n<em>Concejal UCR (MC) <\/em><br \/>\n<em>Lomas de Zamora<\/em><br \/>\n<em>fabioabraham@hotmail.com.ar<\/em><\/p>\n","protected":false},"excerpt":{"rendered":"<p>Donald Trump implementa una pol\u00edtica exterior expansionista, seg\u00fan expertos de EEUU, es neo Guillermiana e indefectiblemente lleva al aislamiento y quiz\u00e1s a una guerra con consecuencias imprevisible para EEUU<\/p>\n","protected":false},"author":3,"featured_media":131214,"comment_status":"closed","ping_status":"closed","sticky":false,"template":"","format":"standard","meta":{"footnotes":""},"categories":[24],"tags":[],"class_list":["post-131571","post","type-post","status-publish","format-standard","has-post-thumbnail","hentry","category-politica"],"yoast_head":"<!-- This site is optimized with the Yoast SEO plugin v25.9 - https:\/\/yoast.com\/wordpress\/plugins\/seo\/ -->\n<title>POL\u00cdTICA EXTERIOR DE TRUMP: AISLAMIENTO DE EEUU O GUERRA NUCLEAR* - Noticias Radio Reflejos<\/title>\n<meta name=\"robots\" content=\"index, follow, max-snippet:-1, max-image-preview:large, max-video-preview:-1\" \/>\n<link rel=\"canonical\" href=\"https:\/\/www.noticiasradioreflejos.com.ar\/2021\/politica-exterior-de-trump-aislamiento-de-eeuu-o-guerra-nuclear\/\" \/>\n<meta property=\"og:locale\" content=\"es_ES\" \/>\n<meta property=\"og:type\" content=\"article\" \/>\n<meta property=\"og:title\" content=\"POL\u00cdTICA EXTERIOR DE TRUMP: AISLAMIENTO DE EEUU O GUERRA NUCLEAR* - Noticias Radio Reflejos\" \/>\n<meta property=\"og:description\" content=\"Donald Trump implementa una pol\u00edtica exterior expansionista, seg\u00fan expertos de EEUU, es neo Guillermiana e indefectiblemente lleva al aislamiento y quiz\u00e1s a una guerra con consecuencias imprevisible para EEUU\" \/>\n<meta property=\"og:url\" content=\"https:\/\/www.noticiasradioreflejos.com.ar\/2021\/politica-exterior-de-trump-aislamiento-de-eeuu-o-guerra-nuclear\/\" \/>\n<meta property=\"og:site_name\" content=\"Noticias Radio Reflejos\" \/>\n<meta property=\"article:published_time\" content=\"2026-01-20T10:45:07+00:00\" \/>\n<meta property=\"og:image\" content=\"https:\/\/www.noticiasradioreflejos.com.ar\/2021\/wp-content\/uploads\/2026\/01\/nota-carta-opinion.png\" \/>\n\t<meta property=\"og:image:width\" content=\"1024\" \/>\n\t<meta property=\"og:image:height\" content=\"726\" \/>\n\t<meta property=\"og:image:type\" content=\"image\/png\" \/>\n<meta name=\"author\" content=\"Arnaldo Botto\" \/>\n<meta name=\"twitter:card\" content=\"summary_large_image\" \/>\n<script type=\"application\/ld+json\" class=\"yoast-schema-graph\">{\"@context\":\"https:\/\/schema.org\",\"@graph\":[{\"@type\":\"WebPage\",\"@id\":\"https:\/\/www.noticiasradioreflejos.com.ar\/2021\/politica-exterior-de-trump-aislamiento-de-eeuu-o-guerra-nuclear\/\",\"url\":\"https:\/\/www.noticiasradioreflejos.com.ar\/2021\/politica-exterior-de-trump-aislamiento-de-eeuu-o-guerra-nuclear\/\",\"name\":\"POL\u00cdTICA EXTERIOR DE TRUMP: AISLAMIENTO DE EEUU O GUERRA NUCLEAR* - Noticias Radio Reflejos\",\"isPartOf\":{\"@id\":\"https:\/\/www.noticiasradioreflejos.com.ar\/2021\/#website\"},\"primaryImageOfPage\":{\"@id\":\"https:\/\/www.noticiasradioreflejos.com.ar\/2021\/politica-exterior-de-trump-aislamiento-de-eeuu-o-guerra-nuclear\/#primaryimage\"},\"image\":{\"@id\":\"https:\/\/www.noticiasradioreflejos.com.ar\/2021\/politica-exterior-de-trump-aislamiento-de-eeuu-o-guerra-nuclear\/#primaryimage\"},\"thumbnailUrl\":\"https:\/\/www.noticiasradioreflejos.com.ar\/2021\/wp-content\/uploads\/2026\/01\/nota-carta-opinion.png\",\"datePublished\":\"2026-01-20T10:45:07+00:00\",\"author\":{\"@id\":\"https:\/\/www.noticiasradioreflejos.com.ar\/2021\/#\/schema\/person\/ad82545263dcc5ec0996818884fd5fb1\"},\"breadcrumb\":{\"@id\":\"https:\/\/www.noticiasradioreflejos.com.ar\/2021\/politica-exterior-de-trump-aislamiento-de-eeuu-o-guerra-nuclear\/#breadcrumb\"},\"inLanguage\":\"es\",\"potentialAction\":[{\"@type\":\"ReadAction\",\"target\":[\"https:\/\/www.noticiasradioreflejos.com.ar\/2021\/politica-exterior-de-trump-aislamiento-de-eeuu-o-guerra-nuclear\/\"]}]},{\"@type\":\"ImageObject\",\"inLanguage\":\"es\",\"@id\":\"https:\/\/www.noticiasradioreflejos.com.ar\/2021\/politica-exterior-de-trump-aislamiento-de-eeuu-o-guerra-nuclear\/#primaryimage\",\"url\":\"https:\/\/www.noticiasradioreflejos.com.ar\/2021\/wp-content\/uploads\/2026\/01\/nota-carta-opinion.png\",\"contentUrl\":\"https:\/\/www.noticiasradioreflejos.com.ar\/2021\/wp-content\/uploads\/2026\/01\/nota-carta-opinion.png\",\"width\":1024,\"height\":726},{\"@type\":\"BreadcrumbList\",\"@id\":\"https:\/\/www.noticiasradioreflejos.com.ar\/2021\/politica-exterior-de-trump-aislamiento-de-eeuu-o-guerra-nuclear\/#breadcrumb\",\"itemListElement\":[{\"@type\":\"ListItem\",\"position\":1,\"name\":\"Portada\",\"item\":\"https:\/\/www.noticiasradioreflejos.com.ar\/2021\/\"},{\"@type\":\"ListItem\",\"position\":2,\"name\":\"POL\u00cdTICA EXTERIOR DE TRUMP: AISLAMIENTO DE EEUU O GUERRA NUCLEAR*\"}]},{\"@type\":\"WebSite\",\"@id\":\"https:\/\/www.noticiasradioreflejos.com.ar\/2021\/#website\",\"url\":\"https:\/\/www.noticiasradioreflejos.com.ar\/2021\/\",\"name\":\"Noticias Radio Reflejos\",\"description\":\"Las noticias de mi comarca\",\"potentialAction\":[{\"@type\":\"SearchAction\",\"target\":{\"@type\":\"EntryPoint\",\"urlTemplate\":\"https:\/\/www.noticiasradioreflejos.com.ar\/2021\/?s={search_term_string}\"},\"query-input\":{\"@type\":\"PropertyValueSpecification\",\"valueRequired\":true,\"valueName\":\"search_term_string\"}}],\"inLanguage\":\"es\"},{\"@type\":\"Person\",\"@id\":\"https:\/\/www.noticiasradioreflejos.com.ar\/2021\/#\/schema\/person\/ad82545263dcc5ec0996818884fd5fb1\",\"name\":\"Arnaldo Botto\",\"image\":{\"@type\":\"ImageObject\",\"inLanguage\":\"es\",\"@id\":\"https:\/\/www.noticiasradioreflejos.com.ar\/2021\/#\/schema\/person\/image\/\",\"url\":\"https:\/\/secure.gravatar.com\/avatar\/55cb5e37c1efa326397366e6974cb338056df65cb50e7d64d1cf314e87504837?s=96&d=mm&r=g\",\"contentUrl\":\"https:\/\/secure.gravatar.com\/avatar\/55cb5e37c1efa326397366e6974cb338056df65cb50e7d64d1cf314e87504837?s=96&d=mm&r=g\",\"caption\":\"Arnaldo Botto\"},\"url\":\"https:\/\/www.noticiasradioreflejos.com.ar\/2021\/author\/arnaldo\/\"}]}<\/script>\n<!-- \/ Yoast SEO plugin. -->","yoast_head_json":{"title":"POL\u00cdTICA EXTERIOR DE TRUMP: AISLAMIENTO DE EEUU O GUERRA NUCLEAR* - Noticias Radio Reflejos","robots":{"index":"index","follow":"follow","max-snippet":"max-snippet:-1","max-image-preview":"max-image-preview:large","max-video-preview":"max-video-preview:-1"},"canonical":"https:\/\/www.noticiasradioreflejos.com.ar\/2021\/politica-exterior-de-trump-aislamiento-de-eeuu-o-guerra-nuclear\/","og_locale":"es_ES","og_type":"article","og_title":"POL\u00cdTICA EXTERIOR DE TRUMP: AISLAMIENTO DE EEUU O GUERRA NUCLEAR* - Noticias Radio Reflejos","og_description":"Donald Trump implementa una pol\u00edtica exterior expansionista, seg\u00fan expertos de EEUU, es neo Guillermiana e indefectiblemente lleva al aislamiento y quiz\u00e1s a una guerra con consecuencias imprevisible para EEUU","og_url":"https:\/\/www.noticiasradioreflejos.com.ar\/2021\/politica-exterior-de-trump-aislamiento-de-eeuu-o-guerra-nuclear\/","og_site_name":"Noticias Radio Reflejos","article_published_time":"2026-01-20T10:45:07+00:00","og_image":[{"width":1024,"height":726,"url":"https:\/\/www.noticiasradioreflejos.com.ar\/2021\/wp-content\/uploads\/2026\/01\/nota-carta-opinion.png","type":"image\/png"}],"author":"Arnaldo Botto","twitter_card":"summary_large_image","schema":{"@context":"https:\/\/schema.org","@graph":[{"@type":"WebPage","@id":"https:\/\/www.noticiasradioreflejos.com.ar\/2021\/politica-exterior-de-trump-aislamiento-de-eeuu-o-guerra-nuclear\/","url":"https:\/\/www.noticiasradioreflejos.com.ar\/2021\/politica-exterior-de-trump-aislamiento-de-eeuu-o-guerra-nuclear\/","name":"POL\u00cdTICA EXTERIOR DE TRUMP: AISLAMIENTO DE EEUU O GUERRA NUCLEAR* - Noticias Radio Reflejos","isPartOf":{"@id":"https:\/\/www.noticiasradioreflejos.com.ar\/2021\/#website"},"primaryImageOfPage":{"@id":"https:\/\/www.noticiasradioreflejos.com.ar\/2021\/politica-exterior-de-trump-aislamiento-de-eeuu-o-guerra-nuclear\/#primaryimage"},"image":{"@id":"https:\/\/www.noticiasradioreflejos.com.ar\/2021\/politica-exterior-de-trump-aislamiento-de-eeuu-o-guerra-nuclear\/#primaryimage"},"thumbnailUrl":"https:\/\/www.noticiasradioreflejos.com.ar\/2021\/wp-content\/uploads\/2026\/01\/nota-carta-opinion.png","datePublished":"2026-01-20T10:45:07+00:00","author":{"@id":"https:\/\/www.noticiasradioreflejos.com.ar\/2021\/#\/schema\/person\/ad82545263dcc5ec0996818884fd5fb1"},"breadcrumb":{"@id":"https:\/\/www.noticiasradioreflejos.com.ar\/2021\/politica-exterior-de-trump-aislamiento-de-eeuu-o-guerra-nuclear\/#breadcrumb"},"inLanguage":"es","potentialAction":[{"@type":"ReadAction","target":["https:\/\/www.noticiasradioreflejos.com.ar\/2021\/politica-exterior-de-trump-aislamiento-de-eeuu-o-guerra-nuclear\/"]}]},{"@type":"ImageObject","inLanguage":"es","@id":"https:\/\/www.noticiasradioreflejos.com.ar\/2021\/politica-exterior-de-trump-aislamiento-de-eeuu-o-guerra-nuclear\/#primaryimage","url":"https:\/\/www.noticiasradioreflejos.com.ar\/2021\/wp-content\/uploads\/2026\/01\/nota-carta-opinion.png","contentUrl":"https:\/\/www.noticiasradioreflejos.com.ar\/2021\/wp-content\/uploads\/2026\/01\/nota-carta-opinion.png","width":1024,"height":726},{"@type":"BreadcrumbList","@id":"https:\/\/www.noticiasradioreflejos.com.ar\/2021\/politica-exterior-de-trump-aislamiento-de-eeuu-o-guerra-nuclear\/#breadcrumb","itemListElement":[{"@type":"ListItem","position":1,"name":"Portada","item":"https:\/\/www.noticiasradioreflejos.com.ar\/2021\/"},{"@type":"ListItem","position":2,"name":"POL\u00cdTICA EXTERIOR DE TRUMP: AISLAMIENTO DE EEUU O GUERRA NUCLEAR*"}]},{"@type":"WebSite","@id":"https:\/\/www.noticiasradioreflejos.com.ar\/2021\/#website","url":"https:\/\/www.noticiasradioreflejos.com.ar\/2021\/","name":"Noticias Radio Reflejos","description":"Las noticias de mi comarca","potentialAction":[{"@type":"SearchAction","target":{"@type":"EntryPoint","urlTemplate":"https:\/\/www.noticiasradioreflejos.com.ar\/2021\/?s={search_term_string}"},"query-input":{"@type":"PropertyValueSpecification","valueRequired":true,"valueName":"search_term_string"}}],"inLanguage":"es"},{"@type":"Person","@id":"https:\/\/www.noticiasradioreflejos.com.ar\/2021\/#\/schema\/person\/ad82545263dcc5ec0996818884fd5fb1","name":"Arnaldo Botto","image":{"@type":"ImageObject","inLanguage":"es","@id":"https:\/\/www.noticiasradioreflejos.com.ar\/2021\/#\/schema\/person\/image\/","url":"https:\/\/secure.gravatar.com\/avatar\/55cb5e37c1efa326397366e6974cb338056df65cb50e7d64d1cf314e87504837?s=96&d=mm&r=g","contentUrl":"https:\/\/secure.gravatar.com\/avatar\/55cb5e37c1efa326397366e6974cb338056df65cb50e7d64d1cf314e87504837?s=96&d=mm&r=g","caption":"Arnaldo Botto"},"url":"https:\/\/www.noticiasradioreflejos.com.ar\/2021\/author\/arnaldo\/"}]}},"_links":{"self":[{"href":"https:\/\/www.noticiasradioreflejos.com.ar\/2021\/wp-json\/wp\/v2\/posts\/131571","targetHints":{"allow":["GET"]}}],"collection":[{"href":"https:\/\/www.noticiasradioreflejos.com.ar\/2021\/wp-json\/wp\/v2\/posts"}],"about":[{"href":"https:\/\/www.noticiasradioreflejos.com.ar\/2021\/wp-json\/wp\/v2\/types\/post"}],"author":[{"embeddable":true,"href":"https:\/\/www.noticiasradioreflejos.com.ar\/2021\/wp-json\/wp\/v2\/users\/3"}],"replies":[{"embeddable":true,"href":"https:\/\/www.noticiasradioreflejos.com.ar\/2021\/wp-json\/wp\/v2\/comments?post=131571"}],"version-history":[{"count":1,"href":"https:\/\/www.noticiasradioreflejos.com.ar\/2021\/wp-json\/wp\/v2\/posts\/131571\/revisions"}],"predecessor-version":[{"id":131572,"href":"https:\/\/www.noticiasradioreflejos.com.ar\/2021\/wp-json\/wp\/v2\/posts\/131571\/revisions\/131572"}],"wp:featuredmedia":[{"embeddable":true,"href":"https:\/\/www.noticiasradioreflejos.com.ar\/2021\/wp-json\/wp\/v2\/media\/131214"}],"wp:attachment":[{"href":"https:\/\/www.noticiasradioreflejos.com.ar\/2021\/wp-json\/wp\/v2\/media?parent=131571"}],"wp:term":[{"taxonomy":"category","embeddable":true,"href":"https:\/\/www.noticiasradioreflejos.com.ar\/2021\/wp-json\/wp\/v2\/categories?post=131571"},{"taxonomy":"post_tag","embeddable":true,"href":"https:\/\/www.noticiasradioreflejos.com.ar\/2021\/wp-json\/wp\/v2\/tags?post=131571"}],"curies":[{"name":"wp","href":"https:\/\/api.w.org\/{rel}","templated":true}]}}