{"id":13157,"date":"2017-08-05T18:50:15","date_gmt":"2017-08-05T21:50:15","guid":{"rendered":"http:\/\/www.noticiasradioreflejos.com.ar\/noticias\/?p=13157"},"modified":"2017-08-05T18:50:15","modified_gmt":"2017-08-05T21:50:15","slug":"detenidos-en-sierra-de-la-ventana-por-desorden-en-la-via-publica","status":"publish","type":"post","link":"https:\/\/www.noticiasradioreflejos.com.ar\/2021\/detenidos-en-sierra-de-la-ventana-por-desorden-en-la-via-publica\/","title":{"rendered":"Detenidos en Sierra de la Ventana por  desorden en la v\u00eda publica."},"content":{"rendered":"<p>La Subestaci\u00f3n de Polic\u00eda Comunal Sierra de la Ventana informa que en el marco de la Operatividad Nocturna, dispuesta por personal de esta Sub estaci\u00f3n de Polic\u00eda Comunal Sierra de la Ventana, en la madrugada del dia de la fecha, se procedi\u00f3 a la DETENCION de los ciudadanos<!--more--> RETAMAR GASTON, de 20 a\u00f1os, ESMOLI NAHUEL de 21 a\u00f1os de edad y NAVARRO GIANFRANCO de 19 a\u00f1os, todos domiciliados en la localidad de Saldungaray, quienes, al egreso del local bailable \u00abIndigo\u00bb, sita en calle San Mart\u00edn 230 de esta localidad, incitaban a otros masculinos a tomarse a golpes de pu\u00f1os, hall\u00e1ndose los tres masculinos, en un evidente estado de ebriedad, produciendo con su acci\u00f3n un gran desorden en la v\u00eda publica, razones por las cuales se labraron actuaciones por Infracci\u00f3n a los Art\u00edculos 35, 72 y 74 inciso \u00abA\u00bb de la Ley 8031, d\u00e1ndose intervenci\u00f3n al Sr. Juez de Paz de Tornquist, Dr. Francisco Frizza.-<br \/>\nSierra de la Ventana, Subestaci\u00f3n de Polic\u00eda Comunal, Agosto 05 de 2017.-<br \/>\nFIRMADO: Oficial Principal Gonzalo Matias Sandobal &#8211; Jefe Subestaci\u00f3n de Polic\u00eda Comunal Sierra de la Ventana.-<\/p>\n","protected":false},"excerpt":{"rendered":"<p>La Subestaci\u00f3n de Polic\u00eda Comunal Sierra de la Ventana informa que en el marco de la Operatividad Nocturna, dispuesta por personal de esta Sub estaci\u00f3n de Polic\u00eda Comunal Sierra de la Ventana, en la madrugada del dia de la fecha, se procedi\u00f3 a la DETENCION de los ciudadanos<\/p>\n","protected":false},"author":3,"featured_media":0,"comment_status":"closed","ping_status":"open","sticky":false,"template":"","format":"standard","meta":{"footnotes":""},"categories":[29],"tags":[],"class_list":["post-13157","post","type-post","status-publish","format-standard","hentry","category-policiales"],"yoast_head":"<!-- This site is optimized with the Yoast SEO plugin v25.9 - https:\/\/yoast.com\/wordpress\/plugins\/seo\/ -->\n<title>Detenidos en Sierra de la Ventana por desorden en la v\u00eda publica. - Noticias Radio Reflejos<\/title>\n<meta name=\"robots\" content=\"index, follow, max-snippet:-1, max-image-preview:large, max-video-preview:-1\" \/>\n<link rel=\"canonical\" href=\"https:\/\/www.noticiasradioreflejos.com.ar\/2021\/detenidos-en-sierra-de-la-ventana-por-desorden-en-la-via-publica\/\" \/>\n<meta property=\"og:locale\" content=\"es_ES\" \/>\n<meta property=\"og:type\" content=\"article\" \/>\n<meta property=\"og:title\" content=\"Detenidos en Sierra de la Ventana por desorden en la v\u00eda publica. - Noticias Radio Reflejos\" \/>\n<meta property=\"og:description\" content=\"La Subestaci\u00f3n de Polic\u00eda Comunal Sierra de la Ventana informa que en el marco de la Operatividad Nocturna, dispuesta por personal de esta Sub estaci\u00f3n de Polic\u00eda Comunal Sierra de la Ventana, en la madrugada del dia de la fecha, se procedi\u00f3 a la DETENCION de los ciudadanos\" \/>\n<meta property=\"og:url\" content=\"https:\/\/www.noticiasradioreflejos.com.ar\/2021\/detenidos-en-sierra-de-la-ventana-por-desorden-en-la-via-publica\/\" \/>\n<meta property=\"og:site_name\" content=\"Noticias Radio Reflejos\" \/>\n<meta property=\"article:published_time\" content=\"2017-08-05T21:50:15+00:00\" \/>\n<meta property=\"og:image\" content=\"https:\/\/www.noticiasradioreflejos.com.ar\/2021\/wp-content\/uploads\/2021\/07\/logosol300x200.png\" \/>\n\t<meta property=\"og:image:width\" content=\"300\" \/>\n\t<meta property=\"og:image:height\" content=\"200\" \/>\n\t<meta property=\"og:image:type\" content=\"image\/png\" \/>\n<meta name=\"author\" content=\"Arnaldo Botto\" \/>\n<meta name=\"twitter:card\" content=\"summary_large_image\" \/>\n<script type=\"application\/ld+json\" class=\"yoast-schema-graph\">{\"@context\":\"https:\/\/schema.org\",\"@graph\":[{\"@type\":\"WebPage\",\"@id\":\"https:\/\/www.noticiasradioreflejos.com.ar\/2021\/detenidos-en-sierra-de-la-ventana-por-desorden-en-la-via-publica\/\",\"url\":\"https:\/\/www.noticiasradioreflejos.com.ar\/2021\/detenidos-en-sierra-de-la-ventana-por-desorden-en-la-via-publica\/\",\"name\":\"Detenidos en Sierra de la Ventana por desorden en la v\u00eda publica. - Noticias Radio Reflejos\",\"isPartOf\":{\"@id\":\"https:\/\/www.noticiasradioreflejos.com.ar\/2021\/#website\"},\"datePublished\":\"2017-08-05T21:50:15+00:00\",\"author\":{\"@id\":\"https:\/\/www.noticiasradioreflejos.com.ar\/2021\/#\/schema\/person\/ad82545263dcc5ec0996818884fd5fb1\"},\"breadcrumb\":{\"@id\":\"https:\/\/www.noticiasradioreflejos.com.ar\/2021\/detenidos-en-sierra-de-la-ventana-por-desorden-en-la-via-publica\/#breadcrumb\"},\"inLanguage\":\"es\",\"potentialAction\":[{\"@type\":\"ReadAction\",\"target\":[\"https:\/\/www.noticiasradioreflejos.com.ar\/2021\/detenidos-en-sierra-de-la-ventana-por-desorden-en-la-via-publica\/\"]}]},{\"@type\":\"BreadcrumbList\",\"@id\":\"https:\/\/www.noticiasradioreflejos.com.ar\/2021\/detenidos-en-sierra-de-la-ventana-por-desorden-en-la-via-publica\/#breadcrumb\",\"itemListElement\":[{\"@type\":\"ListItem\",\"position\":1,\"name\":\"Portada\",\"item\":\"https:\/\/www.noticiasradioreflejos.com.ar\/2021\/\"},{\"@type\":\"ListItem\",\"position\":2,\"name\":\"Detenidos en Sierra de la Ventana por desorden en la v\u00eda publica.\"}]},{\"@type\":\"WebSite\",\"@id\":\"https:\/\/www.noticiasradioreflejos.com.ar\/2021\/#website\",\"url\":\"https:\/\/www.noticiasradioreflejos.com.ar\/2021\/\",\"name\":\"Noticias Radio Reflejos\",\"description\":\"Las noticias de mi comarca\",\"potentialAction\":[{\"@type\":\"SearchAction\",\"target\":{\"@type\":\"EntryPoint\",\"urlTemplate\":\"https:\/\/www.noticiasradioreflejos.com.ar\/2021\/?s={search_term_string}\"},\"query-input\":{\"@type\":\"PropertyValueSpecification\",\"valueRequired\":true,\"valueName\":\"search_term_string\"}}],\"inLanguage\":\"es\"},{\"@type\":\"Person\",\"@id\":\"https:\/\/www.noticiasradioreflejos.com.ar\/2021\/#\/schema\/person\/ad82545263dcc5ec0996818884fd5fb1\",\"name\":\"Arnaldo Botto\",\"image\":{\"@type\":\"ImageObject\",\"inLanguage\":\"es\",\"@id\":\"https:\/\/www.noticiasradioreflejos.com.ar\/2021\/#\/schema\/person\/image\/\",\"url\":\"https:\/\/secure.gravatar.com\/avatar\/55cb5e37c1efa326397366e6974cb338056df65cb50e7d64d1cf314e87504837?s=96&d=mm&r=g\",\"contentUrl\":\"https:\/\/secure.gravatar.com\/avatar\/55cb5e37c1efa326397366e6974cb338056df65cb50e7d64d1cf314e87504837?s=96&d=mm&r=g\",\"caption\":\"Arnaldo Botto\"},\"url\":\"https:\/\/www.noticiasradioreflejos.com.ar\/2021\/author\/arnaldo\/\"}]}<\/script>\n<!-- \/ Yoast SEO plugin. -->","yoast_head_json":{"title":"Detenidos en Sierra de la Ventana por desorden en la v\u00eda publica. - Noticias Radio Reflejos","robots":{"index":"index","follow":"follow","max-snippet":"max-snippet:-1","max-image-preview":"max-image-preview:large","max-video-preview":"max-video-preview:-1"},"canonical":"https:\/\/www.noticiasradioreflejos.com.ar\/2021\/detenidos-en-sierra-de-la-ventana-por-desorden-en-la-via-publica\/","og_locale":"es_ES","og_type":"article","og_title":"Detenidos en Sierra de la Ventana por desorden en la v\u00eda publica. - Noticias Radio Reflejos","og_description":"La Subestaci\u00f3n de Polic\u00eda Comunal Sierra de la Ventana informa que en el marco de la Operatividad Nocturna, dispuesta por personal de esta Sub estaci\u00f3n de Polic\u00eda Comunal Sierra de la Ventana, en la madrugada del dia de la fecha, se procedi\u00f3 a la DETENCION de los ciudadanos","og_url":"https:\/\/www.noticiasradioreflejos.com.ar\/2021\/detenidos-en-sierra-de-la-ventana-por-desorden-en-la-via-publica\/","og_site_name":"Noticias Radio Reflejos","article_published_time":"2017-08-05T21:50:15+00:00","og_image":[{"width":300,"height":200,"url":"https:\/\/www.noticiasradioreflejos.com.ar\/2021\/wp-content\/uploads\/2021\/07\/logosol300x200.png","type":"image\/png"}],"author":"Arnaldo Botto","twitter_card":"summary_large_image","schema":{"@context":"https:\/\/schema.org","@graph":[{"@type":"WebPage","@id":"https:\/\/www.noticiasradioreflejos.com.ar\/2021\/detenidos-en-sierra-de-la-ventana-por-desorden-en-la-via-publica\/","url":"https:\/\/www.noticiasradioreflejos.com.ar\/2021\/detenidos-en-sierra-de-la-ventana-por-desorden-en-la-via-publica\/","name":"Detenidos en Sierra de la Ventana por desorden en la v\u00eda publica. - Noticias Radio Reflejos","isPartOf":{"@id":"https:\/\/www.noticiasradioreflejos.com.ar\/2021\/#website"},"datePublished":"2017-08-05T21:50:15+00:00","author":{"@id":"https:\/\/www.noticiasradioreflejos.com.ar\/2021\/#\/schema\/person\/ad82545263dcc5ec0996818884fd5fb1"},"breadcrumb":{"@id":"https:\/\/www.noticiasradioreflejos.com.ar\/2021\/detenidos-en-sierra-de-la-ventana-por-desorden-en-la-via-publica\/#breadcrumb"},"inLanguage":"es","potentialAction":[{"@type":"ReadAction","target":["https:\/\/www.noticiasradioreflejos.com.ar\/2021\/detenidos-en-sierra-de-la-ventana-por-desorden-en-la-via-publica\/"]}]},{"@type":"BreadcrumbList","@id":"https:\/\/www.noticiasradioreflejos.com.ar\/2021\/detenidos-en-sierra-de-la-ventana-por-desorden-en-la-via-publica\/#breadcrumb","itemListElement":[{"@type":"ListItem","position":1,"name":"Portada","item":"https:\/\/www.noticiasradioreflejos.com.ar\/2021\/"},{"@type":"ListItem","position":2,"name":"Detenidos en Sierra de la Ventana por desorden en la v\u00eda publica."}]},{"@type":"WebSite","@id":"https:\/\/www.noticiasradioreflejos.com.ar\/2021\/#website","url":"https:\/\/www.noticiasradioreflejos.com.ar\/2021\/","name":"Noticias Radio Reflejos","description":"Las noticias de mi comarca","potentialAction":[{"@type":"SearchAction","target":{"@type":"EntryPoint","urlTemplate":"https:\/\/www.noticiasradioreflejos.com.ar\/2021\/?s={search_term_string}"},"query-input":{"@type":"PropertyValueSpecification","valueRequired":true,"valueName":"search_term_string"}}],"inLanguage":"es"},{"@type":"Person","@id":"https:\/\/www.noticiasradioreflejos.com.ar\/2021\/#\/schema\/person\/ad82545263dcc5ec0996818884fd5fb1","name":"Arnaldo Botto","image":{"@type":"ImageObject","inLanguage":"es","@id":"https:\/\/www.noticiasradioreflejos.com.ar\/2021\/#\/schema\/person\/image\/","url":"https:\/\/secure.gravatar.com\/avatar\/55cb5e37c1efa326397366e6974cb338056df65cb50e7d64d1cf314e87504837?s=96&d=mm&r=g","contentUrl":"https:\/\/secure.gravatar.com\/avatar\/55cb5e37c1efa326397366e6974cb338056df65cb50e7d64d1cf314e87504837?s=96&d=mm&r=g","caption":"Arnaldo Botto"},"url":"https:\/\/www.noticiasradioreflejos.com.ar\/2021\/author\/arnaldo\/"}]}},"_links":{"self":[{"href":"https:\/\/www.noticiasradioreflejos.com.ar\/2021\/wp-json\/wp\/v2\/posts\/13157","targetHints":{"allow":["GET"]}}],"collection":[{"href":"https:\/\/www.noticiasradioreflejos.com.ar\/2021\/wp-json\/wp\/v2\/posts"}],"about":[{"href":"https:\/\/www.noticiasradioreflejos.com.ar\/2021\/wp-json\/wp\/v2\/types\/post"}],"author":[{"embeddable":true,"href":"https:\/\/www.noticiasradioreflejos.com.ar\/2021\/wp-json\/wp\/v2\/users\/3"}],"replies":[{"embeddable":true,"href":"https:\/\/www.noticiasradioreflejos.com.ar\/2021\/wp-json\/wp\/v2\/comments?post=13157"}],"version-history":[{"count":0,"href":"https:\/\/www.noticiasradioreflejos.com.ar\/2021\/wp-json\/wp\/v2\/posts\/13157\/revisions"}],"wp:attachment":[{"href":"https:\/\/www.noticiasradioreflejos.com.ar\/2021\/wp-json\/wp\/v2\/media?parent=13157"}],"wp:term":[{"taxonomy":"category","embeddable":true,"href":"https:\/\/www.noticiasradioreflejos.com.ar\/2021\/wp-json\/wp\/v2\/categories?post=13157"},{"taxonomy":"post_tag","embeddable":true,"href":"https:\/\/www.noticiasradioreflejos.com.ar\/2021\/wp-json\/wp\/v2\/tags?post=13157"}],"curies":[{"name":"wp","href":"https:\/\/api.w.org\/{rel}","templated":true}]}}