{"id":131566,"date":"2026-01-20T07:09:25","date_gmt":"2026-01-20T10:09:25","guid":{"rendered":"https:\/\/www.noticiasradioreflejos.com.ar\/2021\/?p=131566"},"modified":"2026-01-20T07:09:26","modified_gmt":"2026-01-20T10:09:26","slug":"alerta-sanitaria-en-argentina-los-casos-de-sifilis-aumentaron-un-71-y-marcan-un-record-historico","status":"publish","type":"post","link":"https:\/\/www.noticiasradioreflejos.com.ar\/2021\/alerta-sanitaria-en-argentina-los-casos-de-sifilis-aumentaron-un-71-y-marcan-un-record-historico\/","title":{"rendered":"Alerta sanitaria en Argentina: los casos de s\u00edfilis aumentaron un 71% y marcan un r\u00e9cord hist\u00f3rico"},"content":{"rendered":"<p data-path-to-node=\"5\">El Ministerio de Salud de la Naci\u00f3n, a trav\u00e9s de su \u00faltimo Bolet\u00edn Epidemiol\u00f3gico Nacional (correspondiente a la semana del 28 de diciembre al 3 de enero), ha confirmado un aumento cr\u00edtico en los casos de s\u00edfilis en todo el territorio argentino. Durante el ciclo 2025, se consolid\u00f3 una tendencia que preocupa a la comunidad m\u00e9dica, superando ampliamente todos los registros hist\u00f3ricos recientes.<!--more--><\/p>\n<p data-path-to-node=\"6\">De acuerdo con los datos oficiales, en el acumulado de las semanas epidemiol\u00f3gicas 1 a 53 de 2025, se confirmaron <b data-path-to-node=\"6\" data-index-in-node=\"114\">46.613 casos<\/b> en la poblaci\u00f3n general. Esta cifra representa un salto alarmante frente a la mediana del per\u00edodo 2020-2024, que se situaba en 27.232 casos. El incremento real es de <b data-path-to-node=\"6\" data-index-in-node=\"293\">19.381 contagios adicionales<\/b>, lo que equivale a un <b data-path-to-node=\"6\" data-index-in-node=\"344\">aumento del 71%<\/b> respecto al promedio de los \u00faltimos cinco a\u00f1os.<\/p>\n<h3 data-path-to-node=\"7\">Preocupaci\u00f3n por la transmisi\u00f3n vertical<\/h3>\n<p data-path-to-node=\"8\">El fen\u00f3meno tambi\u00e9n presenta cifras cr\u00edticas en el grupo de <b data-path-to-node=\"8\" data-index-in-node=\"60\">personas embarazadas<\/b>. El bolet\u00edn report\u00f3 un acumulado de <b data-path-to-node=\"8\" data-index-in-node=\"117\">11.261 casos<\/b> confirmados en 2025, lo que significa un crecimiento del <b data-path-to-node=\"8\" data-index-in-node=\"187\">15%<\/b> en comparaci\u00f3n con la mediana hist\u00f3rica de 9.821 casos registrados entre 2020 y 2024. Este dato es especialmente sensible para el sistema de salud debido al riesgo de transmisi\u00f3n al feto, que puede derivar en s\u00edfilis cong\u00e9nita.<\/p>\n<p data-path-to-node=\"8\"><a href=\"https:\/\/www.noticiasradioreflejos.com.ar\/2021\/alerta-sanitaria-en-argentina-los-casos-de-sifilis-aumentaron-un-71-y-marcan-un-record-historico\/sifilis\/\" rel=\"attachment wp-att-131568\"><img loading=\"lazy\" decoding=\"async\" class=\"aligncenter size-full wp-image-131568\" src=\"https:\/\/www.noticiasradioreflejos.com.ar\/2021\/wp-content\/uploads\/2026\/01\/sifilis.jpg\" alt=\"\" width=\"1200\" height=\"675\" srcset=\"https:\/\/www.noticiasradioreflejos.com.ar\/2021\/wp-content\/uploads\/2026\/01\/sifilis.jpg 1200w, https:\/\/www.noticiasradioreflejos.com.ar\/2021\/wp-content\/uploads\/2026\/01\/sifilis-300x169.jpg 300w, https:\/\/www.noticiasradioreflejos.com.ar\/2021\/wp-content\/uploads\/2026\/01\/sifilis-1024x576.jpg 1024w, https:\/\/www.noticiasradioreflejos.com.ar\/2021\/wp-content\/uploads\/2026\/01\/sifilis-768x432.jpg 768w, https:\/\/www.noticiasradioreflejos.com.ar\/2021\/wp-content\/uploads\/2026\/01\/sifilis-750x422.jpg 750w, https:\/\/www.noticiasradioreflejos.com.ar\/2021\/wp-content\/uploads\/2026\/01\/sifilis-1140x641.jpg 1140w\" sizes=\"auto, (max-width: 1200px) 100vw, 1200px\" \/><\/a><\/p>\n<h3 data-path-to-node=\"9\">Puntos fundamentales para la poblaci\u00f3n:<\/h3>\n<ul data-path-to-node=\"10\">\n<li>\n<p data-path-to-node=\"10,0,0\"><b data-path-to-node=\"10,0,0\" data-index-in-node=\"0\">Detecci\u00f3n temprana:<\/b> La s\u00edfilis es una infecci\u00f3n de transmisi\u00f3n sexual (ITS) producida por la bacteria <i data-path-to-node=\"10,0,0\" data-index-in-node=\"102\">Treponema pallidum<\/i>. Se detecta mediante un an\u00e1lisis de sangre (VDRL) o test r\u00e1pidos, que son gratuitos en hospitales p\u00fablicos.<\/p>\n<\/li>\n<li>\n<p data-path-to-node=\"10,1,0\"><b data-path-to-node=\"10,1,0\" data-index-in-node=\"0\">Tratamiento efectivo:<\/b> La infecci\u00f3n es curable con penicilina. Es fundamental que el tratamiento sea realizado por la persona diagnosticada y sus parejas sexuales para evitar la reinfecci\u00f3n.<\/p>\n<\/li>\n<li>\n<p data-path-to-node=\"10,2,0\"><b data-path-to-node=\"10,2,0\" data-index-in-node=\"0\">Prevenci\u00f3n:<\/b> El uso del preservativo y el campo de l\u00e1tex en todas las relaciones sexuales (orales, vaginales y anales) sigue siendo el m\u00e9todo m\u00e1s eficaz de prevenci\u00f3n.<\/p>\n<\/li>\n<li>\n<p data-path-to-node=\"10,3,0\"><b data-path-to-node=\"10,3,0\" data-index-in-node=\"0\">Controles en el embarazo:<\/b> Se recomienda realizar testeos en los tres trimestres de la gestaci\u00f3n para proteger la salud del beb\u00e9.<\/p>\n<\/li>\n<\/ul>\n<p data-path-to-node=\"11\">Los especialistas advierten que, si bien las lesiones iniciales (como el chancro) pueden desaparecer solas, la infecci\u00f3n permanece en el cuerpo y puede afectar \u00f3rganos internos a\u00f1os despu\u00e9s si no se trata adecuadamente.<\/p>\n","protected":false},"excerpt":{"rendered":"<p>El Ministerio de Salud de la Naci\u00f3n, a trav\u00e9s de su \u00faltimo Bolet\u00edn Epidemiol\u00f3gico Nacional (correspondiente a la semana del 28 de diciembre al 3 de enero), ha confirmado un aumento cr\u00edtico en los casos de s\u00edfilis en todo el territorio argentino. Durante el ciclo 2025, se consolid\u00f3 una tendencia que preocupa a la comunidad [&hellip;]<\/p>\n","protected":false},"author":3,"featured_media":131567,"comment_status":"closed","ping_status":"closed","sticky":false,"template":"","format":"standard","meta":{"footnotes":""},"categories":[30,26],"tags":[],"class_list":["post-131566","post","type-post","status-publish","format-standard","has-post-thumbnail","hentry","category-salud","category-sociedad"],"yoast_head":"<!-- This site is optimized with the Yoast SEO plugin v25.9 - https:\/\/yoast.com\/wordpress\/plugins\/seo\/ -->\n<title>Alerta sanitaria en Argentina: los casos de s\u00edfilis aumentaron un 71% y marcan un r\u00e9cord hist\u00f3rico - Noticias Radio Reflejos<\/title>\n<meta name=\"robots\" content=\"index, follow, max-snippet:-1, max-image-preview:large, max-video-preview:-1\" \/>\n<link rel=\"canonical\" href=\"https:\/\/www.noticiasradioreflejos.com.ar\/2021\/alerta-sanitaria-en-argentina-los-casos-de-sifilis-aumentaron-un-71-y-marcan-un-record-historico\/\" \/>\n<meta property=\"og:locale\" content=\"es_ES\" \/>\n<meta property=\"og:type\" content=\"article\" \/>\n<meta property=\"og:title\" content=\"Alerta sanitaria en Argentina: los casos de s\u00edfilis aumentaron un 71% y marcan un r\u00e9cord hist\u00f3rico - Noticias Radio Reflejos\" \/>\n<meta property=\"og:description\" content=\"El Ministerio de Salud de la Naci\u00f3n, a trav\u00e9s de su \u00faltimo Bolet\u00edn Epidemiol\u00f3gico Nacional (correspondiente a la semana del 28 de diciembre al 3 de enero), ha confirmado un aumento cr\u00edtico en los casos de s\u00edfilis en todo el territorio argentino. Durante el ciclo 2025, se consolid\u00f3 una tendencia que preocupa a la comunidad [&hellip;]\" \/>\n<meta property=\"og:url\" content=\"https:\/\/www.noticiasradioreflejos.com.ar\/2021\/alerta-sanitaria-en-argentina-los-casos-de-sifilis-aumentaron-un-71-y-marcan-un-record-historico\/\" \/>\n<meta property=\"og:site_name\" content=\"Noticias Radio Reflejos\" \/>\n<meta property=\"article:published_time\" content=\"2026-01-20T10:09:25+00:00\" \/>\n<meta property=\"article:modified_time\" content=\"2026-01-20T10:09:26+00:00\" \/>\n<meta property=\"og:image\" content=\"https:\/\/www.noticiasradioreflejos.com.ar\/2021\/wp-content\/uploads\/2026\/01\/580f7782-2e0c-46b8-8d08-339d20083c81.jpeg\" \/>\n\t<meta property=\"og:image:width\" content=\"1625\" \/>\n\t<meta property=\"og:image:height\" content=\"715\" \/>\n\t<meta property=\"og:image:type\" content=\"image\/jpeg\" \/>\n<meta name=\"author\" content=\"Arnaldo Botto\" \/>\n<meta name=\"twitter:card\" content=\"summary_large_image\" \/>\n<script type=\"application\/ld+json\" class=\"yoast-schema-graph\">{\"@context\":\"https:\/\/schema.org\",\"@graph\":[{\"@type\":\"WebPage\",\"@id\":\"https:\/\/www.noticiasradioreflejos.com.ar\/2021\/alerta-sanitaria-en-argentina-los-casos-de-sifilis-aumentaron-un-71-y-marcan-un-record-historico\/\",\"url\":\"https:\/\/www.noticiasradioreflejos.com.ar\/2021\/alerta-sanitaria-en-argentina-los-casos-de-sifilis-aumentaron-un-71-y-marcan-un-record-historico\/\",\"name\":\"Alerta sanitaria en Argentina: los casos de s\u00edfilis aumentaron un 71% y marcan un r\u00e9cord hist\u00f3rico - Noticias Radio Reflejos\",\"isPartOf\":{\"@id\":\"https:\/\/www.noticiasradioreflejos.com.ar\/2021\/#website\"},\"primaryImageOfPage\":{\"@id\":\"https:\/\/www.noticiasradioreflejos.com.ar\/2021\/alerta-sanitaria-en-argentina-los-casos-de-sifilis-aumentaron-un-71-y-marcan-un-record-historico\/#primaryimage\"},\"image\":{\"@id\":\"https:\/\/www.noticiasradioreflejos.com.ar\/2021\/alerta-sanitaria-en-argentina-los-casos-de-sifilis-aumentaron-un-71-y-marcan-un-record-historico\/#primaryimage\"},\"thumbnailUrl\":\"https:\/\/www.noticiasradioreflejos.com.ar\/2021\/wp-content\/uploads\/2026\/01\/580f7782-2e0c-46b8-8d08-339d20083c81.jpeg\",\"datePublished\":\"2026-01-20T10:09:25+00:00\",\"dateModified\":\"2026-01-20T10:09:26+00:00\",\"author\":{\"@id\":\"https:\/\/www.noticiasradioreflejos.com.ar\/2021\/#\/schema\/person\/ad82545263dcc5ec0996818884fd5fb1\"},\"breadcrumb\":{\"@id\":\"https:\/\/www.noticiasradioreflejos.com.ar\/2021\/alerta-sanitaria-en-argentina-los-casos-de-sifilis-aumentaron-un-71-y-marcan-un-record-historico\/#breadcrumb\"},\"inLanguage\":\"es\",\"potentialAction\":[{\"@type\":\"ReadAction\",\"target\":[\"https:\/\/www.noticiasradioreflejos.com.ar\/2021\/alerta-sanitaria-en-argentina-los-casos-de-sifilis-aumentaron-un-71-y-marcan-un-record-historico\/\"]}]},{\"@type\":\"ImageObject\",\"inLanguage\":\"es\",\"@id\":\"https:\/\/www.noticiasradioreflejos.com.ar\/2021\/alerta-sanitaria-en-argentina-los-casos-de-sifilis-aumentaron-un-71-y-marcan-un-record-historico\/#primaryimage\",\"url\":\"https:\/\/www.noticiasradioreflejos.com.ar\/2021\/wp-content\/uploads\/2026\/01\/580f7782-2e0c-46b8-8d08-339d20083c81.jpeg\",\"contentUrl\":\"https:\/\/www.noticiasradioreflejos.com.ar\/2021\/wp-content\/uploads\/2026\/01\/580f7782-2e0c-46b8-8d08-339d20083c81.jpeg\",\"width\":1625,\"height\":715},{\"@type\":\"BreadcrumbList\",\"@id\":\"https:\/\/www.noticiasradioreflejos.com.ar\/2021\/alerta-sanitaria-en-argentina-los-casos-de-sifilis-aumentaron-un-71-y-marcan-un-record-historico\/#breadcrumb\",\"itemListElement\":[{\"@type\":\"ListItem\",\"position\":1,\"name\":\"Portada\",\"item\":\"https:\/\/www.noticiasradioreflejos.com.ar\/2021\/\"},{\"@type\":\"ListItem\",\"position\":2,\"name\":\"Alerta sanitaria en Argentina: los casos de s\u00edfilis aumentaron un 71% y marcan un r\u00e9cord hist\u00f3rico\"}]},{\"@type\":\"WebSite\",\"@id\":\"https:\/\/www.noticiasradioreflejos.com.ar\/2021\/#website\",\"url\":\"https:\/\/www.noticiasradioreflejos.com.ar\/2021\/\",\"name\":\"Noticias Radio Reflejos\",\"description\":\"Las noticias de mi comarca\",\"potentialAction\":[{\"@type\":\"SearchAction\",\"target\":{\"@type\":\"EntryPoint\",\"urlTemplate\":\"https:\/\/www.noticiasradioreflejos.com.ar\/2021\/?s={search_term_string}\"},\"query-input\":{\"@type\":\"PropertyValueSpecification\",\"valueRequired\":true,\"valueName\":\"search_term_string\"}}],\"inLanguage\":\"es\"},{\"@type\":\"Person\",\"@id\":\"https:\/\/www.noticiasradioreflejos.com.ar\/2021\/#\/schema\/person\/ad82545263dcc5ec0996818884fd5fb1\",\"name\":\"Arnaldo Botto\",\"image\":{\"@type\":\"ImageObject\",\"inLanguage\":\"es\",\"@id\":\"https:\/\/www.noticiasradioreflejos.com.ar\/2021\/#\/schema\/person\/image\/\",\"url\":\"https:\/\/secure.gravatar.com\/avatar\/55cb5e37c1efa326397366e6974cb338056df65cb50e7d64d1cf314e87504837?s=96&d=mm&r=g\",\"contentUrl\":\"https:\/\/secure.gravatar.com\/avatar\/55cb5e37c1efa326397366e6974cb338056df65cb50e7d64d1cf314e87504837?s=96&d=mm&r=g\",\"caption\":\"Arnaldo Botto\"},\"url\":\"https:\/\/www.noticiasradioreflejos.com.ar\/2021\/author\/arnaldo\/\"}]}<\/script>\n<!-- \/ Yoast SEO plugin. -->","yoast_head_json":{"title":"Alerta sanitaria en Argentina: los casos de s\u00edfilis aumentaron un 71% y marcan un r\u00e9cord hist\u00f3rico - Noticias Radio Reflejos","robots":{"index":"index","follow":"follow","max-snippet":"max-snippet:-1","max-image-preview":"max-image-preview:large","max-video-preview":"max-video-preview:-1"},"canonical":"https:\/\/www.noticiasradioreflejos.com.ar\/2021\/alerta-sanitaria-en-argentina-los-casos-de-sifilis-aumentaron-un-71-y-marcan-un-record-historico\/","og_locale":"es_ES","og_type":"article","og_title":"Alerta sanitaria en Argentina: los casos de s\u00edfilis aumentaron un 71% y marcan un r\u00e9cord hist\u00f3rico - Noticias Radio Reflejos","og_description":"El Ministerio de Salud de la Naci\u00f3n, a trav\u00e9s de su \u00faltimo Bolet\u00edn Epidemiol\u00f3gico Nacional (correspondiente a la semana del 28 de diciembre al 3 de enero), ha confirmado un aumento cr\u00edtico en los casos de s\u00edfilis en todo el territorio argentino. Durante el ciclo 2025, se consolid\u00f3 una tendencia que preocupa a la comunidad [&hellip;]","og_url":"https:\/\/www.noticiasradioreflejos.com.ar\/2021\/alerta-sanitaria-en-argentina-los-casos-de-sifilis-aumentaron-un-71-y-marcan-un-record-historico\/","og_site_name":"Noticias Radio Reflejos","article_published_time":"2026-01-20T10:09:25+00:00","article_modified_time":"2026-01-20T10:09:26+00:00","og_image":[{"width":1625,"height":715,"url":"https:\/\/www.noticiasradioreflejos.com.ar\/2021\/wp-content\/uploads\/2026\/01\/580f7782-2e0c-46b8-8d08-339d20083c81.jpeg","type":"image\/jpeg"}],"author":"Arnaldo Botto","twitter_card":"summary_large_image","schema":{"@context":"https:\/\/schema.org","@graph":[{"@type":"WebPage","@id":"https:\/\/www.noticiasradioreflejos.com.ar\/2021\/alerta-sanitaria-en-argentina-los-casos-de-sifilis-aumentaron-un-71-y-marcan-un-record-historico\/","url":"https:\/\/www.noticiasradioreflejos.com.ar\/2021\/alerta-sanitaria-en-argentina-los-casos-de-sifilis-aumentaron-un-71-y-marcan-un-record-historico\/","name":"Alerta sanitaria en Argentina: los casos de s\u00edfilis aumentaron un 71% y marcan un r\u00e9cord hist\u00f3rico - Noticias Radio Reflejos","isPartOf":{"@id":"https:\/\/www.noticiasradioreflejos.com.ar\/2021\/#website"},"primaryImageOfPage":{"@id":"https:\/\/www.noticiasradioreflejos.com.ar\/2021\/alerta-sanitaria-en-argentina-los-casos-de-sifilis-aumentaron-un-71-y-marcan-un-record-historico\/#primaryimage"},"image":{"@id":"https:\/\/www.noticiasradioreflejos.com.ar\/2021\/alerta-sanitaria-en-argentina-los-casos-de-sifilis-aumentaron-un-71-y-marcan-un-record-historico\/#primaryimage"},"thumbnailUrl":"https:\/\/www.noticiasradioreflejos.com.ar\/2021\/wp-content\/uploads\/2026\/01\/580f7782-2e0c-46b8-8d08-339d20083c81.jpeg","datePublished":"2026-01-20T10:09:25+00:00","dateModified":"2026-01-20T10:09:26+00:00","author":{"@id":"https:\/\/www.noticiasradioreflejos.com.ar\/2021\/#\/schema\/person\/ad82545263dcc5ec0996818884fd5fb1"},"breadcrumb":{"@id":"https:\/\/www.noticiasradioreflejos.com.ar\/2021\/alerta-sanitaria-en-argentina-los-casos-de-sifilis-aumentaron-un-71-y-marcan-un-record-historico\/#breadcrumb"},"inLanguage":"es","potentialAction":[{"@type":"ReadAction","target":["https:\/\/www.noticiasradioreflejos.com.ar\/2021\/alerta-sanitaria-en-argentina-los-casos-de-sifilis-aumentaron-un-71-y-marcan-un-record-historico\/"]}]},{"@type":"ImageObject","inLanguage":"es","@id":"https:\/\/www.noticiasradioreflejos.com.ar\/2021\/alerta-sanitaria-en-argentina-los-casos-de-sifilis-aumentaron-un-71-y-marcan-un-record-historico\/#primaryimage","url":"https:\/\/www.noticiasradioreflejos.com.ar\/2021\/wp-content\/uploads\/2026\/01\/580f7782-2e0c-46b8-8d08-339d20083c81.jpeg","contentUrl":"https:\/\/www.noticiasradioreflejos.com.ar\/2021\/wp-content\/uploads\/2026\/01\/580f7782-2e0c-46b8-8d08-339d20083c81.jpeg","width":1625,"height":715},{"@type":"BreadcrumbList","@id":"https:\/\/www.noticiasradioreflejos.com.ar\/2021\/alerta-sanitaria-en-argentina-los-casos-de-sifilis-aumentaron-un-71-y-marcan-un-record-historico\/#breadcrumb","itemListElement":[{"@type":"ListItem","position":1,"name":"Portada","item":"https:\/\/www.noticiasradioreflejos.com.ar\/2021\/"},{"@type":"ListItem","position":2,"name":"Alerta sanitaria en Argentina: los casos de s\u00edfilis aumentaron un 71% y marcan un r\u00e9cord hist\u00f3rico"}]},{"@type":"WebSite","@id":"https:\/\/www.noticiasradioreflejos.com.ar\/2021\/#website","url":"https:\/\/www.noticiasradioreflejos.com.ar\/2021\/","name":"Noticias Radio Reflejos","description":"Las noticias de mi comarca","potentialAction":[{"@type":"SearchAction","target":{"@type":"EntryPoint","urlTemplate":"https:\/\/www.noticiasradioreflejos.com.ar\/2021\/?s={search_term_string}"},"query-input":{"@type":"PropertyValueSpecification","valueRequired":true,"valueName":"search_term_string"}}],"inLanguage":"es"},{"@type":"Person","@id":"https:\/\/www.noticiasradioreflejos.com.ar\/2021\/#\/schema\/person\/ad82545263dcc5ec0996818884fd5fb1","name":"Arnaldo Botto","image":{"@type":"ImageObject","inLanguage":"es","@id":"https:\/\/www.noticiasradioreflejos.com.ar\/2021\/#\/schema\/person\/image\/","url":"https:\/\/secure.gravatar.com\/avatar\/55cb5e37c1efa326397366e6974cb338056df65cb50e7d64d1cf314e87504837?s=96&d=mm&r=g","contentUrl":"https:\/\/secure.gravatar.com\/avatar\/55cb5e37c1efa326397366e6974cb338056df65cb50e7d64d1cf314e87504837?s=96&d=mm&r=g","caption":"Arnaldo Botto"},"url":"https:\/\/www.noticiasradioreflejos.com.ar\/2021\/author\/arnaldo\/"}]}},"_links":{"self":[{"href":"https:\/\/www.noticiasradioreflejos.com.ar\/2021\/wp-json\/wp\/v2\/posts\/131566","targetHints":{"allow":["GET"]}}],"collection":[{"href":"https:\/\/www.noticiasradioreflejos.com.ar\/2021\/wp-json\/wp\/v2\/posts"}],"about":[{"href":"https:\/\/www.noticiasradioreflejos.com.ar\/2021\/wp-json\/wp\/v2\/types\/post"}],"author":[{"embeddable":true,"href":"https:\/\/www.noticiasradioreflejos.com.ar\/2021\/wp-json\/wp\/v2\/users\/3"}],"replies":[{"embeddable":true,"href":"https:\/\/www.noticiasradioreflejos.com.ar\/2021\/wp-json\/wp\/v2\/comments?post=131566"}],"version-history":[{"count":2,"href":"https:\/\/www.noticiasradioreflejos.com.ar\/2021\/wp-json\/wp\/v2\/posts\/131566\/revisions"}],"predecessor-version":[{"id":131570,"href":"https:\/\/www.noticiasradioreflejos.com.ar\/2021\/wp-json\/wp\/v2\/posts\/131566\/revisions\/131570"}],"wp:featuredmedia":[{"embeddable":true,"href":"https:\/\/www.noticiasradioreflejos.com.ar\/2021\/wp-json\/wp\/v2\/media\/131567"}],"wp:attachment":[{"href":"https:\/\/www.noticiasradioreflejos.com.ar\/2021\/wp-json\/wp\/v2\/media?parent=131566"}],"wp:term":[{"taxonomy":"category","embeddable":true,"href":"https:\/\/www.noticiasradioreflejos.com.ar\/2021\/wp-json\/wp\/v2\/categories?post=131566"},{"taxonomy":"post_tag","embeddable":true,"href":"https:\/\/www.noticiasradioreflejos.com.ar\/2021\/wp-json\/wp\/v2\/tags?post=131566"}],"curies":[{"name":"wp","href":"https:\/\/api.w.org\/{rel}","templated":true}]}}