{"id":131563,"date":"2026-01-20T07:02:00","date_gmt":"2026-01-20T10:02:00","guid":{"rendered":"https:\/\/www.noticiasradioreflejos.com.ar\/2021\/?p=131563"},"modified":"2026-01-20T07:02:00","modified_gmt":"2026-01-20T10:02:00","slug":"el-dia-que-nacio-la-leyenda-a-79-anos-del-debut-internacional-de-juan-manuel-fangio","status":"publish","type":"post","link":"https:\/\/www.noticiasradioreflejos.com.ar\/2021\/el-dia-que-nacio-la-leyenda-a-79-anos-del-debut-internacional-de-juan-manuel-fangio\/","title":{"rendered":"El d\u00eda que naci\u00f3 la leyenda: A 79 a\u00f1os del debut internacional de Juan Manuel Fangio"},"content":{"rendered":"<p data-path-to-node=\"3\">Un 20 de enero de 1947, el \u00abChueco\u00bb de Balcarce se med\u00eda por primera vez ante los mejores pilotos del mundo en el circuito de Retiro, Buenos Aires. Aquella jornada no solo marc\u00f3 el inicio de su proyecci\u00f3n mundial, sino que fue el primer paso hacia los cinco t\u00edtulos mundiales de F\u00f3rmula 1 que pondr\u00edan a la Argentina en la cima del deporte motor.<\/p>\n<p data-path-to-node=\"3\"><!--more--><\/p>\n<h3 data-path-to-node=\"5\"><b data-path-to-node=\"5\" data-index-in-node=\"0\">El bautismo de fuego en Retiro<\/b><\/h3>\n<p data-path-to-node=\"6\">En el marco de la denominada \u00abCopa de Oro\u00bb de la Ciudad de Buenos Aires, Juan Manuel Fangio se present\u00f3 al volante de un Chevrolet, compitiendo contra figuras consagradas de la \u00e9poca, principalmente pilotos europeos que tra\u00edan m\u00e1quinas de vanguardia.<\/p>\n<p data-path-to-node=\"7\">Aunque Fangio ya era un referente del Turismo Carretera en los caminos de tierra de nuestro pa\u00eds, ese 20 de enero demostr\u00f3 que su talento no ten\u00eda fronteras. Su desempe\u00f1o bajo la lluvia y su capacidad t\u00e9cnica asombraron a los cronistas internacionales, quienes vislumbraron en aquel hombre de Balcarce a un estratega nato del volante.<\/p>\n<h3 data-path-to-node=\"8\"><b data-path-to-node=\"8\" data-index-in-node=\"0\">De Balcarce al mundo<\/b><\/h3>\n<p data-path-to-node=\"9\">Ese debut fue el catalizador para que, poco despu\u00e9s, el Autom\u00f3vil Club Argentino (ACA) y el Gobierno Nacional impulsaran su campa\u00f1a en Europa. Lo que sigui\u00f3 es historia conocida:<\/p>\n<ul data-path-to-node=\"10\">\n<li>\n<p data-path-to-node=\"10,0,0\"><b data-path-to-node=\"10,0,0\" data-index-in-node=\"0\">5 Campeonatos Mundiales<\/b> (1951, 1954, 1955, 1956 y 1957).<\/p>\n<\/li>\n<li>\n<p data-path-to-node=\"10,1,0\">T\u00edtulos logrados con <b data-path-to-node=\"10,1,0\" data-index-in-node=\"21\">cuatro marcas distintas<\/b> (Alfa Romeo, Maserati, Mercedes-Benz y Ferrari), un r\u00e9cord que tard\u00f3 d\u00e9cadas en ser superado.<\/p>\n<\/li>\n<li>\n<p data-path-to-node=\"10,2,0\">Una efectividad del <b data-path-to-node=\"10,2,0\" data-index-in-node=\"20\">47% de victorias<\/b> sobre carreras largadas, una estad\u00edstica que a\u00fan hoy lo mantiene como el piloto m\u00e1s eficiente de la historia de la F1.<\/p>\n<\/li>\n<\/ul>\n<h3 data-path-to-node=\"11\"><b data-path-to-node=\"11\" data-index-in-node=\"0\">Un ejemplo de humildad y perseverancia<\/b><\/h3>\n<p data-path-to-node=\"12\">M\u00e1s all\u00e1 de sus trofeos, Fangio dej\u00f3 un legado de caballerosidad deportiva. <i data-path-to-node=\"12\" data-index-in-node=\"76\">\u00abHay que intentar ser el mejor, pero nunca creerse el mejor\u00bb<\/i>, era una de sus frases de cabecera. Para los amantes de los fierros en la Comarca Serrana y en toda la provincia, recordar su debut internacional un d\u00eda como hoy es volver a pasar por el coraz\u00f3n los valores de un deportista que llev\u00f3 la bandera argentina a lo m\u00e1s alto del podio global.<\/p>\n","protected":false},"excerpt":{"rendered":"<p>Un 20 de enero de 1947, el \u00abChueco\u00bb de Balcarce se med\u00eda por primera vez ante los mejores pilotos del mundo en el circuito de Retiro, Buenos Aires. Aquella jornada no solo marc\u00f3 el inicio de su proyecci\u00f3n mundial, sino que fue el primer paso hacia los cinco t\u00edtulos mundiales de F\u00f3rmula 1 que pondr\u00edan [&hellip;]<\/p>\n","protected":false},"author":3,"featured_media":131564,"comment_status":"closed","ping_status":"closed","sticky":false,"template":"","format":"standard","meta":{"footnotes":""},"categories":[27],"tags":[],"class_list":["post-131563","post","type-post","status-publish","format-standard","has-post-thumbnail","hentry","category-deportes"],"yoast_head":"<!-- This site is optimized with the Yoast SEO plugin v25.9 - https:\/\/yoast.com\/wordpress\/plugins\/seo\/ -->\n<title>El d\u00eda que naci\u00f3 la leyenda: A 79 a\u00f1os del debut internacional de Juan Manuel Fangio - Noticias Radio Reflejos<\/title>\n<meta name=\"robots\" content=\"index, follow, max-snippet:-1, max-image-preview:large, max-video-preview:-1\" \/>\n<link rel=\"canonical\" href=\"https:\/\/www.noticiasradioreflejos.com.ar\/2021\/el-dia-que-nacio-la-leyenda-a-79-anos-del-debut-internacional-de-juan-manuel-fangio\/\" \/>\n<meta property=\"og:locale\" content=\"es_ES\" \/>\n<meta property=\"og:type\" content=\"article\" \/>\n<meta property=\"og:title\" content=\"El d\u00eda que naci\u00f3 la leyenda: A 79 a\u00f1os del debut internacional de Juan Manuel Fangio - Noticias Radio Reflejos\" \/>\n<meta property=\"og:description\" content=\"Un 20 de enero de 1947, el \u00abChueco\u00bb de Balcarce se med\u00eda por primera vez ante los mejores pilotos del mundo en el circuito de Retiro, Buenos Aires. Aquella jornada no solo marc\u00f3 el inicio de su proyecci\u00f3n mundial, sino que fue el primer paso hacia los cinco t\u00edtulos mundiales de F\u00f3rmula 1 que pondr\u00edan [&hellip;]\" \/>\n<meta property=\"og:url\" content=\"https:\/\/www.noticiasradioreflejos.com.ar\/2021\/el-dia-que-nacio-la-leyenda-a-79-anos-del-debut-internacional-de-juan-manuel-fangio\/\" \/>\n<meta property=\"og:site_name\" content=\"Noticias Radio Reflejos\" \/>\n<meta property=\"article:published_time\" content=\"2026-01-20T10:02:00+00:00\" \/>\n<meta property=\"og:image\" content=\"https:\/\/www.noticiasradioreflejos.com.ar\/2021\/wp-content\/uploads\/2026\/01\/Fangio.jpg\" \/>\n\t<meta property=\"og:image:width\" content=\"320\" \/>\n\t<meta property=\"og:image:height\" content=\"213\" \/>\n\t<meta property=\"og:image:type\" content=\"image\/jpeg\" \/>\n<meta name=\"author\" content=\"Arnaldo Botto\" \/>\n<meta name=\"twitter:card\" content=\"summary_large_image\" \/>\n<script type=\"application\/ld+json\" class=\"yoast-schema-graph\">{\"@context\":\"https:\/\/schema.org\",\"@graph\":[{\"@type\":\"WebPage\",\"@id\":\"https:\/\/www.noticiasradioreflejos.com.ar\/2021\/el-dia-que-nacio-la-leyenda-a-79-anos-del-debut-internacional-de-juan-manuel-fangio\/\",\"url\":\"https:\/\/www.noticiasradioreflejos.com.ar\/2021\/el-dia-que-nacio-la-leyenda-a-79-anos-del-debut-internacional-de-juan-manuel-fangio\/\",\"name\":\"El d\u00eda que naci\u00f3 la leyenda: A 79 a\u00f1os del debut internacional de Juan Manuel Fangio - Noticias Radio Reflejos\",\"isPartOf\":{\"@id\":\"https:\/\/www.noticiasradioreflejos.com.ar\/2021\/#website\"},\"primaryImageOfPage\":{\"@id\":\"https:\/\/www.noticiasradioreflejos.com.ar\/2021\/el-dia-que-nacio-la-leyenda-a-79-anos-del-debut-internacional-de-juan-manuel-fangio\/#primaryimage\"},\"image\":{\"@id\":\"https:\/\/www.noticiasradioreflejos.com.ar\/2021\/el-dia-que-nacio-la-leyenda-a-79-anos-del-debut-internacional-de-juan-manuel-fangio\/#primaryimage\"},\"thumbnailUrl\":\"https:\/\/www.noticiasradioreflejos.com.ar\/2021\/wp-content\/uploads\/2026\/01\/Fangio.jpg\",\"datePublished\":\"2026-01-20T10:02:00+00:00\",\"author\":{\"@id\":\"https:\/\/www.noticiasradioreflejos.com.ar\/2021\/#\/schema\/person\/ad82545263dcc5ec0996818884fd5fb1\"},\"breadcrumb\":{\"@id\":\"https:\/\/www.noticiasradioreflejos.com.ar\/2021\/el-dia-que-nacio-la-leyenda-a-79-anos-del-debut-internacional-de-juan-manuel-fangio\/#breadcrumb\"},\"inLanguage\":\"es\",\"potentialAction\":[{\"@type\":\"ReadAction\",\"target\":[\"https:\/\/www.noticiasradioreflejos.com.ar\/2021\/el-dia-que-nacio-la-leyenda-a-79-anos-del-debut-internacional-de-juan-manuel-fangio\/\"]}]},{\"@type\":\"ImageObject\",\"inLanguage\":\"es\",\"@id\":\"https:\/\/www.noticiasradioreflejos.com.ar\/2021\/el-dia-que-nacio-la-leyenda-a-79-anos-del-debut-internacional-de-juan-manuel-fangio\/#primaryimage\",\"url\":\"https:\/\/www.noticiasradioreflejos.com.ar\/2021\/wp-content\/uploads\/2026\/01\/Fangio.jpg\",\"contentUrl\":\"https:\/\/www.noticiasradioreflejos.com.ar\/2021\/wp-content\/uploads\/2026\/01\/Fangio.jpg\",\"width\":320,\"height\":213},{\"@type\":\"BreadcrumbList\",\"@id\":\"https:\/\/www.noticiasradioreflejos.com.ar\/2021\/el-dia-que-nacio-la-leyenda-a-79-anos-del-debut-internacional-de-juan-manuel-fangio\/#breadcrumb\",\"itemListElement\":[{\"@type\":\"ListItem\",\"position\":1,\"name\":\"Portada\",\"item\":\"https:\/\/www.noticiasradioreflejos.com.ar\/2021\/\"},{\"@type\":\"ListItem\",\"position\":2,\"name\":\"El d\u00eda que naci\u00f3 la leyenda: A 79 a\u00f1os del debut internacional de Juan Manuel Fangio\"}]},{\"@type\":\"WebSite\",\"@id\":\"https:\/\/www.noticiasradioreflejos.com.ar\/2021\/#website\",\"url\":\"https:\/\/www.noticiasradioreflejos.com.ar\/2021\/\",\"name\":\"Noticias Radio Reflejos\",\"description\":\"Las noticias de mi comarca\",\"potentialAction\":[{\"@type\":\"SearchAction\",\"target\":{\"@type\":\"EntryPoint\",\"urlTemplate\":\"https:\/\/www.noticiasradioreflejos.com.ar\/2021\/?s={search_term_string}\"},\"query-input\":{\"@type\":\"PropertyValueSpecification\",\"valueRequired\":true,\"valueName\":\"search_term_string\"}}],\"inLanguage\":\"es\"},{\"@type\":\"Person\",\"@id\":\"https:\/\/www.noticiasradioreflejos.com.ar\/2021\/#\/schema\/person\/ad82545263dcc5ec0996818884fd5fb1\",\"name\":\"Arnaldo Botto\",\"image\":{\"@type\":\"ImageObject\",\"inLanguage\":\"es\",\"@id\":\"https:\/\/www.noticiasradioreflejos.com.ar\/2021\/#\/schema\/person\/image\/\",\"url\":\"https:\/\/secure.gravatar.com\/avatar\/55cb5e37c1efa326397366e6974cb338056df65cb50e7d64d1cf314e87504837?s=96&d=mm&r=g\",\"contentUrl\":\"https:\/\/secure.gravatar.com\/avatar\/55cb5e37c1efa326397366e6974cb338056df65cb50e7d64d1cf314e87504837?s=96&d=mm&r=g\",\"caption\":\"Arnaldo Botto\"},\"url\":\"https:\/\/www.noticiasradioreflejos.com.ar\/2021\/author\/arnaldo\/\"}]}<\/script>\n<!-- \/ Yoast SEO plugin. -->","yoast_head_json":{"title":"El d\u00eda que naci\u00f3 la leyenda: A 79 a\u00f1os del debut internacional de Juan Manuel Fangio - Noticias Radio Reflejos","robots":{"index":"index","follow":"follow","max-snippet":"max-snippet:-1","max-image-preview":"max-image-preview:large","max-video-preview":"max-video-preview:-1"},"canonical":"https:\/\/www.noticiasradioreflejos.com.ar\/2021\/el-dia-que-nacio-la-leyenda-a-79-anos-del-debut-internacional-de-juan-manuel-fangio\/","og_locale":"es_ES","og_type":"article","og_title":"El d\u00eda que naci\u00f3 la leyenda: A 79 a\u00f1os del debut internacional de Juan Manuel Fangio - Noticias Radio Reflejos","og_description":"Un 20 de enero de 1947, el \u00abChueco\u00bb de Balcarce se med\u00eda por primera vez ante los mejores pilotos del mundo en el circuito de Retiro, Buenos Aires. Aquella jornada no solo marc\u00f3 el inicio de su proyecci\u00f3n mundial, sino que fue el primer paso hacia los cinco t\u00edtulos mundiales de F\u00f3rmula 1 que pondr\u00edan [&hellip;]","og_url":"https:\/\/www.noticiasradioreflejos.com.ar\/2021\/el-dia-que-nacio-la-leyenda-a-79-anos-del-debut-internacional-de-juan-manuel-fangio\/","og_site_name":"Noticias Radio Reflejos","article_published_time":"2026-01-20T10:02:00+00:00","og_image":[{"width":320,"height":213,"url":"https:\/\/www.noticiasradioreflejos.com.ar\/2021\/wp-content\/uploads\/2026\/01\/Fangio.jpg","type":"image\/jpeg"}],"author":"Arnaldo Botto","twitter_card":"summary_large_image","schema":{"@context":"https:\/\/schema.org","@graph":[{"@type":"WebPage","@id":"https:\/\/www.noticiasradioreflejos.com.ar\/2021\/el-dia-que-nacio-la-leyenda-a-79-anos-del-debut-internacional-de-juan-manuel-fangio\/","url":"https:\/\/www.noticiasradioreflejos.com.ar\/2021\/el-dia-que-nacio-la-leyenda-a-79-anos-del-debut-internacional-de-juan-manuel-fangio\/","name":"El d\u00eda que naci\u00f3 la leyenda: A 79 a\u00f1os del debut internacional de Juan Manuel Fangio - Noticias Radio Reflejos","isPartOf":{"@id":"https:\/\/www.noticiasradioreflejos.com.ar\/2021\/#website"},"primaryImageOfPage":{"@id":"https:\/\/www.noticiasradioreflejos.com.ar\/2021\/el-dia-que-nacio-la-leyenda-a-79-anos-del-debut-internacional-de-juan-manuel-fangio\/#primaryimage"},"image":{"@id":"https:\/\/www.noticiasradioreflejos.com.ar\/2021\/el-dia-que-nacio-la-leyenda-a-79-anos-del-debut-internacional-de-juan-manuel-fangio\/#primaryimage"},"thumbnailUrl":"https:\/\/www.noticiasradioreflejos.com.ar\/2021\/wp-content\/uploads\/2026\/01\/Fangio.jpg","datePublished":"2026-01-20T10:02:00+00:00","author":{"@id":"https:\/\/www.noticiasradioreflejos.com.ar\/2021\/#\/schema\/person\/ad82545263dcc5ec0996818884fd5fb1"},"breadcrumb":{"@id":"https:\/\/www.noticiasradioreflejos.com.ar\/2021\/el-dia-que-nacio-la-leyenda-a-79-anos-del-debut-internacional-de-juan-manuel-fangio\/#breadcrumb"},"inLanguage":"es","potentialAction":[{"@type":"ReadAction","target":["https:\/\/www.noticiasradioreflejos.com.ar\/2021\/el-dia-que-nacio-la-leyenda-a-79-anos-del-debut-internacional-de-juan-manuel-fangio\/"]}]},{"@type":"ImageObject","inLanguage":"es","@id":"https:\/\/www.noticiasradioreflejos.com.ar\/2021\/el-dia-que-nacio-la-leyenda-a-79-anos-del-debut-internacional-de-juan-manuel-fangio\/#primaryimage","url":"https:\/\/www.noticiasradioreflejos.com.ar\/2021\/wp-content\/uploads\/2026\/01\/Fangio.jpg","contentUrl":"https:\/\/www.noticiasradioreflejos.com.ar\/2021\/wp-content\/uploads\/2026\/01\/Fangio.jpg","width":320,"height":213},{"@type":"BreadcrumbList","@id":"https:\/\/www.noticiasradioreflejos.com.ar\/2021\/el-dia-que-nacio-la-leyenda-a-79-anos-del-debut-internacional-de-juan-manuel-fangio\/#breadcrumb","itemListElement":[{"@type":"ListItem","position":1,"name":"Portada","item":"https:\/\/www.noticiasradioreflejos.com.ar\/2021\/"},{"@type":"ListItem","position":2,"name":"El d\u00eda que naci\u00f3 la leyenda: A 79 a\u00f1os del debut internacional de Juan Manuel Fangio"}]},{"@type":"WebSite","@id":"https:\/\/www.noticiasradioreflejos.com.ar\/2021\/#website","url":"https:\/\/www.noticiasradioreflejos.com.ar\/2021\/","name":"Noticias Radio Reflejos","description":"Las noticias de mi comarca","potentialAction":[{"@type":"SearchAction","target":{"@type":"EntryPoint","urlTemplate":"https:\/\/www.noticiasradioreflejos.com.ar\/2021\/?s={search_term_string}"},"query-input":{"@type":"PropertyValueSpecification","valueRequired":true,"valueName":"search_term_string"}}],"inLanguage":"es"},{"@type":"Person","@id":"https:\/\/www.noticiasradioreflejos.com.ar\/2021\/#\/schema\/person\/ad82545263dcc5ec0996818884fd5fb1","name":"Arnaldo Botto","image":{"@type":"ImageObject","inLanguage":"es","@id":"https:\/\/www.noticiasradioreflejos.com.ar\/2021\/#\/schema\/person\/image\/","url":"https:\/\/secure.gravatar.com\/avatar\/55cb5e37c1efa326397366e6974cb338056df65cb50e7d64d1cf314e87504837?s=96&d=mm&r=g","contentUrl":"https:\/\/secure.gravatar.com\/avatar\/55cb5e37c1efa326397366e6974cb338056df65cb50e7d64d1cf314e87504837?s=96&d=mm&r=g","caption":"Arnaldo Botto"},"url":"https:\/\/www.noticiasradioreflejos.com.ar\/2021\/author\/arnaldo\/"}]}},"_links":{"self":[{"href":"https:\/\/www.noticiasradioreflejos.com.ar\/2021\/wp-json\/wp\/v2\/posts\/131563","targetHints":{"allow":["GET"]}}],"collection":[{"href":"https:\/\/www.noticiasradioreflejos.com.ar\/2021\/wp-json\/wp\/v2\/posts"}],"about":[{"href":"https:\/\/www.noticiasradioreflejos.com.ar\/2021\/wp-json\/wp\/v2\/types\/post"}],"author":[{"embeddable":true,"href":"https:\/\/www.noticiasradioreflejos.com.ar\/2021\/wp-json\/wp\/v2\/users\/3"}],"replies":[{"embeddable":true,"href":"https:\/\/www.noticiasradioreflejos.com.ar\/2021\/wp-json\/wp\/v2\/comments?post=131563"}],"version-history":[{"count":1,"href":"https:\/\/www.noticiasradioreflejos.com.ar\/2021\/wp-json\/wp\/v2\/posts\/131563\/revisions"}],"predecessor-version":[{"id":131565,"href":"https:\/\/www.noticiasradioreflejos.com.ar\/2021\/wp-json\/wp\/v2\/posts\/131563\/revisions\/131565"}],"wp:featuredmedia":[{"embeddable":true,"href":"https:\/\/www.noticiasradioreflejos.com.ar\/2021\/wp-json\/wp\/v2\/media\/131564"}],"wp:attachment":[{"href":"https:\/\/www.noticiasradioreflejos.com.ar\/2021\/wp-json\/wp\/v2\/media?parent=131563"}],"wp:term":[{"taxonomy":"category","embeddable":true,"href":"https:\/\/www.noticiasradioreflejos.com.ar\/2021\/wp-json\/wp\/v2\/categories?post=131563"},{"taxonomy":"post_tag","embeddable":true,"href":"https:\/\/www.noticiasradioreflejos.com.ar\/2021\/wp-json\/wp\/v2\/tags?post=131563"}],"curies":[{"name":"wp","href":"https:\/\/api.w.org\/{rel}","templated":true}]}}