{"id":131555,"date":"2026-01-19T18:33:54","date_gmt":"2026-01-19T21:33:54","guid":{"rendered":"https:\/\/www.noticiasradioreflejos.com.ar\/2021\/?p=131555"},"modified":"2026-01-19T18:33:54","modified_gmt":"2026-01-19T21:33:54","slug":"el-hospital-municipal-incorporo-una-nueva-cama-para-su-shock-room","status":"publish","type":"post","link":"https:\/\/www.noticiasradioreflejos.com.ar\/2021\/el-hospital-municipal-incorporo-una-nueva-cama-para-su-shock-room\/","title":{"rendered":"El Hospital Municipal incorpor\u00f3 una nueva cama para su Shock Room"},"content":{"rendered":"<p>La adquisici\u00f3n fue posible gracias al trabajo y al acompa\u00f1amiento de la Cooperadora del Hospital Municipal de Tornquist.<\/p>\n<p><!--more--><\/p>\n<p>La Cooperadora del Hospital Municipal de Tornquist concret\u00f3 la incorporaci\u00f3n de una nueva cama para su Shock Room, un avance significativo que fortalece la atenci\u00f3n y el cuidado de los pacientes. El acto de presentaci\u00f3n cont\u00f3 con la presencia de autoridades del Hospital Municipal, integrantes de la cooperadora y personal de salud. La adquisici\u00f3n fue posible gracias al esfuerzo conjunto de socios, donantes y distintas gestiones solidarias que acompa\u00f1an de manera permanente al hospital.<\/p>\n<p>Ricardo Gonda, tesorero de la cooperadora, destac\u00f3 la importancia del logro y el trabajo sostenido que se viene realizando. Se\u00f1al\u00f3 que la nueva cama representa \u201cun avance muy considerable de acuerdo a los aportes que hemos hecho\u201d, y explic\u00f3 que el equipamiento pudo concretarse gracias a distintas colaboraciones, entre ellas la donaci\u00f3n de Lanusse Santill\u00e1n a trav\u00e9s de la familia Mancinelli, junto con el aporte de los socios que permiti\u00f3 cubrir la diferencia necesaria para su adquisici\u00f3n.<\/p>\n<p>Tambi\u00e9n resalt\u00f3 las donaciones de la Fundaci\u00f3n Funke, gestionadas por Felipe Kleine, y agradeci\u00f3 el acompa\u00f1amiento de la familia Laborde. En ese marco, se\u00f1al\u00f3 que la cooperadora ya lleva adquiridas seis camas electr\u00f3nicas y que contin\u00faan avanzando con la planificaci\u00f3n de m\u00e1s equipamiento, como mesas de luz y mesas para las comidas. \u201cSeguimos trabajando y vamos a seguir invirtiendo para mejorar todo lo necesario\u201d, afirm\u00f3.<\/p>\n<p>Por su parte, la enfermera Luciana Coceres agradeci\u00f3 especialmente a la cooperadora por el acompa\u00f1amiento constante y remarc\u00f3 el impacto directo que tiene este tipo de incorporaciones en la tarea diaria del personal de salud y en la atenci\u00f3n de los pacientes. Explic\u00f3 que la nueva cama permite distintas posiciones, como la elevaci\u00f3n de la cabecera para facilitar la respiraci\u00f3n en pacientes con patolog\u00edas respiratorias, y la elevaci\u00f3n de las piernas para mejorar la circulaci\u00f3n, reducir edemas y prevenir \u00falceras. \u201cEs una herramienta fundamental, algo que est\u00e1bamos esperando, y que ya estamos utilizando\u201d, expres\u00f3.<\/p>\n<p>Finalmente, la presidenta de la cooperadora, Mar\u00eda Graciela Musso, subray\u00f3 que estos logros son el resultado del esfuerzo colectivo de la comunidad. Indic\u00f3 que la cooperadora cumple el rol de administrar los fondos, pero que todo es posible gracias al aporte de los socios y al acompa\u00f1amiento de las firmas comerciales. Tambi\u00e9n agradeci\u00f3 al personal del hospital, que ser\u00e1 el encargado del uso y cuidado del equipamiento, y reafirm\u00f3 el compromiso de seguir trabajando. \u201cVamos por m\u00e1s, siempre pensando en mejorar el hospital y la atenci\u00f3n para todos\u201d, concluy\u00f3.<\/p>\n<p><iframe loading=\"lazy\" src=\"https:\/\/www.youtube.com\/embed\/g1lcHdxYVOc\" width=\"560\" height=\"314\" allowfullscreen=\"allowfullscreen\" data-mce-fragment=\"1\"><\/iframe><\/p>\n<div>\n<p>&nbsp;<\/p>\n<div><\/div>\n<hr \/>\n<p><img decoding=\"async\" src=\"https:\/\/www.noticiastornquist.com.ar\/imagen.php?imagen=2026-01\/133745_82_whatsapp-image-20260119-at-12.39.23.jpeg\" \/><\/p>\n<div><\/div>\n<hr \/>\n<p><img decoding=\"async\" src=\"https:\/\/www.noticiastornquist.com.ar\/imagen.php?imagen=2026-01\/133745_84_whatsapp-image-20260119-at-12.39.22.jpeg\" \/><\/p>\n<div><\/div>\n<hr \/>\n<\/div>\n<div class=\"anuncioh\"><\/div>\n<div class=\"table-cell aside\">\n<div id=\"asd95\" class=\"publicidad\"><\/div>\n<div class=\"anuncio anuncio-float\"><\/div>\n<\/div>\n<p><strong>Fuente Noticias Tornquist<\/strong><\/p>\n","protected":false},"excerpt":{"rendered":"<p>La adquisici\u00f3n fue posible gracias al trabajo y al acompa\u00f1amiento de la Cooperadora del Hospital Municipal de Tornquist.<\/p>\n","protected":false},"author":3,"featured_media":131556,"comment_status":"closed","ping_status":"closed","sticky":false,"template":"","format":"standard","meta":{"footnotes":""},"categories":[28,26],"tags":[],"class_list":["post-131555","post","type-post","status-publish","format-standard","has-post-thumbnail","hentry","category-municipales","category-sociedad"],"yoast_head":"<!-- This site is optimized with the Yoast SEO plugin v25.9 - https:\/\/yoast.com\/wordpress\/plugins\/seo\/ -->\n<title>El Hospital Municipal incorpor\u00f3 una nueva cama para su Shock Room - Noticias Radio Reflejos<\/title>\n<meta name=\"robots\" content=\"index, follow, max-snippet:-1, max-image-preview:large, max-video-preview:-1\" \/>\n<link rel=\"canonical\" href=\"https:\/\/www.noticiasradioreflejos.com.ar\/2021\/el-hospital-municipal-incorporo-una-nueva-cama-para-su-shock-room\/\" \/>\n<meta property=\"og:locale\" content=\"es_ES\" \/>\n<meta property=\"og:type\" content=\"article\" \/>\n<meta property=\"og:title\" content=\"El Hospital Municipal incorpor\u00f3 una nueva cama para su Shock Room - Noticias Radio Reflejos\" \/>\n<meta property=\"og:description\" content=\"La adquisici\u00f3n fue posible gracias al trabajo y al acompa\u00f1amiento de la Cooperadora del Hospital Municipal de Tornquist.\" \/>\n<meta property=\"og:url\" content=\"https:\/\/www.noticiasradioreflejos.com.ar\/2021\/el-hospital-municipal-incorporo-una-nueva-cama-para-su-shock-room\/\" \/>\n<meta property=\"og:site_name\" content=\"Noticias Radio Reflejos\" \/>\n<meta property=\"article:published_time\" content=\"2026-01-19T21:33:54+00:00\" \/>\n<meta property=\"og:image\" content=\"https:\/\/www.noticiasradioreflejos.com.ar\/2021\/wp-content\/uploads\/2026\/01\/hospital-municipal-cama.jpeg\" \/>\n\t<meta property=\"og:image:width\" content=\"1600\" \/>\n\t<meta property=\"og:image:height\" content=\"1200\" \/>\n\t<meta property=\"og:image:type\" content=\"image\/jpeg\" \/>\n<meta name=\"author\" content=\"Arnaldo Botto\" \/>\n<meta name=\"twitter:card\" content=\"summary_large_image\" \/>\n<script type=\"application\/ld+json\" class=\"yoast-schema-graph\">{\"@context\":\"https:\/\/schema.org\",\"@graph\":[{\"@type\":\"WebPage\",\"@id\":\"https:\/\/www.noticiasradioreflejos.com.ar\/2021\/el-hospital-municipal-incorporo-una-nueva-cama-para-su-shock-room\/\",\"url\":\"https:\/\/www.noticiasradioreflejos.com.ar\/2021\/el-hospital-municipal-incorporo-una-nueva-cama-para-su-shock-room\/\",\"name\":\"El Hospital Municipal incorpor\u00f3 una nueva cama para su Shock Room - Noticias Radio Reflejos\",\"isPartOf\":{\"@id\":\"https:\/\/www.noticiasradioreflejos.com.ar\/2021\/#website\"},\"primaryImageOfPage\":{\"@id\":\"https:\/\/www.noticiasradioreflejos.com.ar\/2021\/el-hospital-municipal-incorporo-una-nueva-cama-para-su-shock-room\/#primaryimage\"},\"image\":{\"@id\":\"https:\/\/www.noticiasradioreflejos.com.ar\/2021\/el-hospital-municipal-incorporo-una-nueva-cama-para-su-shock-room\/#primaryimage\"},\"thumbnailUrl\":\"https:\/\/www.noticiasradioreflejos.com.ar\/2021\/wp-content\/uploads\/2026\/01\/hospital-municipal-cama.jpeg\",\"datePublished\":\"2026-01-19T21:33:54+00:00\",\"author\":{\"@id\":\"https:\/\/www.noticiasradioreflejos.com.ar\/2021\/#\/schema\/person\/ad82545263dcc5ec0996818884fd5fb1\"},\"breadcrumb\":{\"@id\":\"https:\/\/www.noticiasradioreflejos.com.ar\/2021\/el-hospital-municipal-incorporo-una-nueva-cama-para-su-shock-room\/#breadcrumb\"},\"inLanguage\":\"es\",\"potentialAction\":[{\"@type\":\"ReadAction\",\"target\":[\"https:\/\/www.noticiasradioreflejos.com.ar\/2021\/el-hospital-municipal-incorporo-una-nueva-cama-para-su-shock-room\/\"]}]},{\"@type\":\"ImageObject\",\"inLanguage\":\"es\",\"@id\":\"https:\/\/www.noticiasradioreflejos.com.ar\/2021\/el-hospital-municipal-incorporo-una-nueva-cama-para-su-shock-room\/#primaryimage\",\"url\":\"https:\/\/www.noticiasradioreflejos.com.ar\/2021\/wp-content\/uploads\/2026\/01\/hospital-municipal-cama.jpeg\",\"contentUrl\":\"https:\/\/www.noticiasradioreflejos.com.ar\/2021\/wp-content\/uploads\/2026\/01\/hospital-municipal-cama.jpeg\",\"width\":1600,\"height\":1200},{\"@type\":\"BreadcrumbList\",\"@id\":\"https:\/\/www.noticiasradioreflejos.com.ar\/2021\/el-hospital-municipal-incorporo-una-nueva-cama-para-su-shock-room\/#breadcrumb\",\"itemListElement\":[{\"@type\":\"ListItem\",\"position\":1,\"name\":\"Portada\",\"item\":\"https:\/\/www.noticiasradioreflejos.com.ar\/2021\/\"},{\"@type\":\"ListItem\",\"position\":2,\"name\":\"El Hospital Municipal incorpor\u00f3 una nueva cama para su Shock Room\"}]},{\"@type\":\"WebSite\",\"@id\":\"https:\/\/www.noticiasradioreflejos.com.ar\/2021\/#website\",\"url\":\"https:\/\/www.noticiasradioreflejos.com.ar\/2021\/\",\"name\":\"Noticias Radio Reflejos\",\"description\":\"Las noticias de mi comarca\",\"potentialAction\":[{\"@type\":\"SearchAction\",\"target\":{\"@type\":\"EntryPoint\",\"urlTemplate\":\"https:\/\/www.noticiasradioreflejos.com.ar\/2021\/?s={search_term_string}\"},\"query-input\":{\"@type\":\"PropertyValueSpecification\",\"valueRequired\":true,\"valueName\":\"search_term_string\"}}],\"inLanguage\":\"es\"},{\"@type\":\"Person\",\"@id\":\"https:\/\/www.noticiasradioreflejos.com.ar\/2021\/#\/schema\/person\/ad82545263dcc5ec0996818884fd5fb1\",\"name\":\"Arnaldo Botto\",\"image\":{\"@type\":\"ImageObject\",\"inLanguage\":\"es\",\"@id\":\"https:\/\/www.noticiasradioreflejos.com.ar\/2021\/#\/schema\/person\/image\/\",\"url\":\"https:\/\/secure.gravatar.com\/avatar\/55cb5e37c1efa326397366e6974cb338056df65cb50e7d64d1cf314e87504837?s=96&d=mm&r=g\",\"contentUrl\":\"https:\/\/secure.gravatar.com\/avatar\/55cb5e37c1efa326397366e6974cb338056df65cb50e7d64d1cf314e87504837?s=96&d=mm&r=g\",\"caption\":\"Arnaldo Botto\"},\"url\":\"https:\/\/www.noticiasradioreflejos.com.ar\/2021\/author\/arnaldo\/\"}]}<\/script>\n<!-- \/ Yoast SEO plugin. -->","yoast_head_json":{"title":"El Hospital Municipal incorpor\u00f3 una nueva cama para su Shock Room - Noticias Radio Reflejos","robots":{"index":"index","follow":"follow","max-snippet":"max-snippet:-1","max-image-preview":"max-image-preview:large","max-video-preview":"max-video-preview:-1"},"canonical":"https:\/\/www.noticiasradioreflejos.com.ar\/2021\/el-hospital-municipal-incorporo-una-nueva-cama-para-su-shock-room\/","og_locale":"es_ES","og_type":"article","og_title":"El Hospital Municipal incorpor\u00f3 una nueva cama para su Shock Room - Noticias Radio Reflejos","og_description":"La adquisici\u00f3n fue posible gracias al trabajo y al acompa\u00f1amiento de la Cooperadora del Hospital Municipal de Tornquist.","og_url":"https:\/\/www.noticiasradioreflejos.com.ar\/2021\/el-hospital-municipal-incorporo-una-nueva-cama-para-su-shock-room\/","og_site_name":"Noticias Radio Reflejos","article_published_time":"2026-01-19T21:33:54+00:00","og_image":[{"width":1600,"height":1200,"url":"https:\/\/www.noticiasradioreflejos.com.ar\/2021\/wp-content\/uploads\/2026\/01\/hospital-municipal-cama.jpeg","type":"image\/jpeg"}],"author":"Arnaldo Botto","twitter_card":"summary_large_image","schema":{"@context":"https:\/\/schema.org","@graph":[{"@type":"WebPage","@id":"https:\/\/www.noticiasradioreflejos.com.ar\/2021\/el-hospital-municipal-incorporo-una-nueva-cama-para-su-shock-room\/","url":"https:\/\/www.noticiasradioreflejos.com.ar\/2021\/el-hospital-municipal-incorporo-una-nueva-cama-para-su-shock-room\/","name":"El Hospital Municipal incorpor\u00f3 una nueva cama para su Shock Room - Noticias Radio Reflejos","isPartOf":{"@id":"https:\/\/www.noticiasradioreflejos.com.ar\/2021\/#website"},"primaryImageOfPage":{"@id":"https:\/\/www.noticiasradioreflejos.com.ar\/2021\/el-hospital-municipal-incorporo-una-nueva-cama-para-su-shock-room\/#primaryimage"},"image":{"@id":"https:\/\/www.noticiasradioreflejos.com.ar\/2021\/el-hospital-municipal-incorporo-una-nueva-cama-para-su-shock-room\/#primaryimage"},"thumbnailUrl":"https:\/\/www.noticiasradioreflejos.com.ar\/2021\/wp-content\/uploads\/2026\/01\/hospital-municipal-cama.jpeg","datePublished":"2026-01-19T21:33:54+00:00","author":{"@id":"https:\/\/www.noticiasradioreflejos.com.ar\/2021\/#\/schema\/person\/ad82545263dcc5ec0996818884fd5fb1"},"breadcrumb":{"@id":"https:\/\/www.noticiasradioreflejos.com.ar\/2021\/el-hospital-municipal-incorporo-una-nueva-cama-para-su-shock-room\/#breadcrumb"},"inLanguage":"es","potentialAction":[{"@type":"ReadAction","target":["https:\/\/www.noticiasradioreflejos.com.ar\/2021\/el-hospital-municipal-incorporo-una-nueva-cama-para-su-shock-room\/"]}]},{"@type":"ImageObject","inLanguage":"es","@id":"https:\/\/www.noticiasradioreflejos.com.ar\/2021\/el-hospital-municipal-incorporo-una-nueva-cama-para-su-shock-room\/#primaryimage","url":"https:\/\/www.noticiasradioreflejos.com.ar\/2021\/wp-content\/uploads\/2026\/01\/hospital-municipal-cama.jpeg","contentUrl":"https:\/\/www.noticiasradioreflejos.com.ar\/2021\/wp-content\/uploads\/2026\/01\/hospital-municipal-cama.jpeg","width":1600,"height":1200},{"@type":"BreadcrumbList","@id":"https:\/\/www.noticiasradioreflejos.com.ar\/2021\/el-hospital-municipal-incorporo-una-nueva-cama-para-su-shock-room\/#breadcrumb","itemListElement":[{"@type":"ListItem","position":1,"name":"Portada","item":"https:\/\/www.noticiasradioreflejos.com.ar\/2021\/"},{"@type":"ListItem","position":2,"name":"El Hospital Municipal incorpor\u00f3 una nueva cama para su Shock Room"}]},{"@type":"WebSite","@id":"https:\/\/www.noticiasradioreflejos.com.ar\/2021\/#website","url":"https:\/\/www.noticiasradioreflejos.com.ar\/2021\/","name":"Noticias Radio Reflejos","description":"Las noticias de mi comarca","potentialAction":[{"@type":"SearchAction","target":{"@type":"EntryPoint","urlTemplate":"https:\/\/www.noticiasradioreflejos.com.ar\/2021\/?s={search_term_string}"},"query-input":{"@type":"PropertyValueSpecification","valueRequired":true,"valueName":"search_term_string"}}],"inLanguage":"es"},{"@type":"Person","@id":"https:\/\/www.noticiasradioreflejos.com.ar\/2021\/#\/schema\/person\/ad82545263dcc5ec0996818884fd5fb1","name":"Arnaldo Botto","image":{"@type":"ImageObject","inLanguage":"es","@id":"https:\/\/www.noticiasradioreflejos.com.ar\/2021\/#\/schema\/person\/image\/","url":"https:\/\/secure.gravatar.com\/avatar\/55cb5e37c1efa326397366e6974cb338056df65cb50e7d64d1cf314e87504837?s=96&d=mm&r=g","contentUrl":"https:\/\/secure.gravatar.com\/avatar\/55cb5e37c1efa326397366e6974cb338056df65cb50e7d64d1cf314e87504837?s=96&d=mm&r=g","caption":"Arnaldo Botto"},"url":"https:\/\/www.noticiasradioreflejos.com.ar\/2021\/author\/arnaldo\/"}]}},"_links":{"self":[{"href":"https:\/\/www.noticiasradioreflejos.com.ar\/2021\/wp-json\/wp\/v2\/posts\/131555","targetHints":{"allow":["GET"]}}],"collection":[{"href":"https:\/\/www.noticiasradioreflejos.com.ar\/2021\/wp-json\/wp\/v2\/posts"}],"about":[{"href":"https:\/\/www.noticiasradioreflejos.com.ar\/2021\/wp-json\/wp\/v2\/types\/post"}],"author":[{"embeddable":true,"href":"https:\/\/www.noticiasradioreflejos.com.ar\/2021\/wp-json\/wp\/v2\/users\/3"}],"replies":[{"embeddable":true,"href":"https:\/\/www.noticiasradioreflejos.com.ar\/2021\/wp-json\/wp\/v2\/comments?post=131555"}],"version-history":[{"count":1,"href":"https:\/\/www.noticiasradioreflejos.com.ar\/2021\/wp-json\/wp\/v2\/posts\/131555\/revisions"}],"predecessor-version":[{"id":131557,"href":"https:\/\/www.noticiasradioreflejos.com.ar\/2021\/wp-json\/wp\/v2\/posts\/131555\/revisions\/131557"}],"wp:featuredmedia":[{"embeddable":true,"href":"https:\/\/www.noticiasradioreflejos.com.ar\/2021\/wp-json\/wp\/v2\/media\/131556"}],"wp:attachment":[{"href":"https:\/\/www.noticiasradioreflejos.com.ar\/2021\/wp-json\/wp\/v2\/media?parent=131555"}],"wp:term":[{"taxonomy":"category","embeddable":true,"href":"https:\/\/www.noticiasradioreflejos.com.ar\/2021\/wp-json\/wp\/v2\/categories?post=131555"},{"taxonomy":"post_tag","embeddable":true,"href":"https:\/\/www.noticiasradioreflejos.com.ar\/2021\/wp-json\/wp\/v2\/tags?post=131555"}],"curies":[{"name":"wp","href":"https:\/\/api.w.org\/{rel}","templated":true}]}}